{"id":50122,"date":"2020-04-15T18:20:46","date_gmt":"2020-04-15T23:20:46","guid":{"rendered":"https:\/\/futbolhoy.co\/?p=50122"},"modified":"2020-04-16T11:28:34","modified_gmt":"2020-04-16T16:28:34","slug":"dos-grandes-de-guayaquil-se-negaron-a-jugar","status":"publish","type":"post","link":"https:\/\/futbolhoy.co\/index.php\/2020\/04\/15\/dos-grandes-de-guayaquil-se-negaron-a-jugar\/","title":{"rendered":"Dos grandes de Guayaquil se negaron a jugar"},"content":{"rendered":"<p style=\"text-align: justify;\"><span style=\"font-family: helvetica, arial, sans-serif;\">La\u00a0<b>Federaci\u00f3n Ecuatoriana de F\u00fatbol<\/b>\u00a0anunci\u00f3 que reprogramar\u00e1 las competiciones de este a\u00f1o cuando el Gobierno establezca el reinicio de actividades, mientras que\u00a0<b>Barcelona<\/b>\u00a0y\u00a0<b>Emelec<\/b>\u00a0de\u00a0<b>Guayaquil<\/b>\u00a0anunciaron que no participar\u00e1n en los torneos de esta temporada, exceptuando la\u00a0<b>Liga Pro<\/b>, que entrega cupos a la\u00a0<b>Copa Libertadores<\/b>\u00a0y\u00a0<b>Sudamericana<\/b>.<\/span><\/p>\n<p style=\"text-align: justify;\"><span style=\"font-family: helvetica, arial, sans-serif;\">Entre tanto,\u00a0<b>Deportivo Cuenca<\/b>\u00a0y\u00a0<b>Guayaquil City<\/b>\u00a0pidieron a los directivos de la FEF, suspender todos los campeonatos que organiza, es decir, todas las categor\u00edas formativas y la\u00a0<b>Superliga Femenina<\/b>, por el\u00a0<i>COVID-19<\/i>.<\/span><\/p>\n<p style=\"text-align: justify;\"><span style=\"font-family: helvetica, arial, sans-serif;\">\"Una vez que las autoridades gubernamentales establezcan fechas para el reinicio de actividades, los calendarios de las competiciones que organiza la Federaci\u00f3n ser\u00e1n reprogramados y socializados con todos los involucrados, principalmente clubes y asociaciones\", se\u00f1al\u00f3 la Federaci\u00f3n en un comunicado.<\/span><\/p>\n<p style=\"text-align: justify;\"><span style=\"font-family: helvetica, arial, sans-serif;\">\"Comprendemos la preocupaci\u00f3n de los dirigentes de los clubes del pa\u00eds por las precauciones que se deben tener en la salud de todos sus integrantes, as\u00ed como la salud financiera de las instituciones que representan\", indic\u00f3 la\u00a0<b>FEF<\/b>.<\/span><\/p>\n","protected":false},"excerpt":{"rendered":"<p>La\u00a0Federaci\u00f3n Ecuatoriana de F\u00fatbol\u00a0anunci\u00f3 que reprogramar\u00e1 las competiciones de este a\u00f1o cuando el Gobierno establezca el reinicio de actividades, mientras que\u00a0Barcelona\u00a0y\u00a0Emelec\u00a0de\u00a0Guayaquil\u00a0anunciaron que no participar\u00e1n en los torneos de esta temporada, exceptuando la\u00a0Liga Pro, que entrega cupos a la\u00a0Copa Libertadores\u00a0y\u00a0Sudamericana. Entre tanto,\u00a0Deportivo Cuenca\u00a0y\u00a0Guayaquil City\u00a0pidieron a los directivos de la FEF, suspender todos los campeonatos que organiza, [&hellip;]<\/p>\n","protected":false},"author":5,"featured_media":50124,"comment_status":"open","ping_status":"open","sticky":false,"template":"","format":"standard","meta":{"_acf_changed":false,"footnotes":""},"categories":[152],"tags":[],"class_list":{"0":"post-50122","1":"post","2":"type-post","3":"status-publish","4":"format-standard","5":"has-post-thumbnail","7":"category-mundo-futbol"},"acf":[],"yoast_head":"<!-- This site is optimized with the Yoast SEO plugin v26.8 - https:\/\/yoast.com\/product\/yoast-seo-wordpress\/ -->\n<title>Dos grandes de Guayaquil se negaron a jugar -<\/title>\n<meta name=\"robots\" content=\"index, follow, max-snippet:-1, max-image-preview:large, max-video-preview:-1\" \/>\n<link rel=\"canonical\" href=\"https:\/\/futbolhoy.co\/index.php\/2020\/04\/15\/dos-grandes-de-guayaquil-se-negaron-a-jugar\/\" \/>\n<meta property=\"og:locale\" content=\"es_ES\" \/>\n<meta property=\"og:type\" content=\"article\" \/>\n<meta property=\"og:title\" content=\"Dos grandes de Guayaquil se negaron a jugar -\" \/>\n<meta property=\"og:description\" content=\"La\u00a0Federaci\u00f3n Ecuatoriana de F\u00fatbol\u00a0anunci\u00f3 que reprogramar\u00e1 las competiciones de este a\u00f1o cuando el Gobierno establezca el reinicio de actividades, mientras que\u00a0Barcelona\u00a0y\u00a0Emelec\u00a0de\u00a0Guayaquil\u00a0anunciaron que no participar\u00e1n en los torneos de esta temporada, exceptuando la\u00a0Liga Pro, que entrega cupos a la\u00a0Copa Libertadores\u00a0y\u00a0Sudamericana. Entre tanto,\u00a0Deportivo Cuenca\u00a0y\u00a0Guayaquil City\u00a0pidieron a los directivos de la FEF, suspender todos los campeonatos que organiza, [&hellip;]\" \/>\n<meta property=\"og:url\" content=\"https:\/\/futbolhoy.co\/index.php\/2020\/04\/15\/dos-grandes-de-guayaquil-se-negaron-a-jugar\/\" \/>\n<meta property=\"article:publisher\" content=\"https:\/\/www.facebook.com\/FutbolHoyCol\/\" \/>\n<meta property=\"article:published_time\" content=\"2020-04-15T23:20:46+00:00\" \/>\n<meta property=\"article:modified_time\" content=\"2020-04-16T16:28:34+00:00\" \/>\n<meta property=\"og:image\" content=\"https:\/\/futbolhoy.co\/wp-content\/uploads\/2020\/04\/IMG_20200415_181946-scaled.jpg\" \/>\n\t<meta property=\"og:image:width\" content=\"2560\" \/>\n\t<meta property=\"og:image:height\" content=\"1706\" \/>\n\t<meta property=\"og:image:type\" content=\"image\/jpeg\" \/>\n<meta name=\"author\" content=\"Laura Hern\u00e1ndez\" \/>\n<meta name=\"twitter:card\" content=\"summary_large_image\" \/>\n<meta name=\"twitter:creator\" content=\"@FutbolHoyCol\" \/>\n<meta name=\"twitter:site\" content=\"@FutbolHoyCol\" \/>\n<meta name=\"twitter:label1\" content=\"Escrito por\" \/>\n\t<meta name=\"twitter:data1\" content=\"Laura Hern\u00e1ndez\" \/>\n\t<meta name=\"twitter:label2\" content=\"Tiempo de lectura\" \/>\n\t<meta name=\"twitter:data2\" content=\"1 minuto\" \/>\n<script type=\"application\/ld+json\" class=\"yoast-schema-graph\">{\"@context\":\"https:\/\/schema.org\",\"@graph\":[{\"@type\":\"Article\",\"@id\":\"https:\/\/futbolhoy.co\/index.php\/2020\/04\/15\/dos-grandes-de-guayaquil-se-negaron-a-jugar\/#article\",\"isPartOf\":{\"@id\":\"https:\/\/futbolhoy.co\/index.php\/2020\/04\/15\/dos-grandes-de-guayaquil-se-negaron-a-jugar\/\"},\"author\":{\"name\":\"Laura Hern\u00e1ndez\",\"@id\":\"https:\/\/futbolhoy.co\/#\/schema\/person\/c4a353a512b127643723a34bb1812f7d\"},\"headline\":\"Dos grandes de Guayaquil se negaron a jugar\",\"datePublished\":\"2020-04-15T23:20:46+00:00\",\"dateModified\":\"2020-04-16T16:28:34+00:00\",\"mainEntityOfPage\":{\"@id\":\"https:\/\/futbolhoy.co\/index.php\/2020\/04\/15\/dos-grandes-de-guayaquil-se-negaron-a-jugar\/\"},\"wordCount\":181,\"commentCount\":0,\"publisher\":{\"@id\":\"https:\/\/futbolhoy.co\/#organization\"},\"image\":{\"@id\":\"https:\/\/futbolhoy.co\/index.php\/2020\/04\/15\/dos-grandes-de-guayaquil-se-negaron-a-jugar\/#primaryimage\"},\"thumbnailUrl\":\"https:\/\/futbolhoy.co\/wp-content\/uploads\/2020\/04\/IMG_20200415_181946-scaled.jpg\",\"articleSection\":[\"Mundo Futbol\"],\"inLanguage\":\"es\",\"potentialAction\":[{\"@type\":\"CommentAction\",\"name\":\"Comment\",\"target\":[\"https:\/\/futbolhoy.co\/index.php\/2020\/04\/15\/dos-grandes-de-guayaquil-se-negaron-a-jugar\/#respond\"]}]},{\"@type\":\"WebPage\",\"@id\":\"https:\/\/futbolhoy.co\/index.php\/2020\/04\/15\/dos-grandes-de-guayaquil-se-negaron-a-jugar\/\",\"url\":\"https:\/\/futbolhoy.co\/index.php\/2020\/04\/15\/dos-grandes-de-guayaquil-se-negaron-a-jugar\/\",\"name\":\"Dos grandes de Guayaquil se negaron a jugar -\",\"isPartOf\":{\"@id\":\"https:\/\/futbolhoy.co\/#website\"},\"primaryImageOfPage\":{\"@id\":\"https:\/\/futbolhoy.co\/index.php\/2020\/04\/15\/dos-grandes-de-guayaquil-se-negaron-a-jugar\/#primaryimage\"},\"image\":{\"@id\":\"https:\/\/futbolhoy.co\/index.php\/2020\/04\/15\/dos-grandes-de-guayaquil-se-negaron-a-jugar\/#primaryimage\"},\"thumbnailUrl\":\"https:\/\/futbolhoy.co\/wp-content\/uploads\/2020\/04\/IMG_20200415_181946-scaled.jpg\",\"datePublished\":\"2020-04-15T23:20:46+00:00\",\"dateModified\":\"2020-04-16T16:28:34+00:00\",\"breadcrumb\":{\"@id\":\"https:\/\/futbolhoy.co\/index.php\/2020\/04\/15\/dos-grandes-de-guayaquil-se-negaron-a-jugar\/#breadcrumb\"},\"inLanguage\":\"es\",\"potentialAction\":[{\"@type\":\"ReadAction\",\"target\":[\"https:\/\/futbolhoy.co\/index.php\/2020\/04\/15\/dos-grandes-de-guayaquil-se-negaron-a-jugar\/\"]}]},{\"@type\":\"ImageObject\",\"inLanguage\":\"es\",\"@id\":\"https:\/\/futbolhoy.co\/index.php\/2020\/04\/15\/dos-grandes-de-guayaquil-se-negaron-a-jugar\/#primaryimage\",\"url\":\"https:\/\/futbolhoy.co\/wp-content\/uploads\/2020\/04\/IMG_20200415_181946-scaled.jpg\",\"contentUrl\":\"https:\/\/futbolhoy.co\/wp-content\/uploads\/2020\/04\/IMG_20200415_181946-scaled.jpg\",\"width\":2560,\"height\":1706},{\"@type\":\"BreadcrumbList\",\"@id\":\"https:\/\/futbolhoy.co\/index.php\/2020\/04\/15\/dos-grandes-de-guayaquil-se-negaron-a-jugar\/#breadcrumb\",\"itemListElement\":[{\"@type\":\"ListItem\",\"position\":1,\"name\":\"Portada\",\"item\":\"https:\/\/futbolhoy.co\/\"},{\"@type\":\"ListItem\",\"position\":2,\"name\":\"Dos grandes de Guayaquil se negaron a jugar\"}]},{\"@type\":\"WebSite\",\"@id\":\"https:\/\/futbolhoy.co\/#website\",\"url\":\"https:\/\/futbolhoy.co\/\",\"name\":\"FutbolHoy\",\"description\":\"\",\"publisher\":{\"@id\":\"https:\/\/futbolhoy.co\/#organization\"},\"potentialAction\":[{\"@type\":\"SearchAction\",\"target\":{\"@type\":\"EntryPoint\",\"urlTemplate\":\"https:\/\/futbolhoy.co\/?s={search_term_string}\"},\"query-input\":{\"@type\":\"PropertyValueSpecification\",\"valueRequired\":true,\"valueName\":\"search_term_string\"}}],\"inLanguage\":\"es\"},{\"@type\":\"Organization\",\"@id\":\"https:\/\/futbolhoy.co\/#organization\",\"name\":\"Futbolhoy.co\",\"url\":\"https:\/\/futbolhoy.co\/\",\"logo\":{\"@type\":\"ImageObject\",\"inLanguage\":\"es\",\"@id\":\"https:\/\/futbolhoy.co\/#\/schema\/logo\/image\/\",\"url\":\"https:\/\/futbolhoy.co\/wp-content\/uploads\/2018\/08\/17426380_1906371736249227_6326180412931521141_n.jpg\",\"contentUrl\":\"https:\/\/futbolhoy.co\/wp-content\/uploads\/2018\/08\/17426380_1906371736249227_6326180412931521141_n.jpg\",\"width\":960,\"height\":960,\"caption\":\"Futbolhoy.co\"},\"image\":{\"@id\":\"https:\/\/futbolhoy.co\/#\/schema\/logo\/image\/\"},\"sameAs\":[\"https:\/\/www.facebook.com\/FutbolHoyCol\/\",\"https:\/\/x.com\/FutbolHoyCol\",\"https:\/\/www.instagram.com\/futbolhoycol\/\"]},{\"@type\":\"Person\",\"@id\":\"https:\/\/futbolhoy.co\/#\/schema\/person\/c4a353a512b127643723a34bb1812f7d\",\"name\":\"Laura Hern\u00e1ndez\",\"image\":{\"@type\":\"ImageObject\",\"inLanguage\":\"es\",\"@id\":\"https:\/\/futbolhoy.co\/#\/schema\/person\/image\/\",\"url\":\"https:\/\/secure.gravatar.com\/avatar\/d25959a15b9b293a743f99181c7cfd01?s=96&d=mm&r=g\",\"contentUrl\":\"https:\/\/secure.gravatar.com\/avatar\/d25959a15b9b293a743f99181c7cfd01?s=96&d=mm&r=g\",\"caption\":\"Laura Hern\u00e1ndez\"}}]}<\/script>\n<!-- \/ Yoast SEO plugin. -->","yoast_head_json":{"title":"Dos grandes de Guayaquil se negaron a jugar -","robots":{"index":"index","follow":"follow","max-snippet":"max-snippet:-1","max-image-preview":"max-image-preview:large","max-video-preview":"max-video-preview:-1"},"canonical":"https:\/\/futbolhoy.co\/index.php\/2020\/04\/15\/dos-grandes-de-guayaquil-se-negaron-a-jugar\/","og_locale":"es_ES","og_type":"article","og_title":"Dos grandes de Guayaquil se negaron a jugar -","og_description":"La\u00a0Federaci\u00f3n Ecuatoriana de F\u00fatbol\u00a0anunci\u00f3 que reprogramar\u00e1 las competiciones de este a\u00f1o cuando el Gobierno establezca el reinicio de actividades, mientras que\u00a0Barcelona\u00a0y\u00a0Emelec\u00a0de\u00a0Guayaquil\u00a0anunciaron que no participar\u00e1n en los torneos de esta temporada, exceptuando la\u00a0Liga Pro, que entrega cupos a la\u00a0Copa Libertadores\u00a0y\u00a0Sudamericana. Entre tanto,\u00a0Deportivo Cuenca\u00a0y\u00a0Guayaquil City\u00a0pidieron a los directivos de la FEF, suspender todos los campeonatos que organiza, [&hellip;]","og_url":"https:\/\/futbolhoy.co\/index.php\/2020\/04\/15\/dos-grandes-de-guayaquil-se-negaron-a-jugar\/","article_publisher":"https:\/\/www.facebook.com\/FutbolHoyCol\/","article_published_time":"2020-04-15T23:20:46+00:00","article_modified_time":"2020-04-16T16:28:34+00:00","og_image":[{"width":2560,"height":1706,"url":"https:\/\/futbolhoy.co\/wp-content\/uploads\/2020\/04\/IMG_20200415_181946-scaled.jpg","type":"image\/jpeg"}],"author":"Laura Hern\u00e1ndez","twitter_card":"summary_large_image","twitter_creator":"@FutbolHoyCol","twitter_site":"@FutbolHoyCol","twitter_misc":{"Escrito por":"Laura Hern\u00e1ndez","Tiempo de lectura":"1 minuto"},"schema":{"@context":"https:\/\/schema.org","@graph":[{"@type":"Article","@id":"https:\/\/futbolhoy.co\/index.php\/2020\/04\/15\/dos-grandes-de-guayaquil-se-negaron-a-jugar\/#article","isPartOf":{"@id":"https:\/\/futbolhoy.co\/index.php\/2020\/04\/15\/dos-grandes-de-guayaquil-se-negaron-a-jugar\/"},"author":{"name":"Laura Hern\u00e1ndez","@id":"https:\/\/futbolhoy.co\/#\/schema\/person\/c4a353a512b127643723a34bb1812f7d"},"headline":"Dos grandes de Guayaquil se negaron a jugar","datePublished":"2020-04-15T23:20:46+00:00","dateModified":"2020-04-16T16:28:34+00:00","mainEntityOfPage":{"@id":"https:\/\/futbolhoy.co\/index.php\/2020\/04\/15\/dos-grandes-de-guayaquil-se-negaron-a-jugar\/"},"wordCount":181,"commentCount":0,"publisher":{"@id":"https:\/\/futbolhoy.co\/#organization"},"image":{"@id":"https:\/\/futbolhoy.co\/index.php\/2020\/04\/15\/dos-grandes-de-guayaquil-se-negaron-a-jugar\/#primaryimage"},"thumbnailUrl":"https:\/\/futbolhoy.co\/wp-content\/uploads\/2020\/04\/IMG_20200415_181946-scaled.jpg","articleSection":["Mundo Futbol"],"inLanguage":"es","potentialAction":[{"@type":"CommentAction","name":"Comment","target":["https:\/\/futbolhoy.co\/index.php\/2020\/04\/15\/dos-grandes-de-guayaquil-se-negaron-a-jugar\/#respond"]}]},{"@type":"WebPage","@id":"https:\/\/futbolhoy.co\/index.php\/2020\/04\/15\/dos-grandes-de-guayaquil-se-negaron-a-jugar\/","url":"https:\/\/futbolhoy.co\/index.php\/2020\/04\/15\/dos-grandes-de-guayaquil-se-negaron-a-jugar\/","name":"Dos grandes de Guayaquil se negaron a jugar -","isPartOf":{"@id":"https:\/\/futbolhoy.co\/#website"},"primaryImageOfPage":{"@id":"https:\/\/futbolhoy.co\/index.php\/2020\/04\/15\/dos-grandes-de-guayaquil-se-negaron-a-jugar\/#primaryimage"},"image":{"@id":"https:\/\/futbolhoy.co\/index.php\/2020\/04\/15\/dos-grandes-de-guayaquil-se-negaron-a-jugar\/#primaryimage"},"thumbnailUrl":"https:\/\/futbolhoy.co\/wp-content\/uploads\/2020\/04\/IMG_20200415_181946-scaled.jpg","datePublished":"2020-04-15T23:20:46+00:00","dateModified":"2020-04-16T16:28:34+00:00","breadcrumb":{"@id":"https:\/\/futbolhoy.co\/index.php\/2020\/04\/15\/dos-grandes-de-guayaquil-se-negaron-a-jugar\/#breadcrumb"},"inLanguage":"es","potentialAction":[{"@type":"ReadAction","target":["https:\/\/futbolhoy.co\/index.php\/2020\/04\/15\/dos-grandes-de-guayaquil-se-negaron-a-jugar\/"]}]},{"@type":"ImageObject","inLanguage":"es","@id":"https:\/\/futbolhoy.co\/index.php\/2020\/04\/15\/dos-grandes-de-guayaquil-se-negaron-a-jugar\/#primaryimage","url":"https:\/\/futbolhoy.co\/wp-content\/uploads\/2020\/04\/IMG_20200415_181946-scaled.jpg","contentUrl":"https:\/\/futbolhoy.co\/wp-content\/uploads\/2020\/04\/IMG_20200415_181946-scaled.jpg","width":2560,"height":1706},{"@type":"BreadcrumbList","@id":"https:\/\/futbolhoy.co\/index.php\/2020\/04\/15\/dos-grandes-de-guayaquil-se-negaron-a-jugar\/#breadcrumb","itemListElement":[{"@type":"ListItem","position":1,"name":"Portada","item":"https:\/\/futbolhoy.co\/"},{"@type":"ListItem","position":2,"name":"Dos grandes de Guayaquil se negaron a jugar"}]},{"@type":"WebSite","@id":"https:\/\/futbolhoy.co\/#website","url":"https:\/\/futbolhoy.co\/","name":"FutbolHoy","description":"","publisher":{"@id":"https:\/\/futbolhoy.co\/#organization"},"potentialAction":[{"@type":"SearchAction","target":{"@type":"EntryPoint","urlTemplate":"https:\/\/futbolhoy.co\/?s={search_term_string}"},"query-input":{"@type":"PropertyValueSpecification","valueRequired":true,"valueName":"search_term_string"}}],"inLanguage":"es"},{"@type":"Organization","@id":"https:\/\/futbolhoy.co\/#organization","name":"Futbolhoy.co","url":"https:\/\/futbolhoy.co\/","logo":{"@type":"ImageObject","inLanguage":"es","@id":"https:\/\/futbolhoy.co\/#\/schema\/logo\/image\/","url":"https:\/\/futbolhoy.co\/wp-content\/uploads\/2018\/08\/17426380_1906371736249227_6326180412931521141_n.jpg","contentUrl":"https:\/\/futbolhoy.co\/wp-content\/uploads\/2018\/08\/17426380_1906371736249227_6326180412931521141_n.jpg","width":960,"height":960,"caption":"Futbolhoy.co"},"image":{"@id":"https:\/\/futbolhoy.co\/#\/schema\/logo\/image\/"},"sameAs":["https:\/\/www.facebook.com\/FutbolHoyCol\/","https:\/\/x.com\/FutbolHoyCol","https:\/\/www.instagram.com\/futbolhoycol\/"]},{"@type":"Person","@id":"https:\/\/futbolhoy.co\/#\/schema\/person\/c4a353a512b127643723a34bb1812f7d","name":"Laura Hern\u00e1ndez","image":{"@type":"ImageObject","inLanguage":"es","@id":"https:\/\/futbolhoy.co\/#\/schema\/person\/image\/","url":"https:\/\/secure.gravatar.com\/avatar\/d25959a15b9b293a743f99181c7cfd01?s=96&d=mm&r=g","contentUrl":"https:\/\/secure.gravatar.com\/avatar\/d25959a15b9b293a743f99181c7cfd01?s=96&d=mm&r=g","caption":"Laura Hern\u00e1ndez"}}]}},"publishpress_future_action":{"enabled":false,"date":"2026-05-04 11:50:15","action":"change-status","newStatus":"draft","terms":[],"taxonomy":"category","extraData":[]},"publishpress_future_workflow_manual_trigger":{"enabledWorkflows":[]},"_links":{"self":[{"href":"https:\/\/futbolhoy.co\/index.php\/wp-json\/wp\/v2\/posts\/50122","targetHints":{"allow":["GET"]}}],"collection":[{"href":"https:\/\/futbolhoy.co\/index.php\/wp-json\/wp\/v2\/posts"}],"about":[{"href":"https:\/\/futbolhoy.co\/index.php\/wp-json\/wp\/v2\/types\/post"}],"author":[{"embeddable":true,"href":"https:\/\/futbolhoy.co\/index.php\/wp-json\/wp\/v2\/users\/5"}],"replies":[{"embeddable":true,"href":"https:\/\/futbolhoy.co\/index.php\/wp-json\/wp\/v2\/comments?post=50122"}],"version-history":[{"count":1,"href":"https:\/\/futbolhoy.co\/index.php\/wp-json\/wp\/v2\/posts\/50122\/revisions"}],"predecessor-version":[{"id":50125,"href":"https:\/\/futbolhoy.co\/index.php\/wp-json\/wp\/v2\/posts\/50122\/revisions\/50125"}],"wp:featuredmedia":[{"embeddable":true,"href":"https:\/\/futbolhoy.co\/index.php\/wp-json\/wp\/v2\/media\/50124"}],"wp:attachment":[{"href":"https:\/\/futbolhoy.co\/index.php\/wp-json\/wp\/v2\/media?parent=50122"}],"wp:term":[{"taxonomy":"category","embeddable":true,"href":"https:\/\/futbolhoy.co\/index.php\/wp-json\/wp\/v2\/categories?post=50122"},{"taxonomy":"post_tag","embeddable":true,"href":"https:\/\/futbolhoy.co\/index.php\/wp-json\/wp\/v2\/tags?post=50122"}],"curies":[{"name":"wp","href":"https:\/\/api.w.org\/{rel}","templated":true}]}}