{"id":50126,"date":"2020-04-15T19:35:35","date_gmt":"2020-04-16T00:35:35","guid":{"rendered":"https:\/\/futbolhoy.co\/?p=50126"},"modified":"2020-04-16T12:20:59","modified_gmt":"2020-04-16T17:20:59","slug":"colfutbol-rebajara-el-salario-a-queiroz","status":"publish","type":"post","link":"https:\/\/futbolhoy.co\/index.php\/2020\/04\/15\/colfutbol-rebajara-el-salario-a-queiroz\/","title":{"rendered":"Colfutbol rebajar\u00e1 el salario a Queiroz"},"content":{"rendered":"<p style=\"text-align: justify;\"><span style=\"font-family: helvetica, arial, sans-serif;\">La <strong>Federaci\u00f3n Colombiana de F\u00fatbol<\/strong> acept\u00f3 la propuesta del t\u00e9cnico portugu\u00e9s <strong>Carlos Queiroz<\/strong> y su grupo de colaboradores, de rebajar su sueldo durante algunos meses, ante la crisis econ\u00f3mica que atraviesa la instituci\u00f3n por la pandemia del coronavirus.<\/span><\/p>\n<p style=\"text-align: justify;\"><span style=\"font-family: helvetica, arial, sans-serif;\">Adem\u00e1s, la <strong>Federaci\u00f3n,<\/strong> durante la reuni\u00f3n de abril de su comit\u00e9 ejecutivo, dar\u00e1 curso a un informe de la <strong>Dimayor,<\/strong> respecto a un protocolo sanitario establecido con miras al regreso de la actividad de los torneos profesionales en Colombia.<\/span><\/p>\n<p><a href=\"https:\/\/futbolhoy.co\/wp-content\/uploads\/2020\/04\/20200415_193135.jpg\"><img fetchpriority=\"high\" decoding=\"async\" class=\"aligncenter size-full wp-image-50128\" src=\"https:\/\/futbolhoy.co\/wp-content\/uploads\/2020\/04\/20200415_193135.jpg\" alt=\"\" width=\"498\" height=\"717\" srcset=\"https:\/\/futbolhoy.co\/wp-content\/uploads\/2020\/04\/20200415_193135.jpg 498w, https:\/\/futbolhoy.co\/wp-content\/uploads\/2020\/04\/20200415_193135-208x300.jpg 208w, https:\/\/futbolhoy.co\/wp-content\/uploads\/2020\/04\/20200415_193135-292x420.jpg 292w, https:\/\/futbolhoy.co\/wp-content\/uploads\/2020\/04\/20200415_193135-89x128.jpg 89w, https:\/\/futbolhoy.co\/wp-content\/uploads\/2020\/04\/20200415_193135-22x32.jpg 22w\" sizes=\"(max-width: 498px) 100vw, 498px\" \/><\/a><\/p>\n","protected":false},"excerpt":{"rendered":"<p>La Federaci\u00f3n Colombiana de F\u00fatbol acept\u00f3 la propuesta del t\u00e9cnico portugu\u00e9s Carlos Queiroz y su grupo de colaboradores, de rebajar su sueldo durante algunos meses, ante la crisis econ\u00f3mica que atraviesa la instituci\u00f3n por la pandemia del coronavirus. Adem\u00e1s, la Federaci\u00f3n, durante la reuni\u00f3n de abril de su comit\u00e9 ejecutivo, dar\u00e1 curso a un informe [&hellip;]<\/p>\n","protected":false},"author":5,"featured_media":50129,"comment_status":"open","ping_status":"open","sticky":false,"template":"","format":"standard","meta":{"_acf_changed":false,"footnotes":""},"categories":[418],"tags":[214],"class_list":{"0":"post-50126","1":"post","2":"type-post","3":"status-publish","4":"format-standard","5":"has-post-thumbnail","7":"category-colombia","8":"tag-colombia"},"acf":[],"yoast_head":"<!-- This site is optimized with the Yoast SEO plugin v26.8 - https:\/\/yoast.com\/product\/yoast-seo-wordpress\/ -->\n<title>Colfutbol rebajar\u00e1 el salario a Queiroz -<\/title>\n<meta name=\"robots\" content=\"index, follow, max-snippet:-1, max-image-preview:large, max-video-preview:-1\" \/>\n<link rel=\"canonical\" href=\"https:\/\/futbolhoy.co\/index.php\/2020\/04\/15\/colfutbol-rebajara-el-salario-a-queiroz\/\" \/>\n<meta property=\"og:locale\" content=\"es_ES\" \/>\n<meta property=\"og:type\" content=\"article\" \/>\n<meta property=\"og:title\" content=\"Colfutbol rebajar\u00e1 el salario a Queiroz -\" \/>\n<meta property=\"og:description\" content=\"La Federaci\u00f3n Colombiana de F\u00fatbol acept\u00f3 la propuesta del t\u00e9cnico portugu\u00e9s Carlos Queiroz y su grupo de colaboradores, de rebajar su sueldo durante algunos meses, ante la crisis econ\u00f3mica que atraviesa la instituci\u00f3n por la pandemia del coronavirus. Adem\u00e1s, la Federaci\u00f3n, durante la reuni\u00f3n de abril de su comit\u00e9 ejecutivo, dar\u00e1 curso a un informe [&hellip;]\" \/>\n<meta property=\"og:url\" content=\"https:\/\/futbolhoy.co\/index.php\/2020\/04\/15\/colfutbol-rebajara-el-salario-a-queiroz\/\" \/>\n<meta property=\"article:publisher\" content=\"https:\/\/www.facebook.com\/FutbolHoyCol\/\" \/>\n<meta property=\"article:published_time\" content=\"2020-04-16T00:35:35+00:00\" \/>\n<meta property=\"article:modified_time\" content=\"2020-04-16T17:20:59+00:00\" \/>\n<meta property=\"og:image\" content=\"https:\/\/futbolhoy.co\/wp-content\/uploads\/2020\/04\/IMG_20200415_193420.jpg\" \/>\n\t<meta property=\"og:image:width\" content=\"1280\" \/>\n\t<meta property=\"og:image:height\" content=\"847\" \/>\n\t<meta property=\"og:image:type\" content=\"image\/jpeg\" \/>\n<meta name=\"author\" content=\"Laura Hern\u00e1ndez\" \/>\n<meta name=\"twitter:card\" content=\"summary_large_image\" \/>\n<meta name=\"twitter:creator\" content=\"@FutbolHoyCol\" \/>\n<meta name=\"twitter:site\" content=\"@FutbolHoyCol\" \/>\n<meta name=\"twitter:label1\" content=\"Escrito por\" \/>\n\t<meta name=\"twitter:data1\" content=\"Laura Hern\u00e1ndez\" \/>\n<script type=\"application\/ld+json\" class=\"yoast-schema-graph\">{\"@context\":\"https:\/\/schema.org\",\"@graph\":[{\"@type\":\"Article\",\"@id\":\"https:\/\/futbolhoy.co\/index.php\/2020\/04\/15\/colfutbol-rebajara-el-salario-a-queiroz\/#article\",\"isPartOf\":{\"@id\":\"https:\/\/futbolhoy.co\/index.php\/2020\/04\/15\/colfutbol-rebajara-el-salario-a-queiroz\/\"},\"author\":{\"name\":\"Laura Hern\u00e1ndez\",\"@id\":\"https:\/\/futbolhoy.co\/#\/schema\/person\/c4a353a512b127643723a34bb1812f7d\"},\"headline\":\"Colfutbol rebajar\u00e1 el salario a Queiroz\",\"datePublished\":\"2020-04-16T00:35:35+00:00\",\"dateModified\":\"2020-04-16T17:20:59+00:00\",\"mainEntityOfPage\":{\"@id\":\"https:\/\/futbolhoy.co\/index.php\/2020\/04\/15\/colfutbol-rebajara-el-salario-a-queiroz\/\"},\"wordCount\":92,\"commentCount\":0,\"publisher\":{\"@id\":\"https:\/\/futbolhoy.co\/#organization\"},\"image\":{\"@id\":\"https:\/\/futbolhoy.co\/index.php\/2020\/04\/15\/colfutbol-rebajara-el-salario-a-queiroz\/#primaryimage\"},\"thumbnailUrl\":\"https:\/\/futbolhoy.co\/wp-content\/uploads\/2020\/04\/IMG_20200415_193420.jpg\",\"keywords\":[\"Colombia\"],\"articleSection\":[\"Colombia\"],\"inLanguage\":\"es\",\"potentialAction\":[{\"@type\":\"CommentAction\",\"name\":\"Comment\",\"target\":[\"https:\/\/futbolhoy.co\/index.php\/2020\/04\/15\/colfutbol-rebajara-el-salario-a-queiroz\/#respond\"]}]},{\"@type\":\"WebPage\",\"@id\":\"https:\/\/futbolhoy.co\/index.php\/2020\/04\/15\/colfutbol-rebajara-el-salario-a-queiroz\/\",\"url\":\"https:\/\/futbolhoy.co\/index.php\/2020\/04\/15\/colfutbol-rebajara-el-salario-a-queiroz\/\",\"name\":\"Colfutbol rebajar\u00e1 el salario a Queiroz -\",\"isPartOf\":{\"@id\":\"https:\/\/futbolhoy.co\/#website\"},\"primaryImageOfPage\":{\"@id\":\"https:\/\/futbolhoy.co\/index.php\/2020\/04\/15\/colfutbol-rebajara-el-salario-a-queiroz\/#primaryimage\"},\"image\":{\"@id\":\"https:\/\/futbolhoy.co\/index.php\/2020\/04\/15\/colfutbol-rebajara-el-salario-a-queiroz\/#primaryimage\"},\"thumbnailUrl\":\"https:\/\/futbolhoy.co\/wp-content\/uploads\/2020\/04\/IMG_20200415_193420.jpg\",\"datePublished\":\"2020-04-16T00:35:35+00:00\",\"dateModified\":\"2020-04-16T17:20:59+00:00\",\"breadcrumb\":{\"@id\":\"https:\/\/futbolhoy.co\/index.php\/2020\/04\/15\/colfutbol-rebajara-el-salario-a-queiroz\/#breadcrumb\"},\"inLanguage\":\"es\",\"potentialAction\":[{\"@type\":\"ReadAction\",\"target\":[\"https:\/\/futbolhoy.co\/index.php\/2020\/04\/15\/colfutbol-rebajara-el-salario-a-queiroz\/\"]}]},{\"@type\":\"ImageObject\",\"inLanguage\":\"es\",\"@id\":\"https:\/\/futbolhoy.co\/index.php\/2020\/04\/15\/colfutbol-rebajara-el-salario-a-queiroz\/#primaryimage\",\"url\":\"https:\/\/futbolhoy.co\/wp-content\/uploads\/2020\/04\/IMG_20200415_193420.jpg\",\"contentUrl\":\"https:\/\/futbolhoy.co\/wp-content\/uploads\/2020\/04\/IMG_20200415_193420.jpg\",\"width\":1280,\"height\":847},{\"@type\":\"BreadcrumbList\",\"@id\":\"https:\/\/futbolhoy.co\/index.php\/2020\/04\/15\/colfutbol-rebajara-el-salario-a-queiroz\/#breadcrumb\",\"itemListElement\":[{\"@type\":\"ListItem\",\"position\":1,\"name\":\"Portada\",\"item\":\"https:\/\/futbolhoy.co\/\"},{\"@type\":\"ListItem\",\"position\":2,\"name\":\"Colfutbol rebajar\u00e1 el salario a Queiroz\"}]},{\"@type\":\"WebSite\",\"@id\":\"https:\/\/futbolhoy.co\/#website\",\"url\":\"https:\/\/futbolhoy.co\/\",\"name\":\"FutbolHoy\",\"description\":\"\",\"publisher\":{\"@id\":\"https:\/\/futbolhoy.co\/#organization\"},\"potentialAction\":[{\"@type\":\"SearchAction\",\"target\":{\"@type\":\"EntryPoint\",\"urlTemplate\":\"https:\/\/futbolhoy.co\/?s={search_term_string}\"},\"query-input\":{\"@type\":\"PropertyValueSpecification\",\"valueRequired\":true,\"valueName\":\"search_term_string\"}}],\"inLanguage\":\"es\"},{\"@type\":\"Organization\",\"@id\":\"https:\/\/futbolhoy.co\/#organization\",\"name\":\"Futbolhoy.co\",\"url\":\"https:\/\/futbolhoy.co\/\",\"logo\":{\"@type\":\"ImageObject\",\"inLanguage\":\"es\",\"@id\":\"https:\/\/futbolhoy.co\/#\/schema\/logo\/image\/\",\"url\":\"https:\/\/futbolhoy.co\/wp-content\/uploads\/2018\/08\/17426380_1906371736249227_6326180412931521141_n.jpg\",\"contentUrl\":\"https:\/\/futbolhoy.co\/wp-content\/uploads\/2018\/08\/17426380_1906371736249227_6326180412931521141_n.jpg\",\"width\":960,\"height\":960,\"caption\":\"Futbolhoy.co\"},\"image\":{\"@id\":\"https:\/\/futbolhoy.co\/#\/schema\/logo\/image\/\"},\"sameAs\":[\"https:\/\/www.facebook.com\/FutbolHoyCol\/\",\"https:\/\/x.com\/FutbolHoyCol\",\"https:\/\/www.instagram.com\/futbolhoycol\/\"]},{\"@type\":\"Person\",\"@id\":\"https:\/\/futbolhoy.co\/#\/schema\/person\/c4a353a512b127643723a34bb1812f7d\",\"name\":\"Laura Hern\u00e1ndez\",\"image\":{\"@type\":\"ImageObject\",\"inLanguage\":\"es\",\"@id\":\"https:\/\/futbolhoy.co\/#\/schema\/person\/image\/\",\"url\":\"https:\/\/secure.gravatar.com\/avatar\/d25959a15b9b293a743f99181c7cfd01?s=96&d=mm&r=g\",\"contentUrl\":\"https:\/\/secure.gravatar.com\/avatar\/d25959a15b9b293a743f99181c7cfd01?s=96&d=mm&r=g\",\"caption\":\"Laura Hern\u00e1ndez\"}}]}<\/script>\n<!-- \/ Yoast SEO plugin. -->","yoast_head_json":{"title":"Colfutbol rebajar\u00e1 el salario a Queiroz -","robots":{"index":"index","follow":"follow","max-snippet":"max-snippet:-1","max-image-preview":"max-image-preview:large","max-video-preview":"max-video-preview:-1"},"canonical":"https:\/\/futbolhoy.co\/index.php\/2020\/04\/15\/colfutbol-rebajara-el-salario-a-queiroz\/","og_locale":"es_ES","og_type":"article","og_title":"Colfutbol rebajar\u00e1 el salario a Queiroz -","og_description":"La Federaci\u00f3n Colombiana de F\u00fatbol acept\u00f3 la propuesta del t\u00e9cnico portugu\u00e9s Carlos Queiroz y su grupo de colaboradores, de rebajar su sueldo durante algunos meses, ante la crisis econ\u00f3mica que atraviesa la instituci\u00f3n por la pandemia del coronavirus. Adem\u00e1s, la Federaci\u00f3n, durante la reuni\u00f3n de abril de su comit\u00e9 ejecutivo, dar\u00e1 curso a un informe [&hellip;]","og_url":"https:\/\/futbolhoy.co\/index.php\/2020\/04\/15\/colfutbol-rebajara-el-salario-a-queiroz\/","article_publisher":"https:\/\/www.facebook.com\/FutbolHoyCol\/","article_published_time":"2020-04-16T00:35:35+00:00","article_modified_time":"2020-04-16T17:20:59+00:00","og_image":[{"width":1280,"height":847,"url":"https:\/\/futbolhoy.co\/wp-content\/uploads\/2020\/04\/IMG_20200415_193420.jpg","type":"image\/jpeg"}],"author":"Laura Hern\u00e1ndez","twitter_card":"summary_large_image","twitter_creator":"@FutbolHoyCol","twitter_site":"@FutbolHoyCol","twitter_misc":{"Escrito por":"Laura Hern\u00e1ndez"},"schema":{"@context":"https:\/\/schema.org","@graph":[{"@type":"Article","@id":"https:\/\/futbolhoy.co\/index.php\/2020\/04\/15\/colfutbol-rebajara-el-salario-a-queiroz\/#article","isPartOf":{"@id":"https:\/\/futbolhoy.co\/index.php\/2020\/04\/15\/colfutbol-rebajara-el-salario-a-queiroz\/"},"author":{"name":"Laura Hern\u00e1ndez","@id":"https:\/\/futbolhoy.co\/#\/schema\/person\/c4a353a512b127643723a34bb1812f7d"},"headline":"Colfutbol rebajar\u00e1 el salario a Queiroz","datePublished":"2020-04-16T00:35:35+00:00","dateModified":"2020-04-16T17:20:59+00:00","mainEntityOfPage":{"@id":"https:\/\/futbolhoy.co\/index.php\/2020\/04\/15\/colfutbol-rebajara-el-salario-a-queiroz\/"},"wordCount":92,"commentCount":0,"publisher":{"@id":"https:\/\/futbolhoy.co\/#organization"},"image":{"@id":"https:\/\/futbolhoy.co\/index.php\/2020\/04\/15\/colfutbol-rebajara-el-salario-a-queiroz\/#primaryimage"},"thumbnailUrl":"https:\/\/futbolhoy.co\/wp-content\/uploads\/2020\/04\/IMG_20200415_193420.jpg","keywords":["Colombia"],"articleSection":["Colombia"],"inLanguage":"es","potentialAction":[{"@type":"CommentAction","name":"Comment","target":["https:\/\/futbolhoy.co\/index.php\/2020\/04\/15\/colfutbol-rebajara-el-salario-a-queiroz\/#respond"]}]},{"@type":"WebPage","@id":"https:\/\/futbolhoy.co\/index.php\/2020\/04\/15\/colfutbol-rebajara-el-salario-a-queiroz\/","url":"https:\/\/futbolhoy.co\/index.php\/2020\/04\/15\/colfutbol-rebajara-el-salario-a-queiroz\/","name":"Colfutbol rebajar\u00e1 el salario a Queiroz -","isPartOf":{"@id":"https:\/\/futbolhoy.co\/#website"},"primaryImageOfPage":{"@id":"https:\/\/futbolhoy.co\/index.php\/2020\/04\/15\/colfutbol-rebajara-el-salario-a-queiroz\/#primaryimage"},"image":{"@id":"https:\/\/futbolhoy.co\/index.php\/2020\/04\/15\/colfutbol-rebajara-el-salario-a-queiroz\/#primaryimage"},"thumbnailUrl":"https:\/\/futbolhoy.co\/wp-content\/uploads\/2020\/04\/IMG_20200415_193420.jpg","datePublished":"2020-04-16T00:35:35+00:00","dateModified":"2020-04-16T17:20:59+00:00","breadcrumb":{"@id":"https:\/\/futbolhoy.co\/index.php\/2020\/04\/15\/colfutbol-rebajara-el-salario-a-queiroz\/#breadcrumb"},"inLanguage":"es","potentialAction":[{"@type":"ReadAction","target":["https:\/\/futbolhoy.co\/index.php\/2020\/04\/15\/colfutbol-rebajara-el-salario-a-queiroz\/"]}]},{"@type":"ImageObject","inLanguage":"es","@id":"https:\/\/futbolhoy.co\/index.php\/2020\/04\/15\/colfutbol-rebajara-el-salario-a-queiroz\/#primaryimage","url":"https:\/\/futbolhoy.co\/wp-content\/uploads\/2020\/04\/IMG_20200415_193420.jpg","contentUrl":"https:\/\/futbolhoy.co\/wp-content\/uploads\/2020\/04\/IMG_20200415_193420.jpg","width":1280,"height":847},{"@type":"BreadcrumbList","@id":"https:\/\/futbolhoy.co\/index.php\/2020\/04\/15\/colfutbol-rebajara-el-salario-a-queiroz\/#breadcrumb","itemListElement":[{"@type":"ListItem","position":1,"name":"Portada","item":"https:\/\/futbolhoy.co\/"},{"@type":"ListItem","position":2,"name":"Colfutbol rebajar\u00e1 el salario a Queiroz"}]},{"@type":"WebSite","@id":"https:\/\/futbolhoy.co\/#website","url":"https:\/\/futbolhoy.co\/","name":"FutbolHoy","description":"","publisher":{"@id":"https:\/\/futbolhoy.co\/#organization"},"potentialAction":[{"@type":"SearchAction","target":{"@type":"EntryPoint","urlTemplate":"https:\/\/futbolhoy.co\/?s={search_term_string}"},"query-input":{"@type":"PropertyValueSpecification","valueRequired":true,"valueName":"search_term_string"}}],"inLanguage":"es"},{"@type":"Organization","@id":"https:\/\/futbolhoy.co\/#organization","name":"Futbolhoy.co","url":"https:\/\/futbolhoy.co\/","logo":{"@type":"ImageObject","inLanguage":"es","@id":"https:\/\/futbolhoy.co\/#\/schema\/logo\/image\/","url":"https:\/\/futbolhoy.co\/wp-content\/uploads\/2018\/08\/17426380_1906371736249227_6326180412931521141_n.jpg","contentUrl":"https:\/\/futbolhoy.co\/wp-content\/uploads\/2018\/08\/17426380_1906371736249227_6326180412931521141_n.jpg","width":960,"height":960,"caption":"Futbolhoy.co"},"image":{"@id":"https:\/\/futbolhoy.co\/#\/schema\/logo\/image\/"},"sameAs":["https:\/\/www.facebook.com\/FutbolHoyCol\/","https:\/\/x.com\/FutbolHoyCol","https:\/\/www.instagram.com\/futbolhoycol\/"]},{"@type":"Person","@id":"https:\/\/futbolhoy.co\/#\/schema\/person\/c4a353a512b127643723a34bb1812f7d","name":"Laura Hern\u00e1ndez","image":{"@type":"ImageObject","inLanguage":"es","@id":"https:\/\/futbolhoy.co\/#\/schema\/person\/image\/","url":"https:\/\/secure.gravatar.com\/avatar\/d25959a15b9b293a743f99181c7cfd01?s=96&d=mm&r=g","contentUrl":"https:\/\/secure.gravatar.com\/avatar\/d25959a15b9b293a743f99181c7cfd01?s=96&d=mm&r=g","caption":"Laura Hern\u00e1ndez"}}]}},"publishpress_future_action":{"enabled":false,"date":"2026-05-04 11:51:26","action":"change-status","newStatus":"draft","terms":[],"taxonomy":"category","extraData":[]},"publishpress_future_workflow_manual_trigger":{"enabledWorkflows":[]},"_links":{"self":[{"href":"https:\/\/futbolhoy.co\/index.php\/wp-json\/wp\/v2\/posts\/50126","targetHints":{"allow":["GET"]}}],"collection":[{"href":"https:\/\/futbolhoy.co\/index.php\/wp-json\/wp\/v2\/posts"}],"about":[{"href":"https:\/\/futbolhoy.co\/index.php\/wp-json\/wp\/v2\/types\/post"}],"author":[{"embeddable":true,"href":"https:\/\/futbolhoy.co\/index.php\/wp-json\/wp\/v2\/users\/5"}],"replies":[{"embeddable":true,"href":"https:\/\/futbolhoy.co\/index.php\/wp-json\/wp\/v2\/comments?post=50126"}],"version-history":[{"count":1,"href":"https:\/\/futbolhoy.co\/index.php\/wp-json\/wp\/v2\/posts\/50126\/revisions"}],"predecessor-version":[{"id":50130,"href":"https:\/\/futbolhoy.co\/index.php\/wp-json\/wp\/v2\/posts\/50126\/revisions\/50130"}],"wp:featuredmedia":[{"embeddable":true,"href":"https:\/\/futbolhoy.co\/index.php\/wp-json\/wp\/v2\/media\/50129"}],"wp:attachment":[{"href":"https:\/\/futbolhoy.co\/index.php\/wp-json\/wp\/v2\/media?parent=50126"}],"wp:term":[{"taxonomy":"category","embeddable":true,"href":"https:\/\/futbolhoy.co\/index.php\/wp-json\/wp\/v2\/categories?post=50126"},{"taxonomy":"post_tag","embeddable":true,"href":"https:\/\/futbolhoy.co\/index.php\/wp-json\/wp\/v2\/tags?post=50126"}],"curies":[{"name":"wp","href":"https:\/\/api.w.org\/{rel}","templated":true}]}}