{"id":50155,"date":"2020-04-16T19:00:29","date_gmt":"2020-04-17T00:00:29","guid":{"rendered":"https:\/\/futbolhoy.co\/?p=50155"},"modified":"2020-04-17T13:15:05","modified_gmt":"2020-04-17T18:15:05","slug":"gaich-iria-al-lugar-de-falcao","status":"publish","type":"post","link":"https:\/\/futbolhoy.co\/index.php\/2020\/04\/16\/gaich-iria-al-lugar-de-falcao\/","title":{"rendered":"Gaich ir\u00eda al lugar de Falcao"},"content":{"rendered":"<p style=\"text-align: justify;\"><span style=\"font-family: helvetica, arial, sans-serif;\">El delantero argentino\u00a0<b>Adolfo Gaich<\/b>\u00a0podr\u00eda convertirse en el reemplazo de\u00a0<b>Falcao Garc\u00eda\u00a0<\/b>en el\u00a0<b>Galatasaray<\/b>, seg\u00fan public\u00f3\u00a0<i>Turqu\u00eda Sporx<\/i>, que indic\u00f3 que el club busca al que consideran el 'nuevo Higua\u00edn'.<\/span><\/p>\n<p style=\"text-align: justify;\"><span style=\"font-family: helvetica, arial, sans-serif;\">La nota advierte que\u00a0<i>\u2018El Tigre\u2019<\/i>\u00a0colombiano estar\u00eda m\u00e1s cercano a salir que a continuar en el equipo turco y Gaich ser\u00eda\u00a0su recambio ideal.<\/span><\/p>\n<p style=\"text-align: justify;\"><span style=\"font-family: helvetica, arial, sans-serif;\">El argentino, de 21 a\u00f1os, fue una de las figuras de su pa\u00eds en el t\u00edtulo alcanzado en el\u00a0<b>Torneo Preol\u00edmpico de Colombia<\/b>\u00a0a\u00a0comienzos de a\u00f1o a pesar de solo marcar un gol.<\/span><\/p>\n<p style=\"text-align: justify;\"><span style=\"font-family: helvetica, arial, sans-serif;\">Con\u00a0<b>San Lorenzo de Almagro<\/b>, su club, ha marcado\u00a08 goles en 28 partidos en todas las competiciones.<\/span><\/p>\n","protected":false},"excerpt":{"rendered":"<p>El delantero argentino\u00a0Adolfo Gaich\u00a0podr\u00eda convertirse en el reemplazo de\u00a0Falcao Garc\u00eda\u00a0en el\u00a0Galatasaray, seg\u00fan public\u00f3\u00a0Turqu\u00eda Sporx, que indic\u00f3 que el club busca al que consideran el 'nuevo Higua\u00edn'. La nota advierte que\u00a0\u2018El Tigre\u2019\u00a0colombiano estar\u00eda m\u00e1s cercano a salir que a continuar en el equipo turco y Gaich ser\u00eda\u00a0su recambio ideal. El argentino, de 21 a\u00f1os, fue una [&hellip;]<\/p>\n","protected":false},"author":5,"featured_media":50159,"comment_status":"open","ping_status":"open","sticky":false,"template":"","format":"standard","meta":{"_acf_changed":false,"footnotes":""},"categories":[152],"tags":[],"class_list":{"0":"post-50155","1":"post","2":"type-post","3":"status-publish","4":"format-standard","5":"has-post-thumbnail","7":"category-mundo-futbol"},"acf":[],"yoast_head":"<!-- This site is optimized with the Yoast SEO plugin v26.8 - https:\/\/yoast.com\/product\/yoast-seo-wordpress\/ -->\n<title>Gaich ir\u00eda al lugar de Falcao -<\/title>\n<meta name=\"robots\" content=\"index, follow, max-snippet:-1, max-image-preview:large, max-video-preview:-1\" \/>\n<link rel=\"canonical\" href=\"https:\/\/futbolhoy.co\/index.php\/2020\/04\/16\/gaich-iria-al-lugar-de-falcao\/\" \/>\n<meta property=\"og:locale\" content=\"es_ES\" \/>\n<meta property=\"og:type\" content=\"article\" \/>\n<meta property=\"og:title\" content=\"Gaich ir\u00eda al lugar de Falcao -\" \/>\n<meta property=\"og:description\" content=\"El delantero argentino\u00a0Adolfo Gaich\u00a0podr\u00eda convertirse en el reemplazo de\u00a0Falcao Garc\u00eda\u00a0en el\u00a0Galatasaray, seg\u00fan public\u00f3\u00a0Turqu\u00eda Sporx, que indic\u00f3 que el club busca al que consideran el &#039;nuevo Higua\u00edn&#039;. La nota advierte que\u00a0\u2018El Tigre\u2019\u00a0colombiano estar\u00eda m\u00e1s cercano a salir que a continuar en el equipo turco y Gaich ser\u00eda\u00a0su recambio ideal. El argentino, de 21 a\u00f1os, fue una [&hellip;]\" \/>\n<meta property=\"og:url\" content=\"https:\/\/futbolhoy.co\/index.php\/2020\/04\/16\/gaich-iria-al-lugar-de-falcao\/\" \/>\n<meta property=\"article:publisher\" content=\"https:\/\/www.facebook.com\/FutbolHoyCol\/\" \/>\n<meta property=\"article:published_time\" content=\"2020-04-17T00:00:29+00:00\" \/>\n<meta property=\"article:modified_time\" content=\"2020-04-17T18:15:05+00:00\" \/>\n<meta property=\"og:image\" content=\"https:\/\/futbolhoy.co\/wp-content\/uploads\/2020\/04\/EVuUKntX0AAu-4c.jpg\" \/>\n\t<meta property=\"og:image:width\" content=\"1198\" \/>\n\t<meta property=\"og:image:height\" content=\"672\" \/>\n\t<meta property=\"og:image:type\" content=\"image\/jpeg\" \/>\n<meta name=\"author\" content=\"Laura Hern\u00e1ndez\" \/>\n<meta name=\"twitter:card\" content=\"summary_large_image\" \/>\n<meta name=\"twitter:creator\" content=\"@FutbolHoyCol\" \/>\n<meta name=\"twitter:site\" content=\"@FutbolHoyCol\" \/>\n<meta name=\"twitter:label1\" content=\"Escrito por\" \/>\n\t<meta name=\"twitter:data1\" content=\"Laura Hern\u00e1ndez\" \/>\n\t<meta name=\"twitter:label2\" content=\"Tiempo de lectura\" \/>\n\t<meta name=\"twitter:data2\" content=\"1 minuto\" \/>\n<script type=\"application\/ld+json\" class=\"yoast-schema-graph\">{\"@context\":\"https:\/\/schema.org\",\"@graph\":[{\"@type\":\"Article\",\"@id\":\"https:\/\/futbolhoy.co\/index.php\/2020\/04\/16\/gaich-iria-al-lugar-de-falcao\/#article\",\"isPartOf\":{\"@id\":\"https:\/\/futbolhoy.co\/index.php\/2020\/04\/16\/gaich-iria-al-lugar-de-falcao\/\"},\"author\":{\"name\":\"Laura Hern\u00e1ndez\",\"@id\":\"https:\/\/futbolhoy.co\/#\/schema\/person\/c4a353a512b127643723a34bb1812f7d\"},\"headline\":\"Gaich ir\u00eda al lugar de Falcao\",\"datePublished\":\"2020-04-17T00:00:29+00:00\",\"dateModified\":\"2020-04-17T18:15:05+00:00\",\"mainEntityOfPage\":{\"@id\":\"https:\/\/futbolhoy.co\/index.php\/2020\/04\/16\/gaich-iria-al-lugar-de-falcao\/\"},\"wordCount\":126,\"commentCount\":0,\"publisher\":{\"@id\":\"https:\/\/futbolhoy.co\/#organization\"},\"image\":{\"@id\":\"https:\/\/futbolhoy.co\/index.php\/2020\/04\/16\/gaich-iria-al-lugar-de-falcao\/#primaryimage\"},\"thumbnailUrl\":\"https:\/\/futbolhoy.co\/wp-content\/uploads\/2020\/04\/EVuUKntX0AAu-4c.jpg\",\"articleSection\":[\"Mundo Futbol\"],\"inLanguage\":\"es\",\"potentialAction\":[{\"@type\":\"CommentAction\",\"name\":\"Comment\",\"target\":[\"https:\/\/futbolhoy.co\/index.php\/2020\/04\/16\/gaich-iria-al-lugar-de-falcao\/#respond\"]}]},{\"@type\":\"WebPage\",\"@id\":\"https:\/\/futbolhoy.co\/index.php\/2020\/04\/16\/gaich-iria-al-lugar-de-falcao\/\",\"url\":\"https:\/\/futbolhoy.co\/index.php\/2020\/04\/16\/gaich-iria-al-lugar-de-falcao\/\",\"name\":\"Gaich ir\u00eda al lugar de Falcao -\",\"isPartOf\":{\"@id\":\"https:\/\/futbolhoy.co\/#website\"},\"primaryImageOfPage\":{\"@id\":\"https:\/\/futbolhoy.co\/index.php\/2020\/04\/16\/gaich-iria-al-lugar-de-falcao\/#primaryimage\"},\"image\":{\"@id\":\"https:\/\/futbolhoy.co\/index.php\/2020\/04\/16\/gaich-iria-al-lugar-de-falcao\/#primaryimage\"},\"thumbnailUrl\":\"https:\/\/futbolhoy.co\/wp-content\/uploads\/2020\/04\/EVuUKntX0AAu-4c.jpg\",\"datePublished\":\"2020-04-17T00:00:29+00:00\",\"dateModified\":\"2020-04-17T18:15:05+00:00\",\"breadcrumb\":{\"@id\":\"https:\/\/futbolhoy.co\/index.php\/2020\/04\/16\/gaich-iria-al-lugar-de-falcao\/#breadcrumb\"},\"inLanguage\":\"es\",\"potentialAction\":[{\"@type\":\"ReadAction\",\"target\":[\"https:\/\/futbolhoy.co\/index.php\/2020\/04\/16\/gaich-iria-al-lugar-de-falcao\/\"]}]},{\"@type\":\"ImageObject\",\"inLanguage\":\"es\",\"@id\":\"https:\/\/futbolhoy.co\/index.php\/2020\/04\/16\/gaich-iria-al-lugar-de-falcao\/#primaryimage\",\"url\":\"https:\/\/futbolhoy.co\/wp-content\/uploads\/2020\/04\/EVuUKntX0AAu-4c.jpg\",\"contentUrl\":\"https:\/\/futbolhoy.co\/wp-content\/uploads\/2020\/04\/EVuUKntX0AAu-4c.jpg\",\"width\":1198,\"height\":672},{\"@type\":\"BreadcrumbList\",\"@id\":\"https:\/\/futbolhoy.co\/index.php\/2020\/04\/16\/gaich-iria-al-lugar-de-falcao\/#breadcrumb\",\"itemListElement\":[{\"@type\":\"ListItem\",\"position\":1,\"name\":\"Portada\",\"item\":\"https:\/\/futbolhoy.co\/\"},{\"@type\":\"ListItem\",\"position\":2,\"name\":\"Gaich ir\u00eda al lugar de Falcao\"}]},{\"@type\":\"WebSite\",\"@id\":\"https:\/\/futbolhoy.co\/#website\",\"url\":\"https:\/\/futbolhoy.co\/\",\"name\":\"FutbolHoy\",\"description\":\"\",\"publisher\":{\"@id\":\"https:\/\/futbolhoy.co\/#organization\"},\"potentialAction\":[{\"@type\":\"SearchAction\",\"target\":{\"@type\":\"EntryPoint\",\"urlTemplate\":\"https:\/\/futbolhoy.co\/?s={search_term_string}\"},\"query-input\":{\"@type\":\"PropertyValueSpecification\",\"valueRequired\":true,\"valueName\":\"search_term_string\"}}],\"inLanguage\":\"es\"},{\"@type\":\"Organization\",\"@id\":\"https:\/\/futbolhoy.co\/#organization\",\"name\":\"Futbolhoy.co\",\"url\":\"https:\/\/futbolhoy.co\/\",\"logo\":{\"@type\":\"ImageObject\",\"inLanguage\":\"es\",\"@id\":\"https:\/\/futbolhoy.co\/#\/schema\/logo\/image\/\",\"url\":\"https:\/\/futbolhoy.co\/wp-content\/uploads\/2018\/08\/17426380_1906371736249227_6326180412931521141_n.jpg\",\"contentUrl\":\"https:\/\/futbolhoy.co\/wp-content\/uploads\/2018\/08\/17426380_1906371736249227_6326180412931521141_n.jpg\",\"width\":960,\"height\":960,\"caption\":\"Futbolhoy.co\"},\"image\":{\"@id\":\"https:\/\/futbolhoy.co\/#\/schema\/logo\/image\/\"},\"sameAs\":[\"https:\/\/www.facebook.com\/FutbolHoyCol\/\",\"https:\/\/x.com\/FutbolHoyCol\",\"https:\/\/www.instagram.com\/futbolhoycol\/\"]},{\"@type\":\"Person\",\"@id\":\"https:\/\/futbolhoy.co\/#\/schema\/person\/c4a353a512b127643723a34bb1812f7d\",\"name\":\"Laura Hern\u00e1ndez\",\"image\":{\"@type\":\"ImageObject\",\"inLanguage\":\"es\",\"@id\":\"https:\/\/futbolhoy.co\/#\/schema\/person\/image\/\",\"url\":\"https:\/\/secure.gravatar.com\/avatar\/d25959a15b9b293a743f99181c7cfd01?s=96&d=mm&r=g\",\"contentUrl\":\"https:\/\/secure.gravatar.com\/avatar\/d25959a15b9b293a743f99181c7cfd01?s=96&d=mm&r=g\",\"caption\":\"Laura Hern\u00e1ndez\"}}]}<\/script>\n<!-- \/ Yoast SEO plugin. -->","yoast_head_json":{"title":"Gaich ir\u00eda al lugar de Falcao -","robots":{"index":"index","follow":"follow","max-snippet":"max-snippet:-1","max-image-preview":"max-image-preview:large","max-video-preview":"max-video-preview:-1"},"canonical":"https:\/\/futbolhoy.co\/index.php\/2020\/04\/16\/gaich-iria-al-lugar-de-falcao\/","og_locale":"es_ES","og_type":"article","og_title":"Gaich ir\u00eda al lugar de Falcao -","og_description":"El delantero argentino\u00a0Adolfo Gaich\u00a0podr\u00eda convertirse en el reemplazo de\u00a0Falcao Garc\u00eda\u00a0en el\u00a0Galatasaray, seg\u00fan public\u00f3\u00a0Turqu\u00eda Sporx, que indic\u00f3 que el club busca al que consideran el 'nuevo Higua\u00edn'. La nota advierte que\u00a0\u2018El Tigre\u2019\u00a0colombiano estar\u00eda m\u00e1s cercano a salir que a continuar en el equipo turco y Gaich ser\u00eda\u00a0su recambio ideal. El argentino, de 21 a\u00f1os, fue una [&hellip;]","og_url":"https:\/\/futbolhoy.co\/index.php\/2020\/04\/16\/gaich-iria-al-lugar-de-falcao\/","article_publisher":"https:\/\/www.facebook.com\/FutbolHoyCol\/","article_published_time":"2020-04-17T00:00:29+00:00","article_modified_time":"2020-04-17T18:15:05+00:00","og_image":[{"width":1198,"height":672,"url":"https:\/\/futbolhoy.co\/wp-content\/uploads\/2020\/04\/EVuUKntX0AAu-4c.jpg","type":"image\/jpeg"}],"author":"Laura Hern\u00e1ndez","twitter_card":"summary_large_image","twitter_creator":"@FutbolHoyCol","twitter_site":"@FutbolHoyCol","twitter_misc":{"Escrito por":"Laura Hern\u00e1ndez","Tiempo de lectura":"1 minuto"},"schema":{"@context":"https:\/\/schema.org","@graph":[{"@type":"Article","@id":"https:\/\/futbolhoy.co\/index.php\/2020\/04\/16\/gaich-iria-al-lugar-de-falcao\/#article","isPartOf":{"@id":"https:\/\/futbolhoy.co\/index.php\/2020\/04\/16\/gaich-iria-al-lugar-de-falcao\/"},"author":{"name":"Laura Hern\u00e1ndez","@id":"https:\/\/futbolhoy.co\/#\/schema\/person\/c4a353a512b127643723a34bb1812f7d"},"headline":"Gaich ir\u00eda al lugar de Falcao","datePublished":"2020-04-17T00:00:29+00:00","dateModified":"2020-04-17T18:15:05+00:00","mainEntityOfPage":{"@id":"https:\/\/futbolhoy.co\/index.php\/2020\/04\/16\/gaich-iria-al-lugar-de-falcao\/"},"wordCount":126,"commentCount":0,"publisher":{"@id":"https:\/\/futbolhoy.co\/#organization"},"image":{"@id":"https:\/\/futbolhoy.co\/index.php\/2020\/04\/16\/gaich-iria-al-lugar-de-falcao\/#primaryimage"},"thumbnailUrl":"https:\/\/futbolhoy.co\/wp-content\/uploads\/2020\/04\/EVuUKntX0AAu-4c.jpg","articleSection":["Mundo Futbol"],"inLanguage":"es","potentialAction":[{"@type":"CommentAction","name":"Comment","target":["https:\/\/futbolhoy.co\/index.php\/2020\/04\/16\/gaich-iria-al-lugar-de-falcao\/#respond"]}]},{"@type":"WebPage","@id":"https:\/\/futbolhoy.co\/index.php\/2020\/04\/16\/gaich-iria-al-lugar-de-falcao\/","url":"https:\/\/futbolhoy.co\/index.php\/2020\/04\/16\/gaich-iria-al-lugar-de-falcao\/","name":"Gaich ir\u00eda al lugar de Falcao -","isPartOf":{"@id":"https:\/\/futbolhoy.co\/#website"},"primaryImageOfPage":{"@id":"https:\/\/futbolhoy.co\/index.php\/2020\/04\/16\/gaich-iria-al-lugar-de-falcao\/#primaryimage"},"image":{"@id":"https:\/\/futbolhoy.co\/index.php\/2020\/04\/16\/gaich-iria-al-lugar-de-falcao\/#primaryimage"},"thumbnailUrl":"https:\/\/futbolhoy.co\/wp-content\/uploads\/2020\/04\/EVuUKntX0AAu-4c.jpg","datePublished":"2020-04-17T00:00:29+00:00","dateModified":"2020-04-17T18:15:05+00:00","breadcrumb":{"@id":"https:\/\/futbolhoy.co\/index.php\/2020\/04\/16\/gaich-iria-al-lugar-de-falcao\/#breadcrumb"},"inLanguage":"es","potentialAction":[{"@type":"ReadAction","target":["https:\/\/futbolhoy.co\/index.php\/2020\/04\/16\/gaich-iria-al-lugar-de-falcao\/"]}]},{"@type":"ImageObject","inLanguage":"es","@id":"https:\/\/futbolhoy.co\/index.php\/2020\/04\/16\/gaich-iria-al-lugar-de-falcao\/#primaryimage","url":"https:\/\/futbolhoy.co\/wp-content\/uploads\/2020\/04\/EVuUKntX0AAu-4c.jpg","contentUrl":"https:\/\/futbolhoy.co\/wp-content\/uploads\/2020\/04\/EVuUKntX0AAu-4c.jpg","width":1198,"height":672},{"@type":"BreadcrumbList","@id":"https:\/\/futbolhoy.co\/index.php\/2020\/04\/16\/gaich-iria-al-lugar-de-falcao\/#breadcrumb","itemListElement":[{"@type":"ListItem","position":1,"name":"Portada","item":"https:\/\/futbolhoy.co\/"},{"@type":"ListItem","position":2,"name":"Gaich ir\u00eda al lugar de Falcao"}]},{"@type":"WebSite","@id":"https:\/\/futbolhoy.co\/#website","url":"https:\/\/futbolhoy.co\/","name":"FutbolHoy","description":"","publisher":{"@id":"https:\/\/futbolhoy.co\/#organization"},"potentialAction":[{"@type":"SearchAction","target":{"@type":"EntryPoint","urlTemplate":"https:\/\/futbolhoy.co\/?s={search_term_string}"},"query-input":{"@type":"PropertyValueSpecification","valueRequired":true,"valueName":"search_term_string"}}],"inLanguage":"es"},{"@type":"Organization","@id":"https:\/\/futbolhoy.co\/#organization","name":"Futbolhoy.co","url":"https:\/\/futbolhoy.co\/","logo":{"@type":"ImageObject","inLanguage":"es","@id":"https:\/\/futbolhoy.co\/#\/schema\/logo\/image\/","url":"https:\/\/futbolhoy.co\/wp-content\/uploads\/2018\/08\/17426380_1906371736249227_6326180412931521141_n.jpg","contentUrl":"https:\/\/futbolhoy.co\/wp-content\/uploads\/2018\/08\/17426380_1906371736249227_6326180412931521141_n.jpg","width":960,"height":960,"caption":"Futbolhoy.co"},"image":{"@id":"https:\/\/futbolhoy.co\/#\/schema\/logo\/image\/"},"sameAs":["https:\/\/www.facebook.com\/FutbolHoyCol\/","https:\/\/x.com\/FutbolHoyCol","https:\/\/www.instagram.com\/futbolhoycol\/"]},{"@type":"Person","@id":"https:\/\/futbolhoy.co\/#\/schema\/person\/c4a353a512b127643723a34bb1812f7d","name":"Laura Hern\u00e1ndez","image":{"@type":"ImageObject","inLanguage":"es","@id":"https:\/\/futbolhoy.co\/#\/schema\/person\/image\/","url":"https:\/\/secure.gravatar.com\/avatar\/d25959a15b9b293a743f99181c7cfd01?s=96&d=mm&r=g","contentUrl":"https:\/\/secure.gravatar.com\/avatar\/d25959a15b9b293a743f99181c7cfd01?s=96&d=mm&r=g","caption":"Laura Hern\u00e1ndez"}}]}},"publishpress_future_action":{"enabled":false,"date":"2026-05-04 10:23:15","action":"change-status","newStatus":"draft","terms":[],"taxonomy":"category","extraData":[]},"publishpress_future_workflow_manual_trigger":{"enabledWorkflows":[]},"_links":{"self":[{"href":"https:\/\/futbolhoy.co\/index.php\/wp-json\/wp\/v2\/posts\/50155","targetHints":{"allow":["GET"]}}],"collection":[{"href":"https:\/\/futbolhoy.co\/index.php\/wp-json\/wp\/v2\/posts"}],"about":[{"href":"https:\/\/futbolhoy.co\/index.php\/wp-json\/wp\/v2\/types\/post"}],"author":[{"embeddable":true,"href":"https:\/\/futbolhoy.co\/index.php\/wp-json\/wp\/v2\/users\/5"}],"replies":[{"embeddable":true,"href":"https:\/\/futbolhoy.co\/index.php\/wp-json\/wp\/v2\/comments?post=50155"}],"version-history":[{"count":1,"href":"https:\/\/futbolhoy.co\/index.php\/wp-json\/wp\/v2\/posts\/50155\/revisions"}],"predecessor-version":[{"id":50161,"href":"https:\/\/futbolhoy.co\/index.php\/wp-json\/wp\/v2\/posts\/50155\/revisions\/50161"}],"wp:featuredmedia":[{"embeddable":true,"href":"https:\/\/futbolhoy.co\/index.php\/wp-json\/wp\/v2\/media\/50159"}],"wp:attachment":[{"href":"https:\/\/futbolhoy.co\/index.php\/wp-json\/wp\/v2\/media?parent=50155"}],"wp:term":[{"taxonomy":"category","embeddable":true,"href":"https:\/\/futbolhoy.co\/index.php\/wp-json\/wp\/v2\/categories?post=50155"},{"taxonomy":"post_tag","embeddable":true,"href":"https:\/\/futbolhoy.co\/index.php\/wp-json\/wp\/v2\/tags?post=50155"}],"curies":[{"name":"wp","href":"https:\/\/api.w.org\/{rel}","templated":true}]}}