{"id":50181,"date":"2020-04-17T18:15:13","date_gmt":"2020-04-17T23:15:13","guid":{"rendered":"https:\/\/futbolhoy.co\/?p=50181"},"modified":"2020-04-17T18:53:50","modified_gmt":"2020-04-17T23:53:50","slug":"la-eliminatoria-en-sudamerica-mantendra-su-sistema","status":"publish","type":"post","link":"https:\/\/futbolhoy.co\/index.php\/2020\/04\/17\/la-eliminatoria-en-sudamerica-mantendra-su-sistema\/","title":{"rendered":"La eliminatoria en Sudam\u00e9rica mantendr\u00e1 su sistema"},"content":{"rendered":"<p style=\"text-align: justify;\"><span style=\"font-family: helvetica, arial, sans-serif;\">El Consejo de <strong>Conmebol,<\/strong> reunido de manera virtual, descart\u00f3 la posibilidad de modificar el sistema de competencia actual establecido en Sudam\u00e9rica para la fase clasificatoria al <strong>Mundial Qatar 2022.<\/strong><\/span><\/p>\n<p style=\"text-align: justify;\"><span style=\"font-family: helvetica, arial, sans-serif;\">Los presidentes de las 10 federaciones del \u00e1rea desecharon la alternativa de establecer dos grupos de cinco equipos para las eliminatorias, al considerar que va en detrimento de las ya golpeadas finanzas de las entidades.<\/span><\/p>\n<p style=\"text-align: justify;\"><span style=\"font-family: helvetica, arial, sans-serif;\">Los dirigentes se\u00f1alaron que reducir de 9 a 4 partidos de local por selecci\u00f3n, afectar\u00eda severamente la econom\u00eda de las federaciones y a\u00fan hay tiempo para reprogramar las 18 jornadas previstas inicialmente.<\/span><\/p>\n<p style=\"text-align: justify;\"><span style=\"font-family: helvetica, arial, sans-serif;\">En la reuni\u00f3n no se defini\u00f3 nada acerca de la reanudaci\u00f3n de las Copas Libertadores y Sudamericana.\u00a0<\/span><\/p>\n","protected":false},"excerpt":{"rendered":"<p>El Consejo de Conmebol, reunido de manera virtual, descart\u00f3 la posibilidad de modificar el sistema de competencia actual establecido en Sudam\u00e9rica para la fase clasificatoria al Mundial Qatar 2022. Los presidentes de las 10 federaciones del \u00e1rea desecharon la alternativa de establecer dos grupos de cinco equipos para las eliminatorias, al considerar que va en [&hellip;]<\/p>\n","protected":false},"author":5,"featured_media":37980,"comment_status":"open","ping_status":"open","sticky":false,"template":"","format":"standard","meta":{"_acf_changed":false,"footnotes":""},"categories":[5],"tags":[94],"class_list":{"0":"post-50181","1":"post","2":"type-post","3":"status-publish","4":"format-standard","5":"has-post-thumbnail","7":"category-destacados","8":"tag-eliminatorias"},"acf":[],"yoast_head":"<!-- This site is optimized with the Yoast SEO plugin v26.8 - https:\/\/yoast.com\/product\/yoast-seo-wordpress\/ -->\n<title>La eliminatoria en Sudam\u00e9rica mantendr\u00e1 su sistema -<\/title>\n<meta name=\"robots\" content=\"index, follow, max-snippet:-1, max-image-preview:large, max-video-preview:-1\" \/>\n<link rel=\"canonical\" href=\"https:\/\/futbolhoy.co\/index.php\/2020\/04\/17\/la-eliminatoria-en-sudamerica-mantendra-su-sistema\/\" \/>\n<meta property=\"og:locale\" content=\"es_ES\" \/>\n<meta property=\"og:type\" content=\"article\" \/>\n<meta property=\"og:title\" content=\"La eliminatoria en Sudam\u00e9rica mantendr\u00e1 su sistema -\" \/>\n<meta property=\"og:description\" content=\"El Consejo de Conmebol, reunido de manera virtual, descart\u00f3 la posibilidad de modificar el sistema de competencia actual establecido en Sudam\u00e9rica para la fase clasificatoria al Mundial Qatar 2022. Los presidentes de las 10 federaciones del \u00e1rea desecharon la alternativa de establecer dos grupos de cinco equipos para las eliminatorias, al considerar que va en [&hellip;]\" \/>\n<meta property=\"og:url\" content=\"https:\/\/futbolhoy.co\/index.php\/2020\/04\/17\/la-eliminatoria-en-sudamerica-mantendra-su-sistema\/\" \/>\n<meta property=\"article:publisher\" content=\"https:\/\/www.facebook.com\/FutbolHoyCol\/\" \/>\n<meta property=\"article:published_time\" content=\"2020-04-17T23:15:13+00:00\" \/>\n<meta property=\"article:modified_time\" content=\"2020-04-17T23:53:50+00:00\" \/>\n<meta property=\"og:image\" content=\"https:\/\/futbolhoy.co\/wp-content\/uploads\/2019\/06\/Seleccion.jpg\" \/>\n\t<meta property=\"og:image:width\" content=\"680\" \/>\n\t<meta property=\"og:image:height\" content=\"453\" \/>\n\t<meta property=\"og:image:type\" content=\"image\/jpeg\" \/>\n<meta name=\"author\" content=\"Laura Hern\u00e1ndez\" \/>\n<meta name=\"twitter:card\" content=\"summary_large_image\" \/>\n<meta name=\"twitter:creator\" content=\"@FutbolHoyCol\" \/>\n<meta name=\"twitter:site\" content=\"@FutbolHoyCol\" \/>\n<meta name=\"twitter:label1\" content=\"Escrito por\" \/>\n\t<meta name=\"twitter:data1\" content=\"Laura Hern\u00e1ndez\" \/>\n\t<meta name=\"twitter:label2\" content=\"Tiempo de lectura\" \/>\n\t<meta name=\"twitter:data2\" content=\"1 minuto\" \/>\n<script type=\"application\/ld+json\" class=\"yoast-schema-graph\">{\"@context\":\"https:\/\/schema.org\",\"@graph\":[{\"@type\":\"Article\",\"@id\":\"https:\/\/futbolhoy.co\/index.php\/2020\/04\/17\/la-eliminatoria-en-sudamerica-mantendra-su-sistema\/#article\",\"isPartOf\":{\"@id\":\"https:\/\/futbolhoy.co\/index.php\/2020\/04\/17\/la-eliminatoria-en-sudamerica-mantendra-su-sistema\/\"},\"author\":{\"name\":\"Laura Hern\u00e1ndez\",\"@id\":\"https:\/\/futbolhoy.co\/#\/schema\/person\/c4a353a512b127643723a34bb1812f7d\"},\"headline\":\"La eliminatoria en Sudam\u00e9rica mantendr\u00e1 su sistema\",\"datePublished\":\"2020-04-17T23:15:13+00:00\",\"dateModified\":\"2020-04-17T23:53:50+00:00\",\"mainEntityOfPage\":{\"@id\":\"https:\/\/futbolhoy.co\/index.php\/2020\/04\/17\/la-eliminatoria-en-sudamerica-mantendra-su-sistema\/\"},\"wordCount\":124,\"commentCount\":0,\"publisher\":{\"@id\":\"https:\/\/futbolhoy.co\/#organization\"},\"image\":{\"@id\":\"https:\/\/futbolhoy.co\/index.php\/2020\/04\/17\/la-eliminatoria-en-sudamerica-mantendra-su-sistema\/#primaryimage\"},\"thumbnailUrl\":\"https:\/\/futbolhoy.co\/wp-content\/uploads\/2019\/06\/Seleccion.jpg\",\"keywords\":[\"Eliminatorias\"],\"articleSection\":[\"Destacados\"],\"inLanguage\":\"es\",\"potentialAction\":[{\"@type\":\"CommentAction\",\"name\":\"Comment\",\"target\":[\"https:\/\/futbolhoy.co\/index.php\/2020\/04\/17\/la-eliminatoria-en-sudamerica-mantendra-su-sistema\/#respond\"]}]},{\"@type\":\"WebPage\",\"@id\":\"https:\/\/futbolhoy.co\/index.php\/2020\/04\/17\/la-eliminatoria-en-sudamerica-mantendra-su-sistema\/\",\"url\":\"https:\/\/futbolhoy.co\/index.php\/2020\/04\/17\/la-eliminatoria-en-sudamerica-mantendra-su-sistema\/\",\"name\":\"La eliminatoria en Sudam\u00e9rica mantendr\u00e1 su sistema -\",\"isPartOf\":{\"@id\":\"https:\/\/futbolhoy.co\/#website\"},\"primaryImageOfPage\":{\"@id\":\"https:\/\/futbolhoy.co\/index.php\/2020\/04\/17\/la-eliminatoria-en-sudamerica-mantendra-su-sistema\/#primaryimage\"},\"image\":{\"@id\":\"https:\/\/futbolhoy.co\/index.php\/2020\/04\/17\/la-eliminatoria-en-sudamerica-mantendra-su-sistema\/#primaryimage\"},\"thumbnailUrl\":\"https:\/\/futbolhoy.co\/wp-content\/uploads\/2019\/06\/Seleccion.jpg\",\"datePublished\":\"2020-04-17T23:15:13+00:00\",\"dateModified\":\"2020-04-17T23:53:50+00:00\",\"breadcrumb\":{\"@id\":\"https:\/\/futbolhoy.co\/index.php\/2020\/04\/17\/la-eliminatoria-en-sudamerica-mantendra-su-sistema\/#breadcrumb\"},\"inLanguage\":\"es\",\"potentialAction\":[{\"@type\":\"ReadAction\",\"target\":[\"https:\/\/futbolhoy.co\/index.php\/2020\/04\/17\/la-eliminatoria-en-sudamerica-mantendra-su-sistema\/\"]}]},{\"@type\":\"ImageObject\",\"inLanguage\":\"es\",\"@id\":\"https:\/\/futbolhoy.co\/index.php\/2020\/04\/17\/la-eliminatoria-en-sudamerica-mantendra-su-sistema\/#primaryimage\",\"url\":\"https:\/\/futbolhoy.co\/wp-content\/uploads\/2019\/06\/Seleccion.jpg\",\"contentUrl\":\"https:\/\/futbolhoy.co\/wp-content\/uploads\/2019\/06\/Seleccion.jpg\",\"width\":680,\"height\":453,\"caption\":\"@FCFSeleccioncol\"},{\"@type\":\"BreadcrumbList\",\"@id\":\"https:\/\/futbolhoy.co\/index.php\/2020\/04\/17\/la-eliminatoria-en-sudamerica-mantendra-su-sistema\/#breadcrumb\",\"itemListElement\":[{\"@type\":\"ListItem\",\"position\":1,\"name\":\"Portada\",\"item\":\"https:\/\/futbolhoy.co\/\"},{\"@type\":\"ListItem\",\"position\":2,\"name\":\"La eliminatoria en Sudam\u00e9rica mantendr\u00e1 su sistema\"}]},{\"@type\":\"WebSite\",\"@id\":\"https:\/\/futbolhoy.co\/#website\",\"url\":\"https:\/\/futbolhoy.co\/\",\"name\":\"FutbolHoy\",\"description\":\"\",\"publisher\":{\"@id\":\"https:\/\/futbolhoy.co\/#organization\"},\"potentialAction\":[{\"@type\":\"SearchAction\",\"target\":{\"@type\":\"EntryPoint\",\"urlTemplate\":\"https:\/\/futbolhoy.co\/?s={search_term_string}\"},\"query-input\":{\"@type\":\"PropertyValueSpecification\",\"valueRequired\":true,\"valueName\":\"search_term_string\"}}],\"inLanguage\":\"es\"},{\"@type\":\"Organization\",\"@id\":\"https:\/\/futbolhoy.co\/#organization\",\"name\":\"Futbolhoy.co\",\"url\":\"https:\/\/futbolhoy.co\/\",\"logo\":{\"@type\":\"ImageObject\",\"inLanguage\":\"es\",\"@id\":\"https:\/\/futbolhoy.co\/#\/schema\/logo\/image\/\",\"url\":\"https:\/\/futbolhoy.co\/wp-content\/uploads\/2018\/08\/17426380_1906371736249227_6326180412931521141_n.jpg\",\"contentUrl\":\"https:\/\/futbolhoy.co\/wp-content\/uploads\/2018\/08\/17426380_1906371736249227_6326180412931521141_n.jpg\",\"width\":960,\"height\":960,\"caption\":\"Futbolhoy.co\"},\"image\":{\"@id\":\"https:\/\/futbolhoy.co\/#\/schema\/logo\/image\/\"},\"sameAs\":[\"https:\/\/www.facebook.com\/FutbolHoyCol\/\",\"https:\/\/x.com\/FutbolHoyCol\",\"https:\/\/www.instagram.com\/futbolhoycol\/\"]},{\"@type\":\"Person\",\"@id\":\"https:\/\/futbolhoy.co\/#\/schema\/person\/c4a353a512b127643723a34bb1812f7d\",\"name\":\"Laura Hern\u00e1ndez\",\"image\":{\"@type\":\"ImageObject\",\"inLanguage\":\"es\",\"@id\":\"https:\/\/futbolhoy.co\/#\/schema\/person\/image\/\",\"url\":\"https:\/\/secure.gravatar.com\/avatar\/d25959a15b9b293a743f99181c7cfd01?s=96&d=mm&r=g\",\"contentUrl\":\"https:\/\/secure.gravatar.com\/avatar\/d25959a15b9b293a743f99181c7cfd01?s=96&d=mm&r=g\",\"caption\":\"Laura Hern\u00e1ndez\"}}]}<\/script>\n<!-- \/ Yoast SEO plugin. -->","yoast_head_json":{"title":"La eliminatoria en Sudam\u00e9rica mantendr\u00e1 su sistema -","robots":{"index":"index","follow":"follow","max-snippet":"max-snippet:-1","max-image-preview":"max-image-preview:large","max-video-preview":"max-video-preview:-1"},"canonical":"https:\/\/futbolhoy.co\/index.php\/2020\/04\/17\/la-eliminatoria-en-sudamerica-mantendra-su-sistema\/","og_locale":"es_ES","og_type":"article","og_title":"La eliminatoria en Sudam\u00e9rica mantendr\u00e1 su sistema -","og_description":"El Consejo de Conmebol, reunido de manera virtual, descart\u00f3 la posibilidad de modificar el sistema de competencia actual establecido en Sudam\u00e9rica para la fase clasificatoria al Mundial Qatar 2022. Los presidentes de las 10 federaciones del \u00e1rea desecharon la alternativa de establecer dos grupos de cinco equipos para las eliminatorias, al considerar que va en [&hellip;]","og_url":"https:\/\/futbolhoy.co\/index.php\/2020\/04\/17\/la-eliminatoria-en-sudamerica-mantendra-su-sistema\/","article_publisher":"https:\/\/www.facebook.com\/FutbolHoyCol\/","article_published_time":"2020-04-17T23:15:13+00:00","article_modified_time":"2020-04-17T23:53:50+00:00","og_image":[{"width":680,"height":453,"url":"https:\/\/futbolhoy.co\/wp-content\/uploads\/2019\/06\/Seleccion.jpg","type":"image\/jpeg"}],"author":"Laura Hern\u00e1ndez","twitter_card":"summary_large_image","twitter_creator":"@FutbolHoyCol","twitter_site":"@FutbolHoyCol","twitter_misc":{"Escrito por":"Laura Hern\u00e1ndez","Tiempo de lectura":"1 minuto"},"schema":{"@context":"https:\/\/schema.org","@graph":[{"@type":"Article","@id":"https:\/\/futbolhoy.co\/index.php\/2020\/04\/17\/la-eliminatoria-en-sudamerica-mantendra-su-sistema\/#article","isPartOf":{"@id":"https:\/\/futbolhoy.co\/index.php\/2020\/04\/17\/la-eliminatoria-en-sudamerica-mantendra-su-sistema\/"},"author":{"name":"Laura Hern\u00e1ndez","@id":"https:\/\/futbolhoy.co\/#\/schema\/person\/c4a353a512b127643723a34bb1812f7d"},"headline":"La eliminatoria en Sudam\u00e9rica mantendr\u00e1 su sistema","datePublished":"2020-04-17T23:15:13+00:00","dateModified":"2020-04-17T23:53:50+00:00","mainEntityOfPage":{"@id":"https:\/\/futbolhoy.co\/index.php\/2020\/04\/17\/la-eliminatoria-en-sudamerica-mantendra-su-sistema\/"},"wordCount":124,"commentCount":0,"publisher":{"@id":"https:\/\/futbolhoy.co\/#organization"},"image":{"@id":"https:\/\/futbolhoy.co\/index.php\/2020\/04\/17\/la-eliminatoria-en-sudamerica-mantendra-su-sistema\/#primaryimage"},"thumbnailUrl":"https:\/\/futbolhoy.co\/wp-content\/uploads\/2019\/06\/Seleccion.jpg","keywords":["Eliminatorias"],"articleSection":["Destacados"],"inLanguage":"es","potentialAction":[{"@type":"CommentAction","name":"Comment","target":["https:\/\/futbolhoy.co\/index.php\/2020\/04\/17\/la-eliminatoria-en-sudamerica-mantendra-su-sistema\/#respond"]}]},{"@type":"WebPage","@id":"https:\/\/futbolhoy.co\/index.php\/2020\/04\/17\/la-eliminatoria-en-sudamerica-mantendra-su-sistema\/","url":"https:\/\/futbolhoy.co\/index.php\/2020\/04\/17\/la-eliminatoria-en-sudamerica-mantendra-su-sistema\/","name":"La eliminatoria en Sudam\u00e9rica mantendr\u00e1 su sistema -","isPartOf":{"@id":"https:\/\/futbolhoy.co\/#website"},"primaryImageOfPage":{"@id":"https:\/\/futbolhoy.co\/index.php\/2020\/04\/17\/la-eliminatoria-en-sudamerica-mantendra-su-sistema\/#primaryimage"},"image":{"@id":"https:\/\/futbolhoy.co\/index.php\/2020\/04\/17\/la-eliminatoria-en-sudamerica-mantendra-su-sistema\/#primaryimage"},"thumbnailUrl":"https:\/\/futbolhoy.co\/wp-content\/uploads\/2019\/06\/Seleccion.jpg","datePublished":"2020-04-17T23:15:13+00:00","dateModified":"2020-04-17T23:53:50+00:00","breadcrumb":{"@id":"https:\/\/futbolhoy.co\/index.php\/2020\/04\/17\/la-eliminatoria-en-sudamerica-mantendra-su-sistema\/#breadcrumb"},"inLanguage":"es","potentialAction":[{"@type":"ReadAction","target":["https:\/\/futbolhoy.co\/index.php\/2020\/04\/17\/la-eliminatoria-en-sudamerica-mantendra-su-sistema\/"]}]},{"@type":"ImageObject","inLanguage":"es","@id":"https:\/\/futbolhoy.co\/index.php\/2020\/04\/17\/la-eliminatoria-en-sudamerica-mantendra-su-sistema\/#primaryimage","url":"https:\/\/futbolhoy.co\/wp-content\/uploads\/2019\/06\/Seleccion.jpg","contentUrl":"https:\/\/futbolhoy.co\/wp-content\/uploads\/2019\/06\/Seleccion.jpg","width":680,"height":453,"caption":"@FCFSeleccioncol"},{"@type":"BreadcrumbList","@id":"https:\/\/futbolhoy.co\/index.php\/2020\/04\/17\/la-eliminatoria-en-sudamerica-mantendra-su-sistema\/#breadcrumb","itemListElement":[{"@type":"ListItem","position":1,"name":"Portada","item":"https:\/\/futbolhoy.co\/"},{"@type":"ListItem","position":2,"name":"La eliminatoria en Sudam\u00e9rica mantendr\u00e1 su sistema"}]},{"@type":"WebSite","@id":"https:\/\/futbolhoy.co\/#website","url":"https:\/\/futbolhoy.co\/","name":"FutbolHoy","description":"","publisher":{"@id":"https:\/\/futbolhoy.co\/#organization"},"potentialAction":[{"@type":"SearchAction","target":{"@type":"EntryPoint","urlTemplate":"https:\/\/futbolhoy.co\/?s={search_term_string}"},"query-input":{"@type":"PropertyValueSpecification","valueRequired":true,"valueName":"search_term_string"}}],"inLanguage":"es"},{"@type":"Organization","@id":"https:\/\/futbolhoy.co\/#organization","name":"Futbolhoy.co","url":"https:\/\/futbolhoy.co\/","logo":{"@type":"ImageObject","inLanguage":"es","@id":"https:\/\/futbolhoy.co\/#\/schema\/logo\/image\/","url":"https:\/\/futbolhoy.co\/wp-content\/uploads\/2018\/08\/17426380_1906371736249227_6326180412931521141_n.jpg","contentUrl":"https:\/\/futbolhoy.co\/wp-content\/uploads\/2018\/08\/17426380_1906371736249227_6326180412931521141_n.jpg","width":960,"height":960,"caption":"Futbolhoy.co"},"image":{"@id":"https:\/\/futbolhoy.co\/#\/schema\/logo\/image\/"},"sameAs":["https:\/\/www.facebook.com\/FutbolHoyCol\/","https:\/\/x.com\/FutbolHoyCol","https:\/\/www.instagram.com\/futbolhoycol\/"]},{"@type":"Person","@id":"https:\/\/futbolhoy.co\/#\/schema\/person\/c4a353a512b127643723a34bb1812f7d","name":"Laura Hern\u00e1ndez","image":{"@type":"ImageObject","inLanguage":"es","@id":"https:\/\/futbolhoy.co\/#\/schema\/person\/image\/","url":"https:\/\/secure.gravatar.com\/avatar\/d25959a15b9b293a743f99181c7cfd01?s=96&d=mm&r=g","contentUrl":"https:\/\/secure.gravatar.com\/avatar\/d25959a15b9b293a743f99181c7cfd01?s=96&d=mm&r=g","caption":"Laura Hern\u00e1ndez"}}]}},"publishpress_future_action":{"enabled":false,"date":"2026-05-04 14:23:10","action":"change-status","newStatus":"draft","terms":[],"taxonomy":"category","extraData":[]},"publishpress_future_workflow_manual_trigger":{"enabledWorkflows":[]},"_links":{"self":[{"href":"https:\/\/futbolhoy.co\/index.php\/wp-json\/wp\/v2\/posts\/50181","targetHints":{"allow":["GET"]}}],"collection":[{"href":"https:\/\/futbolhoy.co\/index.php\/wp-json\/wp\/v2\/posts"}],"about":[{"href":"https:\/\/futbolhoy.co\/index.php\/wp-json\/wp\/v2\/types\/post"}],"author":[{"embeddable":true,"href":"https:\/\/futbolhoy.co\/index.php\/wp-json\/wp\/v2\/users\/5"}],"replies":[{"embeddable":true,"href":"https:\/\/futbolhoy.co\/index.php\/wp-json\/wp\/v2\/comments?post=50181"}],"version-history":[{"count":3,"href":"https:\/\/futbolhoy.co\/index.php\/wp-json\/wp\/v2\/posts\/50181\/revisions"}],"predecessor-version":[{"id":50190,"href":"https:\/\/futbolhoy.co\/index.php\/wp-json\/wp\/v2\/posts\/50181\/revisions\/50190"}],"wp:featuredmedia":[{"embeddable":true,"href":"https:\/\/futbolhoy.co\/index.php\/wp-json\/wp\/v2\/media\/37980"}],"wp:attachment":[{"href":"https:\/\/futbolhoy.co\/index.php\/wp-json\/wp\/v2\/media?parent=50181"}],"wp:term":[{"taxonomy":"category","embeddable":true,"href":"https:\/\/futbolhoy.co\/index.php\/wp-json\/wp\/v2\/categories?post=50181"},{"taxonomy":"post_tag","embeddable":true,"href":"https:\/\/futbolhoy.co\/index.php\/wp-json\/wp\/v2\/tags?post=50181"}],"curies":[{"name":"wp","href":"https:\/\/api.w.org\/{rel}","templated":true}]}}