{"id":50219,"date":"2020-04-18T08:48:04","date_gmt":"2020-04-18T13:48:04","guid":{"rendered":"https:\/\/futbolhoy.co\/?p=50219"},"modified":"2020-04-18T12:01:48","modified_gmt":"2020-04-18T17:01:48","slug":"un-dia-como-hoy-messi-se-vistio-de-maradona","status":"publish","type":"post","link":"https:\/\/futbolhoy.co\/index.php\/2020\/04\/18\/un-dia-como-hoy-messi-se-vistio-de-maradona\/","title":{"rendered":"Un d\u00eda como hoy: Messi se visti\u00f3 de Maradona"},"content":{"rendered":"<p style=\"text-align: justify;\"><span style=\"font-family: helvetica, arial, sans-serif;\">El 18 de abril de 2007, hace 13 a\u00f1os, <strong>Lionel Messi<\/strong> marc\u00f3 uno de los goles m\u00e1s \u00e9picos de los m\u00e1s de 600 que ha marcado con el <strong>Barcelona<\/strong>. 'La pulga' emul\u00f3 a su compatriota <strong>Diego Maradona,<\/strong> anotando en un partido de la <strong>Copa del Rey<\/strong> frente al <strong>Getafe.<\/strong><\/span><\/p>\n<p style=\"text-align: justify;\"><span style=\"font-family: helvetica, arial, sans-serif;\">Se cumpl\u00eda el minuto 28 de aquel encuentro, en la ida de las semifinales del certamen ib\u00e9rico, Messi, con el dorsal 19 en su espalda, tom\u00f3 el bal\u00f3n en mitad del campo y empez\u00f3 a eludir jugadores rivales, fueron cinco en total, incluido al portero rival, para cerrar su cabalgata con el 2-0 parcial.<\/span><\/p>\n<blockquote class=\"twitter-tweet\">\n<p dir=\"ltr\" lang=\"es\">Hoy hace 13 a\u00f1os de esta obra de arte \ud83d\udcab <a href=\"https:\/\/t.co\/WJRjtylfGu\">pic.twitter.com\/WJRjtylfGu<\/a><\/p>\n<p>\u2014 FC Barcelona (desde \ud83c\udfe0) (@FCBarcelona_es) <a href=\"https:\/\/twitter.com\/FCBarcelona_es\/status\/1251425994604523520?ref_src=twsrc%5Etfw\">April 18, 2020<\/a><\/p><\/blockquote>\n<p><script async src=\"https:\/\/platform.twitter.com\/widgets.js\" charset=\"utf-8\"><\/script><\/p>\n<p style=\"text-align: justify;\"><span style=\"font-family: helvetica, arial, sans-serif;\">Aquella anotaci\u00f3n, adem\u00e1s de causar impresi\u00f3n, fue comparada en todo el mundo con la de Maradona a <strong>Inglaterra<\/strong> en e<strong>l Mundial de M\u00e9xico 1986.<\/strong><\/span><\/p>\n<p style=\"text-align: justify;\"><span style=\"font-family: helvetica, arial, sans-serif;\">El Barcelona termin\u00f3 ganando dicho juego 5-2; sin embargo, en la vuelta sufri\u00f3 una dolorosa goleada 4-0, que lo termin\u00f3 dejando al margen de la competencia.<\/span><\/p>\n","protected":false},"excerpt":{"rendered":"<p>El 18 de abril de 2007, hace 13 a\u00f1os, Lionel Messi marc\u00f3 uno de los goles m\u00e1s \u00e9picos de los m\u00e1s de 600 que ha marcado con el Barcelona. 'La pulga' emul\u00f3 a su compatriota Diego Maradona, anotando en un partido de la Copa del Rey frente al Getafe. Se cumpl\u00eda el minuto 28 de [&hellip;]<\/p>\n","protected":false},"author":5,"featured_media":50220,"comment_status":"open","ping_status":"open","sticky":false,"template":"","format":"standard","meta":{"_acf_changed":false,"footnotes":""},"categories":[5],"tags":[722,82],"class_list":{"0":"post-50219","1":"post","2":"type-post","3":"status-publish","4":"format-standard","5":"has-post-thumbnail","7":"category-destacados","8":"tag-barcelona","9":"tag-lionel-messi"},"acf":[],"yoast_head":"<!-- This site is optimized with the Yoast SEO plugin v26.8 - https:\/\/yoast.com\/product\/yoast-seo-wordpress\/ -->\n<title>Un d\u00eda como hoy: Messi se visti\u00f3 de Maradona -<\/title>\n<meta name=\"robots\" content=\"index, follow, max-snippet:-1, max-image-preview:large, max-video-preview:-1\" \/>\n<link rel=\"canonical\" href=\"https:\/\/futbolhoy.co\/index.php\/2020\/04\/18\/un-dia-como-hoy-messi-se-vistio-de-maradona\/\" \/>\n<meta property=\"og:locale\" content=\"es_ES\" \/>\n<meta property=\"og:type\" content=\"article\" \/>\n<meta property=\"og:title\" content=\"Un d\u00eda como hoy: Messi se visti\u00f3 de Maradona -\" \/>\n<meta property=\"og:description\" content=\"El 18 de abril de 2007, hace 13 a\u00f1os, Lionel Messi marc\u00f3 uno de los goles m\u00e1s \u00e9picos de los m\u00e1s de 600 que ha marcado con el Barcelona. &#039;La pulga&#039; emul\u00f3 a su compatriota Diego Maradona, anotando en un partido de la Copa del Rey frente al Getafe. Se cumpl\u00eda el minuto 28 de [&hellip;]\" \/>\n<meta property=\"og:url\" content=\"https:\/\/futbolhoy.co\/index.php\/2020\/04\/18\/un-dia-como-hoy-messi-se-vistio-de-maradona\/\" \/>\n<meta property=\"article:publisher\" content=\"https:\/\/www.facebook.com\/FutbolHoyCol\/\" \/>\n<meta property=\"article:published_time\" content=\"2020-04-18T13:48:04+00:00\" \/>\n<meta property=\"article:modified_time\" content=\"2020-04-18T17:01:48+00:00\" \/>\n<meta property=\"og:image\" content=\"https:\/\/futbolhoy.co\/wp-content\/uploads\/2020\/04\/messidiano.jpg\" \/>\n\t<meta property=\"og:image:width\" content=\"960\" \/>\n\t<meta property=\"og:image:height\" content=\"540\" \/>\n\t<meta property=\"og:image:type\" content=\"image\/jpeg\" \/>\n<meta name=\"author\" content=\"Laura Hern\u00e1ndez\" \/>\n<meta name=\"twitter:card\" content=\"summary_large_image\" \/>\n<meta name=\"twitter:creator\" content=\"@FutbolHoyCol\" \/>\n<meta name=\"twitter:site\" content=\"@FutbolHoyCol\" \/>\n<meta name=\"twitter:label1\" content=\"Escrito por\" \/>\n\t<meta name=\"twitter:data1\" content=\"Laura Hern\u00e1ndez\" \/>\n\t<meta name=\"twitter:label2\" content=\"Tiempo de lectura\" \/>\n\t<meta name=\"twitter:data2\" content=\"1 minuto\" \/>\n<script type=\"application\/ld+json\" class=\"yoast-schema-graph\">{\"@context\":\"https:\/\/schema.org\",\"@graph\":[{\"@type\":\"Article\",\"@id\":\"https:\/\/futbolhoy.co\/index.php\/2020\/04\/18\/un-dia-como-hoy-messi-se-vistio-de-maradona\/#article\",\"isPartOf\":{\"@id\":\"https:\/\/futbolhoy.co\/index.php\/2020\/04\/18\/un-dia-como-hoy-messi-se-vistio-de-maradona\/\"},\"author\":{\"name\":\"Laura Hern\u00e1ndez\",\"@id\":\"https:\/\/futbolhoy.co\/#\/schema\/person\/c4a353a512b127643723a34bb1812f7d\"},\"headline\":\"Un d\u00eda como hoy: Messi se visti\u00f3 de Maradona\",\"datePublished\":\"2020-04-18T13:48:04+00:00\",\"dateModified\":\"2020-04-18T17:01:48+00:00\",\"mainEntityOfPage\":{\"@id\":\"https:\/\/futbolhoy.co\/index.php\/2020\/04\/18\/un-dia-como-hoy-messi-se-vistio-de-maradona\/\"},\"wordCount\":185,\"commentCount\":0,\"publisher\":{\"@id\":\"https:\/\/futbolhoy.co\/#organization\"},\"image\":{\"@id\":\"https:\/\/futbolhoy.co\/index.php\/2020\/04\/18\/un-dia-como-hoy-messi-se-vistio-de-maradona\/#primaryimage\"},\"thumbnailUrl\":\"https:\/\/futbolhoy.co\/wp-content\/uploads\/2020\/04\/messidiano.jpg\",\"keywords\":[\"Barcelona\",\"Lionel Messi\"],\"articleSection\":[\"Destacados\"],\"inLanguage\":\"es\",\"potentialAction\":[{\"@type\":\"CommentAction\",\"name\":\"Comment\",\"target\":[\"https:\/\/futbolhoy.co\/index.php\/2020\/04\/18\/un-dia-como-hoy-messi-se-vistio-de-maradona\/#respond\"]}]},{\"@type\":\"WebPage\",\"@id\":\"https:\/\/futbolhoy.co\/index.php\/2020\/04\/18\/un-dia-como-hoy-messi-se-vistio-de-maradona\/\",\"url\":\"https:\/\/futbolhoy.co\/index.php\/2020\/04\/18\/un-dia-como-hoy-messi-se-vistio-de-maradona\/\",\"name\":\"Un d\u00eda como hoy: Messi se visti\u00f3 de Maradona -\",\"isPartOf\":{\"@id\":\"https:\/\/futbolhoy.co\/#website\"},\"primaryImageOfPage\":{\"@id\":\"https:\/\/futbolhoy.co\/index.php\/2020\/04\/18\/un-dia-como-hoy-messi-se-vistio-de-maradona\/#primaryimage\"},\"image\":{\"@id\":\"https:\/\/futbolhoy.co\/index.php\/2020\/04\/18\/un-dia-como-hoy-messi-se-vistio-de-maradona\/#primaryimage\"},\"thumbnailUrl\":\"https:\/\/futbolhoy.co\/wp-content\/uploads\/2020\/04\/messidiano.jpg\",\"datePublished\":\"2020-04-18T13:48:04+00:00\",\"dateModified\":\"2020-04-18T17:01:48+00:00\",\"breadcrumb\":{\"@id\":\"https:\/\/futbolhoy.co\/index.php\/2020\/04\/18\/un-dia-como-hoy-messi-se-vistio-de-maradona\/#breadcrumb\"},\"inLanguage\":\"es\",\"potentialAction\":[{\"@type\":\"ReadAction\",\"target\":[\"https:\/\/futbolhoy.co\/index.php\/2020\/04\/18\/un-dia-como-hoy-messi-se-vistio-de-maradona\/\"]}]},{\"@type\":\"ImageObject\",\"inLanguage\":\"es\",\"@id\":\"https:\/\/futbolhoy.co\/index.php\/2020\/04\/18\/un-dia-como-hoy-messi-se-vistio-de-maradona\/#primaryimage\",\"url\":\"https:\/\/futbolhoy.co\/wp-content\/uploads\/2020\/04\/messidiano.jpg\",\"contentUrl\":\"https:\/\/futbolhoy.co\/wp-content\/uploads\/2020\/04\/messidiano.jpg\",\"width\":960,\"height\":540},{\"@type\":\"BreadcrumbList\",\"@id\":\"https:\/\/futbolhoy.co\/index.php\/2020\/04\/18\/un-dia-como-hoy-messi-se-vistio-de-maradona\/#breadcrumb\",\"itemListElement\":[{\"@type\":\"ListItem\",\"position\":1,\"name\":\"Portada\",\"item\":\"https:\/\/futbolhoy.co\/\"},{\"@type\":\"ListItem\",\"position\":2,\"name\":\"Un d\u00eda como hoy: Messi se visti\u00f3 de Maradona\"}]},{\"@type\":\"WebSite\",\"@id\":\"https:\/\/futbolhoy.co\/#website\",\"url\":\"https:\/\/futbolhoy.co\/\",\"name\":\"FutbolHoy\",\"description\":\"\",\"publisher\":{\"@id\":\"https:\/\/futbolhoy.co\/#organization\"},\"potentialAction\":[{\"@type\":\"SearchAction\",\"target\":{\"@type\":\"EntryPoint\",\"urlTemplate\":\"https:\/\/futbolhoy.co\/?s={search_term_string}\"},\"query-input\":{\"@type\":\"PropertyValueSpecification\",\"valueRequired\":true,\"valueName\":\"search_term_string\"}}],\"inLanguage\":\"es\"},{\"@type\":\"Organization\",\"@id\":\"https:\/\/futbolhoy.co\/#organization\",\"name\":\"Futbolhoy.co\",\"url\":\"https:\/\/futbolhoy.co\/\",\"logo\":{\"@type\":\"ImageObject\",\"inLanguage\":\"es\",\"@id\":\"https:\/\/futbolhoy.co\/#\/schema\/logo\/image\/\",\"url\":\"https:\/\/futbolhoy.co\/wp-content\/uploads\/2018\/08\/17426380_1906371736249227_6326180412931521141_n.jpg\",\"contentUrl\":\"https:\/\/futbolhoy.co\/wp-content\/uploads\/2018\/08\/17426380_1906371736249227_6326180412931521141_n.jpg\",\"width\":960,\"height\":960,\"caption\":\"Futbolhoy.co\"},\"image\":{\"@id\":\"https:\/\/futbolhoy.co\/#\/schema\/logo\/image\/\"},\"sameAs\":[\"https:\/\/www.facebook.com\/FutbolHoyCol\/\",\"https:\/\/x.com\/FutbolHoyCol\",\"https:\/\/www.instagram.com\/futbolhoycol\/\"]},{\"@type\":\"Person\",\"@id\":\"https:\/\/futbolhoy.co\/#\/schema\/person\/c4a353a512b127643723a34bb1812f7d\",\"name\":\"Laura Hern\u00e1ndez\",\"image\":{\"@type\":\"ImageObject\",\"inLanguage\":\"es\",\"@id\":\"https:\/\/futbolhoy.co\/#\/schema\/person\/image\/\",\"url\":\"https:\/\/secure.gravatar.com\/avatar\/d25959a15b9b293a743f99181c7cfd01?s=96&d=mm&r=g\",\"contentUrl\":\"https:\/\/secure.gravatar.com\/avatar\/d25959a15b9b293a743f99181c7cfd01?s=96&d=mm&r=g\",\"caption\":\"Laura Hern\u00e1ndez\"}}]}<\/script>\n<!-- \/ Yoast SEO plugin. -->","yoast_head_json":{"title":"Un d\u00eda como hoy: Messi se visti\u00f3 de Maradona -","robots":{"index":"index","follow":"follow","max-snippet":"max-snippet:-1","max-image-preview":"max-image-preview:large","max-video-preview":"max-video-preview:-1"},"canonical":"https:\/\/futbolhoy.co\/index.php\/2020\/04\/18\/un-dia-como-hoy-messi-se-vistio-de-maradona\/","og_locale":"es_ES","og_type":"article","og_title":"Un d\u00eda como hoy: Messi se visti\u00f3 de Maradona -","og_description":"El 18 de abril de 2007, hace 13 a\u00f1os, Lionel Messi marc\u00f3 uno de los goles m\u00e1s \u00e9picos de los m\u00e1s de 600 que ha marcado con el Barcelona. 'La pulga' emul\u00f3 a su compatriota Diego Maradona, anotando en un partido de la Copa del Rey frente al Getafe. Se cumpl\u00eda el minuto 28 de [&hellip;]","og_url":"https:\/\/futbolhoy.co\/index.php\/2020\/04\/18\/un-dia-como-hoy-messi-se-vistio-de-maradona\/","article_publisher":"https:\/\/www.facebook.com\/FutbolHoyCol\/","article_published_time":"2020-04-18T13:48:04+00:00","article_modified_time":"2020-04-18T17:01:48+00:00","og_image":[{"width":960,"height":540,"url":"https:\/\/futbolhoy.co\/wp-content\/uploads\/2020\/04\/messidiano.jpg","type":"image\/jpeg"}],"author":"Laura Hern\u00e1ndez","twitter_card":"summary_large_image","twitter_creator":"@FutbolHoyCol","twitter_site":"@FutbolHoyCol","twitter_misc":{"Escrito por":"Laura Hern\u00e1ndez","Tiempo de lectura":"1 minuto"},"schema":{"@context":"https:\/\/schema.org","@graph":[{"@type":"Article","@id":"https:\/\/futbolhoy.co\/index.php\/2020\/04\/18\/un-dia-como-hoy-messi-se-vistio-de-maradona\/#article","isPartOf":{"@id":"https:\/\/futbolhoy.co\/index.php\/2020\/04\/18\/un-dia-como-hoy-messi-se-vistio-de-maradona\/"},"author":{"name":"Laura Hern\u00e1ndez","@id":"https:\/\/futbolhoy.co\/#\/schema\/person\/c4a353a512b127643723a34bb1812f7d"},"headline":"Un d\u00eda como hoy: Messi se visti\u00f3 de Maradona","datePublished":"2020-04-18T13:48:04+00:00","dateModified":"2020-04-18T17:01:48+00:00","mainEntityOfPage":{"@id":"https:\/\/futbolhoy.co\/index.php\/2020\/04\/18\/un-dia-como-hoy-messi-se-vistio-de-maradona\/"},"wordCount":185,"commentCount":0,"publisher":{"@id":"https:\/\/futbolhoy.co\/#organization"},"image":{"@id":"https:\/\/futbolhoy.co\/index.php\/2020\/04\/18\/un-dia-como-hoy-messi-se-vistio-de-maradona\/#primaryimage"},"thumbnailUrl":"https:\/\/futbolhoy.co\/wp-content\/uploads\/2020\/04\/messidiano.jpg","keywords":["Barcelona","Lionel Messi"],"articleSection":["Destacados"],"inLanguage":"es","potentialAction":[{"@type":"CommentAction","name":"Comment","target":["https:\/\/futbolhoy.co\/index.php\/2020\/04\/18\/un-dia-como-hoy-messi-se-vistio-de-maradona\/#respond"]}]},{"@type":"WebPage","@id":"https:\/\/futbolhoy.co\/index.php\/2020\/04\/18\/un-dia-como-hoy-messi-se-vistio-de-maradona\/","url":"https:\/\/futbolhoy.co\/index.php\/2020\/04\/18\/un-dia-como-hoy-messi-se-vistio-de-maradona\/","name":"Un d\u00eda como hoy: Messi se visti\u00f3 de Maradona -","isPartOf":{"@id":"https:\/\/futbolhoy.co\/#website"},"primaryImageOfPage":{"@id":"https:\/\/futbolhoy.co\/index.php\/2020\/04\/18\/un-dia-como-hoy-messi-se-vistio-de-maradona\/#primaryimage"},"image":{"@id":"https:\/\/futbolhoy.co\/index.php\/2020\/04\/18\/un-dia-como-hoy-messi-se-vistio-de-maradona\/#primaryimage"},"thumbnailUrl":"https:\/\/futbolhoy.co\/wp-content\/uploads\/2020\/04\/messidiano.jpg","datePublished":"2020-04-18T13:48:04+00:00","dateModified":"2020-04-18T17:01:48+00:00","breadcrumb":{"@id":"https:\/\/futbolhoy.co\/index.php\/2020\/04\/18\/un-dia-como-hoy-messi-se-vistio-de-maradona\/#breadcrumb"},"inLanguage":"es","potentialAction":[{"@type":"ReadAction","target":["https:\/\/futbolhoy.co\/index.php\/2020\/04\/18\/un-dia-como-hoy-messi-se-vistio-de-maradona\/"]}]},{"@type":"ImageObject","inLanguage":"es","@id":"https:\/\/futbolhoy.co\/index.php\/2020\/04\/18\/un-dia-como-hoy-messi-se-vistio-de-maradona\/#primaryimage","url":"https:\/\/futbolhoy.co\/wp-content\/uploads\/2020\/04\/messidiano.jpg","contentUrl":"https:\/\/futbolhoy.co\/wp-content\/uploads\/2020\/04\/messidiano.jpg","width":960,"height":540},{"@type":"BreadcrumbList","@id":"https:\/\/futbolhoy.co\/index.php\/2020\/04\/18\/un-dia-como-hoy-messi-se-vistio-de-maradona\/#breadcrumb","itemListElement":[{"@type":"ListItem","position":1,"name":"Portada","item":"https:\/\/futbolhoy.co\/"},{"@type":"ListItem","position":2,"name":"Un d\u00eda como hoy: Messi se visti\u00f3 de Maradona"}]},{"@type":"WebSite","@id":"https:\/\/futbolhoy.co\/#website","url":"https:\/\/futbolhoy.co\/","name":"FutbolHoy","description":"","publisher":{"@id":"https:\/\/futbolhoy.co\/#organization"},"potentialAction":[{"@type":"SearchAction","target":{"@type":"EntryPoint","urlTemplate":"https:\/\/futbolhoy.co\/?s={search_term_string}"},"query-input":{"@type":"PropertyValueSpecification","valueRequired":true,"valueName":"search_term_string"}}],"inLanguage":"es"},{"@type":"Organization","@id":"https:\/\/futbolhoy.co\/#organization","name":"Futbolhoy.co","url":"https:\/\/futbolhoy.co\/","logo":{"@type":"ImageObject","inLanguage":"es","@id":"https:\/\/futbolhoy.co\/#\/schema\/logo\/image\/","url":"https:\/\/futbolhoy.co\/wp-content\/uploads\/2018\/08\/17426380_1906371736249227_6326180412931521141_n.jpg","contentUrl":"https:\/\/futbolhoy.co\/wp-content\/uploads\/2018\/08\/17426380_1906371736249227_6326180412931521141_n.jpg","width":960,"height":960,"caption":"Futbolhoy.co"},"image":{"@id":"https:\/\/futbolhoy.co\/#\/schema\/logo\/image\/"},"sameAs":["https:\/\/www.facebook.com\/FutbolHoyCol\/","https:\/\/x.com\/FutbolHoyCol","https:\/\/www.instagram.com\/futbolhoycol\/"]},{"@type":"Person","@id":"https:\/\/futbolhoy.co\/#\/schema\/person\/c4a353a512b127643723a34bb1812f7d","name":"Laura Hern\u00e1ndez","image":{"@type":"ImageObject","inLanguage":"es","@id":"https:\/\/futbolhoy.co\/#\/schema\/person\/image\/","url":"https:\/\/secure.gravatar.com\/avatar\/d25959a15b9b293a743f99181c7cfd01?s=96&d=mm&r=g","contentUrl":"https:\/\/secure.gravatar.com\/avatar\/d25959a15b9b293a743f99181c7cfd01?s=96&d=mm&r=g","caption":"Laura Hern\u00e1ndez"}}]}},"publishpress_future_action":{"enabled":false,"date":"2026-05-04 11:30:29","action":"change-status","newStatus":"draft","terms":[],"taxonomy":"category","extraData":[]},"publishpress_future_workflow_manual_trigger":{"enabledWorkflows":[]},"_links":{"self":[{"href":"https:\/\/futbolhoy.co\/index.php\/wp-json\/wp\/v2\/posts\/50219","targetHints":{"allow":["GET"]}}],"collection":[{"href":"https:\/\/futbolhoy.co\/index.php\/wp-json\/wp\/v2\/posts"}],"about":[{"href":"https:\/\/futbolhoy.co\/index.php\/wp-json\/wp\/v2\/types\/post"}],"author":[{"embeddable":true,"href":"https:\/\/futbolhoy.co\/index.php\/wp-json\/wp\/v2\/users\/5"}],"replies":[{"embeddable":true,"href":"https:\/\/futbolhoy.co\/index.php\/wp-json\/wp\/v2\/comments?post=50219"}],"version-history":[{"count":1,"href":"https:\/\/futbolhoy.co\/index.php\/wp-json\/wp\/v2\/posts\/50219\/revisions"}],"predecessor-version":[{"id":50221,"href":"https:\/\/futbolhoy.co\/index.php\/wp-json\/wp\/v2\/posts\/50219\/revisions\/50221"}],"wp:featuredmedia":[{"embeddable":true,"href":"https:\/\/futbolhoy.co\/index.php\/wp-json\/wp\/v2\/media\/50220"}],"wp:attachment":[{"href":"https:\/\/futbolhoy.co\/index.php\/wp-json\/wp\/v2\/media?parent=50219"}],"wp:term":[{"taxonomy":"category","embeddable":true,"href":"https:\/\/futbolhoy.co\/index.php\/wp-json\/wp\/v2\/categories?post=50219"},{"taxonomy":"post_tag","embeddable":true,"href":"https:\/\/futbolhoy.co\/index.php\/wp-json\/wp\/v2\/tags?post=50219"}],"curies":[{"name":"wp","href":"https:\/\/api.w.org\/{rel}","templated":true}]}}