{"id":50236,"date":"2020-04-18T16:35:08","date_gmt":"2020-04-18T21:35:08","guid":{"rendered":"https:\/\/futbolhoy.co\/?p=50236"},"modified":"2020-04-19T09:50:59","modified_gmt":"2020-04-19T14:50:59","slug":"tres-colombianos-en-equipo-goleador-de-extranjeros-en-brasil","status":"publish","type":"post","link":"https:\/\/futbolhoy.co\/index.php\/2020\/04\/18\/tres-colombianos-en-equipo-goleador-de-extranjeros-en-brasil\/","title":{"rendered":"Tres colombianos en equipo goleador de extranjeros en Brasil"},"content":{"rendered":"<p style=\"text-align: justify;\"><span style=\"font-family: helvetica, arial, sans-serif;\">El arquero\u00a0<b>Juli\u00e1n Vi\u00e1fara<\/b>, el volante\u00a0<b>Freddy Rinc\u00f3n<\/b>\u00a0y el delantero\u00a0<b>V\u00edctor Hugo Aristizabal<\/b>, fueron los colombianos incluidos en el equipo ideal de jugadores extranjeros con m\u00e1s goles en el f\u00fatbol brasile\u00f1o, seg\u00fan el diario Lance.<\/span><\/p>\n<p style=\"text-align: justify;\"><span style=\"font-family: helvetica, arial, sans-serif;\">Vi\u00e1fara alcanz\u00f3 a marcar tres anotaciones en su paso por el\u00a0<b>Vitoria<\/b>, Rinc\u00f3n lleg\u00f3 a 16 tantos entre\u00a0<b>Corinthians<\/b>,\u00a0<b>Palmeiras<\/b>\u00a0y\u00a0<b>Cruzeiro<\/b>; mientras que \u2018Aristi\u2019 fue el m\u00e1s efectivo con 47 goles entre Cruzeiro,\u00a0<b>Sao Paulo<\/b>,\u00a0<b>Santos<\/b>, Vitoria y\u00a0<b>Coritiba<\/b>.<\/span><\/p>\n<p style=\"text-align: justify;\"><span style=\"font-family: helvetica, arial, sans-serif;\"><b>El Once Ideal:<\/b><\/span><\/p>\n<p style=\"text-align: justify;\"><span style=\"font-family: helvetica, arial, sans-serif;\">Juali\u00e1n Vi\u00e1fara (COL\/3); Francisco Arce (PAR\/31), Diego Lugano (URU\/10), Dar\u00edo Pereyra (URU\/32), Juan Pablo Sor\u00edn (ARG\/6); Freddy Rinc\u00f3n (COL\/16), Dejan Petkovic (SRB\/83), Andr\u00e9s D\u2019Alesaandro ARG\/52); Paolo Guerrero (PER\/52), Hern\u00e1n Barcos (ARG\/38) y V\u00edctor Hugo Aristizabal (COL\/47).<\/span><\/p>\n","protected":false},"excerpt":{"rendered":"<p>El arquero\u00a0Juli\u00e1n Vi\u00e1fara, el volante\u00a0Freddy Rinc\u00f3n\u00a0y el delantero\u00a0V\u00edctor Hugo Aristizabal, fueron los colombianos incluidos en el equipo ideal de jugadores extranjeros con m\u00e1s goles en el f\u00fatbol brasile\u00f1o, seg\u00fan el diario Lance. Vi\u00e1fara alcanz\u00f3 a marcar tres anotaciones en su paso por el\u00a0Vitoria, Rinc\u00f3n lleg\u00f3 a 16 tantos entre\u00a0Corinthians,\u00a0Palmeiras\u00a0y\u00a0Cruzeiro; mientras que \u2018Aristi\u2019 fue el m\u00e1s [&hellip;]<\/p>\n","protected":false},"author":5,"featured_media":50237,"comment_status":"open","ping_status":"open","sticky":false,"template":"","format":"standard","meta":{"_acf_changed":false,"footnotes":""},"categories":[418],"tags":[],"class_list":{"0":"post-50236","1":"post","2":"type-post","3":"status-publish","4":"format-standard","5":"has-post-thumbnail","7":"category-colombia"},"acf":[],"yoast_head":"<!-- This site is optimized with the Yoast SEO plugin v26.8 - https:\/\/yoast.com\/product\/yoast-seo-wordpress\/ -->\n<title>Tres colombianos en equipo goleador de extranjeros en Brasil -<\/title>\n<meta name=\"robots\" content=\"index, follow, max-snippet:-1, max-image-preview:large, max-video-preview:-1\" \/>\n<link rel=\"canonical\" href=\"https:\/\/futbolhoy.co\/index.php\/2020\/04\/18\/tres-colombianos-en-equipo-goleador-de-extranjeros-en-brasil\/\" \/>\n<meta property=\"og:locale\" content=\"es_ES\" \/>\n<meta property=\"og:type\" content=\"article\" \/>\n<meta property=\"og:title\" content=\"Tres colombianos en equipo goleador de extranjeros en Brasil -\" \/>\n<meta property=\"og:description\" content=\"El arquero\u00a0Juli\u00e1n Vi\u00e1fara, el volante\u00a0Freddy Rinc\u00f3n\u00a0y el delantero\u00a0V\u00edctor Hugo Aristizabal, fueron los colombianos incluidos en el equipo ideal de jugadores extranjeros con m\u00e1s goles en el f\u00fatbol brasile\u00f1o, seg\u00fan el diario Lance. Vi\u00e1fara alcanz\u00f3 a marcar tres anotaciones en su paso por el\u00a0Vitoria, Rinc\u00f3n lleg\u00f3 a 16 tantos entre\u00a0Corinthians,\u00a0Palmeiras\u00a0y\u00a0Cruzeiro; mientras que \u2018Aristi\u2019 fue el m\u00e1s [&hellip;]\" \/>\n<meta property=\"og:url\" content=\"https:\/\/futbolhoy.co\/index.php\/2020\/04\/18\/tres-colombianos-en-equipo-goleador-de-extranjeros-en-brasil\/\" \/>\n<meta property=\"article:publisher\" content=\"https:\/\/www.facebook.com\/FutbolHoyCol\/\" \/>\n<meta property=\"article:published_time\" content=\"2020-04-18T21:35:08+00:00\" \/>\n<meta property=\"article:modified_time\" content=\"2020-04-19T14:50:59+00:00\" \/>\n<meta property=\"og:image\" content=\"https:\/\/futbolhoy.co\/wp-content\/uploads\/2020\/04\/IMG_20200418_193758.jpg\" \/>\n\t<meta property=\"og:image:width\" content=\"1080\" \/>\n\t<meta property=\"og:image:height\" content=\"704\" \/>\n\t<meta property=\"og:image:type\" content=\"image\/jpeg\" \/>\n<meta name=\"author\" content=\"Laura Hern\u00e1ndez\" \/>\n<meta name=\"twitter:card\" content=\"summary_large_image\" \/>\n<meta name=\"twitter:creator\" content=\"@FutbolHoyCol\" \/>\n<meta name=\"twitter:site\" content=\"@FutbolHoyCol\" \/>\n<meta name=\"twitter:label1\" content=\"Escrito por\" \/>\n\t<meta name=\"twitter:data1\" content=\"Laura Hern\u00e1ndez\" \/>\n\t<meta name=\"twitter:label2\" content=\"Tiempo de lectura\" \/>\n\t<meta name=\"twitter:data2\" content=\"1 minuto\" \/>\n<script type=\"application\/ld+json\" class=\"yoast-schema-graph\">{\"@context\":\"https:\/\/schema.org\",\"@graph\":[{\"@type\":\"Article\",\"@id\":\"https:\/\/futbolhoy.co\/index.php\/2020\/04\/18\/tres-colombianos-en-equipo-goleador-de-extranjeros-en-brasil\/#article\",\"isPartOf\":{\"@id\":\"https:\/\/futbolhoy.co\/index.php\/2020\/04\/18\/tres-colombianos-en-equipo-goleador-de-extranjeros-en-brasil\/\"},\"author\":{\"name\":\"Laura Hern\u00e1ndez\",\"@id\":\"https:\/\/futbolhoy.co\/#\/schema\/person\/c4a353a512b127643723a34bb1812f7d\"},\"headline\":\"Tres colombianos en equipo goleador de extranjeros en Brasil\",\"datePublished\":\"2020-04-18T21:35:08+00:00\",\"dateModified\":\"2020-04-19T14:50:59+00:00\",\"mainEntityOfPage\":{\"@id\":\"https:\/\/futbolhoy.co\/index.php\/2020\/04\/18\/tres-colombianos-en-equipo-goleador-de-extranjeros-en-brasil\/\"},\"wordCount\":142,\"commentCount\":0,\"publisher\":{\"@id\":\"https:\/\/futbolhoy.co\/#organization\"},\"image\":{\"@id\":\"https:\/\/futbolhoy.co\/index.php\/2020\/04\/18\/tres-colombianos-en-equipo-goleador-de-extranjeros-en-brasil\/#primaryimage\"},\"thumbnailUrl\":\"https:\/\/futbolhoy.co\/wp-content\/uploads\/2020\/04\/IMG_20200418_193758.jpg\",\"articleSection\":[\"Colombia\"],\"inLanguage\":\"es\",\"potentialAction\":[{\"@type\":\"CommentAction\",\"name\":\"Comment\",\"target\":[\"https:\/\/futbolhoy.co\/index.php\/2020\/04\/18\/tres-colombianos-en-equipo-goleador-de-extranjeros-en-brasil\/#respond\"]}]},{\"@type\":\"WebPage\",\"@id\":\"https:\/\/futbolhoy.co\/index.php\/2020\/04\/18\/tres-colombianos-en-equipo-goleador-de-extranjeros-en-brasil\/\",\"url\":\"https:\/\/futbolhoy.co\/index.php\/2020\/04\/18\/tres-colombianos-en-equipo-goleador-de-extranjeros-en-brasil\/\",\"name\":\"Tres colombianos en equipo goleador de extranjeros en Brasil -\",\"isPartOf\":{\"@id\":\"https:\/\/futbolhoy.co\/#website\"},\"primaryImageOfPage\":{\"@id\":\"https:\/\/futbolhoy.co\/index.php\/2020\/04\/18\/tres-colombianos-en-equipo-goleador-de-extranjeros-en-brasil\/#primaryimage\"},\"image\":{\"@id\":\"https:\/\/futbolhoy.co\/index.php\/2020\/04\/18\/tres-colombianos-en-equipo-goleador-de-extranjeros-en-brasil\/#primaryimage\"},\"thumbnailUrl\":\"https:\/\/futbolhoy.co\/wp-content\/uploads\/2020\/04\/IMG_20200418_193758.jpg\",\"datePublished\":\"2020-04-18T21:35:08+00:00\",\"dateModified\":\"2020-04-19T14:50:59+00:00\",\"breadcrumb\":{\"@id\":\"https:\/\/futbolhoy.co\/index.php\/2020\/04\/18\/tres-colombianos-en-equipo-goleador-de-extranjeros-en-brasil\/#breadcrumb\"},\"inLanguage\":\"es\",\"potentialAction\":[{\"@type\":\"ReadAction\",\"target\":[\"https:\/\/futbolhoy.co\/index.php\/2020\/04\/18\/tres-colombianos-en-equipo-goleador-de-extranjeros-en-brasil\/\"]}]},{\"@type\":\"ImageObject\",\"inLanguage\":\"es\",\"@id\":\"https:\/\/futbolhoy.co\/index.php\/2020\/04\/18\/tres-colombianos-en-equipo-goleador-de-extranjeros-en-brasil\/#primaryimage\",\"url\":\"https:\/\/futbolhoy.co\/wp-content\/uploads\/2020\/04\/IMG_20200418_193758.jpg\",\"contentUrl\":\"https:\/\/futbolhoy.co\/wp-content\/uploads\/2020\/04\/IMG_20200418_193758.jpg\",\"width\":1080,\"height\":704},{\"@type\":\"BreadcrumbList\",\"@id\":\"https:\/\/futbolhoy.co\/index.php\/2020\/04\/18\/tres-colombianos-en-equipo-goleador-de-extranjeros-en-brasil\/#breadcrumb\",\"itemListElement\":[{\"@type\":\"ListItem\",\"position\":1,\"name\":\"Portada\",\"item\":\"https:\/\/futbolhoy.co\/\"},{\"@type\":\"ListItem\",\"position\":2,\"name\":\"Tres colombianos en equipo goleador de extranjeros en Brasil\"}]},{\"@type\":\"WebSite\",\"@id\":\"https:\/\/futbolhoy.co\/#website\",\"url\":\"https:\/\/futbolhoy.co\/\",\"name\":\"FutbolHoy\",\"description\":\"\",\"publisher\":{\"@id\":\"https:\/\/futbolhoy.co\/#organization\"},\"potentialAction\":[{\"@type\":\"SearchAction\",\"target\":{\"@type\":\"EntryPoint\",\"urlTemplate\":\"https:\/\/futbolhoy.co\/?s={search_term_string}\"},\"query-input\":{\"@type\":\"PropertyValueSpecification\",\"valueRequired\":true,\"valueName\":\"search_term_string\"}}],\"inLanguage\":\"es\"},{\"@type\":\"Organization\",\"@id\":\"https:\/\/futbolhoy.co\/#organization\",\"name\":\"Futbolhoy.co\",\"url\":\"https:\/\/futbolhoy.co\/\",\"logo\":{\"@type\":\"ImageObject\",\"inLanguage\":\"es\",\"@id\":\"https:\/\/futbolhoy.co\/#\/schema\/logo\/image\/\",\"url\":\"https:\/\/futbolhoy.co\/wp-content\/uploads\/2018\/08\/17426380_1906371736249227_6326180412931521141_n.jpg\",\"contentUrl\":\"https:\/\/futbolhoy.co\/wp-content\/uploads\/2018\/08\/17426380_1906371736249227_6326180412931521141_n.jpg\",\"width\":960,\"height\":960,\"caption\":\"Futbolhoy.co\"},\"image\":{\"@id\":\"https:\/\/futbolhoy.co\/#\/schema\/logo\/image\/\"},\"sameAs\":[\"https:\/\/www.facebook.com\/FutbolHoyCol\/\",\"https:\/\/x.com\/FutbolHoyCol\",\"https:\/\/www.instagram.com\/futbolhoycol\/\"]},{\"@type\":\"Person\",\"@id\":\"https:\/\/futbolhoy.co\/#\/schema\/person\/c4a353a512b127643723a34bb1812f7d\",\"name\":\"Laura Hern\u00e1ndez\",\"image\":{\"@type\":\"ImageObject\",\"inLanguage\":\"es\",\"@id\":\"https:\/\/futbolhoy.co\/#\/schema\/person\/image\/\",\"url\":\"https:\/\/secure.gravatar.com\/avatar\/d25959a15b9b293a743f99181c7cfd01?s=96&d=mm&r=g\",\"contentUrl\":\"https:\/\/secure.gravatar.com\/avatar\/d25959a15b9b293a743f99181c7cfd01?s=96&d=mm&r=g\",\"caption\":\"Laura Hern\u00e1ndez\"}}]}<\/script>\n<!-- \/ Yoast SEO plugin. -->","yoast_head_json":{"title":"Tres colombianos en equipo goleador de extranjeros en Brasil -","robots":{"index":"index","follow":"follow","max-snippet":"max-snippet:-1","max-image-preview":"max-image-preview:large","max-video-preview":"max-video-preview:-1"},"canonical":"https:\/\/futbolhoy.co\/index.php\/2020\/04\/18\/tres-colombianos-en-equipo-goleador-de-extranjeros-en-brasil\/","og_locale":"es_ES","og_type":"article","og_title":"Tres colombianos en equipo goleador de extranjeros en Brasil -","og_description":"El arquero\u00a0Juli\u00e1n Vi\u00e1fara, el volante\u00a0Freddy Rinc\u00f3n\u00a0y el delantero\u00a0V\u00edctor Hugo Aristizabal, fueron los colombianos incluidos en el equipo ideal de jugadores extranjeros con m\u00e1s goles en el f\u00fatbol brasile\u00f1o, seg\u00fan el diario Lance. Vi\u00e1fara alcanz\u00f3 a marcar tres anotaciones en su paso por el\u00a0Vitoria, Rinc\u00f3n lleg\u00f3 a 16 tantos entre\u00a0Corinthians,\u00a0Palmeiras\u00a0y\u00a0Cruzeiro; mientras que \u2018Aristi\u2019 fue el m\u00e1s [&hellip;]","og_url":"https:\/\/futbolhoy.co\/index.php\/2020\/04\/18\/tres-colombianos-en-equipo-goleador-de-extranjeros-en-brasil\/","article_publisher":"https:\/\/www.facebook.com\/FutbolHoyCol\/","article_published_time":"2020-04-18T21:35:08+00:00","article_modified_time":"2020-04-19T14:50:59+00:00","og_image":[{"width":1080,"height":704,"url":"https:\/\/futbolhoy.co\/wp-content\/uploads\/2020\/04\/IMG_20200418_193758.jpg","type":"image\/jpeg"}],"author":"Laura Hern\u00e1ndez","twitter_card":"summary_large_image","twitter_creator":"@FutbolHoyCol","twitter_site":"@FutbolHoyCol","twitter_misc":{"Escrito por":"Laura Hern\u00e1ndez","Tiempo de lectura":"1 minuto"},"schema":{"@context":"https:\/\/schema.org","@graph":[{"@type":"Article","@id":"https:\/\/futbolhoy.co\/index.php\/2020\/04\/18\/tres-colombianos-en-equipo-goleador-de-extranjeros-en-brasil\/#article","isPartOf":{"@id":"https:\/\/futbolhoy.co\/index.php\/2020\/04\/18\/tres-colombianos-en-equipo-goleador-de-extranjeros-en-brasil\/"},"author":{"name":"Laura Hern\u00e1ndez","@id":"https:\/\/futbolhoy.co\/#\/schema\/person\/c4a353a512b127643723a34bb1812f7d"},"headline":"Tres colombianos en equipo goleador de extranjeros en Brasil","datePublished":"2020-04-18T21:35:08+00:00","dateModified":"2020-04-19T14:50:59+00:00","mainEntityOfPage":{"@id":"https:\/\/futbolhoy.co\/index.php\/2020\/04\/18\/tres-colombianos-en-equipo-goleador-de-extranjeros-en-brasil\/"},"wordCount":142,"commentCount":0,"publisher":{"@id":"https:\/\/futbolhoy.co\/#organization"},"image":{"@id":"https:\/\/futbolhoy.co\/index.php\/2020\/04\/18\/tres-colombianos-en-equipo-goleador-de-extranjeros-en-brasil\/#primaryimage"},"thumbnailUrl":"https:\/\/futbolhoy.co\/wp-content\/uploads\/2020\/04\/IMG_20200418_193758.jpg","articleSection":["Colombia"],"inLanguage":"es","potentialAction":[{"@type":"CommentAction","name":"Comment","target":["https:\/\/futbolhoy.co\/index.php\/2020\/04\/18\/tres-colombianos-en-equipo-goleador-de-extranjeros-en-brasil\/#respond"]}]},{"@type":"WebPage","@id":"https:\/\/futbolhoy.co\/index.php\/2020\/04\/18\/tres-colombianos-en-equipo-goleador-de-extranjeros-en-brasil\/","url":"https:\/\/futbolhoy.co\/index.php\/2020\/04\/18\/tres-colombianos-en-equipo-goleador-de-extranjeros-en-brasil\/","name":"Tres colombianos en equipo goleador de extranjeros en Brasil -","isPartOf":{"@id":"https:\/\/futbolhoy.co\/#website"},"primaryImageOfPage":{"@id":"https:\/\/futbolhoy.co\/index.php\/2020\/04\/18\/tres-colombianos-en-equipo-goleador-de-extranjeros-en-brasil\/#primaryimage"},"image":{"@id":"https:\/\/futbolhoy.co\/index.php\/2020\/04\/18\/tres-colombianos-en-equipo-goleador-de-extranjeros-en-brasil\/#primaryimage"},"thumbnailUrl":"https:\/\/futbolhoy.co\/wp-content\/uploads\/2020\/04\/IMG_20200418_193758.jpg","datePublished":"2020-04-18T21:35:08+00:00","dateModified":"2020-04-19T14:50:59+00:00","breadcrumb":{"@id":"https:\/\/futbolhoy.co\/index.php\/2020\/04\/18\/tres-colombianos-en-equipo-goleador-de-extranjeros-en-brasil\/#breadcrumb"},"inLanguage":"es","potentialAction":[{"@type":"ReadAction","target":["https:\/\/futbolhoy.co\/index.php\/2020\/04\/18\/tres-colombianos-en-equipo-goleador-de-extranjeros-en-brasil\/"]}]},{"@type":"ImageObject","inLanguage":"es","@id":"https:\/\/futbolhoy.co\/index.php\/2020\/04\/18\/tres-colombianos-en-equipo-goleador-de-extranjeros-en-brasil\/#primaryimage","url":"https:\/\/futbolhoy.co\/wp-content\/uploads\/2020\/04\/IMG_20200418_193758.jpg","contentUrl":"https:\/\/futbolhoy.co\/wp-content\/uploads\/2020\/04\/IMG_20200418_193758.jpg","width":1080,"height":704},{"@type":"BreadcrumbList","@id":"https:\/\/futbolhoy.co\/index.php\/2020\/04\/18\/tres-colombianos-en-equipo-goleador-de-extranjeros-en-brasil\/#breadcrumb","itemListElement":[{"@type":"ListItem","position":1,"name":"Portada","item":"https:\/\/futbolhoy.co\/"},{"@type":"ListItem","position":2,"name":"Tres colombianos en equipo goleador de extranjeros en Brasil"}]},{"@type":"WebSite","@id":"https:\/\/futbolhoy.co\/#website","url":"https:\/\/futbolhoy.co\/","name":"FutbolHoy","description":"","publisher":{"@id":"https:\/\/futbolhoy.co\/#organization"},"potentialAction":[{"@type":"SearchAction","target":{"@type":"EntryPoint","urlTemplate":"https:\/\/futbolhoy.co\/?s={search_term_string}"},"query-input":{"@type":"PropertyValueSpecification","valueRequired":true,"valueName":"search_term_string"}}],"inLanguage":"es"},{"@type":"Organization","@id":"https:\/\/futbolhoy.co\/#organization","name":"Futbolhoy.co","url":"https:\/\/futbolhoy.co\/","logo":{"@type":"ImageObject","inLanguage":"es","@id":"https:\/\/futbolhoy.co\/#\/schema\/logo\/image\/","url":"https:\/\/futbolhoy.co\/wp-content\/uploads\/2018\/08\/17426380_1906371736249227_6326180412931521141_n.jpg","contentUrl":"https:\/\/futbolhoy.co\/wp-content\/uploads\/2018\/08\/17426380_1906371736249227_6326180412931521141_n.jpg","width":960,"height":960,"caption":"Futbolhoy.co"},"image":{"@id":"https:\/\/futbolhoy.co\/#\/schema\/logo\/image\/"},"sameAs":["https:\/\/www.facebook.com\/FutbolHoyCol\/","https:\/\/x.com\/FutbolHoyCol","https:\/\/www.instagram.com\/futbolhoycol\/"]},{"@type":"Person","@id":"https:\/\/futbolhoy.co\/#\/schema\/person\/c4a353a512b127643723a34bb1812f7d","name":"Laura Hern\u00e1ndez","image":{"@type":"ImageObject","inLanguage":"es","@id":"https:\/\/futbolhoy.co\/#\/schema\/person\/image\/","url":"https:\/\/secure.gravatar.com\/avatar\/d25959a15b9b293a743f99181c7cfd01?s=96&d=mm&r=g","contentUrl":"https:\/\/secure.gravatar.com\/avatar\/d25959a15b9b293a743f99181c7cfd01?s=96&d=mm&r=g","caption":"Laura Hern\u00e1ndez"}}]}},"publishpress_future_action":{"enabled":false,"date":"2026-05-04 13:02:58","action":"change-status","newStatus":"draft","terms":[],"taxonomy":"category","extraData":[]},"publishpress_future_workflow_manual_trigger":{"enabledWorkflows":[]},"_links":{"self":[{"href":"https:\/\/futbolhoy.co\/index.php\/wp-json\/wp\/v2\/posts\/50236","targetHints":{"allow":["GET"]}}],"collection":[{"href":"https:\/\/futbolhoy.co\/index.php\/wp-json\/wp\/v2\/posts"}],"about":[{"href":"https:\/\/futbolhoy.co\/index.php\/wp-json\/wp\/v2\/types\/post"}],"author":[{"embeddable":true,"href":"https:\/\/futbolhoy.co\/index.php\/wp-json\/wp\/v2\/users\/5"}],"replies":[{"embeddable":true,"href":"https:\/\/futbolhoy.co\/index.php\/wp-json\/wp\/v2\/comments?post=50236"}],"version-history":[{"count":2,"href":"https:\/\/futbolhoy.co\/index.php\/wp-json\/wp\/v2\/posts\/50236\/revisions"}],"predecessor-version":[{"id":50245,"href":"https:\/\/futbolhoy.co\/index.php\/wp-json\/wp\/v2\/posts\/50236\/revisions\/50245"}],"wp:featuredmedia":[{"embeddable":true,"href":"https:\/\/futbolhoy.co\/index.php\/wp-json\/wp\/v2\/media\/50237"}],"wp:attachment":[{"href":"https:\/\/futbolhoy.co\/index.php\/wp-json\/wp\/v2\/media?parent=50236"}],"wp:term":[{"taxonomy":"category","embeddable":true,"href":"https:\/\/futbolhoy.co\/index.php\/wp-json\/wp\/v2\/categories?post=50236"},{"taxonomy":"post_tag","embeddable":true,"href":"https:\/\/futbolhoy.co\/index.php\/wp-json\/wp\/v2\/tags?post=50236"}],"curies":[{"name":"wp","href":"https:\/\/api.w.org\/{rel}","templated":true}]}}