{"id":50247,"date":"2020-04-19T09:10:47","date_gmt":"2020-04-19T14:10:47","guid":{"rendered":"https:\/\/futbolhoy.co\/?p=50247"},"modified":"2020-04-20T10:09:08","modified_gmt":"2020-04-20T15:09:08","slug":"me-identifique-con-falcao-hugo-sanchez","status":"publish","type":"post","link":"https:\/\/futbolhoy.co\/index.php\/2020\/04\/19\/me-identifique-con-falcao-hugo-sanchez\/","title":{"rendered":"Me identifiqu\u00e9 con Falcao: Hugo S\u00e1nchez"},"content":{"rendered":"<!--[if lt IE 9]><script>document.createElement('audio');<\/script><![endif]-->\n<audio class=\"wp-audio-shortcode\" id=\"audio-50247-1\" preload=\"none\" style=\"width: 100%;\" controls=\"controls\"><source type=\"audio\/mpeg\" src=\"https:\/\/futbolhoy.co\/wp-content\/uploads\/2020\/04\/ACERO-HUGO-SANCHEZ-FALCAO.mp3?_=1\" \/><a href=\"https:\/\/futbolhoy.co\/wp-content\/uploads\/2020\/04\/ACERO-HUGO-SANCHEZ-FALCAO.mp3\">https:\/\/futbolhoy.co\/wp-content\/uploads\/2020\/04\/ACERO-HUGO-SANCHEZ-FALCAO.mp3<\/a><\/audio>\n<p>(Hugo S\u00e1nchez en di\u00e1logo con 'El Chiringuito')<\/p>\n<p style=\"text-align: justify;\"><span style=\"font-family: helvetica, arial, sans-serif;\">El delantero mexicano <strong>Hugo S\u00e1nchez<\/strong>, una de las leyendas del <strong>Real<\/strong>\u00a0<strong>Madrid,<\/strong><\/span><span style=\"font-family: helvetica, arial, sans-serif;\">\u00a0donde estuvo siete temporadas, dijo que el samario <strong>Falcao Garc\u00eda<\/strong> ten\u00eda cierta similitud a su juego y lo elogi\u00f3 por lo hecho durante su paso por el <strong>Atl\u00e9tico.<\/strong><\/span><\/p>\n<p style=\"text-align: justify;\"><span style=\"font-family: helvetica, arial, sans-serif;\">\"Me identifiqu\u00e9 con el colombiano Falcao Garc\u00eda cuando estaba en el Atl\u00e9tico de Madrid. Met\u00eda goles de cualquier forma. Remataba de pierna izquierda, derecha, de cabeza, de chilena. Lamentablemente se lesion\u00f3 y despu\u00e9s ya no fue el mismo\", dijo S\u00e1nchez al programa '<em>El Chiringuito<\/em>', de <strong>Espa\u00f1a.<\/strong><\/span><\/p>\n<p style=\"text-align: justify;\"><span style=\"font-family: helvetica, arial, sans-serif;\">S\u00e1nchez, que tambi\u00e9n jug\u00f3 en el Atl\u00e9tico de Madrid durante cuatro temporadas, es comentarista en la televisi\u00f3n de su pa\u00eds.<\/span><\/p>\n<p style=\"text-align: justify;\"><span style=\"font-family: helvetica, arial, sans-serif;\">Falcao anot\u00f3 70 goles en dos temporadas con el Atl\u00e9tico, donde gan\u00f3 una <strong>Copa del Rey, una Liga de Europa y una Supercopa de Europa.<\/strong><\/span><\/p>\n","protected":false},"excerpt":{"rendered":"<p>(Hugo S\u00e1nchez en di\u00e1logo con 'El Chiringuito') El delantero mexicano Hugo S\u00e1nchez, una de las leyendas del Real\u00a0Madrid,\u00a0donde estuvo siete temporadas, dijo que el samario Falcao Garc\u00eda ten\u00eda cierta similitud a su juego y lo elogi\u00f3 por lo hecho durante su paso por el Atl\u00e9tico. \"Me identifiqu\u00e9 con el colombiano Falcao Garc\u00eda cuando estaba en [&hellip;]<\/p>\n","protected":false},"author":5,"featured_media":48774,"comment_status":"open","ping_status":"open","sticky":false,"template":"","format":"video","meta":{"_acf_changed":false,"footnotes":""},"categories":[418],"tags":[616,326],"class_list":{"0":"post-50247","1":"post","2":"type-post","3":"status-publish","4":"format-video","5":"has-post-thumbnail","7":"category-colombia","8":"tag-falcao","9":"tag-hugo-sanchez","10":"post_format-post-format-video"},"acf":[],"yoast_head":"<!-- This site is optimized with the Yoast SEO plugin v26.8 - https:\/\/yoast.com\/product\/yoast-seo-wordpress\/ -->\n<title>Me identifiqu\u00e9 con Falcao: Hugo S\u00e1nchez -<\/title>\n<meta name=\"robots\" content=\"index, follow, max-snippet:-1, max-image-preview:large, max-video-preview:-1\" \/>\n<link rel=\"canonical\" href=\"https:\/\/futbolhoy.co\/index.php\/2020\/04\/19\/me-identifique-con-falcao-hugo-sanchez\/\" \/>\n<meta property=\"og:locale\" content=\"es_ES\" \/>\n<meta property=\"og:type\" content=\"article\" \/>\n<meta property=\"og:title\" content=\"Me identifiqu\u00e9 con Falcao: Hugo S\u00e1nchez -\" \/>\n<meta property=\"og:description\" content=\"(Hugo S\u00e1nchez en di\u00e1logo con &#039;El Chiringuito&#039;) El delantero mexicano Hugo S\u00e1nchez, una de las leyendas del Real\u00a0Madrid,\u00a0donde estuvo siete temporadas, dijo que el samario Falcao Garc\u00eda ten\u00eda cierta similitud a su juego y lo elogi\u00f3 por lo hecho durante su paso por el Atl\u00e9tico. &quot;Me identifiqu\u00e9 con el colombiano Falcao Garc\u00eda cuando estaba en [&hellip;]\" \/>\n<meta property=\"og:url\" content=\"https:\/\/futbolhoy.co\/index.php\/2020\/04\/19\/me-identifique-con-falcao-hugo-sanchez\/\" \/>\n<meta property=\"article:publisher\" content=\"https:\/\/www.facebook.com\/FutbolHoyCol\/\" \/>\n<meta property=\"article:published_time\" content=\"2020-04-19T14:10:47+00:00\" \/>\n<meta property=\"article:modified_time\" content=\"2020-04-20T15:09:08+00:00\" \/>\n<meta property=\"og:image\" content=\"https:\/\/futbolhoy.co\/wp-content\/uploads\/2020\/03\/Falcao-Sivass.jpg\" \/>\n\t<meta property=\"og:image:width\" content=\"1600\" \/>\n\t<meta property=\"og:image:height\" content=\"1467\" \/>\n\t<meta property=\"og:image:type\" content=\"image\/jpeg\" \/>\n<meta name=\"author\" content=\"Laura Hern\u00e1ndez\" \/>\n<meta name=\"twitter:card\" content=\"summary_large_image\" \/>\n<meta name=\"twitter:creator\" content=\"@FutbolHoyCol\" \/>\n<meta name=\"twitter:site\" content=\"@FutbolHoyCol\" \/>\n<meta name=\"twitter:label1\" content=\"Escrito por\" \/>\n\t<meta name=\"twitter:data1\" content=\"Laura Hern\u00e1ndez\" \/>\n\t<meta name=\"twitter:label2\" content=\"Tiempo de lectura\" \/>\n\t<meta name=\"twitter:data2\" content=\"1 minuto\" \/>\n<script type=\"application\/ld+json\" class=\"yoast-schema-graph\">{\"@context\":\"https:\/\/schema.org\",\"@graph\":[{\"@type\":\"Article\",\"@id\":\"https:\/\/futbolhoy.co\/index.php\/2020\/04\/19\/me-identifique-con-falcao-hugo-sanchez\/#article\",\"isPartOf\":{\"@id\":\"https:\/\/futbolhoy.co\/index.php\/2020\/04\/19\/me-identifique-con-falcao-hugo-sanchez\/\"},\"author\":{\"name\":\"Laura Hern\u00e1ndez\",\"@id\":\"https:\/\/futbolhoy.co\/#\/schema\/person\/c4a353a512b127643723a34bb1812f7d\"},\"headline\":\"Me identifiqu\u00e9 con Falcao: Hugo S\u00e1nchez\",\"datePublished\":\"2020-04-19T14:10:47+00:00\",\"dateModified\":\"2020-04-20T15:09:08+00:00\",\"mainEntityOfPage\":{\"@id\":\"https:\/\/futbolhoy.co\/index.php\/2020\/04\/19\/me-identifique-con-falcao-hugo-sanchez\/\"},\"wordCount\":172,\"commentCount\":0,\"publisher\":{\"@id\":\"https:\/\/futbolhoy.co\/#organization\"},\"image\":{\"@id\":\"https:\/\/futbolhoy.co\/index.php\/2020\/04\/19\/me-identifique-con-falcao-hugo-sanchez\/#primaryimage\"},\"thumbnailUrl\":\"https:\/\/futbolhoy.co\/wp-content\/uploads\/2020\/03\/Falcao-Sivass.jpg\",\"keywords\":[\"Falcao\",\"Hugo S\u00e1nchez\"],\"articleSection\":[\"Colombia\"],\"inLanguage\":\"es\",\"potentialAction\":[{\"@type\":\"CommentAction\",\"name\":\"Comment\",\"target\":[\"https:\/\/futbolhoy.co\/index.php\/2020\/04\/19\/me-identifique-con-falcao-hugo-sanchez\/#respond\"]}]},{\"@type\":\"WebPage\",\"@id\":\"https:\/\/futbolhoy.co\/index.php\/2020\/04\/19\/me-identifique-con-falcao-hugo-sanchez\/\",\"url\":\"https:\/\/futbolhoy.co\/index.php\/2020\/04\/19\/me-identifique-con-falcao-hugo-sanchez\/\",\"name\":\"Me identifiqu\u00e9 con Falcao: Hugo S\u00e1nchez -\",\"isPartOf\":{\"@id\":\"https:\/\/futbolhoy.co\/#website\"},\"primaryImageOfPage\":{\"@id\":\"https:\/\/futbolhoy.co\/index.php\/2020\/04\/19\/me-identifique-con-falcao-hugo-sanchez\/#primaryimage\"},\"image\":{\"@id\":\"https:\/\/futbolhoy.co\/index.php\/2020\/04\/19\/me-identifique-con-falcao-hugo-sanchez\/#primaryimage\"},\"thumbnailUrl\":\"https:\/\/futbolhoy.co\/wp-content\/uploads\/2020\/03\/Falcao-Sivass.jpg\",\"datePublished\":\"2020-04-19T14:10:47+00:00\",\"dateModified\":\"2020-04-20T15:09:08+00:00\",\"breadcrumb\":{\"@id\":\"https:\/\/futbolhoy.co\/index.php\/2020\/04\/19\/me-identifique-con-falcao-hugo-sanchez\/#breadcrumb\"},\"inLanguage\":\"es\",\"potentialAction\":[{\"@type\":\"ReadAction\",\"target\":[\"https:\/\/futbolhoy.co\/index.php\/2020\/04\/19\/me-identifique-con-falcao-hugo-sanchez\/\"]}]},{\"@type\":\"ImageObject\",\"inLanguage\":\"es\",\"@id\":\"https:\/\/futbolhoy.co\/index.php\/2020\/04\/19\/me-identifique-con-falcao-hugo-sanchez\/#primaryimage\",\"url\":\"https:\/\/futbolhoy.co\/wp-content\/uploads\/2020\/03\/Falcao-Sivass.jpg\",\"contentUrl\":\"https:\/\/futbolhoy.co\/wp-content\/uploads\/2020\/03\/Falcao-Sivass.jpg\",\"width\":1600,\"height\":1467},{\"@type\":\"BreadcrumbList\",\"@id\":\"https:\/\/futbolhoy.co\/index.php\/2020\/04\/19\/me-identifique-con-falcao-hugo-sanchez\/#breadcrumb\",\"itemListElement\":[{\"@type\":\"ListItem\",\"position\":1,\"name\":\"Portada\",\"item\":\"https:\/\/futbolhoy.co\/\"},{\"@type\":\"ListItem\",\"position\":2,\"name\":\"Me identifiqu\u00e9 con Falcao: Hugo S\u00e1nchez\"}]},{\"@type\":\"WebSite\",\"@id\":\"https:\/\/futbolhoy.co\/#website\",\"url\":\"https:\/\/futbolhoy.co\/\",\"name\":\"FutbolHoy\",\"description\":\"\",\"publisher\":{\"@id\":\"https:\/\/futbolhoy.co\/#organization\"},\"potentialAction\":[{\"@type\":\"SearchAction\",\"target\":{\"@type\":\"EntryPoint\",\"urlTemplate\":\"https:\/\/futbolhoy.co\/?s={search_term_string}\"},\"query-input\":{\"@type\":\"PropertyValueSpecification\",\"valueRequired\":true,\"valueName\":\"search_term_string\"}}],\"inLanguage\":\"es\"},{\"@type\":\"Organization\",\"@id\":\"https:\/\/futbolhoy.co\/#organization\",\"name\":\"Futbolhoy.co\",\"url\":\"https:\/\/futbolhoy.co\/\",\"logo\":{\"@type\":\"ImageObject\",\"inLanguage\":\"es\",\"@id\":\"https:\/\/futbolhoy.co\/#\/schema\/logo\/image\/\",\"url\":\"https:\/\/futbolhoy.co\/wp-content\/uploads\/2018\/08\/17426380_1906371736249227_6326180412931521141_n.jpg\",\"contentUrl\":\"https:\/\/futbolhoy.co\/wp-content\/uploads\/2018\/08\/17426380_1906371736249227_6326180412931521141_n.jpg\",\"width\":960,\"height\":960,\"caption\":\"Futbolhoy.co\"},\"image\":{\"@id\":\"https:\/\/futbolhoy.co\/#\/schema\/logo\/image\/\"},\"sameAs\":[\"https:\/\/www.facebook.com\/FutbolHoyCol\/\",\"https:\/\/x.com\/FutbolHoyCol\",\"https:\/\/www.instagram.com\/futbolhoycol\/\"]},{\"@type\":\"Person\",\"@id\":\"https:\/\/futbolhoy.co\/#\/schema\/person\/c4a353a512b127643723a34bb1812f7d\",\"name\":\"Laura Hern\u00e1ndez\",\"image\":{\"@type\":\"ImageObject\",\"inLanguage\":\"es\",\"@id\":\"https:\/\/futbolhoy.co\/#\/schema\/person\/image\/\",\"url\":\"https:\/\/secure.gravatar.com\/avatar\/d25959a15b9b293a743f99181c7cfd01?s=96&d=mm&r=g\",\"contentUrl\":\"https:\/\/secure.gravatar.com\/avatar\/d25959a15b9b293a743f99181c7cfd01?s=96&d=mm&r=g\",\"caption\":\"Laura Hern\u00e1ndez\"}}]}<\/script>\n<!-- \/ Yoast SEO plugin. -->","yoast_head_json":{"title":"Me identifiqu\u00e9 con Falcao: Hugo S\u00e1nchez -","robots":{"index":"index","follow":"follow","max-snippet":"max-snippet:-1","max-image-preview":"max-image-preview:large","max-video-preview":"max-video-preview:-1"},"canonical":"https:\/\/futbolhoy.co\/index.php\/2020\/04\/19\/me-identifique-con-falcao-hugo-sanchez\/","og_locale":"es_ES","og_type":"article","og_title":"Me identifiqu\u00e9 con Falcao: Hugo S\u00e1nchez -","og_description":"(Hugo S\u00e1nchez en di\u00e1logo con 'El Chiringuito') El delantero mexicano Hugo S\u00e1nchez, una de las leyendas del Real\u00a0Madrid,\u00a0donde estuvo siete temporadas, dijo que el samario Falcao Garc\u00eda ten\u00eda cierta similitud a su juego y lo elogi\u00f3 por lo hecho durante su paso por el Atl\u00e9tico. \"Me identifiqu\u00e9 con el colombiano Falcao Garc\u00eda cuando estaba en [&hellip;]","og_url":"https:\/\/futbolhoy.co\/index.php\/2020\/04\/19\/me-identifique-con-falcao-hugo-sanchez\/","article_publisher":"https:\/\/www.facebook.com\/FutbolHoyCol\/","article_published_time":"2020-04-19T14:10:47+00:00","article_modified_time":"2020-04-20T15:09:08+00:00","og_image":[{"width":1600,"height":1467,"url":"https:\/\/futbolhoy.co\/wp-content\/uploads\/2020\/03\/Falcao-Sivass.jpg","type":"image\/jpeg"}],"author":"Laura Hern\u00e1ndez","twitter_card":"summary_large_image","twitter_creator":"@FutbolHoyCol","twitter_site":"@FutbolHoyCol","twitter_misc":{"Escrito por":"Laura Hern\u00e1ndez","Tiempo de lectura":"1 minuto"},"schema":{"@context":"https:\/\/schema.org","@graph":[{"@type":"Article","@id":"https:\/\/futbolhoy.co\/index.php\/2020\/04\/19\/me-identifique-con-falcao-hugo-sanchez\/#article","isPartOf":{"@id":"https:\/\/futbolhoy.co\/index.php\/2020\/04\/19\/me-identifique-con-falcao-hugo-sanchez\/"},"author":{"name":"Laura Hern\u00e1ndez","@id":"https:\/\/futbolhoy.co\/#\/schema\/person\/c4a353a512b127643723a34bb1812f7d"},"headline":"Me identifiqu\u00e9 con Falcao: Hugo S\u00e1nchez","datePublished":"2020-04-19T14:10:47+00:00","dateModified":"2020-04-20T15:09:08+00:00","mainEntityOfPage":{"@id":"https:\/\/futbolhoy.co\/index.php\/2020\/04\/19\/me-identifique-con-falcao-hugo-sanchez\/"},"wordCount":172,"commentCount":0,"publisher":{"@id":"https:\/\/futbolhoy.co\/#organization"},"image":{"@id":"https:\/\/futbolhoy.co\/index.php\/2020\/04\/19\/me-identifique-con-falcao-hugo-sanchez\/#primaryimage"},"thumbnailUrl":"https:\/\/futbolhoy.co\/wp-content\/uploads\/2020\/03\/Falcao-Sivass.jpg","keywords":["Falcao","Hugo S\u00e1nchez"],"articleSection":["Colombia"],"inLanguage":"es","potentialAction":[{"@type":"CommentAction","name":"Comment","target":["https:\/\/futbolhoy.co\/index.php\/2020\/04\/19\/me-identifique-con-falcao-hugo-sanchez\/#respond"]}]},{"@type":"WebPage","@id":"https:\/\/futbolhoy.co\/index.php\/2020\/04\/19\/me-identifique-con-falcao-hugo-sanchez\/","url":"https:\/\/futbolhoy.co\/index.php\/2020\/04\/19\/me-identifique-con-falcao-hugo-sanchez\/","name":"Me identifiqu\u00e9 con Falcao: Hugo S\u00e1nchez -","isPartOf":{"@id":"https:\/\/futbolhoy.co\/#website"},"primaryImageOfPage":{"@id":"https:\/\/futbolhoy.co\/index.php\/2020\/04\/19\/me-identifique-con-falcao-hugo-sanchez\/#primaryimage"},"image":{"@id":"https:\/\/futbolhoy.co\/index.php\/2020\/04\/19\/me-identifique-con-falcao-hugo-sanchez\/#primaryimage"},"thumbnailUrl":"https:\/\/futbolhoy.co\/wp-content\/uploads\/2020\/03\/Falcao-Sivass.jpg","datePublished":"2020-04-19T14:10:47+00:00","dateModified":"2020-04-20T15:09:08+00:00","breadcrumb":{"@id":"https:\/\/futbolhoy.co\/index.php\/2020\/04\/19\/me-identifique-con-falcao-hugo-sanchez\/#breadcrumb"},"inLanguage":"es","potentialAction":[{"@type":"ReadAction","target":["https:\/\/futbolhoy.co\/index.php\/2020\/04\/19\/me-identifique-con-falcao-hugo-sanchez\/"]}]},{"@type":"ImageObject","inLanguage":"es","@id":"https:\/\/futbolhoy.co\/index.php\/2020\/04\/19\/me-identifique-con-falcao-hugo-sanchez\/#primaryimage","url":"https:\/\/futbolhoy.co\/wp-content\/uploads\/2020\/03\/Falcao-Sivass.jpg","contentUrl":"https:\/\/futbolhoy.co\/wp-content\/uploads\/2020\/03\/Falcao-Sivass.jpg","width":1600,"height":1467},{"@type":"BreadcrumbList","@id":"https:\/\/futbolhoy.co\/index.php\/2020\/04\/19\/me-identifique-con-falcao-hugo-sanchez\/#breadcrumb","itemListElement":[{"@type":"ListItem","position":1,"name":"Portada","item":"https:\/\/futbolhoy.co\/"},{"@type":"ListItem","position":2,"name":"Me identifiqu\u00e9 con Falcao: Hugo S\u00e1nchez"}]},{"@type":"WebSite","@id":"https:\/\/futbolhoy.co\/#website","url":"https:\/\/futbolhoy.co\/","name":"FutbolHoy","description":"","publisher":{"@id":"https:\/\/futbolhoy.co\/#organization"},"potentialAction":[{"@type":"SearchAction","target":{"@type":"EntryPoint","urlTemplate":"https:\/\/futbolhoy.co\/?s={search_term_string}"},"query-input":{"@type":"PropertyValueSpecification","valueRequired":true,"valueName":"search_term_string"}}],"inLanguage":"es"},{"@type":"Organization","@id":"https:\/\/futbolhoy.co\/#organization","name":"Futbolhoy.co","url":"https:\/\/futbolhoy.co\/","logo":{"@type":"ImageObject","inLanguage":"es","@id":"https:\/\/futbolhoy.co\/#\/schema\/logo\/image\/","url":"https:\/\/futbolhoy.co\/wp-content\/uploads\/2018\/08\/17426380_1906371736249227_6326180412931521141_n.jpg","contentUrl":"https:\/\/futbolhoy.co\/wp-content\/uploads\/2018\/08\/17426380_1906371736249227_6326180412931521141_n.jpg","width":960,"height":960,"caption":"Futbolhoy.co"},"image":{"@id":"https:\/\/futbolhoy.co\/#\/schema\/logo\/image\/"},"sameAs":["https:\/\/www.facebook.com\/FutbolHoyCol\/","https:\/\/x.com\/FutbolHoyCol","https:\/\/www.instagram.com\/futbolhoycol\/"]},{"@type":"Person","@id":"https:\/\/futbolhoy.co\/#\/schema\/person\/c4a353a512b127643723a34bb1812f7d","name":"Laura Hern\u00e1ndez","image":{"@type":"ImageObject","inLanguage":"es","@id":"https:\/\/futbolhoy.co\/#\/schema\/person\/image\/","url":"https:\/\/secure.gravatar.com\/avatar\/d25959a15b9b293a743f99181c7cfd01?s=96&d=mm&r=g","contentUrl":"https:\/\/secure.gravatar.com\/avatar\/d25959a15b9b293a743f99181c7cfd01?s=96&d=mm&r=g","caption":"Laura Hern\u00e1ndez"}}]}},"publishpress_future_action":{"enabled":false,"date":"2026-05-04 10:30:24","action":"change-status","newStatus":"draft","terms":[],"taxonomy":"category","extraData":[]},"publishpress_future_workflow_manual_trigger":{"enabledWorkflows":[]},"_links":{"self":[{"href":"https:\/\/futbolhoy.co\/index.php\/wp-json\/wp\/v2\/posts\/50247","targetHints":{"allow":["GET"]}}],"collection":[{"href":"https:\/\/futbolhoy.co\/index.php\/wp-json\/wp\/v2\/posts"}],"about":[{"href":"https:\/\/futbolhoy.co\/index.php\/wp-json\/wp\/v2\/types\/post"}],"author":[{"embeddable":true,"href":"https:\/\/futbolhoy.co\/index.php\/wp-json\/wp\/v2\/users\/5"}],"replies":[{"embeddable":true,"href":"https:\/\/futbolhoy.co\/index.php\/wp-json\/wp\/v2\/comments?post=50247"}],"version-history":[{"count":1,"href":"https:\/\/futbolhoy.co\/index.php\/wp-json\/wp\/v2\/posts\/50247\/revisions"}],"predecessor-version":[{"id":50249,"href":"https:\/\/futbolhoy.co\/index.php\/wp-json\/wp\/v2\/posts\/50247\/revisions\/50249"}],"wp:featuredmedia":[{"embeddable":true,"href":"https:\/\/futbolhoy.co\/index.php\/wp-json\/wp\/v2\/media\/48774"}],"wp:attachment":[{"href":"https:\/\/futbolhoy.co\/index.php\/wp-json\/wp\/v2\/media?parent=50247"}],"wp:term":[{"taxonomy":"category","embeddable":true,"href":"https:\/\/futbolhoy.co\/index.php\/wp-json\/wp\/v2\/categories?post=50247"},{"taxonomy":"post_tag","embeddable":true,"href":"https:\/\/futbolhoy.co\/index.php\/wp-json\/wp\/v2\/tags?post=50247"}],"curies":[{"name":"wp","href":"https:\/\/api.w.org\/{rel}","templated":true}]}}