{"id":50278,"date":"2020-04-20T09:30:23","date_gmt":"2020-04-20T14:30:23","guid":{"rendered":"https:\/\/futbolhoy.co\/?p=50278"},"modified":"2020-04-20T18:44:10","modified_gmt":"2020-04-20T23:44:10","slug":"no-sera-facil-regresar-iker-casillas","status":"publish","type":"post","link":"https:\/\/futbolhoy.co\/index.php\/2020\/04\/20\/no-sera-facil-regresar-iker-casillas\/","title":{"rendered":"No ser\u00e1 f\u00e1cil regresar: Iker Casillas"},"content":{"rendered":"<!--[if lt IE 9]><script>document.createElement('audio');<\/script><![endif]-->\n<audio class=\"wp-audio-shortcode\" id=\"audio-50278-1\" preload=\"none\" style=\"width: 100%;\" controls=\"controls\"><source type=\"audio\/mpeg\" src=\"https:\/\/futbolhoy.co\/wp-content\/uploads\/2020\/04\/ACERO-CASILLAS-ABR-20.mp3?_=1\" \/><a href=\"https:\/\/futbolhoy.co\/wp-content\/uploads\/2020\/04\/ACERO-CASILLAS-ABR-20.mp3\">https:\/\/futbolhoy.co\/wp-content\/uploads\/2020\/04\/ACERO-CASILLAS-ABR-20.mp3<\/a><\/audio>\n<p style=\"text-align: justify;\"><span style=\"font-family: helvetica, arial, sans-serif;\">El portero del <strong>Porto,<\/strong> <strong>Iker Casillas<\/strong>, dijo que regresar a la competencia no ser\u00e1 f\u00e1cil, luego del infarto que sufri\u00f3 el 1 de mayo de 2019, aunque su futuro deportivo lo conocer\u00e1 cuando acabe la pandemia del <strong>coronavirus.<\/strong><\/span><\/p>\n<p style=\"text-align: justify;\"><span style=\"font-family: helvetica, arial, sans-serif;\">\u201cCuando sucedi\u00f3 el infarto hace un a\u00f1o, estuve un mes pr\u00e1cticamente, no triste, sino con miedo a caminar, con miedo a dormir en la cama, con miedo a hacer ejercicio. Era imposible. Ahora por suerte me encuentro fuerte, me encuentro mejor que antes\u201d, dijo Casillas en entrevista con la web del club.<\/span><\/p>\n<p style=\"text-align: justify;\"><span style=\"font-family: helvetica, arial, sans-serif;\">\"Volver a jugar creo que va a ser dif\u00edcil. Hace un mes y medio estuve con el doctor en la ciudad deportiva del Porto, me vieron que estaba bien, me hicieron una prueba de esfuerzo y quedamos para repetirla en abril\", agreg\u00f3.<\/span><\/p>\n<p style=\"text-align: justify;\"><span style=\"font-family: helvetica, arial, sans-serif;\">Casillas, quien lleg\u00f3 al equipo portugu\u00e9s en julio del 2015, espera la recomendaci\u00f3n de los m\u00e9dicos para saber si seguir\u00e1 en competencia o se dedicar\u00e1 a la candidatura por la presidencia de la <strong>Real Federaci\u00f3n Espa\u00f1ola de F\u00fatbol.<\/strong><\/span><\/p>\n","protected":false},"excerpt":{"rendered":"<p>El portero del Porto, Iker Casillas, dijo que regresar a la competencia no ser\u00e1 f\u00e1cil, luego del infarto que sufri\u00f3 el 1 de mayo de 2019, aunque su futuro deportivo lo conocer\u00e1 cuando acabe la pandemia del coronavirus. \u201cCuando sucedi\u00f3 el infarto hace un a\u00f1o, estuve un mes pr\u00e1cticamente, no triste, sino con miedo a [&hellip;]<\/p>\n","protected":false},"author":5,"featured_media":5428,"comment_status":"open","ping_status":"open","sticky":false,"template":"","format":"video","meta":{"_acf_changed":false,"footnotes":""},"categories":[152],"tags":[178],"class_list":{"0":"post-50278","1":"post","2":"type-post","3":"status-publish","4":"format-video","5":"has-post-thumbnail","7":"category-mundo-futbol","8":"tag-iker-casillas","9":"post_format-post-format-video"},"acf":[],"yoast_head":"<!-- This site is optimized with the Yoast SEO plugin v26.8 - https:\/\/yoast.com\/product\/yoast-seo-wordpress\/ -->\n<title>No ser\u00e1 f\u00e1cil regresar: Iker Casillas -<\/title>\n<meta name=\"robots\" content=\"index, follow, max-snippet:-1, max-image-preview:large, max-video-preview:-1\" \/>\n<link rel=\"canonical\" href=\"https:\/\/futbolhoy.co\/index.php\/2020\/04\/20\/no-sera-facil-regresar-iker-casillas\/\" \/>\n<meta property=\"og:locale\" content=\"es_ES\" \/>\n<meta property=\"og:type\" content=\"article\" \/>\n<meta property=\"og:title\" content=\"No ser\u00e1 f\u00e1cil regresar: Iker Casillas -\" \/>\n<meta property=\"og:description\" content=\"El portero del Porto, Iker Casillas, dijo que regresar a la competencia no ser\u00e1 f\u00e1cil, luego del infarto que sufri\u00f3 el 1 de mayo de 2019, aunque su futuro deportivo lo conocer\u00e1 cuando acabe la pandemia del coronavirus. \u201cCuando sucedi\u00f3 el infarto hace un a\u00f1o, estuve un mes pr\u00e1cticamente, no triste, sino con miedo a [&hellip;]\" \/>\n<meta property=\"og:url\" content=\"https:\/\/futbolhoy.co\/index.php\/2020\/04\/20\/no-sera-facil-regresar-iker-casillas\/\" \/>\n<meta property=\"article:publisher\" content=\"https:\/\/www.facebook.com\/FutbolHoyCol\/\" \/>\n<meta property=\"article:published_time\" content=\"2020-04-20T14:30:23+00:00\" \/>\n<meta property=\"article:modified_time\" content=\"2020-04-20T23:44:10+00:00\" \/>\n<meta property=\"og:image\" content=\"https:\/\/futbolhoy.co\/wp-content\/uploads\/2017\/09\/IMG_20170914_071726.jpg\" \/>\n\t<meta property=\"og:image:width\" content=\"1499\" \/>\n\t<meta property=\"og:image:height\" content=\"1065\" \/>\n\t<meta property=\"og:image:type\" content=\"image\/jpeg\" \/>\n<meta name=\"author\" content=\"Laura Hern\u00e1ndez\" \/>\n<meta name=\"twitter:card\" content=\"summary_large_image\" \/>\n<meta name=\"twitter:creator\" content=\"@FutbolHoyCol\" \/>\n<meta name=\"twitter:site\" content=\"@FutbolHoyCol\" \/>\n<meta name=\"twitter:label1\" content=\"Escrito por\" \/>\n\t<meta name=\"twitter:data1\" content=\"Laura Hern\u00e1ndez\" \/>\n\t<meta name=\"twitter:label2\" content=\"Tiempo de lectura\" \/>\n\t<meta name=\"twitter:data2\" content=\"1 minuto\" \/>\n<script type=\"application\/ld+json\" class=\"yoast-schema-graph\">{\"@context\":\"https:\/\/schema.org\",\"@graph\":[{\"@type\":\"Article\",\"@id\":\"https:\/\/futbolhoy.co\/index.php\/2020\/04\/20\/no-sera-facil-regresar-iker-casillas\/#article\",\"isPartOf\":{\"@id\":\"https:\/\/futbolhoy.co\/index.php\/2020\/04\/20\/no-sera-facil-regresar-iker-casillas\/\"},\"author\":{\"name\":\"Laura Hern\u00e1ndez\",\"@id\":\"https:\/\/futbolhoy.co\/#\/schema\/person\/c4a353a512b127643723a34bb1812f7d\"},\"headline\":\"No ser\u00e1 f\u00e1cil regresar: Iker Casillas\",\"datePublished\":\"2020-04-20T14:30:23+00:00\",\"dateModified\":\"2020-04-20T23:44:10+00:00\",\"mainEntityOfPage\":{\"@id\":\"https:\/\/futbolhoy.co\/index.php\/2020\/04\/20\/no-sera-facil-regresar-iker-casillas\/\"},\"wordCount\":194,\"commentCount\":0,\"publisher\":{\"@id\":\"https:\/\/futbolhoy.co\/#organization\"},\"image\":{\"@id\":\"https:\/\/futbolhoy.co\/index.php\/2020\/04\/20\/no-sera-facil-regresar-iker-casillas\/#primaryimage\"},\"thumbnailUrl\":\"https:\/\/futbolhoy.co\/wp-content\/uploads\/2017\/09\/IMG_20170914_071726.jpg\",\"keywords\":[\"Iker Casillas\"],\"articleSection\":[\"Mundo Futbol\"],\"inLanguage\":\"es\",\"potentialAction\":[{\"@type\":\"CommentAction\",\"name\":\"Comment\",\"target\":[\"https:\/\/futbolhoy.co\/index.php\/2020\/04\/20\/no-sera-facil-regresar-iker-casillas\/#respond\"]}]},{\"@type\":\"WebPage\",\"@id\":\"https:\/\/futbolhoy.co\/index.php\/2020\/04\/20\/no-sera-facil-regresar-iker-casillas\/\",\"url\":\"https:\/\/futbolhoy.co\/index.php\/2020\/04\/20\/no-sera-facil-regresar-iker-casillas\/\",\"name\":\"No ser\u00e1 f\u00e1cil regresar: Iker Casillas -\",\"isPartOf\":{\"@id\":\"https:\/\/futbolhoy.co\/#website\"},\"primaryImageOfPage\":{\"@id\":\"https:\/\/futbolhoy.co\/index.php\/2020\/04\/20\/no-sera-facil-regresar-iker-casillas\/#primaryimage\"},\"image\":{\"@id\":\"https:\/\/futbolhoy.co\/index.php\/2020\/04\/20\/no-sera-facil-regresar-iker-casillas\/#primaryimage\"},\"thumbnailUrl\":\"https:\/\/futbolhoy.co\/wp-content\/uploads\/2017\/09\/IMG_20170914_071726.jpg\",\"datePublished\":\"2020-04-20T14:30:23+00:00\",\"dateModified\":\"2020-04-20T23:44:10+00:00\",\"breadcrumb\":{\"@id\":\"https:\/\/futbolhoy.co\/index.php\/2020\/04\/20\/no-sera-facil-regresar-iker-casillas\/#breadcrumb\"},\"inLanguage\":\"es\",\"potentialAction\":[{\"@type\":\"ReadAction\",\"target\":[\"https:\/\/futbolhoy.co\/index.php\/2020\/04\/20\/no-sera-facil-regresar-iker-casillas\/\"]}]},{\"@type\":\"ImageObject\",\"inLanguage\":\"es\",\"@id\":\"https:\/\/futbolhoy.co\/index.php\/2020\/04\/20\/no-sera-facil-regresar-iker-casillas\/#primaryimage\",\"url\":\"https:\/\/futbolhoy.co\/wp-content\/uploads\/2017\/09\/IMG_20170914_071726.jpg\",\"contentUrl\":\"https:\/\/futbolhoy.co\/wp-content\/uploads\/2017\/09\/IMG_20170914_071726.jpg\",\"width\":1499,\"height\":1065,\"caption\":\"Twitter @IkerCasillas\"},{\"@type\":\"BreadcrumbList\",\"@id\":\"https:\/\/futbolhoy.co\/index.php\/2020\/04\/20\/no-sera-facil-regresar-iker-casillas\/#breadcrumb\",\"itemListElement\":[{\"@type\":\"ListItem\",\"position\":1,\"name\":\"Portada\",\"item\":\"https:\/\/futbolhoy.co\/\"},{\"@type\":\"ListItem\",\"position\":2,\"name\":\"No ser\u00e1 f\u00e1cil regresar: Iker Casillas\"}]},{\"@type\":\"WebSite\",\"@id\":\"https:\/\/futbolhoy.co\/#website\",\"url\":\"https:\/\/futbolhoy.co\/\",\"name\":\"FutbolHoy\",\"description\":\"\",\"publisher\":{\"@id\":\"https:\/\/futbolhoy.co\/#organization\"},\"potentialAction\":[{\"@type\":\"SearchAction\",\"target\":{\"@type\":\"EntryPoint\",\"urlTemplate\":\"https:\/\/futbolhoy.co\/?s={search_term_string}\"},\"query-input\":{\"@type\":\"PropertyValueSpecification\",\"valueRequired\":true,\"valueName\":\"search_term_string\"}}],\"inLanguage\":\"es\"},{\"@type\":\"Organization\",\"@id\":\"https:\/\/futbolhoy.co\/#organization\",\"name\":\"Futbolhoy.co\",\"url\":\"https:\/\/futbolhoy.co\/\",\"logo\":{\"@type\":\"ImageObject\",\"inLanguage\":\"es\",\"@id\":\"https:\/\/futbolhoy.co\/#\/schema\/logo\/image\/\",\"url\":\"https:\/\/futbolhoy.co\/wp-content\/uploads\/2018\/08\/17426380_1906371736249227_6326180412931521141_n.jpg\",\"contentUrl\":\"https:\/\/futbolhoy.co\/wp-content\/uploads\/2018\/08\/17426380_1906371736249227_6326180412931521141_n.jpg\",\"width\":960,\"height\":960,\"caption\":\"Futbolhoy.co\"},\"image\":{\"@id\":\"https:\/\/futbolhoy.co\/#\/schema\/logo\/image\/\"},\"sameAs\":[\"https:\/\/www.facebook.com\/FutbolHoyCol\/\",\"https:\/\/x.com\/FutbolHoyCol\",\"https:\/\/www.instagram.com\/futbolhoycol\/\"]},{\"@type\":\"Person\",\"@id\":\"https:\/\/futbolhoy.co\/#\/schema\/person\/c4a353a512b127643723a34bb1812f7d\",\"name\":\"Laura Hern\u00e1ndez\",\"image\":{\"@type\":\"ImageObject\",\"inLanguage\":\"es\",\"@id\":\"https:\/\/futbolhoy.co\/#\/schema\/person\/image\/\",\"url\":\"https:\/\/secure.gravatar.com\/avatar\/d25959a15b9b293a743f99181c7cfd01?s=96&d=mm&r=g\",\"contentUrl\":\"https:\/\/secure.gravatar.com\/avatar\/d25959a15b9b293a743f99181c7cfd01?s=96&d=mm&r=g\",\"caption\":\"Laura Hern\u00e1ndez\"}}]}<\/script>\n<!-- \/ Yoast SEO plugin. -->","yoast_head_json":{"title":"No ser\u00e1 f\u00e1cil regresar: Iker Casillas -","robots":{"index":"index","follow":"follow","max-snippet":"max-snippet:-1","max-image-preview":"max-image-preview:large","max-video-preview":"max-video-preview:-1"},"canonical":"https:\/\/futbolhoy.co\/index.php\/2020\/04\/20\/no-sera-facil-regresar-iker-casillas\/","og_locale":"es_ES","og_type":"article","og_title":"No ser\u00e1 f\u00e1cil regresar: Iker Casillas -","og_description":"El portero del Porto, Iker Casillas, dijo que regresar a la competencia no ser\u00e1 f\u00e1cil, luego del infarto que sufri\u00f3 el 1 de mayo de 2019, aunque su futuro deportivo lo conocer\u00e1 cuando acabe la pandemia del coronavirus. \u201cCuando sucedi\u00f3 el infarto hace un a\u00f1o, estuve un mes pr\u00e1cticamente, no triste, sino con miedo a [&hellip;]","og_url":"https:\/\/futbolhoy.co\/index.php\/2020\/04\/20\/no-sera-facil-regresar-iker-casillas\/","article_publisher":"https:\/\/www.facebook.com\/FutbolHoyCol\/","article_published_time":"2020-04-20T14:30:23+00:00","article_modified_time":"2020-04-20T23:44:10+00:00","og_image":[{"width":1499,"height":1065,"url":"https:\/\/futbolhoy.co\/wp-content\/uploads\/2017\/09\/IMG_20170914_071726.jpg","type":"image\/jpeg"}],"author":"Laura Hern\u00e1ndez","twitter_card":"summary_large_image","twitter_creator":"@FutbolHoyCol","twitter_site":"@FutbolHoyCol","twitter_misc":{"Escrito por":"Laura Hern\u00e1ndez","Tiempo de lectura":"1 minuto"},"schema":{"@context":"https:\/\/schema.org","@graph":[{"@type":"Article","@id":"https:\/\/futbolhoy.co\/index.php\/2020\/04\/20\/no-sera-facil-regresar-iker-casillas\/#article","isPartOf":{"@id":"https:\/\/futbolhoy.co\/index.php\/2020\/04\/20\/no-sera-facil-regresar-iker-casillas\/"},"author":{"name":"Laura Hern\u00e1ndez","@id":"https:\/\/futbolhoy.co\/#\/schema\/person\/c4a353a512b127643723a34bb1812f7d"},"headline":"No ser\u00e1 f\u00e1cil regresar: Iker Casillas","datePublished":"2020-04-20T14:30:23+00:00","dateModified":"2020-04-20T23:44:10+00:00","mainEntityOfPage":{"@id":"https:\/\/futbolhoy.co\/index.php\/2020\/04\/20\/no-sera-facil-regresar-iker-casillas\/"},"wordCount":194,"commentCount":0,"publisher":{"@id":"https:\/\/futbolhoy.co\/#organization"},"image":{"@id":"https:\/\/futbolhoy.co\/index.php\/2020\/04\/20\/no-sera-facil-regresar-iker-casillas\/#primaryimage"},"thumbnailUrl":"https:\/\/futbolhoy.co\/wp-content\/uploads\/2017\/09\/IMG_20170914_071726.jpg","keywords":["Iker Casillas"],"articleSection":["Mundo Futbol"],"inLanguage":"es","potentialAction":[{"@type":"CommentAction","name":"Comment","target":["https:\/\/futbolhoy.co\/index.php\/2020\/04\/20\/no-sera-facil-regresar-iker-casillas\/#respond"]}]},{"@type":"WebPage","@id":"https:\/\/futbolhoy.co\/index.php\/2020\/04\/20\/no-sera-facil-regresar-iker-casillas\/","url":"https:\/\/futbolhoy.co\/index.php\/2020\/04\/20\/no-sera-facil-regresar-iker-casillas\/","name":"No ser\u00e1 f\u00e1cil regresar: Iker Casillas -","isPartOf":{"@id":"https:\/\/futbolhoy.co\/#website"},"primaryImageOfPage":{"@id":"https:\/\/futbolhoy.co\/index.php\/2020\/04\/20\/no-sera-facil-regresar-iker-casillas\/#primaryimage"},"image":{"@id":"https:\/\/futbolhoy.co\/index.php\/2020\/04\/20\/no-sera-facil-regresar-iker-casillas\/#primaryimage"},"thumbnailUrl":"https:\/\/futbolhoy.co\/wp-content\/uploads\/2017\/09\/IMG_20170914_071726.jpg","datePublished":"2020-04-20T14:30:23+00:00","dateModified":"2020-04-20T23:44:10+00:00","breadcrumb":{"@id":"https:\/\/futbolhoy.co\/index.php\/2020\/04\/20\/no-sera-facil-regresar-iker-casillas\/#breadcrumb"},"inLanguage":"es","potentialAction":[{"@type":"ReadAction","target":["https:\/\/futbolhoy.co\/index.php\/2020\/04\/20\/no-sera-facil-regresar-iker-casillas\/"]}]},{"@type":"ImageObject","inLanguage":"es","@id":"https:\/\/futbolhoy.co\/index.php\/2020\/04\/20\/no-sera-facil-regresar-iker-casillas\/#primaryimage","url":"https:\/\/futbolhoy.co\/wp-content\/uploads\/2017\/09\/IMG_20170914_071726.jpg","contentUrl":"https:\/\/futbolhoy.co\/wp-content\/uploads\/2017\/09\/IMG_20170914_071726.jpg","width":1499,"height":1065,"caption":"Twitter @IkerCasillas"},{"@type":"BreadcrumbList","@id":"https:\/\/futbolhoy.co\/index.php\/2020\/04\/20\/no-sera-facil-regresar-iker-casillas\/#breadcrumb","itemListElement":[{"@type":"ListItem","position":1,"name":"Portada","item":"https:\/\/futbolhoy.co\/"},{"@type":"ListItem","position":2,"name":"No ser\u00e1 f\u00e1cil regresar: Iker Casillas"}]},{"@type":"WebSite","@id":"https:\/\/futbolhoy.co\/#website","url":"https:\/\/futbolhoy.co\/","name":"FutbolHoy","description":"","publisher":{"@id":"https:\/\/futbolhoy.co\/#organization"},"potentialAction":[{"@type":"SearchAction","target":{"@type":"EntryPoint","urlTemplate":"https:\/\/futbolhoy.co\/?s={search_term_string}"},"query-input":{"@type":"PropertyValueSpecification","valueRequired":true,"valueName":"search_term_string"}}],"inLanguage":"es"},{"@type":"Organization","@id":"https:\/\/futbolhoy.co\/#organization","name":"Futbolhoy.co","url":"https:\/\/futbolhoy.co\/","logo":{"@type":"ImageObject","inLanguage":"es","@id":"https:\/\/futbolhoy.co\/#\/schema\/logo\/image\/","url":"https:\/\/futbolhoy.co\/wp-content\/uploads\/2018\/08\/17426380_1906371736249227_6326180412931521141_n.jpg","contentUrl":"https:\/\/futbolhoy.co\/wp-content\/uploads\/2018\/08\/17426380_1906371736249227_6326180412931521141_n.jpg","width":960,"height":960,"caption":"Futbolhoy.co"},"image":{"@id":"https:\/\/futbolhoy.co\/#\/schema\/logo\/image\/"},"sameAs":["https:\/\/www.facebook.com\/FutbolHoyCol\/","https:\/\/x.com\/FutbolHoyCol","https:\/\/www.instagram.com\/futbolhoycol\/"]},{"@type":"Person","@id":"https:\/\/futbolhoy.co\/#\/schema\/person\/c4a353a512b127643723a34bb1812f7d","name":"Laura Hern\u00e1ndez","image":{"@type":"ImageObject","inLanguage":"es","@id":"https:\/\/futbolhoy.co\/#\/schema\/person\/image\/","url":"https:\/\/secure.gravatar.com\/avatar\/d25959a15b9b293a743f99181c7cfd01?s=96&d=mm&r=g","contentUrl":"https:\/\/secure.gravatar.com\/avatar\/d25959a15b9b293a743f99181c7cfd01?s=96&d=mm&r=g","caption":"Laura Hern\u00e1ndez"}}]}},"publishpress_future_action":{"enabled":false,"date":"2026-05-04 08:40:09","action":"change-status","newStatus":"draft","terms":[],"taxonomy":"category","extraData":[]},"publishpress_future_workflow_manual_trigger":{"enabledWorkflows":[]},"_links":{"self":[{"href":"https:\/\/futbolhoy.co\/index.php\/wp-json\/wp\/v2\/posts\/50278","targetHints":{"allow":["GET"]}}],"collection":[{"href":"https:\/\/futbolhoy.co\/index.php\/wp-json\/wp\/v2\/posts"}],"about":[{"href":"https:\/\/futbolhoy.co\/index.php\/wp-json\/wp\/v2\/types\/post"}],"author":[{"embeddable":true,"href":"https:\/\/futbolhoy.co\/index.php\/wp-json\/wp\/v2\/users\/5"}],"replies":[{"embeddable":true,"href":"https:\/\/futbolhoy.co\/index.php\/wp-json\/wp\/v2\/comments?post=50278"}],"version-history":[{"count":1,"href":"https:\/\/futbolhoy.co\/index.php\/wp-json\/wp\/v2\/posts\/50278\/revisions"}],"predecessor-version":[{"id":50282,"href":"https:\/\/futbolhoy.co\/index.php\/wp-json\/wp\/v2\/posts\/50278\/revisions\/50282"}],"wp:featuredmedia":[{"embeddable":true,"href":"https:\/\/futbolhoy.co\/index.php\/wp-json\/wp\/v2\/media\/5428"}],"wp:attachment":[{"href":"https:\/\/futbolhoy.co\/index.php\/wp-json\/wp\/v2\/media?parent=50278"}],"wp:term":[{"taxonomy":"category","embeddable":true,"href":"https:\/\/futbolhoy.co\/index.php\/wp-json\/wp\/v2\/categories?post=50278"},{"taxonomy":"post_tag","embeddable":true,"href":"https:\/\/futbolhoy.co\/index.php\/wp-json\/wp\/v2\/tags?post=50278"}],"curies":[{"name":"wp","href":"https:\/\/api.w.org\/{rel}","templated":true}]}}