{"id":50297,"date":"2020-04-20T18:34:55","date_gmt":"2020-04-20T23:34:55","guid":{"rendered":"https:\/\/futbolhoy.co\/?p=50297"},"modified":"2020-04-21T13:59:04","modified_gmt":"2020-04-21T18:59:04","slug":"cuellar-quiere-volver-a-colombia","status":"publish","type":"post","link":"https:\/\/futbolhoy.co\/index.php\/2020\/04\/20\/cuellar-quiere-volver-a-colombia\/","title":{"rendered":"Cuellar quiere volver a Colombia"},"content":{"rendered":"<p style=\"text-align: justify;\"><span style=\"font-family: helvetica, arial, sans-serif;\">El volante colombiano\u00a0<b>Gustavo Cuellar<\/b>, del\u00a0<b>Al Hilal de Arabia Saudita<\/b>, en compa\u00f1\u00eda de otros deportistas colombianos, entre ellos el voleibolista\u00a0<b>Andr\u00e9s Piza<\/b>, solicit\u00f3 la autorizaci\u00f3n del\u00a0<b>Ministerio de Relaciones Exteriores<\/b>\u00a0para poder regresar al pa\u00eds en un vuelo humanitario que har\u00eda escalas en\u00a0<b>Par\u00eds<\/b>\u00a0y\u00a0<b>Sao Paulo<\/b>.<\/span><\/p>\n<p style=\"text-align: justify;\"><span style=\"font-family: helvetica, arial, sans-serif;\">Cuellar y los dem\u00e1s implicados esperan el aval del gobierno, con el fin de regresar al pa\u00eds y someterse a las medidas sanitarias establecidas, pero poder estar en su tierra y cerca de sus seres queridos.<\/span><\/p>\n<div style=\"text-align: justify;\"><span style=\"font-family: helvetica, arial, sans-serif;\">Adem\u00e1s de <strong>Cuellar,<\/strong> en el vuelo estar\u00edan incluidos el delantero\u00a0<strong>Marco P\u00e9rez<\/strong>\u00a0y el defensa\u00a0<strong>Ezequiel Palomeque<\/strong>\u00a0del\u00a0Al Raed; y el atacante\u00a0<strong>Danilo Moreno Asprilla<\/strong>, del\u00a0Al Fayha.<\/span><\/div>\n<div><\/div>\n<div><a href=\"https:\/\/futbolhoy.co\/wp-content\/uploads\/2020\/04\/IMG_20200420_180842.jpg\"><img fetchpriority=\"high\" decoding=\"async\" class=\"aligncenter size-full wp-image-50300\" src=\"https:\/\/futbolhoy.co\/wp-content\/uploads\/2020\/04\/IMG_20200420_180842.jpg\" alt=\"\" width=\"468\" height=\"525\" srcset=\"https:\/\/futbolhoy.co\/wp-content\/uploads\/2020\/04\/IMG_20200420_180842.jpg 468w, https:\/\/futbolhoy.co\/wp-content\/uploads\/2020\/04\/IMG_20200420_180842-267x300.jpg 267w, https:\/\/futbolhoy.co\/wp-content\/uploads\/2020\/04\/IMG_20200420_180842-374x420.jpg 374w, https:\/\/futbolhoy.co\/wp-content\/uploads\/2020\/04\/IMG_20200420_180842-114x128.jpg 114w, https:\/\/futbolhoy.co\/wp-content\/uploads\/2020\/04\/IMG_20200420_180842-29x32.jpg 29w\" sizes=\"(max-width: 468px) 100vw, 468px\" \/><\/a><\/div>\n<!--[if lt IE 9]><script>document.createElement('audio');<\/script><![endif]-->\n<audio class=\"wp-audio-shortcode\" id=\"audio-50297-1\" preload=\"none\" style=\"width: 100%;\" controls=\"controls\"><source type=\"audio\/mpeg\" src=\"https:\/\/futbolhoy.co\/wp-content\/uploads\/2020\/04\/Gustavo-Cuellar.mp3?_=1\" \/><a href=\"https:\/\/futbolhoy.co\/wp-content\/uploads\/2020\/04\/Gustavo-Cuellar.mp3\">https:\/\/futbolhoy.co\/wp-content\/uploads\/2020\/04\/Gustavo-Cuellar.mp3<\/a><\/audio>\n","protected":false},"excerpt":{"rendered":"<p>El volante colombiano\u00a0Gustavo Cuellar, del\u00a0Al Hilal de Arabia Saudita, en compa\u00f1\u00eda de otros deportistas colombianos, entre ellos el voleibolista\u00a0Andr\u00e9s Piza, solicit\u00f3 la autorizaci\u00f3n del\u00a0Ministerio de Relaciones Exteriores\u00a0para poder regresar al pa\u00eds en un vuelo humanitario que har\u00eda escalas en\u00a0Par\u00eds\u00a0y\u00a0Sao Paulo. Cuellar y los dem\u00e1s implicados esperan el aval del gobierno, con el fin de regresar [&hellip;]<\/p>\n","protected":false},"author":5,"featured_media":50299,"comment_status":"open","ping_status":"open","sticky":false,"template":"","format":"video","meta":{"_acf_changed":false,"footnotes":""},"categories":[418],"tags":[165],"class_list":{"0":"post-50297","1":"post","2":"type-post","3":"status-publish","4":"format-video","5":"has-post-thumbnail","7":"category-colombia","8":"tag-jugadores-colombianos","9":"post_format-post-format-video"},"acf":[],"yoast_head":"<!-- This site is optimized with the Yoast SEO plugin v26.8 - https:\/\/yoast.com\/product\/yoast-seo-wordpress\/ -->\n<title>Cuellar quiere volver a Colombia -<\/title>\n<meta name=\"robots\" content=\"index, follow, max-snippet:-1, max-image-preview:large, max-video-preview:-1\" \/>\n<link rel=\"canonical\" href=\"https:\/\/futbolhoy.co\/index.php\/2020\/04\/20\/cuellar-quiere-volver-a-colombia\/\" \/>\n<meta property=\"og:locale\" content=\"es_ES\" \/>\n<meta property=\"og:type\" content=\"article\" \/>\n<meta property=\"og:title\" content=\"Cuellar quiere volver a Colombia -\" \/>\n<meta property=\"og:description\" content=\"El volante colombiano\u00a0Gustavo Cuellar, del\u00a0Al Hilal de Arabia Saudita, en compa\u00f1\u00eda de otros deportistas colombianos, entre ellos el voleibolista\u00a0Andr\u00e9s Piza, solicit\u00f3 la autorizaci\u00f3n del\u00a0Ministerio de Relaciones Exteriores\u00a0para poder regresar al pa\u00eds en un vuelo humanitario que har\u00eda escalas en\u00a0Par\u00eds\u00a0y\u00a0Sao Paulo. Cuellar y los dem\u00e1s implicados esperan el aval del gobierno, con el fin de regresar [&hellip;]\" \/>\n<meta property=\"og:url\" content=\"https:\/\/futbolhoy.co\/index.php\/2020\/04\/20\/cuellar-quiere-volver-a-colombia\/\" \/>\n<meta property=\"article:publisher\" content=\"https:\/\/www.facebook.com\/FutbolHoyCol\/\" \/>\n<meta property=\"article:published_time\" content=\"2020-04-20T23:34:55+00:00\" \/>\n<meta property=\"article:modified_time\" content=\"2020-04-21T18:59:04+00:00\" \/>\n<meta property=\"og:image\" content=\"https:\/\/futbolhoy.co\/wp-content\/uploads\/2020\/04\/IMG_20200420_180846.jpg\" \/>\n\t<meta property=\"og:image:width\" content=\"1000\" \/>\n\t<meta property=\"og:image:height\" content=\"1000\" \/>\n\t<meta property=\"og:image:type\" content=\"image\/jpeg\" \/>\n<meta name=\"author\" content=\"Laura Hern\u00e1ndez\" \/>\n<meta name=\"twitter:card\" content=\"summary_large_image\" \/>\n<meta name=\"twitter:creator\" content=\"@FutbolHoyCol\" \/>\n<meta name=\"twitter:site\" content=\"@FutbolHoyCol\" \/>\n<meta name=\"twitter:label1\" content=\"Escrito por\" \/>\n\t<meta name=\"twitter:data1\" content=\"Laura Hern\u00e1ndez\" \/>\n\t<meta name=\"twitter:label2\" content=\"Tiempo de lectura\" \/>\n\t<meta name=\"twitter:data2\" content=\"1 minuto\" \/>\n<script type=\"application\/ld+json\" class=\"yoast-schema-graph\">{\"@context\":\"https:\/\/schema.org\",\"@graph\":[{\"@type\":\"Article\",\"@id\":\"https:\/\/futbolhoy.co\/index.php\/2020\/04\/20\/cuellar-quiere-volver-a-colombia\/#article\",\"isPartOf\":{\"@id\":\"https:\/\/futbolhoy.co\/index.php\/2020\/04\/20\/cuellar-quiere-volver-a-colombia\/\"},\"author\":{\"name\":\"Laura Hern\u00e1ndez\",\"@id\":\"https:\/\/futbolhoy.co\/#\/schema\/person\/c4a353a512b127643723a34bb1812f7d\"},\"headline\":\"Cuellar quiere volver a Colombia\",\"datePublished\":\"2020-04-20T23:34:55+00:00\",\"dateModified\":\"2020-04-21T18:59:04+00:00\",\"mainEntityOfPage\":{\"@id\":\"https:\/\/futbolhoy.co\/index.php\/2020\/04\/20\/cuellar-quiere-volver-a-colombia\/\"},\"wordCount\":139,\"commentCount\":0,\"publisher\":{\"@id\":\"https:\/\/futbolhoy.co\/#organization\"},\"image\":{\"@id\":\"https:\/\/futbolhoy.co\/index.php\/2020\/04\/20\/cuellar-quiere-volver-a-colombia\/#primaryimage\"},\"thumbnailUrl\":\"https:\/\/futbolhoy.co\/wp-content\/uploads\/2020\/04\/IMG_20200420_180846.jpg\",\"keywords\":[\"Jugadores Colombianos\"],\"articleSection\":[\"Colombia\"],\"inLanguage\":\"es\",\"potentialAction\":[{\"@type\":\"CommentAction\",\"name\":\"Comment\",\"target\":[\"https:\/\/futbolhoy.co\/index.php\/2020\/04\/20\/cuellar-quiere-volver-a-colombia\/#respond\"]}]},{\"@type\":\"WebPage\",\"@id\":\"https:\/\/futbolhoy.co\/index.php\/2020\/04\/20\/cuellar-quiere-volver-a-colombia\/\",\"url\":\"https:\/\/futbolhoy.co\/index.php\/2020\/04\/20\/cuellar-quiere-volver-a-colombia\/\",\"name\":\"Cuellar quiere volver a Colombia -\",\"isPartOf\":{\"@id\":\"https:\/\/futbolhoy.co\/#website\"},\"primaryImageOfPage\":{\"@id\":\"https:\/\/futbolhoy.co\/index.php\/2020\/04\/20\/cuellar-quiere-volver-a-colombia\/#primaryimage\"},\"image\":{\"@id\":\"https:\/\/futbolhoy.co\/index.php\/2020\/04\/20\/cuellar-quiere-volver-a-colombia\/#primaryimage\"},\"thumbnailUrl\":\"https:\/\/futbolhoy.co\/wp-content\/uploads\/2020\/04\/IMG_20200420_180846.jpg\",\"datePublished\":\"2020-04-20T23:34:55+00:00\",\"dateModified\":\"2020-04-21T18:59:04+00:00\",\"breadcrumb\":{\"@id\":\"https:\/\/futbolhoy.co\/index.php\/2020\/04\/20\/cuellar-quiere-volver-a-colombia\/#breadcrumb\"},\"inLanguage\":\"es\",\"potentialAction\":[{\"@type\":\"ReadAction\",\"target\":[\"https:\/\/futbolhoy.co\/index.php\/2020\/04\/20\/cuellar-quiere-volver-a-colombia\/\"]}]},{\"@type\":\"ImageObject\",\"inLanguage\":\"es\",\"@id\":\"https:\/\/futbolhoy.co\/index.php\/2020\/04\/20\/cuellar-quiere-volver-a-colombia\/#primaryimage\",\"url\":\"https:\/\/futbolhoy.co\/wp-content\/uploads\/2020\/04\/IMG_20200420_180846.jpg\",\"contentUrl\":\"https:\/\/futbolhoy.co\/wp-content\/uploads\/2020\/04\/IMG_20200420_180846.jpg\",\"width\":1000,\"height\":1000},{\"@type\":\"BreadcrumbList\",\"@id\":\"https:\/\/futbolhoy.co\/index.php\/2020\/04\/20\/cuellar-quiere-volver-a-colombia\/#breadcrumb\",\"itemListElement\":[{\"@type\":\"ListItem\",\"position\":1,\"name\":\"Portada\",\"item\":\"https:\/\/futbolhoy.co\/\"},{\"@type\":\"ListItem\",\"position\":2,\"name\":\"Cuellar quiere volver a Colombia\"}]},{\"@type\":\"WebSite\",\"@id\":\"https:\/\/futbolhoy.co\/#website\",\"url\":\"https:\/\/futbolhoy.co\/\",\"name\":\"FutbolHoy\",\"description\":\"\",\"publisher\":{\"@id\":\"https:\/\/futbolhoy.co\/#organization\"},\"potentialAction\":[{\"@type\":\"SearchAction\",\"target\":{\"@type\":\"EntryPoint\",\"urlTemplate\":\"https:\/\/futbolhoy.co\/?s={search_term_string}\"},\"query-input\":{\"@type\":\"PropertyValueSpecification\",\"valueRequired\":true,\"valueName\":\"search_term_string\"}}],\"inLanguage\":\"es\"},{\"@type\":\"Organization\",\"@id\":\"https:\/\/futbolhoy.co\/#organization\",\"name\":\"Futbolhoy.co\",\"url\":\"https:\/\/futbolhoy.co\/\",\"logo\":{\"@type\":\"ImageObject\",\"inLanguage\":\"es\",\"@id\":\"https:\/\/futbolhoy.co\/#\/schema\/logo\/image\/\",\"url\":\"https:\/\/futbolhoy.co\/wp-content\/uploads\/2018\/08\/17426380_1906371736249227_6326180412931521141_n.jpg\",\"contentUrl\":\"https:\/\/futbolhoy.co\/wp-content\/uploads\/2018\/08\/17426380_1906371736249227_6326180412931521141_n.jpg\",\"width\":960,\"height\":960,\"caption\":\"Futbolhoy.co\"},\"image\":{\"@id\":\"https:\/\/futbolhoy.co\/#\/schema\/logo\/image\/\"},\"sameAs\":[\"https:\/\/www.facebook.com\/FutbolHoyCol\/\",\"https:\/\/x.com\/FutbolHoyCol\",\"https:\/\/www.instagram.com\/futbolhoycol\/\"]},{\"@type\":\"Person\",\"@id\":\"https:\/\/futbolhoy.co\/#\/schema\/person\/c4a353a512b127643723a34bb1812f7d\",\"name\":\"Laura Hern\u00e1ndez\",\"image\":{\"@type\":\"ImageObject\",\"inLanguage\":\"es\",\"@id\":\"https:\/\/futbolhoy.co\/#\/schema\/person\/image\/\",\"url\":\"https:\/\/secure.gravatar.com\/avatar\/d25959a15b9b293a743f99181c7cfd01?s=96&d=mm&r=g\",\"contentUrl\":\"https:\/\/secure.gravatar.com\/avatar\/d25959a15b9b293a743f99181c7cfd01?s=96&d=mm&r=g\",\"caption\":\"Laura Hern\u00e1ndez\"}}]}<\/script>\n<!-- \/ Yoast SEO plugin. -->","yoast_head_json":{"title":"Cuellar quiere volver a Colombia -","robots":{"index":"index","follow":"follow","max-snippet":"max-snippet:-1","max-image-preview":"max-image-preview:large","max-video-preview":"max-video-preview:-1"},"canonical":"https:\/\/futbolhoy.co\/index.php\/2020\/04\/20\/cuellar-quiere-volver-a-colombia\/","og_locale":"es_ES","og_type":"article","og_title":"Cuellar quiere volver a Colombia -","og_description":"El volante colombiano\u00a0Gustavo Cuellar, del\u00a0Al Hilal de Arabia Saudita, en compa\u00f1\u00eda de otros deportistas colombianos, entre ellos el voleibolista\u00a0Andr\u00e9s Piza, solicit\u00f3 la autorizaci\u00f3n del\u00a0Ministerio de Relaciones Exteriores\u00a0para poder regresar al pa\u00eds en un vuelo humanitario que har\u00eda escalas en\u00a0Par\u00eds\u00a0y\u00a0Sao Paulo. Cuellar y los dem\u00e1s implicados esperan el aval del gobierno, con el fin de regresar [&hellip;]","og_url":"https:\/\/futbolhoy.co\/index.php\/2020\/04\/20\/cuellar-quiere-volver-a-colombia\/","article_publisher":"https:\/\/www.facebook.com\/FutbolHoyCol\/","article_published_time":"2020-04-20T23:34:55+00:00","article_modified_time":"2020-04-21T18:59:04+00:00","og_image":[{"width":1000,"height":1000,"url":"https:\/\/futbolhoy.co\/wp-content\/uploads\/2020\/04\/IMG_20200420_180846.jpg","type":"image\/jpeg"}],"author":"Laura Hern\u00e1ndez","twitter_card":"summary_large_image","twitter_creator":"@FutbolHoyCol","twitter_site":"@FutbolHoyCol","twitter_misc":{"Escrito por":"Laura Hern\u00e1ndez","Tiempo de lectura":"1 minuto"},"schema":{"@context":"https:\/\/schema.org","@graph":[{"@type":"Article","@id":"https:\/\/futbolhoy.co\/index.php\/2020\/04\/20\/cuellar-quiere-volver-a-colombia\/#article","isPartOf":{"@id":"https:\/\/futbolhoy.co\/index.php\/2020\/04\/20\/cuellar-quiere-volver-a-colombia\/"},"author":{"name":"Laura Hern\u00e1ndez","@id":"https:\/\/futbolhoy.co\/#\/schema\/person\/c4a353a512b127643723a34bb1812f7d"},"headline":"Cuellar quiere volver a Colombia","datePublished":"2020-04-20T23:34:55+00:00","dateModified":"2020-04-21T18:59:04+00:00","mainEntityOfPage":{"@id":"https:\/\/futbolhoy.co\/index.php\/2020\/04\/20\/cuellar-quiere-volver-a-colombia\/"},"wordCount":139,"commentCount":0,"publisher":{"@id":"https:\/\/futbolhoy.co\/#organization"},"image":{"@id":"https:\/\/futbolhoy.co\/index.php\/2020\/04\/20\/cuellar-quiere-volver-a-colombia\/#primaryimage"},"thumbnailUrl":"https:\/\/futbolhoy.co\/wp-content\/uploads\/2020\/04\/IMG_20200420_180846.jpg","keywords":["Jugadores Colombianos"],"articleSection":["Colombia"],"inLanguage":"es","potentialAction":[{"@type":"CommentAction","name":"Comment","target":["https:\/\/futbolhoy.co\/index.php\/2020\/04\/20\/cuellar-quiere-volver-a-colombia\/#respond"]}]},{"@type":"WebPage","@id":"https:\/\/futbolhoy.co\/index.php\/2020\/04\/20\/cuellar-quiere-volver-a-colombia\/","url":"https:\/\/futbolhoy.co\/index.php\/2020\/04\/20\/cuellar-quiere-volver-a-colombia\/","name":"Cuellar quiere volver a Colombia -","isPartOf":{"@id":"https:\/\/futbolhoy.co\/#website"},"primaryImageOfPage":{"@id":"https:\/\/futbolhoy.co\/index.php\/2020\/04\/20\/cuellar-quiere-volver-a-colombia\/#primaryimage"},"image":{"@id":"https:\/\/futbolhoy.co\/index.php\/2020\/04\/20\/cuellar-quiere-volver-a-colombia\/#primaryimage"},"thumbnailUrl":"https:\/\/futbolhoy.co\/wp-content\/uploads\/2020\/04\/IMG_20200420_180846.jpg","datePublished":"2020-04-20T23:34:55+00:00","dateModified":"2020-04-21T18:59:04+00:00","breadcrumb":{"@id":"https:\/\/futbolhoy.co\/index.php\/2020\/04\/20\/cuellar-quiere-volver-a-colombia\/#breadcrumb"},"inLanguage":"es","potentialAction":[{"@type":"ReadAction","target":["https:\/\/futbolhoy.co\/index.php\/2020\/04\/20\/cuellar-quiere-volver-a-colombia\/"]}]},{"@type":"ImageObject","inLanguage":"es","@id":"https:\/\/futbolhoy.co\/index.php\/2020\/04\/20\/cuellar-quiere-volver-a-colombia\/#primaryimage","url":"https:\/\/futbolhoy.co\/wp-content\/uploads\/2020\/04\/IMG_20200420_180846.jpg","contentUrl":"https:\/\/futbolhoy.co\/wp-content\/uploads\/2020\/04\/IMG_20200420_180846.jpg","width":1000,"height":1000},{"@type":"BreadcrumbList","@id":"https:\/\/futbolhoy.co\/index.php\/2020\/04\/20\/cuellar-quiere-volver-a-colombia\/#breadcrumb","itemListElement":[{"@type":"ListItem","position":1,"name":"Portada","item":"https:\/\/futbolhoy.co\/"},{"@type":"ListItem","position":2,"name":"Cuellar quiere volver a Colombia"}]},{"@type":"WebSite","@id":"https:\/\/futbolhoy.co\/#website","url":"https:\/\/futbolhoy.co\/","name":"FutbolHoy","description":"","publisher":{"@id":"https:\/\/futbolhoy.co\/#organization"},"potentialAction":[{"@type":"SearchAction","target":{"@type":"EntryPoint","urlTemplate":"https:\/\/futbolhoy.co\/?s={search_term_string}"},"query-input":{"@type":"PropertyValueSpecification","valueRequired":true,"valueName":"search_term_string"}}],"inLanguage":"es"},{"@type":"Organization","@id":"https:\/\/futbolhoy.co\/#organization","name":"Futbolhoy.co","url":"https:\/\/futbolhoy.co\/","logo":{"@type":"ImageObject","inLanguage":"es","@id":"https:\/\/futbolhoy.co\/#\/schema\/logo\/image\/","url":"https:\/\/futbolhoy.co\/wp-content\/uploads\/2018\/08\/17426380_1906371736249227_6326180412931521141_n.jpg","contentUrl":"https:\/\/futbolhoy.co\/wp-content\/uploads\/2018\/08\/17426380_1906371736249227_6326180412931521141_n.jpg","width":960,"height":960,"caption":"Futbolhoy.co"},"image":{"@id":"https:\/\/futbolhoy.co\/#\/schema\/logo\/image\/"},"sameAs":["https:\/\/www.facebook.com\/FutbolHoyCol\/","https:\/\/x.com\/FutbolHoyCol","https:\/\/www.instagram.com\/futbolhoycol\/"]},{"@type":"Person","@id":"https:\/\/futbolhoy.co\/#\/schema\/person\/c4a353a512b127643723a34bb1812f7d","name":"Laura Hern\u00e1ndez","image":{"@type":"ImageObject","inLanguage":"es","@id":"https:\/\/futbolhoy.co\/#\/schema\/person\/image\/","url":"https:\/\/secure.gravatar.com\/avatar\/d25959a15b9b293a743f99181c7cfd01?s=96&d=mm&r=g","contentUrl":"https:\/\/secure.gravatar.com\/avatar\/d25959a15b9b293a743f99181c7cfd01?s=96&d=mm&r=g","caption":"Laura Hern\u00e1ndez"}}]}},"publishpress_future_action":{"enabled":false,"date":"2026-05-04 14:24:24","action":"change-status","newStatus":"draft","terms":[],"taxonomy":"category","extraData":[]},"publishpress_future_workflow_manual_trigger":{"enabledWorkflows":[]},"_links":{"self":[{"href":"https:\/\/futbolhoy.co\/index.php\/wp-json\/wp\/v2\/posts\/50297","targetHints":{"allow":["GET"]}}],"collection":[{"href":"https:\/\/futbolhoy.co\/index.php\/wp-json\/wp\/v2\/posts"}],"about":[{"href":"https:\/\/futbolhoy.co\/index.php\/wp-json\/wp\/v2\/types\/post"}],"author":[{"embeddable":true,"href":"https:\/\/futbolhoy.co\/index.php\/wp-json\/wp\/v2\/users\/5"}],"replies":[{"embeddable":true,"href":"https:\/\/futbolhoy.co\/index.php\/wp-json\/wp\/v2\/comments?post=50297"}],"version-history":[{"count":3,"href":"https:\/\/futbolhoy.co\/index.php\/wp-json\/wp\/v2\/posts\/50297\/revisions"}],"predecessor-version":[{"id":50310,"href":"https:\/\/futbolhoy.co\/index.php\/wp-json\/wp\/v2\/posts\/50297\/revisions\/50310"}],"wp:featuredmedia":[{"embeddable":true,"href":"https:\/\/futbolhoy.co\/index.php\/wp-json\/wp\/v2\/media\/50299"}],"wp:attachment":[{"href":"https:\/\/futbolhoy.co\/index.php\/wp-json\/wp\/v2\/media?parent=50297"}],"wp:term":[{"taxonomy":"category","embeddable":true,"href":"https:\/\/futbolhoy.co\/index.php\/wp-json\/wp\/v2\/categories?post=50297"},{"taxonomy":"post_tag","embeddable":true,"href":"https:\/\/futbolhoy.co\/index.php\/wp-json\/wp\/v2\/tags?post=50297"}],"curies":[{"name":"wp","href":"https:\/\/api.w.org\/{rel}","templated":true}]}}