{"id":50346,"date":"2020-04-22T11:36:58","date_gmt":"2020-04-22T16:36:58","guid":{"rendered":"https:\/\/futbolhoy.co\/?p=50346"},"modified":"2020-04-22T18:52:27","modified_gmt":"2020-04-22T23:52:27","slug":"falcao-es-un-gentleman-abreu","status":"publish","type":"post","link":"https:\/\/futbolhoy.co\/index.php\/2020\/04\/22\/falcao-es-un-gentleman-abreu\/","title":{"rendered":"\u201cFalcao es un \u2018gentleman\u2019\u201d: Abreu"},"content":{"rendered":"<!--[if lt IE 9]><script>document.createElement('audio');<\/script><![endif]-->\n<audio class=\"wp-audio-shortcode\" id=\"audio-50346-1\" preload=\"none\" style=\"width: 100%;\" controls=\"controls\"><source type=\"audio\/mpeg\" src=\"https:\/\/futbolhoy.co\/wp-content\/uploads\/2020\/04\/Sebasti\u00e1n-Washington-Abreu.mp3?_=1\" \/><a href=\"https:\/\/futbolhoy.co\/wp-content\/uploads\/2020\/04\/Sebasti\u00e1n-Washington-Abreu.mp3\">https:\/\/futbolhoy.co\/wp-content\/uploads\/2020\/04\/Sebasti\u00e1n-Washington-Abreu.mp3<\/a><\/audio>\n<p>(Sebasti\u00e1n Washington Abreu en di\u00e1logo con Goal)<\/p>\n<p style=\"text-align: justify;\"><span style=\"font-family: helvetica, arial, sans-serif;\">El uruguayo <strong>Sebasti\u00e1n Washington Abreu<\/strong> calific\u00f3 como un 'gentleman' al delantero colombiano <strong>Falcao Garc\u00eda,<\/strong> durante una entrevista para <em>Goal,<\/em> donde asegur\u00f3 que el \u2018Tigre\u2019 desde muy joven en <strong>River Plate<\/strong> mostr\u00f3 sus condiciones y personalidad.<\/span><\/p>\n<p style=\"text-align: justify;\"><span style=\"font-family: helvetica, arial, sans-serif;\">\u201cEra un \u2018gentleman\u2019, siempre ten\u00eda las palabras correctas, con su tono pausado que generaba paz interior. Siempre ten\u00eda el an\u00e1lisis correcto, era muy racional y nada pasional, pero en la cancha se bancaba, el tipo se te plantaba\u201d, indic\u00f3 Abreu, quien comparti\u00f3 con Falcao en el \u2018Millonario\u2019 argentino en 2008.<\/span><\/p>\n<p style=\"text-align: justify;\"><span style=\"font-family: helvetica, arial, sans-serif;\">El \u2018loco\u2019 adem\u00e1s destac\u00f3 las condiciones futbol\u00edsticas del samario: \u201cSe ve\u00eda que ten\u00eda un f\u00fatbol sin techo, que iba a rendir en River y seguir creciendo. Falcao ten\u00eda m\u00e1s presente que el chileno <strong>Alexis S\u00e1nchez<\/strong>, ya entend\u00eda todo, sab\u00eda jugar de 9 o con dos delanteros, hasta cu\u00e1ndo se ten\u00eda que retrasar\u201d.<\/span><\/p>\n<p style=\"text-align: justify;\"><span style=\"font-family: helvetica, arial, sans-serif;\">Falcao disput\u00f3 111 partidos en River y marc\u00f3 45 goles; mientras que Abreu jug\u00f3 29 compromisos y convirti\u00f3 12 anotaciones.<\/span><\/p>\n","protected":false},"excerpt":{"rendered":"<p>(Sebasti\u00e1n Washington Abreu en di\u00e1logo con Goal) El uruguayo Sebasti\u00e1n Washington Abreu calific\u00f3 como un 'gentleman' al delantero colombiano Falcao Garc\u00eda, durante una entrevista para Goal, donde asegur\u00f3 que el \u2018Tigre\u2019 desde muy joven en River Plate mostr\u00f3 sus condiciones y personalidad. \u201cEra un \u2018gentleman\u2019, siempre ten\u00eda las palabras correctas, con su tono pausado que [&hellip;]<\/p>\n","protected":false},"author":5,"featured_media":41173,"comment_status":"open","ping_status":"open","sticky":false,"template":"","format":"video","meta":{"_acf_changed":false,"footnotes":""},"categories":[418],"tags":[1821,616,84],"class_list":{"0":"post-50346","1":"post","2":"type-post","3":"status-publish","4":"format-video","5":"has-post-thumbnail","7":"category-colombia","8":"tag-abreu","9":"tag-falcao","10":"tag-river-plate","11":"post_format-post-format-video"},"acf":[],"yoast_head":"<!-- This site is optimized with the Yoast SEO plugin v26.8 - https:\/\/yoast.com\/product\/yoast-seo-wordpress\/ -->\n<title>\u201cFalcao es un \u2018gentleman\u2019\u201d: Abreu -<\/title>\n<meta name=\"robots\" content=\"index, follow, max-snippet:-1, max-image-preview:large, max-video-preview:-1\" \/>\n<link rel=\"canonical\" href=\"https:\/\/futbolhoy.co\/index.php\/2020\/04\/22\/falcao-es-un-gentleman-abreu\/\" \/>\n<meta property=\"og:locale\" content=\"es_ES\" \/>\n<meta property=\"og:type\" content=\"article\" \/>\n<meta property=\"og:title\" content=\"\u201cFalcao es un \u2018gentleman\u2019\u201d: Abreu -\" \/>\n<meta property=\"og:description\" content=\"(Sebasti\u00e1n Washington Abreu en di\u00e1logo con Goal) El uruguayo Sebasti\u00e1n Washington Abreu calific\u00f3 como un &#039;gentleman&#039; al delantero colombiano Falcao Garc\u00eda, durante una entrevista para Goal, donde asegur\u00f3 que el \u2018Tigre\u2019 desde muy joven en River Plate mostr\u00f3 sus condiciones y personalidad. \u201cEra un \u2018gentleman\u2019, siempre ten\u00eda las palabras correctas, con su tono pausado que [&hellip;]\" \/>\n<meta property=\"og:url\" content=\"https:\/\/futbolhoy.co\/index.php\/2020\/04\/22\/falcao-es-un-gentleman-abreu\/\" \/>\n<meta property=\"article:publisher\" content=\"https:\/\/www.facebook.com\/FutbolHoyCol\/\" \/>\n<meta property=\"article:published_time\" content=\"2020-04-22T16:36:58+00:00\" \/>\n<meta property=\"article:modified_time\" content=\"2020-04-22T23:52:27+00:00\" \/>\n<meta property=\"og:image\" content=\"https:\/\/futbolhoy.co\/wp-content\/uploads\/2019\/09\/EEXVv7AXYAADRcE.jpg\" \/>\n\t<meta property=\"og:image:width\" content=\"1200\" \/>\n\t<meta property=\"og:image:height\" content=\"1106\" \/>\n\t<meta property=\"og:image:type\" content=\"image\/jpeg\" \/>\n<meta name=\"author\" content=\"Laura Hern\u00e1ndez\" \/>\n<meta name=\"twitter:card\" content=\"summary_large_image\" \/>\n<meta name=\"twitter:creator\" content=\"@FutbolHoyCol\" \/>\n<meta name=\"twitter:site\" content=\"@FutbolHoyCol\" \/>\n<meta name=\"twitter:label1\" content=\"Escrito por\" \/>\n\t<meta name=\"twitter:data1\" content=\"Laura Hern\u00e1ndez\" \/>\n\t<meta name=\"twitter:label2\" content=\"Tiempo de lectura\" \/>\n\t<meta name=\"twitter:data2\" content=\"1 minuto\" \/>\n<script type=\"application\/ld+json\" class=\"yoast-schema-graph\">{\"@context\":\"https:\/\/schema.org\",\"@graph\":[{\"@type\":\"Article\",\"@id\":\"https:\/\/futbolhoy.co\/index.php\/2020\/04\/22\/falcao-es-un-gentleman-abreu\/#article\",\"isPartOf\":{\"@id\":\"https:\/\/futbolhoy.co\/index.php\/2020\/04\/22\/falcao-es-un-gentleman-abreu\/\"},\"author\":{\"name\":\"Laura Hern\u00e1ndez\",\"@id\":\"https:\/\/futbolhoy.co\/#\/schema\/person\/c4a353a512b127643723a34bb1812f7d\"},\"headline\":\"\u201cFalcao es un \u2018gentleman\u2019\u201d: Abreu\",\"datePublished\":\"2020-04-22T16:36:58+00:00\",\"dateModified\":\"2020-04-22T23:52:27+00:00\",\"mainEntityOfPage\":{\"@id\":\"https:\/\/futbolhoy.co\/index.php\/2020\/04\/22\/falcao-es-un-gentleman-abreu\/\"},\"wordCount\":193,\"commentCount\":0,\"publisher\":{\"@id\":\"https:\/\/futbolhoy.co\/#organization\"},\"image\":{\"@id\":\"https:\/\/futbolhoy.co\/index.php\/2020\/04\/22\/falcao-es-un-gentleman-abreu\/#primaryimage\"},\"thumbnailUrl\":\"https:\/\/futbolhoy.co\/wp-content\/uploads\/2019\/09\/EEXVv7AXYAADRcE.jpg\",\"keywords\":[\"Abreu\",\"Falcao\",\"River Plate\"],\"articleSection\":[\"Colombia\"],\"inLanguage\":\"es\",\"potentialAction\":[{\"@type\":\"CommentAction\",\"name\":\"Comment\",\"target\":[\"https:\/\/futbolhoy.co\/index.php\/2020\/04\/22\/falcao-es-un-gentleman-abreu\/#respond\"]}]},{\"@type\":\"WebPage\",\"@id\":\"https:\/\/futbolhoy.co\/index.php\/2020\/04\/22\/falcao-es-un-gentleman-abreu\/\",\"url\":\"https:\/\/futbolhoy.co\/index.php\/2020\/04\/22\/falcao-es-un-gentleman-abreu\/\",\"name\":\"\u201cFalcao es un \u2018gentleman\u2019\u201d: Abreu -\",\"isPartOf\":{\"@id\":\"https:\/\/futbolhoy.co\/#website\"},\"primaryImageOfPage\":{\"@id\":\"https:\/\/futbolhoy.co\/index.php\/2020\/04\/22\/falcao-es-un-gentleman-abreu\/#primaryimage\"},\"image\":{\"@id\":\"https:\/\/futbolhoy.co\/index.php\/2020\/04\/22\/falcao-es-un-gentleman-abreu\/#primaryimage\"},\"thumbnailUrl\":\"https:\/\/futbolhoy.co\/wp-content\/uploads\/2019\/09\/EEXVv7AXYAADRcE.jpg\",\"datePublished\":\"2020-04-22T16:36:58+00:00\",\"dateModified\":\"2020-04-22T23:52:27+00:00\",\"breadcrumb\":{\"@id\":\"https:\/\/futbolhoy.co\/index.php\/2020\/04\/22\/falcao-es-un-gentleman-abreu\/#breadcrumb\"},\"inLanguage\":\"es\",\"potentialAction\":[{\"@type\":\"ReadAction\",\"target\":[\"https:\/\/futbolhoy.co\/index.php\/2020\/04\/22\/falcao-es-un-gentleman-abreu\/\"]}]},{\"@type\":\"ImageObject\",\"inLanguage\":\"es\",\"@id\":\"https:\/\/futbolhoy.co\/index.php\/2020\/04\/22\/falcao-es-un-gentleman-abreu\/#primaryimage\",\"url\":\"https:\/\/futbolhoy.co\/wp-content\/uploads\/2019\/09\/EEXVv7AXYAADRcE.jpg\",\"contentUrl\":\"https:\/\/futbolhoy.co\/wp-content\/uploads\/2019\/09\/EEXVv7AXYAADRcE.jpg\",\"width\":1200,\"height\":1106,\"caption\":\"Twitter @GalatasaraySK\"},{\"@type\":\"BreadcrumbList\",\"@id\":\"https:\/\/futbolhoy.co\/index.php\/2020\/04\/22\/falcao-es-un-gentleman-abreu\/#breadcrumb\",\"itemListElement\":[{\"@type\":\"ListItem\",\"position\":1,\"name\":\"Portada\",\"item\":\"https:\/\/futbolhoy.co\/\"},{\"@type\":\"ListItem\",\"position\":2,\"name\":\"\u201cFalcao es un \u2018gentleman\u2019\u201d: Abreu\"}]},{\"@type\":\"WebSite\",\"@id\":\"https:\/\/futbolhoy.co\/#website\",\"url\":\"https:\/\/futbolhoy.co\/\",\"name\":\"FutbolHoy\",\"description\":\"\",\"publisher\":{\"@id\":\"https:\/\/futbolhoy.co\/#organization\"},\"potentialAction\":[{\"@type\":\"SearchAction\",\"target\":{\"@type\":\"EntryPoint\",\"urlTemplate\":\"https:\/\/futbolhoy.co\/?s={search_term_string}\"},\"query-input\":{\"@type\":\"PropertyValueSpecification\",\"valueRequired\":true,\"valueName\":\"search_term_string\"}}],\"inLanguage\":\"es\"},{\"@type\":\"Organization\",\"@id\":\"https:\/\/futbolhoy.co\/#organization\",\"name\":\"Futbolhoy.co\",\"url\":\"https:\/\/futbolhoy.co\/\",\"logo\":{\"@type\":\"ImageObject\",\"inLanguage\":\"es\",\"@id\":\"https:\/\/futbolhoy.co\/#\/schema\/logo\/image\/\",\"url\":\"https:\/\/futbolhoy.co\/wp-content\/uploads\/2018\/08\/17426380_1906371736249227_6326180412931521141_n.jpg\",\"contentUrl\":\"https:\/\/futbolhoy.co\/wp-content\/uploads\/2018\/08\/17426380_1906371736249227_6326180412931521141_n.jpg\",\"width\":960,\"height\":960,\"caption\":\"Futbolhoy.co\"},\"image\":{\"@id\":\"https:\/\/futbolhoy.co\/#\/schema\/logo\/image\/\"},\"sameAs\":[\"https:\/\/www.facebook.com\/FutbolHoyCol\/\",\"https:\/\/x.com\/FutbolHoyCol\",\"https:\/\/www.instagram.com\/futbolhoycol\/\"]},{\"@type\":\"Person\",\"@id\":\"https:\/\/futbolhoy.co\/#\/schema\/person\/c4a353a512b127643723a34bb1812f7d\",\"name\":\"Laura Hern\u00e1ndez\",\"image\":{\"@type\":\"ImageObject\",\"inLanguage\":\"es\",\"@id\":\"https:\/\/futbolhoy.co\/#\/schema\/person\/image\/\",\"url\":\"https:\/\/secure.gravatar.com\/avatar\/d25959a15b9b293a743f99181c7cfd01?s=96&d=mm&r=g\",\"contentUrl\":\"https:\/\/secure.gravatar.com\/avatar\/d25959a15b9b293a743f99181c7cfd01?s=96&d=mm&r=g\",\"caption\":\"Laura Hern\u00e1ndez\"}}]}<\/script>\n<!-- \/ Yoast SEO plugin. -->","yoast_head_json":{"title":"\u201cFalcao es un \u2018gentleman\u2019\u201d: Abreu -","robots":{"index":"index","follow":"follow","max-snippet":"max-snippet:-1","max-image-preview":"max-image-preview:large","max-video-preview":"max-video-preview:-1"},"canonical":"https:\/\/futbolhoy.co\/index.php\/2020\/04\/22\/falcao-es-un-gentleman-abreu\/","og_locale":"es_ES","og_type":"article","og_title":"\u201cFalcao es un \u2018gentleman\u2019\u201d: Abreu -","og_description":"(Sebasti\u00e1n Washington Abreu en di\u00e1logo con Goal) El uruguayo Sebasti\u00e1n Washington Abreu calific\u00f3 como un 'gentleman' al delantero colombiano Falcao Garc\u00eda, durante una entrevista para Goal, donde asegur\u00f3 que el \u2018Tigre\u2019 desde muy joven en River Plate mostr\u00f3 sus condiciones y personalidad. \u201cEra un \u2018gentleman\u2019, siempre ten\u00eda las palabras correctas, con su tono pausado que [&hellip;]","og_url":"https:\/\/futbolhoy.co\/index.php\/2020\/04\/22\/falcao-es-un-gentleman-abreu\/","article_publisher":"https:\/\/www.facebook.com\/FutbolHoyCol\/","article_published_time":"2020-04-22T16:36:58+00:00","article_modified_time":"2020-04-22T23:52:27+00:00","og_image":[{"width":1200,"height":1106,"url":"https:\/\/futbolhoy.co\/wp-content\/uploads\/2019\/09\/EEXVv7AXYAADRcE.jpg","type":"image\/jpeg"}],"author":"Laura Hern\u00e1ndez","twitter_card":"summary_large_image","twitter_creator":"@FutbolHoyCol","twitter_site":"@FutbolHoyCol","twitter_misc":{"Escrito por":"Laura Hern\u00e1ndez","Tiempo de lectura":"1 minuto"},"schema":{"@context":"https:\/\/schema.org","@graph":[{"@type":"Article","@id":"https:\/\/futbolhoy.co\/index.php\/2020\/04\/22\/falcao-es-un-gentleman-abreu\/#article","isPartOf":{"@id":"https:\/\/futbolhoy.co\/index.php\/2020\/04\/22\/falcao-es-un-gentleman-abreu\/"},"author":{"name":"Laura Hern\u00e1ndez","@id":"https:\/\/futbolhoy.co\/#\/schema\/person\/c4a353a512b127643723a34bb1812f7d"},"headline":"\u201cFalcao es un \u2018gentleman\u2019\u201d: Abreu","datePublished":"2020-04-22T16:36:58+00:00","dateModified":"2020-04-22T23:52:27+00:00","mainEntityOfPage":{"@id":"https:\/\/futbolhoy.co\/index.php\/2020\/04\/22\/falcao-es-un-gentleman-abreu\/"},"wordCount":193,"commentCount":0,"publisher":{"@id":"https:\/\/futbolhoy.co\/#organization"},"image":{"@id":"https:\/\/futbolhoy.co\/index.php\/2020\/04\/22\/falcao-es-un-gentleman-abreu\/#primaryimage"},"thumbnailUrl":"https:\/\/futbolhoy.co\/wp-content\/uploads\/2019\/09\/EEXVv7AXYAADRcE.jpg","keywords":["Abreu","Falcao","River Plate"],"articleSection":["Colombia"],"inLanguage":"es","potentialAction":[{"@type":"CommentAction","name":"Comment","target":["https:\/\/futbolhoy.co\/index.php\/2020\/04\/22\/falcao-es-un-gentleman-abreu\/#respond"]}]},{"@type":"WebPage","@id":"https:\/\/futbolhoy.co\/index.php\/2020\/04\/22\/falcao-es-un-gentleman-abreu\/","url":"https:\/\/futbolhoy.co\/index.php\/2020\/04\/22\/falcao-es-un-gentleman-abreu\/","name":"\u201cFalcao es un \u2018gentleman\u2019\u201d: Abreu -","isPartOf":{"@id":"https:\/\/futbolhoy.co\/#website"},"primaryImageOfPage":{"@id":"https:\/\/futbolhoy.co\/index.php\/2020\/04\/22\/falcao-es-un-gentleman-abreu\/#primaryimage"},"image":{"@id":"https:\/\/futbolhoy.co\/index.php\/2020\/04\/22\/falcao-es-un-gentleman-abreu\/#primaryimage"},"thumbnailUrl":"https:\/\/futbolhoy.co\/wp-content\/uploads\/2019\/09\/EEXVv7AXYAADRcE.jpg","datePublished":"2020-04-22T16:36:58+00:00","dateModified":"2020-04-22T23:52:27+00:00","breadcrumb":{"@id":"https:\/\/futbolhoy.co\/index.php\/2020\/04\/22\/falcao-es-un-gentleman-abreu\/#breadcrumb"},"inLanguage":"es","potentialAction":[{"@type":"ReadAction","target":["https:\/\/futbolhoy.co\/index.php\/2020\/04\/22\/falcao-es-un-gentleman-abreu\/"]}]},{"@type":"ImageObject","inLanguage":"es","@id":"https:\/\/futbolhoy.co\/index.php\/2020\/04\/22\/falcao-es-un-gentleman-abreu\/#primaryimage","url":"https:\/\/futbolhoy.co\/wp-content\/uploads\/2019\/09\/EEXVv7AXYAADRcE.jpg","contentUrl":"https:\/\/futbolhoy.co\/wp-content\/uploads\/2019\/09\/EEXVv7AXYAADRcE.jpg","width":1200,"height":1106,"caption":"Twitter @GalatasaraySK"},{"@type":"BreadcrumbList","@id":"https:\/\/futbolhoy.co\/index.php\/2020\/04\/22\/falcao-es-un-gentleman-abreu\/#breadcrumb","itemListElement":[{"@type":"ListItem","position":1,"name":"Portada","item":"https:\/\/futbolhoy.co\/"},{"@type":"ListItem","position":2,"name":"\u201cFalcao es un \u2018gentleman\u2019\u201d: Abreu"}]},{"@type":"WebSite","@id":"https:\/\/futbolhoy.co\/#website","url":"https:\/\/futbolhoy.co\/","name":"FutbolHoy","description":"","publisher":{"@id":"https:\/\/futbolhoy.co\/#organization"},"potentialAction":[{"@type":"SearchAction","target":{"@type":"EntryPoint","urlTemplate":"https:\/\/futbolhoy.co\/?s={search_term_string}"},"query-input":{"@type":"PropertyValueSpecification","valueRequired":true,"valueName":"search_term_string"}}],"inLanguage":"es"},{"@type":"Organization","@id":"https:\/\/futbolhoy.co\/#organization","name":"Futbolhoy.co","url":"https:\/\/futbolhoy.co\/","logo":{"@type":"ImageObject","inLanguage":"es","@id":"https:\/\/futbolhoy.co\/#\/schema\/logo\/image\/","url":"https:\/\/futbolhoy.co\/wp-content\/uploads\/2018\/08\/17426380_1906371736249227_6326180412931521141_n.jpg","contentUrl":"https:\/\/futbolhoy.co\/wp-content\/uploads\/2018\/08\/17426380_1906371736249227_6326180412931521141_n.jpg","width":960,"height":960,"caption":"Futbolhoy.co"},"image":{"@id":"https:\/\/futbolhoy.co\/#\/schema\/logo\/image\/"},"sameAs":["https:\/\/www.facebook.com\/FutbolHoyCol\/","https:\/\/x.com\/FutbolHoyCol","https:\/\/www.instagram.com\/futbolhoycol\/"]},{"@type":"Person","@id":"https:\/\/futbolhoy.co\/#\/schema\/person\/c4a353a512b127643723a34bb1812f7d","name":"Laura Hern\u00e1ndez","image":{"@type":"ImageObject","inLanguage":"es","@id":"https:\/\/futbolhoy.co\/#\/schema\/person\/image\/","url":"https:\/\/secure.gravatar.com\/avatar\/d25959a15b9b293a743f99181c7cfd01?s=96&d=mm&r=g","contentUrl":"https:\/\/secure.gravatar.com\/avatar\/d25959a15b9b293a743f99181c7cfd01?s=96&d=mm&r=g","caption":"Laura Hern\u00e1ndez"}}]}},"publishpress_future_action":{"enabled":false,"date":"2026-05-03 04:54:23","action":"change-status","newStatus":"draft","terms":[],"taxonomy":"category","extraData":[]},"publishpress_future_workflow_manual_trigger":{"enabledWorkflows":[]},"_links":{"self":[{"href":"https:\/\/futbolhoy.co\/index.php\/wp-json\/wp\/v2\/posts\/50346","targetHints":{"allow":["GET"]}}],"collection":[{"href":"https:\/\/futbolhoy.co\/index.php\/wp-json\/wp\/v2\/posts"}],"about":[{"href":"https:\/\/futbolhoy.co\/index.php\/wp-json\/wp\/v2\/types\/post"}],"author":[{"embeddable":true,"href":"https:\/\/futbolhoy.co\/index.php\/wp-json\/wp\/v2\/users\/5"}],"replies":[{"embeddable":true,"href":"https:\/\/futbolhoy.co\/index.php\/wp-json\/wp\/v2\/comments?post=50346"}],"version-history":[{"count":1,"href":"https:\/\/futbolhoy.co\/index.php\/wp-json\/wp\/v2\/posts\/50346\/revisions"}],"predecessor-version":[{"id":50348,"href":"https:\/\/futbolhoy.co\/index.php\/wp-json\/wp\/v2\/posts\/50346\/revisions\/50348"}],"wp:featuredmedia":[{"embeddable":true,"href":"https:\/\/futbolhoy.co\/index.php\/wp-json\/wp\/v2\/media\/41173"}],"wp:attachment":[{"href":"https:\/\/futbolhoy.co\/index.php\/wp-json\/wp\/v2\/media?parent=50346"}],"wp:term":[{"taxonomy":"category","embeddable":true,"href":"https:\/\/futbolhoy.co\/index.php\/wp-json\/wp\/v2\/categories?post=50346"},{"taxonomy":"post_tag","embeddable":true,"href":"https:\/\/futbolhoy.co\/index.php\/wp-json\/wp\/v2\/tags?post=50346"}],"curies":[{"name":"wp","href":"https:\/\/api.w.org\/{rel}","templated":true}]}}