{"id":50354,"date":"2020-04-22T06:00:15","date_gmt":"2020-04-22T11:00:15","guid":{"rendered":"https:\/\/futbolhoy.co\/?p=50354"},"modified":"2020-04-22T21:41:57","modified_gmt":"2020-04-23T02:41:57","slug":"un-dia-como-hoy-la-hazana-del-nottingham-forest","status":"publish","type":"post","link":"https:\/\/futbolhoy.co\/index.php\/2020\/04\/22\/un-dia-como-hoy-la-hazana-del-nottingham-forest\/","title":{"rendered":"Un d\u00eda como hoy: La haza\u00f1a del Nottingham Forest"},"content":{"rendered":"<p style=\"text-align: justify;\"><span style=\"font-family: helvetica, arial, sans-serif;\">Un d\u00eda como hoy, 22 de abril en el a\u00f1o 1978, el cuadro ingl\u00e9s <strong>Nottingham Forest<\/strong> lograba su primer y \u00fanico t\u00edtulo en la Liga Inglesa.<\/span><\/p>\n<blockquote class=\"twitter-tweet\" data-width=\"550\" data-dnt=\"true\">\n<p lang=\"en\" dir=\"ltr\">Some of our favourite images from the title-winning 1977-78 season \ud83e\udd29 <a href=\"https:\/\/twitter.com\/hashtag\/NFFC?src=hash&amp;ref_src=twsrc%5Etfw\">#NFFC<\/a> <a href=\"https:\/\/t.co\/V339g08gxn\">pic.twitter.com\/V339g08gxn<\/a><\/p>\n<p>&mdash; \ud83c\udd7dotting\ud83c\udd77am fore\ud83c\udd82t fc (@NFFC) <a href=\"https:\/\/twitter.com\/NFFC\/status\/1252930150578237445?ref_src=twsrc%5Etfw\">April 22, 2020<\/a><\/p><\/blockquote>\n<p><script async src=\"https:\/\/platform.twitter.com\/widgets.js\" charset=\"utf-8\"><\/script><\/p>\n<p style=\"text-align: justify;\"><span style=\"font-family: helvetica, arial, sans-serif;\">Los dirigidos por Brian <strong>Clough<\/strong> hab\u00edan evitado el descenso a la tercera divisi\u00f3n un a\u00f1o antes y lograron el ascenso a la primera.\u00a0<\/span><\/p>\n<p style=\"text-align: justify;\"><span style=\"font-family: helvetica, arial, sans-serif;\">Tras 42 partidos y 64 puntos, Nottingham super\u00f3 por 5 puntos a <strong>Liverpool,<\/strong> llev\u00e1ndose el t\u00edtulo de la primera divisi\u00f3n.\u00a0<\/span><\/p>\n<p style=\"text-align: justify;\"><span style=\"font-family: helvetica, arial, sans-serif;\"><a href=\"https:\/\/futbolhoy.co\/wp-content\/uploads\/2020\/04\/IMG_20200422_161216.jpg\"><img fetchpriority=\"high\" decoding=\"async\" class=\"aligncenter size-large wp-image-50357\" src=\"https:\/\/futbolhoy.co\/wp-content\/uploads\/2020\/04\/IMG_20200422_161216-1024x576.jpg\" alt=\"\" width=\"696\" height=\"392\" srcset=\"https:\/\/futbolhoy.co\/wp-content\/uploads\/2020\/04\/IMG_20200422_161216-1024x576.jpg 1024w, https:\/\/futbolhoy.co\/wp-content\/uploads\/2020\/04\/IMG_20200422_161216-300x169.jpg 300w, https:\/\/futbolhoy.co\/wp-content\/uploads\/2020\/04\/IMG_20200422_161216-768x432.jpg 768w, https:\/\/futbolhoy.co\/wp-content\/uploads\/2020\/04\/IMG_20200422_161216-1536x864.jpg 1536w, https:\/\/futbolhoy.co\/wp-content\/uploads\/2020\/04\/IMG_20200422_161216-2048x1152.jpg 2048w, https:\/\/futbolhoy.co\/wp-content\/uploads\/2020\/04\/IMG_20200422_161216-696x392.jpg 696w, https:\/\/futbolhoy.co\/wp-content\/uploads\/2020\/04\/IMG_20200422_161216-1068x601.jpg 1068w, https:\/\/futbolhoy.co\/wp-content\/uploads\/2020\/04\/IMG_20200422_161216-747x420.jpg 747w, https:\/\/futbolhoy.co\/wp-content\/uploads\/2020\/04\/IMG_20200422_161216-1920x1080.jpg 1920w, https:\/\/futbolhoy.co\/wp-content\/uploads\/2020\/04\/IMG_20200422_161216-128x72.jpg 128w, https:\/\/futbolhoy.co\/wp-content\/uploads\/2020\/04\/IMG_20200422_161216-32x18.jpg 32w\" sizes=\"(max-width: 696px) 100vw, 696px\" \/><\/a><\/span><\/p>\n<blockquote class=\"twitter-tweet\" data-width=\"550\" data-dnt=\"true\">\n<p lang=\"en\" dir=\"ltr\">C H A M P I O N S \ud83c\udfc6<a href=\"https:\/\/twitter.com\/hashtag\/OnThisDay?src=hash&amp;ref_src=twsrc%5Etfw\">#OnThisDay<\/a> in 1978, we were crowned First Division winners for the first time \ud83e\udd29<\/p>\n<p>The Miracle had begun... <a href=\"https:\/\/twitter.com\/hashtag\/NFFC?src=hash&amp;ref_src=twsrc%5Etfw\">#NFFC<\/a> <a href=\"https:\/\/t.co\/ZpmjyQrLXH\">pic.twitter.com\/ZpmjyQrLXH<\/a><\/p>\n<p>&mdash; \ud83c\udd7dotting\ud83c\udd77am fore\ud83c\udd82t fc (@NFFC) <a href=\"https:\/\/twitter.com\/NFFC\/status\/1252869749815443458?ref_src=twsrc%5Etfw\">April 22, 2020<\/a><\/p><\/blockquote>\n<p><script async src=\"https:\/\/platform.twitter.com\/widgets.js\" charset=\"utf-8\"><\/script><\/p>\n<p style=\"text-align: justify;\"><span style=\"font-family: helvetica, arial, sans-serif;\">La magia de la mano del t\u00e9cnico Clough contin\u00fao, ya que el mismo a\u00f1o fueron campeones de la <strong>Copa de Europa,<\/strong> hoy <strong>Champions League,<\/strong> tras vencer al <strong>Malmo<\/strong> sueco.\u00a0<\/span><\/p>\n<p style=\"text-align: justify;\"><span style=\"font-family: helvetica, arial, sans-serif;\">Nuevamente repitieron el t\u00edtulo de campeones europeos el a\u00f1o siguiente, venciendo al <strong>Hamburgo<\/strong> alem\u00e1n.\u00a0<\/span><\/p>\n<p style=\"text-align: justify;\">\n","protected":false},"excerpt":{"rendered":"<p>Un d\u00eda como hoy, 22 de abril en el a\u00f1o 1978, el cuadro ingl\u00e9s Nottingham Forest lograba su primer y \u00fanico t\u00edtulo en la Liga Inglesa. Some of our favourite images from the title-winning 1977-78 season \ud83e\udd29 #NFFC pic.twitter.com\/V339g08gxn &mdash; \ud83c\udd7dotting\ud83c\udd77am fore\ud83c\udd82t fc (@NFFC) April 22, 2020 Los dirigidos por Brian Clough hab\u00edan evitado el [&hellip;]<\/p>\n","protected":false},"author":5,"featured_media":50356,"comment_status":"open","ping_status":"open","sticky":false,"template":"","format":"video","meta":{"_acf_changed":false,"footnotes":""},"categories":[152],"tags":[],"class_list":{"0":"post-50354","1":"post","2":"type-post","3":"status-publish","4":"format-video","5":"has-post-thumbnail","7":"category-mundo-futbol","8":"post_format-post-format-video"},"acf":[],"yoast_head":"<!-- This site is optimized with the Yoast SEO plugin v26.8 - https:\/\/yoast.com\/product\/yoast-seo-wordpress\/ -->\n<title>Un d\u00eda como hoy: La haza\u00f1a del Nottingham Forest -<\/title>\n<meta name=\"robots\" content=\"index, follow, max-snippet:-1, max-image-preview:large, max-video-preview:-1\" \/>\n<link rel=\"canonical\" href=\"https:\/\/futbolhoy.co\/index.php\/2020\/04\/22\/un-dia-como-hoy-la-hazana-del-nottingham-forest\/\" \/>\n<meta property=\"og:locale\" content=\"es_ES\" \/>\n<meta property=\"og:type\" content=\"article\" \/>\n<meta property=\"og:title\" content=\"Un d\u00eda como hoy: La haza\u00f1a del Nottingham Forest -\" \/>\n<meta property=\"og:description\" content=\"Un d\u00eda como hoy, 22 de abril en el a\u00f1o 1978, el cuadro ingl\u00e9s Nottingham Forest lograba su primer y \u00fanico t\u00edtulo en la Liga Inglesa. Some of our favourite images from the title-winning 1977-78 season \ud83e\udd29 #NFFC pic.twitter.com\/V339g08gxn &mdash; \ud83c\udd7dotting\ud83c\udd77am fore\ud83c\udd82t fc (@NFFC) April 22, 2020 Los dirigidos por Brian Clough hab\u00edan evitado el [&hellip;]\" \/>\n<meta property=\"og:url\" content=\"https:\/\/futbolhoy.co\/index.php\/2020\/04\/22\/un-dia-como-hoy-la-hazana-del-nottingham-forest\/\" \/>\n<meta property=\"article:publisher\" content=\"https:\/\/www.facebook.com\/FutbolHoyCol\/\" \/>\n<meta property=\"article:published_time\" content=\"2020-04-22T11:00:15+00:00\" \/>\n<meta property=\"article:modified_time\" content=\"2020-04-23T02:41:57+00:00\" \/>\n<meta property=\"og:image\" content=\"https:\/\/futbolhoy.co\/wp-content\/uploads\/2020\/04\/IMG_20200422_155612.jpg\" \/>\n\t<meta property=\"og:image:width\" content=\"2047\" \/>\n\t<meta property=\"og:image:height\" content=\"1347\" \/>\n\t<meta property=\"og:image:type\" content=\"image\/jpeg\" \/>\n<meta name=\"author\" content=\"Laura Hern\u00e1ndez\" \/>\n<meta name=\"twitter:card\" content=\"summary_large_image\" \/>\n<meta name=\"twitter:creator\" content=\"@FutbolHoyCol\" \/>\n<meta name=\"twitter:site\" content=\"@FutbolHoyCol\" \/>\n<meta name=\"twitter:label1\" content=\"Escrito por\" \/>\n\t<meta name=\"twitter:data1\" content=\"Laura Hern\u00e1ndez\" \/>\n\t<meta name=\"twitter:label2\" content=\"Tiempo de lectura\" \/>\n\t<meta name=\"twitter:data2\" content=\"1 minuto\" \/>\n<script type=\"application\/ld+json\" class=\"yoast-schema-graph\">{\"@context\":\"https:\/\/schema.org\",\"@graph\":[{\"@type\":\"Article\",\"@id\":\"https:\/\/futbolhoy.co\/index.php\/2020\/04\/22\/un-dia-como-hoy-la-hazana-del-nottingham-forest\/#article\",\"isPartOf\":{\"@id\":\"https:\/\/futbolhoy.co\/index.php\/2020\/04\/22\/un-dia-como-hoy-la-hazana-del-nottingham-forest\/\"},\"author\":{\"name\":\"Laura Hern\u00e1ndez\",\"@id\":\"https:\/\/futbolhoy.co\/#\/schema\/person\/c4a353a512b127643723a34bb1812f7d\"},\"headline\":\"Un d\u00eda como hoy: La haza\u00f1a del Nottingham Forest\",\"datePublished\":\"2020-04-22T11:00:15+00:00\",\"dateModified\":\"2020-04-23T02:41:57+00:00\",\"mainEntityOfPage\":{\"@id\":\"https:\/\/futbolhoy.co\/index.php\/2020\/04\/22\/un-dia-como-hoy-la-hazana-del-nottingham-forest\/\"},\"wordCount\":146,\"commentCount\":0,\"publisher\":{\"@id\":\"https:\/\/futbolhoy.co\/#organization\"},\"image\":{\"@id\":\"https:\/\/futbolhoy.co\/index.php\/2020\/04\/22\/un-dia-como-hoy-la-hazana-del-nottingham-forest\/#primaryimage\"},\"thumbnailUrl\":\"https:\/\/futbolhoy.co\/wp-content\/uploads\/2020\/04\/IMG_20200422_155612.jpg\",\"articleSection\":[\"Mundo Futbol\"],\"inLanguage\":\"es\",\"potentialAction\":[{\"@type\":\"CommentAction\",\"name\":\"Comment\",\"target\":[\"https:\/\/futbolhoy.co\/index.php\/2020\/04\/22\/un-dia-como-hoy-la-hazana-del-nottingham-forest\/#respond\"]}]},{\"@type\":\"WebPage\",\"@id\":\"https:\/\/futbolhoy.co\/index.php\/2020\/04\/22\/un-dia-como-hoy-la-hazana-del-nottingham-forest\/\",\"url\":\"https:\/\/futbolhoy.co\/index.php\/2020\/04\/22\/un-dia-como-hoy-la-hazana-del-nottingham-forest\/\",\"name\":\"Un d\u00eda como hoy: La haza\u00f1a del Nottingham Forest -\",\"isPartOf\":{\"@id\":\"https:\/\/futbolhoy.co\/#website\"},\"primaryImageOfPage\":{\"@id\":\"https:\/\/futbolhoy.co\/index.php\/2020\/04\/22\/un-dia-como-hoy-la-hazana-del-nottingham-forest\/#primaryimage\"},\"image\":{\"@id\":\"https:\/\/futbolhoy.co\/index.php\/2020\/04\/22\/un-dia-como-hoy-la-hazana-del-nottingham-forest\/#primaryimage\"},\"thumbnailUrl\":\"https:\/\/futbolhoy.co\/wp-content\/uploads\/2020\/04\/IMG_20200422_155612.jpg\",\"datePublished\":\"2020-04-22T11:00:15+00:00\",\"dateModified\":\"2020-04-23T02:41:57+00:00\",\"breadcrumb\":{\"@id\":\"https:\/\/futbolhoy.co\/index.php\/2020\/04\/22\/un-dia-como-hoy-la-hazana-del-nottingham-forest\/#breadcrumb\"},\"inLanguage\":\"es\",\"potentialAction\":[{\"@type\":\"ReadAction\",\"target\":[\"https:\/\/futbolhoy.co\/index.php\/2020\/04\/22\/un-dia-como-hoy-la-hazana-del-nottingham-forest\/\"]}]},{\"@type\":\"ImageObject\",\"inLanguage\":\"es\",\"@id\":\"https:\/\/futbolhoy.co\/index.php\/2020\/04\/22\/un-dia-como-hoy-la-hazana-del-nottingham-forest\/#primaryimage\",\"url\":\"https:\/\/futbolhoy.co\/wp-content\/uploads\/2020\/04\/IMG_20200422_155612.jpg\",\"contentUrl\":\"https:\/\/futbolhoy.co\/wp-content\/uploads\/2020\/04\/IMG_20200422_155612.jpg\",\"width\":2047,\"height\":1347},{\"@type\":\"BreadcrumbList\",\"@id\":\"https:\/\/futbolhoy.co\/index.php\/2020\/04\/22\/un-dia-como-hoy-la-hazana-del-nottingham-forest\/#breadcrumb\",\"itemListElement\":[{\"@type\":\"ListItem\",\"position\":1,\"name\":\"Portada\",\"item\":\"https:\/\/futbolhoy.co\/\"},{\"@type\":\"ListItem\",\"position\":2,\"name\":\"Un d\u00eda como hoy: La haza\u00f1a del Nottingham Forest\"}]},{\"@type\":\"WebSite\",\"@id\":\"https:\/\/futbolhoy.co\/#website\",\"url\":\"https:\/\/futbolhoy.co\/\",\"name\":\"FutbolHoy\",\"description\":\"\",\"publisher\":{\"@id\":\"https:\/\/futbolhoy.co\/#organization\"},\"potentialAction\":[{\"@type\":\"SearchAction\",\"target\":{\"@type\":\"EntryPoint\",\"urlTemplate\":\"https:\/\/futbolhoy.co\/?s={search_term_string}\"},\"query-input\":{\"@type\":\"PropertyValueSpecification\",\"valueRequired\":true,\"valueName\":\"search_term_string\"}}],\"inLanguage\":\"es\"},{\"@type\":\"Organization\",\"@id\":\"https:\/\/futbolhoy.co\/#organization\",\"name\":\"Futbolhoy.co\",\"url\":\"https:\/\/futbolhoy.co\/\",\"logo\":{\"@type\":\"ImageObject\",\"inLanguage\":\"es\",\"@id\":\"https:\/\/futbolhoy.co\/#\/schema\/logo\/image\/\",\"url\":\"https:\/\/futbolhoy.co\/wp-content\/uploads\/2018\/08\/17426380_1906371736249227_6326180412931521141_n.jpg\",\"contentUrl\":\"https:\/\/futbolhoy.co\/wp-content\/uploads\/2018\/08\/17426380_1906371736249227_6326180412931521141_n.jpg\",\"width\":960,\"height\":960,\"caption\":\"Futbolhoy.co\"},\"image\":{\"@id\":\"https:\/\/futbolhoy.co\/#\/schema\/logo\/image\/\"},\"sameAs\":[\"https:\/\/www.facebook.com\/FutbolHoyCol\/\",\"https:\/\/x.com\/FutbolHoyCol\",\"https:\/\/www.instagram.com\/futbolhoycol\/\"]},{\"@type\":\"Person\",\"@id\":\"https:\/\/futbolhoy.co\/#\/schema\/person\/c4a353a512b127643723a34bb1812f7d\",\"name\":\"Laura Hern\u00e1ndez\",\"image\":{\"@type\":\"ImageObject\",\"inLanguage\":\"es\",\"@id\":\"https:\/\/futbolhoy.co\/#\/schema\/person\/image\/\",\"url\":\"https:\/\/secure.gravatar.com\/avatar\/d25959a15b9b293a743f99181c7cfd01?s=96&d=mm&r=g\",\"contentUrl\":\"https:\/\/secure.gravatar.com\/avatar\/d25959a15b9b293a743f99181c7cfd01?s=96&d=mm&r=g\",\"caption\":\"Laura Hern\u00e1ndez\"}}]}<\/script>\n<!-- \/ Yoast SEO plugin. -->","yoast_head_json":{"title":"Un d\u00eda como hoy: La haza\u00f1a del Nottingham Forest -","robots":{"index":"index","follow":"follow","max-snippet":"max-snippet:-1","max-image-preview":"max-image-preview:large","max-video-preview":"max-video-preview:-1"},"canonical":"https:\/\/futbolhoy.co\/index.php\/2020\/04\/22\/un-dia-como-hoy-la-hazana-del-nottingham-forest\/","og_locale":"es_ES","og_type":"article","og_title":"Un d\u00eda como hoy: La haza\u00f1a del Nottingham Forest -","og_description":"Un d\u00eda como hoy, 22 de abril en el a\u00f1o 1978, el cuadro ingl\u00e9s Nottingham Forest lograba su primer y \u00fanico t\u00edtulo en la Liga Inglesa. Some of our favourite images from the title-winning 1977-78 season \ud83e\udd29 #NFFC pic.twitter.com\/V339g08gxn &mdash; \ud83c\udd7dotting\ud83c\udd77am fore\ud83c\udd82t fc (@NFFC) April 22, 2020 Los dirigidos por Brian Clough hab\u00edan evitado el [&hellip;]","og_url":"https:\/\/futbolhoy.co\/index.php\/2020\/04\/22\/un-dia-como-hoy-la-hazana-del-nottingham-forest\/","article_publisher":"https:\/\/www.facebook.com\/FutbolHoyCol\/","article_published_time":"2020-04-22T11:00:15+00:00","article_modified_time":"2020-04-23T02:41:57+00:00","og_image":[{"width":2047,"height":1347,"url":"https:\/\/futbolhoy.co\/wp-content\/uploads\/2020\/04\/IMG_20200422_155612.jpg","type":"image\/jpeg"}],"author":"Laura Hern\u00e1ndez","twitter_card":"summary_large_image","twitter_creator":"@FutbolHoyCol","twitter_site":"@FutbolHoyCol","twitter_misc":{"Escrito por":"Laura Hern\u00e1ndez","Tiempo de lectura":"1 minuto"},"schema":{"@context":"https:\/\/schema.org","@graph":[{"@type":"Article","@id":"https:\/\/futbolhoy.co\/index.php\/2020\/04\/22\/un-dia-como-hoy-la-hazana-del-nottingham-forest\/#article","isPartOf":{"@id":"https:\/\/futbolhoy.co\/index.php\/2020\/04\/22\/un-dia-como-hoy-la-hazana-del-nottingham-forest\/"},"author":{"name":"Laura Hern\u00e1ndez","@id":"https:\/\/futbolhoy.co\/#\/schema\/person\/c4a353a512b127643723a34bb1812f7d"},"headline":"Un d\u00eda como hoy: La haza\u00f1a del Nottingham Forest","datePublished":"2020-04-22T11:00:15+00:00","dateModified":"2020-04-23T02:41:57+00:00","mainEntityOfPage":{"@id":"https:\/\/futbolhoy.co\/index.php\/2020\/04\/22\/un-dia-como-hoy-la-hazana-del-nottingham-forest\/"},"wordCount":146,"commentCount":0,"publisher":{"@id":"https:\/\/futbolhoy.co\/#organization"},"image":{"@id":"https:\/\/futbolhoy.co\/index.php\/2020\/04\/22\/un-dia-como-hoy-la-hazana-del-nottingham-forest\/#primaryimage"},"thumbnailUrl":"https:\/\/futbolhoy.co\/wp-content\/uploads\/2020\/04\/IMG_20200422_155612.jpg","articleSection":["Mundo Futbol"],"inLanguage":"es","potentialAction":[{"@type":"CommentAction","name":"Comment","target":["https:\/\/futbolhoy.co\/index.php\/2020\/04\/22\/un-dia-como-hoy-la-hazana-del-nottingham-forest\/#respond"]}]},{"@type":"WebPage","@id":"https:\/\/futbolhoy.co\/index.php\/2020\/04\/22\/un-dia-como-hoy-la-hazana-del-nottingham-forest\/","url":"https:\/\/futbolhoy.co\/index.php\/2020\/04\/22\/un-dia-como-hoy-la-hazana-del-nottingham-forest\/","name":"Un d\u00eda como hoy: La haza\u00f1a del Nottingham Forest -","isPartOf":{"@id":"https:\/\/futbolhoy.co\/#website"},"primaryImageOfPage":{"@id":"https:\/\/futbolhoy.co\/index.php\/2020\/04\/22\/un-dia-como-hoy-la-hazana-del-nottingham-forest\/#primaryimage"},"image":{"@id":"https:\/\/futbolhoy.co\/index.php\/2020\/04\/22\/un-dia-como-hoy-la-hazana-del-nottingham-forest\/#primaryimage"},"thumbnailUrl":"https:\/\/futbolhoy.co\/wp-content\/uploads\/2020\/04\/IMG_20200422_155612.jpg","datePublished":"2020-04-22T11:00:15+00:00","dateModified":"2020-04-23T02:41:57+00:00","breadcrumb":{"@id":"https:\/\/futbolhoy.co\/index.php\/2020\/04\/22\/un-dia-como-hoy-la-hazana-del-nottingham-forest\/#breadcrumb"},"inLanguage":"es","potentialAction":[{"@type":"ReadAction","target":["https:\/\/futbolhoy.co\/index.php\/2020\/04\/22\/un-dia-como-hoy-la-hazana-del-nottingham-forest\/"]}]},{"@type":"ImageObject","inLanguage":"es","@id":"https:\/\/futbolhoy.co\/index.php\/2020\/04\/22\/un-dia-como-hoy-la-hazana-del-nottingham-forest\/#primaryimage","url":"https:\/\/futbolhoy.co\/wp-content\/uploads\/2020\/04\/IMG_20200422_155612.jpg","contentUrl":"https:\/\/futbolhoy.co\/wp-content\/uploads\/2020\/04\/IMG_20200422_155612.jpg","width":2047,"height":1347},{"@type":"BreadcrumbList","@id":"https:\/\/futbolhoy.co\/index.php\/2020\/04\/22\/un-dia-como-hoy-la-hazana-del-nottingham-forest\/#breadcrumb","itemListElement":[{"@type":"ListItem","position":1,"name":"Portada","item":"https:\/\/futbolhoy.co\/"},{"@type":"ListItem","position":2,"name":"Un d\u00eda como hoy: La haza\u00f1a del Nottingham Forest"}]},{"@type":"WebSite","@id":"https:\/\/futbolhoy.co\/#website","url":"https:\/\/futbolhoy.co\/","name":"FutbolHoy","description":"","publisher":{"@id":"https:\/\/futbolhoy.co\/#organization"},"potentialAction":[{"@type":"SearchAction","target":{"@type":"EntryPoint","urlTemplate":"https:\/\/futbolhoy.co\/?s={search_term_string}"},"query-input":{"@type":"PropertyValueSpecification","valueRequired":true,"valueName":"search_term_string"}}],"inLanguage":"es"},{"@type":"Organization","@id":"https:\/\/futbolhoy.co\/#organization","name":"Futbolhoy.co","url":"https:\/\/futbolhoy.co\/","logo":{"@type":"ImageObject","inLanguage":"es","@id":"https:\/\/futbolhoy.co\/#\/schema\/logo\/image\/","url":"https:\/\/futbolhoy.co\/wp-content\/uploads\/2018\/08\/17426380_1906371736249227_6326180412931521141_n.jpg","contentUrl":"https:\/\/futbolhoy.co\/wp-content\/uploads\/2018\/08\/17426380_1906371736249227_6326180412931521141_n.jpg","width":960,"height":960,"caption":"Futbolhoy.co"},"image":{"@id":"https:\/\/futbolhoy.co\/#\/schema\/logo\/image\/"},"sameAs":["https:\/\/www.facebook.com\/FutbolHoyCol\/","https:\/\/x.com\/FutbolHoyCol","https:\/\/www.instagram.com\/futbolhoycol\/"]},{"@type":"Person","@id":"https:\/\/futbolhoy.co\/#\/schema\/person\/c4a353a512b127643723a34bb1812f7d","name":"Laura Hern\u00e1ndez","image":{"@type":"ImageObject","inLanguage":"es","@id":"https:\/\/futbolhoy.co\/#\/schema\/person\/image\/","url":"https:\/\/secure.gravatar.com\/avatar\/d25959a15b9b293a743f99181c7cfd01?s=96&d=mm&r=g","contentUrl":"https:\/\/secure.gravatar.com\/avatar\/d25959a15b9b293a743f99181c7cfd01?s=96&d=mm&r=g","caption":"Laura Hern\u00e1ndez"}}]}},"publishpress_future_action":{"enabled":false,"date":"2026-05-03 06:09:51","action":"change-status","newStatus":"draft","terms":[],"taxonomy":"category","extraData":[]},"publishpress_future_workflow_manual_trigger":{"enabledWorkflows":[]},"_links":{"self":[{"href":"https:\/\/futbolhoy.co\/index.php\/wp-json\/wp\/v2\/posts\/50354","targetHints":{"allow":["GET"]}}],"collection":[{"href":"https:\/\/futbolhoy.co\/index.php\/wp-json\/wp\/v2\/posts"}],"about":[{"href":"https:\/\/futbolhoy.co\/index.php\/wp-json\/wp\/v2\/types\/post"}],"author":[{"embeddable":true,"href":"https:\/\/futbolhoy.co\/index.php\/wp-json\/wp\/v2\/users\/5"}],"replies":[{"embeddable":true,"href":"https:\/\/futbolhoy.co\/index.php\/wp-json\/wp\/v2\/comments?post=50354"}],"version-history":[{"count":4,"href":"https:\/\/futbolhoy.co\/index.php\/wp-json\/wp\/v2\/posts\/50354\/revisions"}],"predecessor-version":[{"id":50362,"href":"https:\/\/futbolhoy.co\/index.php\/wp-json\/wp\/v2\/posts\/50354\/revisions\/50362"}],"wp:featuredmedia":[{"embeddable":true,"href":"https:\/\/futbolhoy.co\/index.php\/wp-json\/wp\/v2\/media\/50356"}],"wp:attachment":[{"href":"https:\/\/futbolhoy.co\/index.php\/wp-json\/wp\/v2\/media?parent=50354"}],"wp:term":[{"taxonomy":"category","embeddable":true,"href":"https:\/\/futbolhoy.co\/index.php\/wp-json\/wp\/v2\/categories?post=50354"},{"taxonomy":"post_tag","embeddable":true,"href":"https:\/\/futbolhoy.co\/index.php\/wp-json\/wp\/v2\/tags?post=50354"}],"curies":[{"name":"wp","href":"https:\/\/api.w.org\/{rel}","templated":true}]}}