{"id":50386,"date":"2020-04-23T07:02:04","date_gmt":"2020-04-23T12:02:04","guid":{"rendered":"https:\/\/futbolhoy.co\/?p=50386"},"modified":"2020-04-23T18:39:53","modified_gmt":"2020-04-23T23:39:53","slug":"la-fifa-fallo-en-favor-de-clubes-colombianos","status":"publish","type":"post","link":"https:\/\/futbolhoy.co\/index.php\/2020\/04\/23\/la-fifa-fallo-en-favor-de-clubes-colombianos\/","title":{"rendered":"La FIFA fall\u00f3 en favor de clubes colombianos"},"content":{"rendered":"<p style=\"text-align: justify;\"><span style=\"font-family: helvetica, arial, sans-serif;\">La <strong>FIFA<\/strong> favoreci\u00f3 a <strong>Atl\u00e9tico Nacional<\/strong> y <strong>Cortulu\u00e1<\/strong>\u00a0en el proceso que los equipos colombianos sosten\u00edan contra <strong>Palmeiras<\/strong> de <strong>Brasil,<\/strong> por los derechos deportivos del delantero cordob\u00e9s<strong> Miguel \u00c1ngel Borja<\/strong>, quien actualmente milita en el <strong>Junior.<\/strong><\/span><\/p>\n<p style=\"text-align: justify;\"><span style=\"font-family: helvetica, arial, sans-serif;\">La<strong> Comisi\u00f3n del Estatuto<\/strong> del jugador determin\u00f3 que el equipo paulista deber\u00e1 pagar 3 millones de d\u00f3lares m\u00e1s intereses, que se distribuir\u00e1n as\u00ed; el 70 % al \u2018verde paisa\u2019 y el restante 30 % a los del \u2018coraz\u00f3n del Valle\u2019.<\/span><\/p>\n<p style=\"text-align: justify;\"><span style=\"font-family: helvetica, arial, sans-serif;\">Palmeiras tiene 45 d\u00edas para cumplir con el pago; de lo contrario no podr\u00e1 inscribir jugadores para ning\u00fan tipo de competici\u00f3n.<\/span><\/p>\n<p><a href=\"https:\/\/futbolhoy.co\/wp-content\/uploads\/2020\/04\/EWPmLk5WoAAmi5Y.jpg\"><img fetchpriority=\"high\" decoding=\"async\" class=\"aligncenter size-full wp-image-50387\" src=\"https:\/\/futbolhoy.co\/wp-content\/uploads\/2020\/04\/EWPmLk5WoAAmi5Y.jpg\" alt=\"\" width=\"719\" height=\"898\" srcset=\"https:\/\/futbolhoy.co\/wp-content\/uploads\/2020\/04\/EWPmLk5WoAAmi5Y.jpg 719w, https:\/\/futbolhoy.co\/wp-content\/uploads\/2020\/04\/EWPmLk5WoAAmi5Y-240x300.jpg 240w, https:\/\/futbolhoy.co\/wp-content\/uploads\/2020\/04\/EWPmLk5WoAAmi5Y-696x869.jpg 696w, https:\/\/futbolhoy.co\/wp-content\/uploads\/2020\/04\/EWPmLk5WoAAmi5Y-336x420.jpg 336w, https:\/\/futbolhoy.co\/wp-content\/uploads\/2020\/04\/EWPmLk5WoAAmi5Y-102x128.jpg 102w, https:\/\/futbolhoy.co\/wp-content\/uploads\/2020\/04\/EWPmLk5WoAAmi5Y-26x32.jpg 26w\" sizes=\"(max-width: 719px) 100vw, 719px\" \/><\/a><\/p>\n","protected":false},"excerpt":{"rendered":"<p>La FIFA favoreci\u00f3 a Atl\u00e9tico Nacional y Cortulu\u00e1\u00a0en el proceso que los equipos colombianos sosten\u00edan contra Palmeiras de Brasil, por los derechos deportivos del delantero cordob\u00e9s Miguel \u00c1ngel Borja, quien actualmente milita en el Junior. La Comisi\u00f3n del Estatuto del jugador determin\u00f3 que el equipo paulista deber\u00e1 pagar 3 millones de d\u00f3lares m\u00e1s intereses, que [&hellip;]<\/p>\n","protected":false},"author":5,"featured_media":38928,"comment_status":"open","ping_status":"open","sticky":false,"template":"","format":"standard","meta":{"_acf_changed":false,"footnotes":""},"categories":[152],"tags":[256,92,147],"class_list":{"0":"post-50386","1":"post","2":"type-post","3":"status-publish","4":"format-standard","5":"has-post-thumbnail","7":"category-mundo-futbol","8":"tag-cortulua","9":"tag-fifa","10":"tag-nacional"},"acf":[],"yoast_head":"<!-- This site is optimized with the Yoast SEO plugin v26.8 - https:\/\/yoast.com\/product\/yoast-seo-wordpress\/ -->\n<title>La FIFA fall\u00f3 en favor de clubes colombianos -<\/title>\n<meta name=\"robots\" content=\"index, follow, max-snippet:-1, max-image-preview:large, max-video-preview:-1\" \/>\n<link rel=\"canonical\" href=\"https:\/\/futbolhoy.co\/index.php\/2020\/04\/23\/la-fifa-fallo-en-favor-de-clubes-colombianos\/\" \/>\n<meta property=\"og:locale\" content=\"es_ES\" \/>\n<meta property=\"og:type\" content=\"article\" \/>\n<meta property=\"og:title\" content=\"La FIFA fall\u00f3 en favor de clubes colombianos -\" \/>\n<meta property=\"og:description\" content=\"La FIFA favoreci\u00f3 a Atl\u00e9tico Nacional y Cortulu\u00e1\u00a0en el proceso que los equipos colombianos sosten\u00edan contra Palmeiras de Brasil, por los derechos deportivos del delantero cordob\u00e9s Miguel \u00c1ngel Borja, quien actualmente milita en el Junior. La Comisi\u00f3n del Estatuto del jugador determin\u00f3 que el equipo paulista deber\u00e1 pagar 3 millones de d\u00f3lares m\u00e1s intereses, que [&hellip;]\" \/>\n<meta property=\"og:url\" content=\"https:\/\/futbolhoy.co\/index.php\/2020\/04\/23\/la-fifa-fallo-en-favor-de-clubes-colombianos\/\" \/>\n<meta property=\"article:publisher\" content=\"https:\/\/www.facebook.com\/FutbolHoyCol\/\" \/>\n<meta property=\"article:published_time\" content=\"2020-04-23T12:02:04+00:00\" \/>\n<meta property=\"article:modified_time\" content=\"2020-04-23T23:39:53+00:00\" \/>\n<meta property=\"og:image\" content=\"https:\/\/futbolhoy.co\/wp-content\/uploads\/2019\/07\/Borja.jpg\" \/>\n\t<meta property=\"og:image:width\" content=\"1500\" \/>\n\t<meta property=\"og:image:height\" content=\"922\" \/>\n\t<meta property=\"og:image:type\" content=\"image\/jpeg\" \/>\n<meta name=\"author\" content=\"Laura Hern\u00e1ndez\" \/>\n<meta name=\"twitter:card\" content=\"summary_large_image\" \/>\n<meta name=\"twitter:creator\" content=\"@FutbolHoyCol\" \/>\n<meta name=\"twitter:site\" content=\"@FutbolHoyCol\" \/>\n<meta name=\"twitter:label1\" content=\"Escrito por\" \/>\n\t<meta name=\"twitter:data1\" content=\"Laura Hern\u00e1ndez\" \/>\n\t<meta name=\"twitter:label2\" content=\"Tiempo de lectura\" \/>\n\t<meta name=\"twitter:data2\" content=\"1 minuto\" \/>\n<script type=\"application\/ld+json\" class=\"yoast-schema-graph\">{\"@context\":\"https:\/\/schema.org\",\"@graph\":[{\"@type\":\"Article\",\"@id\":\"https:\/\/futbolhoy.co\/index.php\/2020\/04\/23\/la-fifa-fallo-en-favor-de-clubes-colombianos\/#article\",\"isPartOf\":{\"@id\":\"https:\/\/futbolhoy.co\/index.php\/2020\/04\/23\/la-fifa-fallo-en-favor-de-clubes-colombianos\/\"},\"author\":{\"name\":\"Laura Hern\u00e1ndez\",\"@id\":\"https:\/\/futbolhoy.co\/#\/schema\/person\/c4a353a512b127643723a34bb1812f7d\"},\"headline\":\"La FIFA fall\u00f3 en favor de clubes colombianos\",\"datePublished\":\"2020-04-23T12:02:04+00:00\",\"dateModified\":\"2020-04-23T23:39:53+00:00\",\"mainEntityOfPage\":{\"@id\":\"https:\/\/futbolhoy.co\/index.php\/2020\/04\/23\/la-fifa-fallo-en-favor-de-clubes-colombianos\/\"},\"wordCount\":110,\"commentCount\":0,\"publisher\":{\"@id\":\"https:\/\/futbolhoy.co\/#organization\"},\"image\":{\"@id\":\"https:\/\/futbolhoy.co\/index.php\/2020\/04\/23\/la-fifa-fallo-en-favor-de-clubes-colombianos\/#primaryimage\"},\"thumbnailUrl\":\"https:\/\/futbolhoy.co\/wp-content\/uploads\/2019\/07\/Borja.jpg\",\"keywords\":[\"Cortulu\u00e1\",\"FIFA\",\"Nacional\"],\"articleSection\":[\"Mundo Futbol\"],\"inLanguage\":\"es\",\"potentialAction\":[{\"@type\":\"CommentAction\",\"name\":\"Comment\",\"target\":[\"https:\/\/futbolhoy.co\/index.php\/2020\/04\/23\/la-fifa-fallo-en-favor-de-clubes-colombianos\/#respond\"]}]},{\"@type\":\"WebPage\",\"@id\":\"https:\/\/futbolhoy.co\/index.php\/2020\/04\/23\/la-fifa-fallo-en-favor-de-clubes-colombianos\/\",\"url\":\"https:\/\/futbolhoy.co\/index.php\/2020\/04\/23\/la-fifa-fallo-en-favor-de-clubes-colombianos\/\",\"name\":\"La FIFA fall\u00f3 en favor de clubes colombianos -\",\"isPartOf\":{\"@id\":\"https:\/\/futbolhoy.co\/#website\"},\"primaryImageOfPage\":{\"@id\":\"https:\/\/futbolhoy.co\/index.php\/2020\/04\/23\/la-fifa-fallo-en-favor-de-clubes-colombianos\/#primaryimage\"},\"image\":{\"@id\":\"https:\/\/futbolhoy.co\/index.php\/2020\/04\/23\/la-fifa-fallo-en-favor-de-clubes-colombianos\/#primaryimage\"},\"thumbnailUrl\":\"https:\/\/futbolhoy.co\/wp-content\/uploads\/2019\/07\/Borja.jpg\",\"datePublished\":\"2020-04-23T12:02:04+00:00\",\"dateModified\":\"2020-04-23T23:39:53+00:00\",\"breadcrumb\":{\"@id\":\"https:\/\/futbolhoy.co\/index.php\/2020\/04\/23\/la-fifa-fallo-en-favor-de-clubes-colombianos\/#breadcrumb\"},\"inLanguage\":\"es\",\"potentialAction\":[{\"@type\":\"ReadAction\",\"target\":[\"https:\/\/futbolhoy.co\/index.php\/2020\/04\/23\/la-fifa-fallo-en-favor-de-clubes-colombianos\/\"]}]},{\"@type\":\"ImageObject\",\"inLanguage\":\"es\",\"@id\":\"https:\/\/futbolhoy.co\/index.php\/2020\/04\/23\/la-fifa-fallo-en-favor-de-clubes-colombianos\/#primaryimage\",\"url\":\"https:\/\/futbolhoy.co\/wp-content\/uploads\/2019\/07\/Borja.jpg\",\"contentUrl\":\"https:\/\/futbolhoy.co\/wp-content\/uploads\/2019\/07\/Borja.jpg\",\"width\":1500,\"height\":922,\"caption\":\"@Palmeiras\"},{\"@type\":\"BreadcrumbList\",\"@id\":\"https:\/\/futbolhoy.co\/index.php\/2020\/04\/23\/la-fifa-fallo-en-favor-de-clubes-colombianos\/#breadcrumb\",\"itemListElement\":[{\"@type\":\"ListItem\",\"position\":1,\"name\":\"Portada\",\"item\":\"https:\/\/futbolhoy.co\/\"},{\"@type\":\"ListItem\",\"position\":2,\"name\":\"La FIFA fall\u00f3 en favor de clubes colombianos\"}]},{\"@type\":\"WebSite\",\"@id\":\"https:\/\/futbolhoy.co\/#website\",\"url\":\"https:\/\/futbolhoy.co\/\",\"name\":\"FutbolHoy\",\"description\":\"\",\"publisher\":{\"@id\":\"https:\/\/futbolhoy.co\/#organization\"},\"potentialAction\":[{\"@type\":\"SearchAction\",\"target\":{\"@type\":\"EntryPoint\",\"urlTemplate\":\"https:\/\/futbolhoy.co\/?s={search_term_string}\"},\"query-input\":{\"@type\":\"PropertyValueSpecification\",\"valueRequired\":true,\"valueName\":\"search_term_string\"}}],\"inLanguage\":\"es\"},{\"@type\":\"Organization\",\"@id\":\"https:\/\/futbolhoy.co\/#organization\",\"name\":\"Futbolhoy.co\",\"url\":\"https:\/\/futbolhoy.co\/\",\"logo\":{\"@type\":\"ImageObject\",\"inLanguage\":\"es\",\"@id\":\"https:\/\/futbolhoy.co\/#\/schema\/logo\/image\/\",\"url\":\"https:\/\/futbolhoy.co\/wp-content\/uploads\/2018\/08\/17426380_1906371736249227_6326180412931521141_n.jpg\",\"contentUrl\":\"https:\/\/futbolhoy.co\/wp-content\/uploads\/2018\/08\/17426380_1906371736249227_6326180412931521141_n.jpg\",\"width\":960,\"height\":960,\"caption\":\"Futbolhoy.co\"},\"image\":{\"@id\":\"https:\/\/futbolhoy.co\/#\/schema\/logo\/image\/\"},\"sameAs\":[\"https:\/\/www.facebook.com\/FutbolHoyCol\/\",\"https:\/\/x.com\/FutbolHoyCol\",\"https:\/\/www.instagram.com\/futbolhoycol\/\"]},{\"@type\":\"Person\",\"@id\":\"https:\/\/futbolhoy.co\/#\/schema\/person\/c4a353a512b127643723a34bb1812f7d\",\"name\":\"Laura Hern\u00e1ndez\",\"image\":{\"@type\":\"ImageObject\",\"inLanguage\":\"es\",\"@id\":\"https:\/\/futbolhoy.co\/#\/schema\/person\/image\/\",\"url\":\"https:\/\/secure.gravatar.com\/avatar\/d25959a15b9b293a743f99181c7cfd01?s=96&d=mm&r=g\",\"contentUrl\":\"https:\/\/secure.gravatar.com\/avatar\/d25959a15b9b293a743f99181c7cfd01?s=96&d=mm&r=g\",\"caption\":\"Laura Hern\u00e1ndez\"}}]}<\/script>\n<!-- \/ Yoast SEO plugin. -->","yoast_head_json":{"title":"La FIFA fall\u00f3 en favor de clubes colombianos -","robots":{"index":"index","follow":"follow","max-snippet":"max-snippet:-1","max-image-preview":"max-image-preview:large","max-video-preview":"max-video-preview:-1"},"canonical":"https:\/\/futbolhoy.co\/index.php\/2020\/04\/23\/la-fifa-fallo-en-favor-de-clubes-colombianos\/","og_locale":"es_ES","og_type":"article","og_title":"La FIFA fall\u00f3 en favor de clubes colombianos -","og_description":"La FIFA favoreci\u00f3 a Atl\u00e9tico Nacional y Cortulu\u00e1\u00a0en el proceso que los equipos colombianos sosten\u00edan contra Palmeiras de Brasil, por los derechos deportivos del delantero cordob\u00e9s Miguel \u00c1ngel Borja, quien actualmente milita en el Junior. La Comisi\u00f3n del Estatuto del jugador determin\u00f3 que el equipo paulista deber\u00e1 pagar 3 millones de d\u00f3lares m\u00e1s intereses, que [&hellip;]","og_url":"https:\/\/futbolhoy.co\/index.php\/2020\/04\/23\/la-fifa-fallo-en-favor-de-clubes-colombianos\/","article_publisher":"https:\/\/www.facebook.com\/FutbolHoyCol\/","article_published_time":"2020-04-23T12:02:04+00:00","article_modified_time":"2020-04-23T23:39:53+00:00","og_image":[{"width":1500,"height":922,"url":"https:\/\/futbolhoy.co\/wp-content\/uploads\/2019\/07\/Borja.jpg","type":"image\/jpeg"}],"author":"Laura Hern\u00e1ndez","twitter_card":"summary_large_image","twitter_creator":"@FutbolHoyCol","twitter_site":"@FutbolHoyCol","twitter_misc":{"Escrito por":"Laura Hern\u00e1ndez","Tiempo de lectura":"1 minuto"},"schema":{"@context":"https:\/\/schema.org","@graph":[{"@type":"Article","@id":"https:\/\/futbolhoy.co\/index.php\/2020\/04\/23\/la-fifa-fallo-en-favor-de-clubes-colombianos\/#article","isPartOf":{"@id":"https:\/\/futbolhoy.co\/index.php\/2020\/04\/23\/la-fifa-fallo-en-favor-de-clubes-colombianos\/"},"author":{"name":"Laura Hern\u00e1ndez","@id":"https:\/\/futbolhoy.co\/#\/schema\/person\/c4a353a512b127643723a34bb1812f7d"},"headline":"La FIFA fall\u00f3 en favor de clubes colombianos","datePublished":"2020-04-23T12:02:04+00:00","dateModified":"2020-04-23T23:39:53+00:00","mainEntityOfPage":{"@id":"https:\/\/futbolhoy.co\/index.php\/2020\/04\/23\/la-fifa-fallo-en-favor-de-clubes-colombianos\/"},"wordCount":110,"commentCount":0,"publisher":{"@id":"https:\/\/futbolhoy.co\/#organization"},"image":{"@id":"https:\/\/futbolhoy.co\/index.php\/2020\/04\/23\/la-fifa-fallo-en-favor-de-clubes-colombianos\/#primaryimage"},"thumbnailUrl":"https:\/\/futbolhoy.co\/wp-content\/uploads\/2019\/07\/Borja.jpg","keywords":["Cortulu\u00e1","FIFA","Nacional"],"articleSection":["Mundo Futbol"],"inLanguage":"es","potentialAction":[{"@type":"CommentAction","name":"Comment","target":["https:\/\/futbolhoy.co\/index.php\/2020\/04\/23\/la-fifa-fallo-en-favor-de-clubes-colombianos\/#respond"]}]},{"@type":"WebPage","@id":"https:\/\/futbolhoy.co\/index.php\/2020\/04\/23\/la-fifa-fallo-en-favor-de-clubes-colombianos\/","url":"https:\/\/futbolhoy.co\/index.php\/2020\/04\/23\/la-fifa-fallo-en-favor-de-clubes-colombianos\/","name":"La FIFA fall\u00f3 en favor de clubes colombianos -","isPartOf":{"@id":"https:\/\/futbolhoy.co\/#website"},"primaryImageOfPage":{"@id":"https:\/\/futbolhoy.co\/index.php\/2020\/04\/23\/la-fifa-fallo-en-favor-de-clubes-colombianos\/#primaryimage"},"image":{"@id":"https:\/\/futbolhoy.co\/index.php\/2020\/04\/23\/la-fifa-fallo-en-favor-de-clubes-colombianos\/#primaryimage"},"thumbnailUrl":"https:\/\/futbolhoy.co\/wp-content\/uploads\/2019\/07\/Borja.jpg","datePublished":"2020-04-23T12:02:04+00:00","dateModified":"2020-04-23T23:39:53+00:00","breadcrumb":{"@id":"https:\/\/futbolhoy.co\/index.php\/2020\/04\/23\/la-fifa-fallo-en-favor-de-clubes-colombianos\/#breadcrumb"},"inLanguage":"es","potentialAction":[{"@type":"ReadAction","target":["https:\/\/futbolhoy.co\/index.php\/2020\/04\/23\/la-fifa-fallo-en-favor-de-clubes-colombianos\/"]}]},{"@type":"ImageObject","inLanguage":"es","@id":"https:\/\/futbolhoy.co\/index.php\/2020\/04\/23\/la-fifa-fallo-en-favor-de-clubes-colombianos\/#primaryimage","url":"https:\/\/futbolhoy.co\/wp-content\/uploads\/2019\/07\/Borja.jpg","contentUrl":"https:\/\/futbolhoy.co\/wp-content\/uploads\/2019\/07\/Borja.jpg","width":1500,"height":922,"caption":"@Palmeiras"},{"@type":"BreadcrumbList","@id":"https:\/\/futbolhoy.co\/index.php\/2020\/04\/23\/la-fifa-fallo-en-favor-de-clubes-colombianos\/#breadcrumb","itemListElement":[{"@type":"ListItem","position":1,"name":"Portada","item":"https:\/\/futbolhoy.co\/"},{"@type":"ListItem","position":2,"name":"La FIFA fall\u00f3 en favor de clubes colombianos"}]},{"@type":"WebSite","@id":"https:\/\/futbolhoy.co\/#website","url":"https:\/\/futbolhoy.co\/","name":"FutbolHoy","description":"","publisher":{"@id":"https:\/\/futbolhoy.co\/#organization"},"potentialAction":[{"@type":"SearchAction","target":{"@type":"EntryPoint","urlTemplate":"https:\/\/futbolhoy.co\/?s={search_term_string}"},"query-input":{"@type":"PropertyValueSpecification","valueRequired":true,"valueName":"search_term_string"}}],"inLanguage":"es"},{"@type":"Organization","@id":"https:\/\/futbolhoy.co\/#organization","name":"Futbolhoy.co","url":"https:\/\/futbolhoy.co\/","logo":{"@type":"ImageObject","inLanguage":"es","@id":"https:\/\/futbolhoy.co\/#\/schema\/logo\/image\/","url":"https:\/\/futbolhoy.co\/wp-content\/uploads\/2018\/08\/17426380_1906371736249227_6326180412931521141_n.jpg","contentUrl":"https:\/\/futbolhoy.co\/wp-content\/uploads\/2018\/08\/17426380_1906371736249227_6326180412931521141_n.jpg","width":960,"height":960,"caption":"Futbolhoy.co"},"image":{"@id":"https:\/\/futbolhoy.co\/#\/schema\/logo\/image\/"},"sameAs":["https:\/\/www.facebook.com\/FutbolHoyCol\/","https:\/\/x.com\/FutbolHoyCol","https:\/\/www.instagram.com\/futbolhoycol\/"]},{"@type":"Person","@id":"https:\/\/futbolhoy.co\/#\/schema\/person\/c4a353a512b127643723a34bb1812f7d","name":"Laura Hern\u00e1ndez","image":{"@type":"ImageObject","inLanguage":"es","@id":"https:\/\/futbolhoy.co\/#\/schema\/person\/image\/","url":"https:\/\/secure.gravatar.com\/avatar\/d25959a15b9b293a743f99181c7cfd01?s=96&d=mm&r=g","contentUrl":"https:\/\/secure.gravatar.com\/avatar\/d25959a15b9b293a743f99181c7cfd01?s=96&d=mm&r=g","caption":"Laura Hern\u00e1ndez"}}]}},"publishpress_future_action":{"enabled":false,"date":"2026-05-04 13:02:49","action":"change-status","newStatus":"draft","terms":[],"taxonomy":"category","extraData":[]},"publishpress_future_workflow_manual_trigger":{"enabledWorkflows":[]},"_links":{"self":[{"href":"https:\/\/futbolhoy.co\/index.php\/wp-json\/wp\/v2\/posts\/50386","targetHints":{"allow":["GET"]}}],"collection":[{"href":"https:\/\/futbolhoy.co\/index.php\/wp-json\/wp\/v2\/posts"}],"about":[{"href":"https:\/\/futbolhoy.co\/index.php\/wp-json\/wp\/v2\/types\/post"}],"author":[{"embeddable":true,"href":"https:\/\/futbolhoy.co\/index.php\/wp-json\/wp\/v2\/users\/5"}],"replies":[{"embeddable":true,"href":"https:\/\/futbolhoy.co\/index.php\/wp-json\/wp\/v2\/comments?post=50386"}],"version-history":[{"count":1,"href":"https:\/\/futbolhoy.co\/index.php\/wp-json\/wp\/v2\/posts\/50386\/revisions"}],"predecessor-version":[{"id":50388,"href":"https:\/\/futbolhoy.co\/index.php\/wp-json\/wp\/v2\/posts\/50386\/revisions\/50388"}],"wp:featuredmedia":[{"embeddable":true,"href":"https:\/\/futbolhoy.co\/index.php\/wp-json\/wp\/v2\/media\/38928"}],"wp:attachment":[{"href":"https:\/\/futbolhoy.co\/index.php\/wp-json\/wp\/v2\/media?parent=50386"}],"wp:term":[{"taxonomy":"category","embeddable":true,"href":"https:\/\/futbolhoy.co\/index.php\/wp-json\/wp\/v2\/categories?post=50386"},{"taxonomy":"post_tag","embeddable":true,"href":"https:\/\/futbolhoy.co\/index.php\/wp-json\/wp\/v2\/tags?post=50386"}],"curies":[{"name":"wp","href":"https:\/\/api.w.org\/{rel}","templated":true}]}}