{"id":50403,"date":"2020-04-23T11:00:01","date_gmt":"2020-04-23T16:00:01","guid":{"rendered":"https:\/\/futbolhoy.co\/?p=50403"},"modified":"2020-04-23T18:40:21","modified_gmt":"2020-04-23T23:40:21","slug":"messi-es-provocador-cr7-arrogante-y-raul-egocentrico-dudek","status":"publish","type":"post","link":"https:\/\/futbolhoy.co\/index.php\/2020\/04\/23\/messi-es-provocador-cr7-arrogante-y-raul-egocentrico-dudek\/","title":{"rendered":"\u201cMessi es provocador, CR7 arrogante y Ra\u00fal egoc\u00e9ntrico\u201d: Dudek"},"content":{"rendered":"<p style=\"text-align: justify;\"><span style=\"font-family: helvetica, arial, sans-serif;\">El ex arquero polaco <strong>Jerzy Dudek,<\/strong> en su libro \"<em>Un camino no real<\/em>\", critic\u00f3 severamente al <strong>Barcelona<\/strong> de <strong>Pep Guardiola,<\/strong> del cual se\u00f1al\u00f3 era provocador y falso; mientras que del argentino <strong>Lionel Messi<\/strong> indic\u00f3 que dec\u00eda muchas groser\u00edas a sus compa\u00f1eros <strong>Pepe<\/strong> y <strong>Sergio Ramos<\/strong> en el <strong>Real Madrid.<\/strong><\/span><\/p>\n<p style=\"text-align: justify;\"><span style=\"font-family: helvetica, arial, sans-serif;\">Dudek, quien hizo parte de la plantilla del club espa\u00f1ol entre 2007 y 2011, tambi\u00e9n tuvo comentarios sobre las m\u00e1ximas figuras del equipo \u2018merengue\u2019 durante su permanencia en la \u2018casa blanca\u2019, <strong>Cristiano Ronaldo<\/strong> y <strong>Ra\u00fal.<\/strong><\/span><\/p>\n<p style=\"text-align: justify;\"><span style=\"font-family: helvetica, arial, sans-serif;\">\u201cCR7 es arrogante, pero aut\u00e9ntico, Cristiano es lo que demuestra; mientras que Ra\u00fal es egoc\u00e9ntrico y los dos prefer\u00edan que el equipo ganara 2-1 con goles suyos, y no 5-0 con anotaciones de otros\u201d, destac\u00f3 Dudek.<\/span><\/p>\n","protected":false},"excerpt":{"rendered":"<p>El ex arquero polaco Jerzy Dudek, en su libro \"Un camino no real\", critic\u00f3 severamente al Barcelona de Pep Guardiola, del cual se\u00f1al\u00f3 era provocador y falso; mientras que del argentino Lionel Messi indic\u00f3 que dec\u00eda muchas groser\u00edas a sus compa\u00f1eros Pepe y Sergio Ramos en el Real Madrid. Dudek, quien hizo parte de la [&hellip;]<\/p>\n","protected":false},"author":5,"featured_media":50404,"comment_status":"open","ping_status":"open","sticky":false,"template":"","format":"standard","meta":{"_acf_changed":false,"footnotes":""},"categories":[152],"tags":[392,1825,82,1826],"class_list":{"0":"post-50403","1":"post","2":"type-post","3":"status-publish","4":"format-standard","5":"has-post-thumbnail","7":"category-mundo-futbol","8":"tag-cristiano-ronaldo","9":"tag-jerzy-dudek","10":"tag-lionel-messi","11":"tag-raul-gonzalez"},"acf":[],"yoast_head":"<!-- This site is optimized with the Yoast SEO plugin v26.8 - https:\/\/yoast.com\/product\/yoast-seo-wordpress\/ -->\n<title>\u201cMessi es provocador, CR7 arrogante y Ra\u00fal egoc\u00e9ntrico\u201d: Dudek -<\/title>\n<meta name=\"robots\" content=\"index, follow, max-snippet:-1, max-image-preview:large, max-video-preview:-1\" \/>\n<link rel=\"canonical\" href=\"https:\/\/futbolhoy.co\/index.php\/2020\/04\/23\/messi-es-provocador-cr7-arrogante-y-raul-egocentrico-dudek\/\" \/>\n<meta property=\"og:locale\" content=\"es_ES\" \/>\n<meta property=\"og:type\" content=\"article\" \/>\n<meta property=\"og:title\" content=\"\u201cMessi es provocador, CR7 arrogante y Ra\u00fal egoc\u00e9ntrico\u201d: Dudek -\" \/>\n<meta property=\"og:description\" content=\"El ex arquero polaco Jerzy Dudek, en su libro &quot;Un camino no real&quot;, critic\u00f3 severamente al Barcelona de Pep Guardiola, del cual se\u00f1al\u00f3 era provocador y falso; mientras que del argentino Lionel Messi indic\u00f3 que dec\u00eda muchas groser\u00edas a sus compa\u00f1eros Pepe y Sergio Ramos en el Real Madrid. Dudek, quien hizo parte de la [&hellip;]\" \/>\n<meta property=\"og:url\" content=\"https:\/\/futbolhoy.co\/index.php\/2020\/04\/23\/messi-es-provocador-cr7-arrogante-y-raul-egocentrico-dudek\/\" \/>\n<meta property=\"article:publisher\" content=\"https:\/\/www.facebook.com\/FutbolHoyCol\/\" \/>\n<meta property=\"article:published_time\" content=\"2020-04-23T16:00:01+00:00\" \/>\n<meta property=\"article:modified_time\" content=\"2020-04-23T23:40:21+00:00\" \/>\n<meta property=\"og:image\" content=\"https:\/\/futbolhoy.co\/wp-content\/uploads\/2020\/04\/dudek.png\" \/>\n\t<meta property=\"og:image:width\" content=\"800\" \/>\n\t<meta property=\"og:image:height\" content=\"873\" \/>\n\t<meta property=\"og:image:type\" content=\"image\/png\" \/>\n<meta name=\"author\" content=\"Laura Hern\u00e1ndez\" \/>\n<meta name=\"twitter:card\" content=\"summary_large_image\" \/>\n<meta name=\"twitter:creator\" content=\"@FutbolHoyCol\" \/>\n<meta name=\"twitter:site\" content=\"@FutbolHoyCol\" \/>\n<meta name=\"twitter:label1\" content=\"Escrito por\" \/>\n\t<meta name=\"twitter:data1\" content=\"Laura Hern\u00e1ndez\" \/>\n\t<meta name=\"twitter:label2\" content=\"Tiempo de lectura\" \/>\n\t<meta name=\"twitter:data2\" content=\"1 minuto\" \/>\n<script type=\"application\/ld+json\" class=\"yoast-schema-graph\">{\"@context\":\"https:\/\/schema.org\",\"@graph\":[{\"@type\":\"Article\",\"@id\":\"https:\/\/futbolhoy.co\/index.php\/2020\/04\/23\/messi-es-provocador-cr7-arrogante-y-raul-egocentrico-dudek\/#article\",\"isPartOf\":{\"@id\":\"https:\/\/futbolhoy.co\/index.php\/2020\/04\/23\/messi-es-provocador-cr7-arrogante-y-raul-egocentrico-dudek\/\"},\"author\":{\"name\":\"Laura Hern\u00e1ndez\",\"@id\":\"https:\/\/futbolhoy.co\/#\/schema\/person\/c4a353a512b127643723a34bb1812f7d\"},\"headline\":\"\u201cMessi es provocador, CR7 arrogante y Ra\u00fal egoc\u00e9ntrico\u201d: Dudek\",\"datePublished\":\"2020-04-23T16:00:01+00:00\",\"dateModified\":\"2020-04-23T23:40:21+00:00\",\"mainEntityOfPage\":{\"@id\":\"https:\/\/futbolhoy.co\/index.php\/2020\/04\/23\/messi-es-provocador-cr7-arrogante-y-raul-egocentrico-dudek\/\"},\"wordCount\":141,\"commentCount\":0,\"publisher\":{\"@id\":\"https:\/\/futbolhoy.co\/#organization\"},\"image\":{\"@id\":\"https:\/\/futbolhoy.co\/index.php\/2020\/04\/23\/messi-es-provocador-cr7-arrogante-y-raul-egocentrico-dudek\/#primaryimage\"},\"thumbnailUrl\":\"https:\/\/futbolhoy.co\/wp-content\/uploads\/2020\/04\/dudek.png\",\"keywords\":[\"Cristiano Ronaldo\",\"Jerzy Dudek\",\"Lionel Messi\",\"Ra\u00fal Gonz\u00e1lez\"],\"articleSection\":[\"Mundo Futbol\"],\"inLanguage\":\"es\",\"potentialAction\":[{\"@type\":\"CommentAction\",\"name\":\"Comment\",\"target\":[\"https:\/\/futbolhoy.co\/index.php\/2020\/04\/23\/messi-es-provocador-cr7-arrogante-y-raul-egocentrico-dudek\/#respond\"]}]},{\"@type\":\"WebPage\",\"@id\":\"https:\/\/futbolhoy.co\/index.php\/2020\/04\/23\/messi-es-provocador-cr7-arrogante-y-raul-egocentrico-dudek\/\",\"url\":\"https:\/\/futbolhoy.co\/index.php\/2020\/04\/23\/messi-es-provocador-cr7-arrogante-y-raul-egocentrico-dudek\/\",\"name\":\"\u201cMessi es provocador, CR7 arrogante y Ra\u00fal egoc\u00e9ntrico\u201d: Dudek -\",\"isPartOf\":{\"@id\":\"https:\/\/futbolhoy.co\/#website\"},\"primaryImageOfPage\":{\"@id\":\"https:\/\/futbolhoy.co\/index.php\/2020\/04\/23\/messi-es-provocador-cr7-arrogante-y-raul-egocentrico-dudek\/#primaryimage\"},\"image\":{\"@id\":\"https:\/\/futbolhoy.co\/index.php\/2020\/04\/23\/messi-es-provocador-cr7-arrogante-y-raul-egocentrico-dudek\/#primaryimage\"},\"thumbnailUrl\":\"https:\/\/futbolhoy.co\/wp-content\/uploads\/2020\/04\/dudek.png\",\"datePublished\":\"2020-04-23T16:00:01+00:00\",\"dateModified\":\"2020-04-23T23:40:21+00:00\",\"breadcrumb\":{\"@id\":\"https:\/\/futbolhoy.co\/index.php\/2020\/04\/23\/messi-es-provocador-cr7-arrogante-y-raul-egocentrico-dudek\/#breadcrumb\"},\"inLanguage\":\"es\",\"potentialAction\":[{\"@type\":\"ReadAction\",\"target\":[\"https:\/\/futbolhoy.co\/index.php\/2020\/04\/23\/messi-es-provocador-cr7-arrogante-y-raul-egocentrico-dudek\/\"]}]},{\"@type\":\"ImageObject\",\"inLanguage\":\"es\",\"@id\":\"https:\/\/futbolhoy.co\/index.php\/2020\/04\/23\/messi-es-provocador-cr7-arrogante-y-raul-egocentrico-dudek\/#primaryimage\",\"url\":\"https:\/\/futbolhoy.co\/wp-content\/uploads\/2020\/04\/dudek.png\",\"contentUrl\":\"https:\/\/futbolhoy.co\/wp-content\/uploads\/2020\/04\/dudek.png\",\"width\":800,\"height\":873},{\"@type\":\"BreadcrumbList\",\"@id\":\"https:\/\/futbolhoy.co\/index.php\/2020\/04\/23\/messi-es-provocador-cr7-arrogante-y-raul-egocentrico-dudek\/#breadcrumb\",\"itemListElement\":[{\"@type\":\"ListItem\",\"position\":1,\"name\":\"Portada\",\"item\":\"https:\/\/futbolhoy.co\/\"},{\"@type\":\"ListItem\",\"position\":2,\"name\":\"\u201cMessi es provocador, CR7 arrogante y Ra\u00fal egoc\u00e9ntrico\u201d: Dudek\"}]},{\"@type\":\"WebSite\",\"@id\":\"https:\/\/futbolhoy.co\/#website\",\"url\":\"https:\/\/futbolhoy.co\/\",\"name\":\"FutbolHoy\",\"description\":\"\",\"publisher\":{\"@id\":\"https:\/\/futbolhoy.co\/#organization\"},\"potentialAction\":[{\"@type\":\"SearchAction\",\"target\":{\"@type\":\"EntryPoint\",\"urlTemplate\":\"https:\/\/futbolhoy.co\/?s={search_term_string}\"},\"query-input\":{\"@type\":\"PropertyValueSpecification\",\"valueRequired\":true,\"valueName\":\"search_term_string\"}}],\"inLanguage\":\"es\"},{\"@type\":\"Organization\",\"@id\":\"https:\/\/futbolhoy.co\/#organization\",\"name\":\"Futbolhoy.co\",\"url\":\"https:\/\/futbolhoy.co\/\",\"logo\":{\"@type\":\"ImageObject\",\"inLanguage\":\"es\",\"@id\":\"https:\/\/futbolhoy.co\/#\/schema\/logo\/image\/\",\"url\":\"https:\/\/futbolhoy.co\/wp-content\/uploads\/2018\/08\/17426380_1906371736249227_6326180412931521141_n.jpg\",\"contentUrl\":\"https:\/\/futbolhoy.co\/wp-content\/uploads\/2018\/08\/17426380_1906371736249227_6326180412931521141_n.jpg\",\"width\":960,\"height\":960,\"caption\":\"Futbolhoy.co\"},\"image\":{\"@id\":\"https:\/\/futbolhoy.co\/#\/schema\/logo\/image\/\"},\"sameAs\":[\"https:\/\/www.facebook.com\/FutbolHoyCol\/\",\"https:\/\/x.com\/FutbolHoyCol\",\"https:\/\/www.instagram.com\/futbolhoycol\/\"]},{\"@type\":\"Person\",\"@id\":\"https:\/\/futbolhoy.co\/#\/schema\/person\/c4a353a512b127643723a34bb1812f7d\",\"name\":\"Laura Hern\u00e1ndez\",\"image\":{\"@type\":\"ImageObject\",\"inLanguage\":\"es\",\"@id\":\"https:\/\/futbolhoy.co\/#\/schema\/person\/image\/\",\"url\":\"https:\/\/secure.gravatar.com\/avatar\/d25959a15b9b293a743f99181c7cfd01?s=96&d=mm&r=g\",\"contentUrl\":\"https:\/\/secure.gravatar.com\/avatar\/d25959a15b9b293a743f99181c7cfd01?s=96&d=mm&r=g\",\"caption\":\"Laura Hern\u00e1ndez\"}}]}<\/script>\n<!-- \/ Yoast SEO plugin. -->","yoast_head_json":{"title":"\u201cMessi es provocador, CR7 arrogante y Ra\u00fal egoc\u00e9ntrico\u201d: Dudek -","robots":{"index":"index","follow":"follow","max-snippet":"max-snippet:-1","max-image-preview":"max-image-preview:large","max-video-preview":"max-video-preview:-1"},"canonical":"https:\/\/futbolhoy.co\/index.php\/2020\/04\/23\/messi-es-provocador-cr7-arrogante-y-raul-egocentrico-dudek\/","og_locale":"es_ES","og_type":"article","og_title":"\u201cMessi es provocador, CR7 arrogante y Ra\u00fal egoc\u00e9ntrico\u201d: Dudek -","og_description":"El ex arquero polaco Jerzy Dudek, en su libro \"Un camino no real\", critic\u00f3 severamente al Barcelona de Pep Guardiola, del cual se\u00f1al\u00f3 era provocador y falso; mientras que del argentino Lionel Messi indic\u00f3 que dec\u00eda muchas groser\u00edas a sus compa\u00f1eros Pepe y Sergio Ramos en el Real Madrid. Dudek, quien hizo parte de la [&hellip;]","og_url":"https:\/\/futbolhoy.co\/index.php\/2020\/04\/23\/messi-es-provocador-cr7-arrogante-y-raul-egocentrico-dudek\/","article_publisher":"https:\/\/www.facebook.com\/FutbolHoyCol\/","article_published_time":"2020-04-23T16:00:01+00:00","article_modified_time":"2020-04-23T23:40:21+00:00","og_image":[{"width":800,"height":873,"url":"https:\/\/futbolhoy.co\/wp-content\/uploads\/2020\/04\/dudek.png","type":"image\/png"}],"author":"Laura Hern\u00e1ndez","twitter_card":"summary_large_image","twitter_creator":"@FutbolHoyCol","twitter_site":"@FutbolHoyCol","twitter_misc":{"Escrito por":"Laura Hern\u00e1ndez","Tiempo de lectura":"1 minuto"},"schema":{"@context":"https:\/\/schema.org","@graph":[{"@type":"Article","@id":"https:\/\/futbolhoy.co\/index.php\/2020\/04\/23\/messi-es-provocador-cr7-arrogante-y-raul-egocentrico-dudek\/#article","isPartOf":{"@id":"https:\/\/futbolhoy.co\/index.php\/2020\/04\/23\/messi-es-provocador-cr7-arrogante-y-raul-egocentrico-dudek\/"},"author":{"name":"Laura Hern\u00e1ndez","@id":"https:\/\/futbolhoy.co\/#\/schema\/person\/c4a353a512b127643723a34bb1812f7d"},"headline":"\u201cMessi es provocador, CR7 arrogante y Ra\u00fal egoc\u00e9ntrico\u201d: Dudek","datePublished":"2020-04-23T16:00:01+00:00","dateModified":"2020-04-23T23:40:21+00:00","mainEntityOfPage":{"@id":"https:\/\/futbolhoy.co\/index.php\/2020\/04\/23\/messi-es-provocador-cr7-arrogante-y-raul-egocentrico-dudek\/"},"wordCount":141,"commentCount":0,"publisher":{"@id":"https:\/\/futbolhoy.co\/#organization"},"image":{"@id":"https:\/\/futbolhoy.co\/index.php\/2020\/04\/23\/messi-es-provocador-cr7-arrogante-y-raul-egocentrico-dudek\/#primaryimage"},"thumbnailUrl":"https:\/\/futbolhoy.co\/wp-content\/uploads\/2020\/04\/dudek.png","keywords":["Cristiano Ronaldo","Jerzy Dudek","Lionel Messi","Ra\u00fal Gonz\u00e1lez"],"articleSection":["Mundo Futbol"],"inLanguage":"es","potentialAction":[{"@type":"CommentAction","name":"Comment","target":["https:\/\/futbolhoy.co\/index.php\/2020\/04\/23\/messi-es-provocador-cr7-arrogante-y-raul-egocentrico-dudek\/#respond"]}]},{"@type":"WebPage","@id":"https:\/\/futbolhoy.co\/index.php\/2020\/04\/23\/messi-es-provocador-cr7-arrogante-y-raul-egocentrico-dudek\/","url":"https:\/\/futbolhoy.co\/index.php\/2020\/04\/23\/messi-es-provocador-cr7-arrogante-y-raul-egocentrico-dudek\/","name":"\u201cMessi es provocador, CR7 arrogante y Ra\u00fal egoc\u00e9ntrico\u201d: Dudek -","isPartOf":{"@id":"https:\/\/futbolhoy.co\/#website"},"primaryImageOfPage":{"@id":"https:\/\/futbolhoy.co\/index.php\/2020\/04\/23\/messi-es-provocador-cr7-arrogante-y-raul-egocentrico-dudek\/#primaryimage"},"image":{"@id":"https:\/\/futbolhoy.co\/index.php\/2020\/04\/23\/messi-es-provocador-cr7-arrogante-y-raul-egocentrico-dudek\/#primaryimage"},"thumbnailUrl":"https:\/\/futbolhoy.co\/wp-content\/uploads\/2020\/04\/dudek.png","datePublished":"2020-04-23T16:00:01+00:00","dateModified":"2020-04-23T23:40:21+00:00","breadcrumb":{"@id":"https:\/\/futbolhoy.co\/index.php\/2020\/04\/23\/messi-es-provocador-cr7-arrogante-y-raul-egocentrico-dudek\/#breadcrumb"},"inLanguage":"es","potentialAction":[{"@type":"ReadAction","target":["https:\/\/futbolhoy.co\/index.php\/2020\/04\/23\/messi-es-provocador-cr7-arrogante-y-raul-egocentrico-dudek\/"]}]},{"@type":"ImageObject","inLanguage":"es","@id":"https:\/\/futbolhoy.co\/index.php\/2020\/04\/23\/messi-es-provocador-cr7-arrogante-y-raul-egocentrico-dudek\/#primaryimage","url":"https:\/\/futbolhoy.co\/wp-content\/uploads\/2020\/04\/dudek.png","contentUrl":"https:\/\/futbolhoy.co\/wp-content\/uploads\/2020\/04\/dudek.png","width":800,"height":873},{"@type":"BreadcrumbList","@id":"https:\/\/futbolhoy.co\/index.php\/2020\/04\/23\/messi-es-provocador-cr7-arrogante-y-raul-egocentrico-dudek\/#breadcrumb","itemListElement":[{"@type":"ListItem","position":1,"name":"Portada","item":"https:\/\/futbolhoy.co\/"},{"@type":"ListItem","position":2,"name":"\u201cMessi es provocador, CR7 arrogante y Ra\u00fal egoc\u00e9ntrico\u201d: Dudek"}]},{"@type":"WebSite","@id":"https:\/\/futbolhoy.co\/#website","url":"https:\/\/futbolhoy.co\/","name":"FutbolHoy","description":"","publisher":{"@id":"https:\/\/futbolhoy.co\/#organization"},"potentialAction":[{"@type":"SearchAction","target":{"@type":"EntryPoint","urlTemplate":"https:\/\/futbolhoy.co\/?s={search_term_string}"},"query-input":{"@type":"PropertyValueSpecification","valueRequired":true,"valueName":"search_term_string"}}],"inLanguage":"es"},{"@type":"Organization","@id":"https:\/\/futbolhoy.co\/#organization","name":"Futbolhoy.co","url":"https:\/\/futbolhoy.co\/","logo":{"@type":"ImageObject","inLanguage":"es","@id":"https:\/\/futbolhoy.co\/#\/schema\/logo\/image\/","url":"https:\/\/futbolhoy.co\/wp-content\/uploads\/2018\/08\/17426380_1906371736249227_6326180412931521141_n.jpg","contentUrl":"https:\/\/futbolhoy.co\/wp-content\/uploads\/2018\/08\/17426380_1906371736249227_6326180412931521141_n.jpg","width":960,"height":960,"caption":"Futbolhoy.co"},"image":{"@id":"https:\/\/futbolhoy.co\/#\/schema\/logo\/image\/"},"sameAs":["https:\/\/www.facebook.com\/FutbolHoyCol\/","https:\/\/x.com\/FutbolHoyCol","https:\/\/www.instagram.com\/futbolhoycol\/"]},{"@type":"Person","@id":"https:\/\/futbolhoy.co\/#\/schema\/person\/c4a353a512b127643723a34bb1812f7d","name":"Laura Hern\u00e1ndez","image":{"@type":"ImageObject","inLanguage":"es","@id":"https:\/\/futbolhoy.co\/#\/schema\/person\/image\/","url":"https:\/\/secure.gravatar.com\/avatar\/d25959a15b9b293a743f99181c7cfd01?s=96&d=mm&r=g","contentUrl":"https:\/\/secure.gravatar.com\/avatar\/d25959a15b9b293a743f99181c7cfd01?s=96&d=mm&r=g","caption":"Laura Hern\u00e1ndez"}}]}},"publishpress_future_action":{"enabled":false,"date":"2026-05-04 14:31:49","action":"change-status","newStatus":"draft","terms":[],"taxonomy":"category","extraData":[]},"publishpress_future_workflow_manual_trigger":{"enabledWorkflows":[]},"_links":{"self":[{"href":"https:\/\/futbolhoy.co\/index.php\/wp-json\/wp\/v2\/posts\/50403","targetHints":{"allow":["GET"]}}],"collection":[{"href":"https:\/\/futbolhoy.co\/index.php\/wp-json\/wp\/v2\/posts"}],"about":[{"href":"https:\/\/futbolhoy.co\/index.php\/wp-json\/wp\/v2\/types\/post"}],"author":[{"embeddable":true,"href":"https:\/\/futbolhoy.co\/index.php\/wp-json\/wp\/v2\/users\/5"}],"replies":[{"embeddable":true,"href":"https:\/\/futbolhoy.co\/index.php\/wp-json\/wp\/v2\/comments?post=50403"}],"version-history":[{"count":1,"href":"https:\/\/futbolhoy.co\/index.php\/wp-json\/wp\/v2\/posts\/50403\/revisions"}],"predecessor-version":[{"id":50405,"href":"https:\/\/futbolhoy.co\/index.php\/wp-json\/wp\/v2\/posts\/50403\/revisions\/50405"}],"wp:featuredmedia":[{"embeddable":true,"href":"https:\/\/futbolhoy.co\/index.php\/wp-json\/wp\/v2\/media\/50404"}],"wp:attachment":[{"href":"https:\/\/futbolhoy.co\/index.php\/wp-json\/wp\/v2\/media?parent=50403"}],"wp:term":[{"taxonomy":"category","embeddable":true,"href":"https:\/\/futbolhoy.co\/index.php\/wp-json\/wp\/v2\/categories?post=50403"},{"taxonomy":"post_tag","embeddable":true,"href":"https:\/\/futbolhoy.co\/index.php\/wp-json\/wp\/v2\/tags?post=50403"}],"curies":[{"name":"wp","href":"https:\/\/api.w.org\/{rel}","templated":true}]}}