{"id":50473,"date":"2020-04-25T07:00:41","date_gmt":"2020-04-25T12:00:41","guid":{"rendered":"https:\/\/futbolhoy.co\/?p=50473"},"modified":"2020-04-25T17:25:18","modified_gmt":"2020-04-25T22:25:18","slug":"estalla-crisis-en-el-futbol-ecuatoriano","status":"publish","type":"post","link":"https:\/\/futbolhoy.co\/index.php\/2020\/04\/25\/estalla-crisis-en-el-futbol-ecuatoriano\/","title":{"rendered":"Estalla crisis en el f\u00fatbol ecuatoriano"},"content":{"rendered":"<p style=\"text-align: justify\"><span style=\"font-family: helvetica, arial, sans-serif\">La <strong>Federaci\u00f3n Ecuatoriana de F\u00fatbol<\/strong> removi\u00f3 del cargo a su presidente, <strong>Francisco Egas,<\/strong> debido a las permanentes violaciones al estatuto como sobrepasar el presupuesto para contratar al entrenador holand\u00e9s, <strong>Jordi Cruyff,<\/strong> quien dirige la selecci\u00f3n nacional.<\/span><\/p>\n<p style=\"text-align: justify\"><span style=\"font-family: helvetica, arial, sans-serif\">Seis de los nueve miembros de la directiva decidieron reestructurar el ente, por lo que el vicepresidente <strong>Jaime Estrada<\/strong> asumi\u00f3 el m\u00e1ximo cargo, mientras que Egas qued\u00f3 como tercer vocal.<\/span><\/p>\n<p style=\"text-align: justify\"><span style=\"font-family: helvetica, arial, sans-serif\">Egas fue acusado de generar una delicada crisis institucional en la Federaci\u00f3n por su mandato dictatorial, al actuar al margen de los estatutos.<\/span><\/p>\n<p style=\"text-align: justify\"><span style=\"font-family: helvetica, arial, sans-serif\">La contrataci\u00f3n de Cruyff y el espa\u00f1ol <strong>Antonio Cord\u00f3n<\/strong> como director deportivo por cerca de 6 millones de d\u00f3lares, generaron gran malestar al interior de la entidad.<\/span><\/p>\n","protected":false},"excerpt":{"rendered":"<p>La Federaci\u00f3n Ecuatoriana de F\u00fatbol removi\u00f3 del cargo a su presidente, Francisco Egas, debido a las permanentes violaciones al estatuto como sobrepasar el presupuesto para contratar al entrenador holand\u00e9s, Jordi Cruyff, quien dirige la selecci\u00f3n nacional. Seis de los nueve miembros de la directiva decidieron reestructurar el ente, por lo que el vicepresidente Jaime Estrada [&hellip;]<\/p>\n","protected":false},"author":5,"featured_media":37863,"comment_status":"open","ping_status":"open","sticky":false,"template":"","format":"standard","meta":{"_acf_changed":false,"footnotes":""},"categories":[152],"tags":[1830,1831,1806],"class_list":{"0":"post-50473","1":"post","2":"type-post","3":"status-publish","4":"format-standard","5":"has-post-thumbnail","7":"category-mundo-futbol","8":"tag-fef","9":"tag-francisco-egas","10":"tag-jordi-cruyff"},"acf":[],"yoast_head":"<!-- This site is optimized with the Yoast SEO plugin v26.8 - https:\/\/yoast.com\/product\/yoast-seo-wordpress\/ -->\n<title>Estalla crisis en el f\u00fatbol ecuatoriano -<\/title>\n<meta name=\"robots\" content=\"index, follow, max-snippet:-1, max-image-preview:large, max-video-preview:-1\" \/>\n<link rel=\"canonical\" href=\"https:\/\/futbolhoy.co\/index.php\/2020\/04\/25\/estalla-crisis-en-el-futbol-ecuatoriano\/\" \/>\n<meta property=\"og:locale\" content=\"es_ES\" \/>\n<meta property=\"og:type\" content=\"article\" \/>\n<meta property=\"og:title\" content=\"Estalla crisis en el f\u00fatbol ecuatoriano -\" \/>\n<meta property=\"og:description\" content=\"La Federaci\u00f3n Ecuatoriana de F\u00fatbol removi\u00f3 del cargo a su presidente, Francisco Egas, debido a las permanentes violaciones al estatuto como sobrepasar el presupuesto para contratar al entrenador holand\u00e9s, Jordi Cruyff, quien dirige la selecci\u00f3n nacional. Seis de los nueve miembros de la directiva decidieron reestructurar el ente, por lo que el vicepresidente Jaime Estrada [&hellip;]\" \/>\n<meta property=\"og:url\" content=\"https:\/\/futbolhoy.co\/index.php\/2020\/04\/25\/estalla-crisis-en-el-futbol-ecuatoriano\/\" \/>\n<meta property=\"article:publisher\" content=\"https:\/\/www.facebook.com\/FutbolHoyCol\/\" \/>\n<meta property=\"article:published_time\" content=\"2020-04-25T12:00:41+00:00\" \/>\n<meta property=\"article:modified_time\" content=\"2020-04-25T22:25:18+00:00\" \/>\n<meta property=\"og:image\" content=\"https:\/\/futbolhoy.co\/wp-content\/uploads\/2019\/06\/D9o4FDmXUAE2iRV.jpg\" \/>\n\t<meta property=\"og:image:width\" content=\"2048\" \/>\n\t<meta property=\"og:image:height\" content=\"1024\" \/>\n\t<meta property=\"og:image:type\" content=\"image\/jpeg\" \/>\n<meta name=\"author\" content=\"Laura Hern\u00e1ndez\" \/>\n<meta name=\"twitter:card\" content=\"summary_large_image\" \/>\n<meta name=\"twitter:creator\" content=\"@FutbolHoyCol\" \/>\n<meta name=\"twitter:site\" content=\"@FutbolHoyCol\" \/>\n<meta name=\"twitter:label1\" content=\"Escrito por\" \/>\n\t<meta name=\"twitter:data1\" content=\"Laura Hern\u00e1ndez\" \/>\n\t<meta name=\"twitter:label2\" content=\"Tiempo de lectura\" \/>\n\t<meta name=\"twitter:data2\" content=\"1 minuto\" \/>\n<script type=\"application\/ld+json\" class=\"yoast-schema-graph\">{\"@context\":\"https:\/\/schema.org\",\"@graph\":[{\"@type\":\"Article\",\"@id\":\"https:\/\/futbolhoy.co\/index.php\/2020\/04\/25\/estalla-crisis-en-el-futbol-ecuatoriano\/#article\",\"isPartOf\":{\"@id\":\"https:\/\/futbolhoy.co\/index.php\/2020\/04\/25\/estalla-crisis-en-el-futbol-ecuatoriano\/\"},\"author\":{\"name\":\"Laura Hern\u00e1ndez\",\"@id\":\"https:\/\/futbolhoy.co\/#\/schema\/person\/c4a353a512b127643723a34bb1812f7d\"},\"headline\":\"Estalla crisis en el f\u00fatbol ecuatoriano\",\"datePublished\":\"2020-04-25T12:00:41+00:00\",\"dateModified\":\"2020-04-25T22:25:18+00:00\",\"mainEntityOfPage\":{\"@id\":\"https:\/\/futbolhoy.co\/index.php\/2020\/04\/25\/estalla-crisis-en-el-futbol-ecuatoriano\/\"},\"wordCount\":132,\"commentCount\":0,\"publisher\":{\"@id\":\"https:\/\/futbolhoy.co\/#organization\"},\"image\":{\"@id\":\"https:\/\/futbolhoy.co\/index.php\/2020\/04\/25\/estalla-crisis-en-el-futbol-ecuatoriano\/#primaryimage\"},\"thumbnailUrl\":\"https:\/\/futbolhoy.co\/wp-content\/uploads\/2019\/06\/D9o4FDmXUAE2iRV.jpg\",\"keywords\":[\"FEF\",\"Francisco Egas\",\"Jordi Cruyff\"],\"articleSection\":[\"Mundo Futbol\"],\"inLanguage\":\"es\",\"potentialAction\":[{\"@type\":\"CommentAction\",\"name\":\"Comment\",\"target\":[\"https:\/\/futbolhoy.co\/index.php\/2020\/04\/25\/estalla-crisis-en-el-futbol-ecuatoriano\/#respond\"]}]},{\"@type\":\"WebPage\",\"@id\":\"https:\/\/futbolhoy.co\/index.php\/2020\/04\/25\/estalla-crisis-en-el-futbol-ecuatoriano\/\",\"url\":\"https:\/\/futbolhoy.co\/index.php\/2020\/04\/25\/estalla-crisis-en-el-futbol-ecuatoriano\/\",\"name\":\"Estalla crisis en el f\u00fatbol ecuatoriano -\",\"isPartOf\":{\"@id\":\"https:\/\/futbolhoy.co\/#website\"},\"primaryImageOfPage\":{\"@id\":\"https:\/\/futbolhoy.co\/index.php\/2020\/04\/25\/estalla-crisis-en-el-futbol-ecuatoriano\/#primaryimage\"},\"image\":{\"@id\":\"https:\/\/futbolhoy.co\/index.php\/2020\/04\/25\/estalla-crisis-en-el-futbol-ecuatoriano\/#primaryimage\"},\"thumbnailUrl\":\"https:\/\/futbolhoy.co\/wp-content\/uploads\/2019\/06\/D9o4FDmXUAE2iRV.jpg\",\"datePublished\":\"2020-04-25T12:00:41+00:00\",\"dateModified\":\"2020-04-25T22:25:18+00:00\",\"breadcrumb\":{\"@id\":\"https:\/\/futbolhoy.co\/index.php\/2020\/04\/25\/estalla-crisis-en-el-futbol-ecuatoriano\/#breadcrumb\"},\"inLanguage\":\"es\",\"potentialAction\":[{\"@type\":\"ReadAction\",\"target\":[\"https:\/\/futbolhoy.co\/index.php\/2020\/04\/25\/estalla-crisis-en-el-futbol-ecuatoriano\/\"]}]},{\"@type\":\"ImageObject\",\"inLanguage\":\"es\",\"@id\":\"https:\/\/futbolhoy.co\/index.php\/2020\/04\/25\/estalla-crisis-en-el-futbol-ecuatoriano\/#primaryimage\",\"url\":\"https:\/\/futbolhoy.co\/wp-content\/uploads\/2019\/06\/D9o4FDmXUAE2iRV.jpg\",\"contentUrl\":\"https:\/\/futbolhoy.co\/wp-content\/uploads\/2019\/06\/D9o4FDmXUAE2iRV.jpg\",\"width\":2048,\"height\":1024,\"caption\":\"Twitter @FEFEcuador\"},{\"@type\":\"BreadcrumbList\",\"@id\":\"https:\/\/futbolhoy.co\/index.php\/2020\/04\/25\/estalla-crisis-en-el-futbol-ecuatoriano\/#breadcrumb\",\"itemListElement\":[{\"@type\":\"ListItem\",\"position\":1,\"name\":\"Portada\",\"item\":\"https:\/\/futbolhoy.co\/\"},{\"@type\":\"ListItem\",\"position\":2,\"name\":\"Estalla crisis en el f\u00fatbol ecuatoriano\"}]},{\"@type\":\"WebSite\",\"@id\":\"https:\/\/futbolhoy.co\/#website\",\"url\":\"https:\/\/futbolhoy.co\/\",\"name\":\"FutbolHoy\",\"description\":\"\",\"publisher\":{\"@id\":\"https:\/\/futbolhoy.co\/#organization\"},\"potentialAction\":[{\"@type\":\"SearchAction\",\"target\":{\"@type\":\"EntryPoint\",\"urlTemplate\":\"https:\/\/futbolhoy.co\/?s={search_term_string}\"},\"query-input\":{\"@type\":\"PropertyValueSpecification\",\"valueRequired\":true,\"valueName\":\"search_term_string\"}}],\"inLanguage\":\"es\"},{\"@type\":\"Organization\",\"@id\":\"https:\/\/futbolhoy.co\/#organization\",\"name\":\"Futbolhoy.co\",\"url\":\"https:\/\/futbolhoy.co\/\",\"logo\":{\"@type\":\"ImageObject\",\"inLanguage\":\"es\",\"@id\":\"https:\/\/futbolhoy.co\/#\/schema\/logo\/image\/\",\"url\":\"https:\/\/futbolhoy.co\/wp-content\/uploads\/2018\/08\/17426380_1906371736249227_6326180412931521141_n.jpg\",\"contentUrl\":\"https:\/\/futbolhoy.co\/wp-content\/uploads\/2018\/08\/17426380_1906371736249227_6326180412931521141_n.jpg\",\"width\":960,\"height\":960,\"caption\":\"Futbolhoy.co\"},\"image\":{\"@id\":\"https:\/\/futbolhoy.co\/#\/schema\/logo\/image\/\"},\"sameAs\":[\"https:\/\/www.facebook.com\/FutbolHoyCol\/\",\"https:\/\/x.com\/FutbolHoyCol\",\"https:\/\/www.instagram.com\/futbolhoycol\/\"]},{\"@type\":\"Person\",\"@id\":\"https:\/\/futbolhoy.co\/#\/schema\/person\/c4a353a512b127643723a34bb1812f7d\",\"name\":\"Laura Hern\u00e1ndez\",\"image\":{\"@type\":\"ImageObject\",\"inLanguage\":\"es\",\"@id\":\"https:\/\/futbolhoy.co\/#\/schema\/person\/image\/\",\"url\":\"https:\/\/secure.gravatar.com\/avatar\/d25959a15b9b293a743f99181c7cfd01?s=96&d=mm&r=g\",\"contentUrl\":\"https:\/\/secure.gravatar.com\/avatar\/d25959a15b9b293a743f99181c7cfd01?s=96&d=mm&r=g\",\"caption\":\"Laura Hern\u00e1ndez\"}}]}<\/script>\n<!-- \/ Yoast SEO plugin. -->","yoast_head_json":{"title":"Estalla crisis en el f\u00fatbol ecuatoriano -","robots":{"index":"index","follow":"follow","max-snippet":"max-snippet:-1","max-image-preview":"max-image-preview:large","max-video-preview":"max-video-preview:-1"},"canonical":"https:\/\/futbolhoy.co\/index.php\/2020\/04\/25\/estalla-crisis-en-el-futbol-ecuatoriano\/","og_locale":"es_ES","og_type":"article","og_title":"Estalla crisis en el f\u00fatbol ecuatoriano -","og_description":"La Federaci\u00f3n Ecuatoriana de F\u00fatbol removi\u00f3 del cargo a su presidente, Francisco Egas, debido a las permanentes violaciones al estatuto como sobrepasar el presupuesto para contratar al entrenador holand\u00e9s, Jordi Cruyff, quien dirige la selecci\u00f3n nacional. Seis de los nueve miembros de la directiva decidieron reestructurar el ente, por lo que el vicepresidente Jaime Estrada [&hellip;]","og_url":"https:\/\/futbolhoy.co\/index.php\/2020\/04\/25\/estalla-crisis-en-el-futbol-ecuatoriano\/","article_publisher":"https:\/\/www.facebook.com\/FutbolHoyCol\/","article_published_time":"2020-04-25T12:00:41+00:00","article_modified_time":"2020-04-25T22:25:18+00:00","og_image":[{"width":2048,"height":1024,"url":"https:\/\/futbolhoy.co\/wp-content\/uploads\/2019\/06\/D9o4FDmXUAE2iRV.jpg","type":"image\/jpeg"}],"author":"Laura Hern\u00e1ndez","twitter_card":"summary_large_image","twitter_creator":"@FutbolHoyCol","twitter_site":"@FutbolHoyCol","twitter_misc":{"Escrito por":"Laura Hern\u00e1ndez","Tiempo de lectura":"1 minuto"},"schema":{"@context":"https:\/\/schema.org","@graph":[{"@type":"Article","@id":"https:\/\/futbolhoy.co\/index.php\/2020\/04\/25\/estalla-crisis-en-el-futbol-ecuatoriano\/#article","isPartOf":{"@id":"https:\/\/futbolhoy.co\/index.php\/2020\/04\/25\/estalla-crisis-en-el-futbol-ecuatoriano\/"},"author":{"name":"Laura Hern\u00e1ndez","@id":"https:\/\/futbolhoy.co\/#\/schema\/person\/c4a353a512b127643723a34bb1812f7d"},"headline":"Estalla crisis en el f\u00fatbol ecuatoriano","datePublished":"2020-04-25T12:00:41+00:00","dateModified":"2020-04-25T22:25:18+00:00","mainEntityOfPage":{"@id":"https:\/\/futbolhoy.co\/index.php\/2020\/04\/25\/estalla-crisis-en-el-futbol-ecuatoriano\/"},"wordCount":132,"commentCount":0,"publisher":{"@id":"https:\/\/futbolhoy.co\/#organization"},"image":{"@id":"https:\/\/futbolhoy.co\/index.php\/2020\/04\/25\/estalla-crisis-en-el-futbol-ecuatoriano\/#primaryimage"},"thumbnailUrl":"https:\/\/futbolhoy.co\/wp-content\/uploads\/2019\/06\/D9o4FDmXUAE2iRV.jpg","keywords":["FEF","Francisco Egas","Jordi Cruyff"],"articleSection":["Mundo Futbol"],"inLanguage":"es","potentialAction":[{"@type":"CommentAction","name":"Comment","target":["https:\/\/futbolhoy.co\/index.php\/2020\/04\/25\/estalla-crisis-en-el-futbol-ecuatoriano\/#respond"]}]},{"@type":"WebPage","@id":"https:\/\/futbolhoy.co\/index.php\/2020\/04\/25\/estalla-crisis-en-el-futbol-ecuatoriano\/","url":"https:\/\/futbolhoy.co\/index.php\/2020\/04\/25\/estalla-crisis-en-el-futbol-ecuatoriano\/","name":"Estalla crisis en el f\u00fatbol ecuatoriano -","isPartOf":{"@id":"https:\/\/futbolhoy.co\/#website"},"primaryImageOfPage":{"@id":"https:\/\/futbolhoy.co\/index.php\/2020\/04\/25\/estalla-crisis-en-el-futbol-ecuatoriano\/#primaryimage"},"image":{"@id":"https:\/\/futbolhoy.co\/index.php\/2020\/04\/25\/estalla-crisis-en-el-futbol-ecuatoriano\/#primaryimage"},"thumbnailUrl":"https:\/\/futbolhoy.co\/wp-content\/uploads\/2019\/06\/D9o4FDmXUAE2iRV.jpg","datePublished":"2020-04-25T12:00:41+00:00","dateModified":"2020-04-25T22:25:18+00:00","breadcrumb":{"@id":"https:\/\/futbolhoy.co\/index.php\/2020\/04\/25\/estalla-crisis-en-el-futbol-ecuatoriano\/#breadcrumb"},"inLanguage":"es","potentialAction":[{"@type":"ReadAction","target":["https:\/\/futbolhoy.co\/index.php\/2020\/04\/25\/estalla-crisis-en-el-futbol-ecuatoriano\/"]}]},{"@type":"ImageObject","inLanguage":"es","@id":"https:\/\/futbolhoy.co\/index.php\/2020\/04\/25\/estalla-crisis-en-el-futbol-ecuatoriano\/#primaryimage","url":"https:\/\/futbolhoy.co\/wp-content\/uploads\/2019\/06\/D9o4FDmXUAE2iRV.jpg","contentUrl":"https:\/\/futbolhoy.co\/wp-content\/uploads\/2019\/06\/D9o4FDmXUAE2iRV.jpg","width":2048,"height":1024,"caption":"Twitter @FEFEcuador"},{"@type":"BreadcrumbList","@id":"https:\/\/futbolhoy.co\/index.php\/2020\/04\/25\/estalla-crisis-en-el-futbol-ecuatoriano\/#breadcrumb","itemListElement":[{"@type":"ListItem","position":1,"name":"Portada","item":"https:\/\/futbolhoy.co\/"},{"@type":"ListItem","position":2,"name":"Estalla crisis en el f\u00fatbol ecuatoriano"}]},{"@type":"WebSite","@id":"https:\/\/futbolhoy.co\/#website","url":"https:\/\/futbolhoy.co\/","name":"FutbolHoy","description":"","publisher":{"@id":"https:\/\/futbolhoy.co\/#organization"},"potentialAction":[{"@type":"SearchAction","target":{"@type":"EntryPoint","urlTemplate":"https:\/\/futbolhoy.co\/?s={search_term_string}"},"query-input":{"@type":"PropertyValueSpecification","valueRequired":true,"valueName":"search_term_string"}}],"inLanguage":"es"},{"@type":"Organization","@id":"https:\/\/futbolhoy.co\/#organization","name":"Futbolhoy.co","url":"https:\/\/futbolhoy.co\/","logo":{"@type":"ImageObject","inLanguage":"es","@id":"https:\/\/futbolhoy.co\/#\/schema\/logo\/image\/","url":"https:\/\/futbolhoy.co\/wp-content\/uploads\/2018\/08\/17426380_1906371736249227_6326180412931521141_n.jpg","contentUrl":"https:\/\/futbolhoy.co\/wp-content\/uploads\/2018\/08\/17426380_1906371736249227_6326180412931521141_n.jpg","width":960,"height":960,"caption":"Futbolhoy.co"},"image":{"@id":"https:\/\/futbolhoy.co\/#\/schema\/logo\/image\/"},"sameAs":["https:\/\/www.facebook.com\/FutbolHoyCol\/","https:\/\/x.com\/FutbolHoyCol","https:\/\/www.instagram.com\/futbolhoycol\/"]},{"@type":"Person","@id":"https:\/\/futbolhoy.co\/#\/schema\/person\/c4a353a512b127643723a34bb1812f7d","name":"Laura Hern\u00e1ndez","image":{"@type":"ImageObject","inLanguage":"es","@id":"https:\/\/futbolhoy.co\/#\/schema\/person\/image\/","url":"https:\/\/secure.gravatar.com\/avatar\/d25959a15b9b293a743f99181c7cfd01?s=96&d=mm&r=g","contentUrl":"https:\/\/secure.gravatar.com\/avatar\/d25959a15b9b293a743f99181c7cfd01?s=96&d=mm&r=g","caption":"Laura Hern\u00e1ndez"}}]}},"publishpress_future_action":{"enabled":false,"date":"2026-05-02 03:33:22","action":"change-status","newStatus":"draft","terms":[],"taxonomy":"category","extraData":[]},"publishpress_future_workflow_manual_trigger":{"enabledWorkflows":[]},"_links":{"self":[{"href":"https:\/\/futbolhoy.co\/index.php\/wp-json\/wp\/v2\/posts\/50473","targetHints":{"allow":["GET"]}}],"collection":[{"href":"https:\/\/futbolhoy.co\/index.php\/wp-json\/wp\/v2\/posts"}],"about":[{"href":"https:\/\/futbolhoy.co\/index.php\/wp-json\/wp\/v2\/types\/post"}],"author":[{"embeddable":true,"href":"https:\/\/futbolhoy.co\/index.php\/wp-json\/wp\/v2\/users\/5"}],"replies":[{"embeddable":true,"href":"https:\/\/futbolhoy.co\/index.php\/wp-json\/wp\/v2\/comments?post=50473"}],"version-history":[{"count":1,"href":"https:\/\/futbolhoy.co\/index.php\/wp-json\/wp\/v2\/posts\/50473\/revisions"}],"predecessor-version":[{"id":50474,"href":"https:\/\/futbolhoy.co\/index.php\/wp-json\/wp\/v2\/posts\/50473\/revisions\/50474"}],"wp:featuredmedia":[{"embeddable":true,"href":"https:\/\/futbolhoy.co\/index.php\/wp-json\/wp\/v2\/media\/37863"}],"wp:attachment":[{"href":"https:\/\/futbolhoy.co\/index.php\/wp-json\/wp\/v2\/media?parent=50473"}],"wp:term":[{"taxonomy":"category","embeddable":true,"href":"https:\/\/futbolhoy.co\/index.php\/wp-json\/wp\/v2\/categories?post=50473"},{"taxonomy":"post_tag","embeddable":true,"href":"https:\/\/futbolhoy.co\/index.php\/wp-json\/wp\/v2\/tags?post=50473"}],"curies":[{"name":"wp","href":"https:\/\/api.w.org\/{rel}","templated":true}]}}