{"id":50495,"date":"2020-04-26T11:21:11","date_gmt":"2020-04-26T16:21:11","guid":{"rendered":"https:\/\/futbolhoy.co\/?p=50495"},"modified":"2020-04-27T09:33:56","modified_gmt":"2020-04-27T14:33:56","slug":"me-alegra-el-regreso-jhon-cordoba","status":"publish","type":"post","link":"https:\/\/futbolhoy.co\/index.php\/2020\/04\/26\/me-alegra-el-regreso-jhon-cordoba\/","title":{"rendered":"Me alegra el regreso: Jhon C\u00f3rdoba"},"content":{"rendered":"<!--[if lt IE 9]><script>document.createElement('audio');<\/script><![endif]-->\n<audio class=\"wp-audio-shortcode\" id=\"audio-50495-1\" preload=\"none\" style=\"width: 100%;\" controls=\"controls\"><source type=\"audio\/mpeg\" src=\"https:\/\/futbolhoy.co\/wp-content\/uploads\/2020\/04\/DEPO-CORDOBA2020-04-26.mp3?_=1\" \/><a href=\"https:\/\/futbolhoy.co\/wp-content\/uploads\/2020\/04\/DEPO-CORDOBA2020-04-26.mp3\">https:\/\/futbolhoy.co\/wp-content\/uploads\/2020\/04\/DEPO-CORDOBA2020-04-26.mp3<\/a><\/audio>\n<p style=\"text-align: justify\">(Jhon C\u00f3rdoba en di\u00e1logo con el Carrusel Deportivo de Caracol Radio)<\/p>\n<div class=\"x_ydpb83d23f4yahoo-style-wrap\">\n<div dir=\"ltr\">\n<p class=\"x_ydpc2acf35fMsoNormal\" style=\"text-align: justify\"><span style=\"font-family: helvetica, arial, sans-serif\">El delantero chocoano <strong>Jhon Andr\u00e9s C\u00f3rdoba<\/strong>, del <strong>Colonia<\/strong> de <strong>Alemania,<\/strong> asegur\u00f3 que le alegra el pronto regreso de la <strong>Bundesliga,<\/strong> luego de tres semanas de entrenamientos bajo condiciones especiales.<\/span><\/p>\n<p class=\"x_ydpc2acf35fMsoNormal\" style=\"text-align: justify\"><span style=\"font-family: helvetica, arial, sans-serif\">\u201cNosotros llevamos tres semanas entrenando. Inicialmente lo hac\u00edamos en grupos de ocho y esta semana que pas\u00f3, lo hicimos en grupos de 12. Adem\u00e1s, tengo entendido que la siguiente semana ya podremos trabajar normalmente\u201d, sostuvo C\u00f3rdoba en <strong>Caracol Radio.<\/strong><\/span><\/p>\n<p class=\"x_ydpc2acf35fMsoNormal\" style=\"text-align: justify\"><span style=\"font-family: helvetica, arial, sans-serif\">\u201cLa liga se reanudar\u00e1 el 9 (de mayo) o m\u00e1s tardar el 16. Yo creo que si est\u00e1n dejando que esto vuelva a empezar es porque se est\u00e1n brindando las protecciones necesarias; ya llevamos tres semanas entrenado, eso quiere decir que todo se est\u00e1 haciendo bien\u201d, sostuvo.<\/span><\/p>\n<p class=\"x_ydpc2acf35fMsoNormal\" style=\"text-align: justify\"><span style=\"font-family: helvetica, arial, sans-serif\">La Bundesliga, suspendida desde principios de marzo, espera definir junto a la canciller <strong>Angela Merkel,<\/strong> la fecha para su reanudaci\u00f3n.<\/span><\/p>\n<p class=\"x_ydpc2acf35fMsoNormal\" style=\"text-align: justify\"><span style=\"font-family: helvetica, arial, sans-serif\">C\u00f3rdoba, quien lleg\u00f3 al f\u00fatbol alem\u00e1n en el 2015, cumple con una gran temporada con el Colonia, donde acumula 12 goles en 26 partidos disputados en todas las competencias.<\/span><\/p>\n<\/div>\n<\/div>\n","protected":false},"excerpt":{"rendered":"<p>(Jhon C\u00f3rdoba en di\u00e1logo con el Carrusel Deportivo de Caracol Radio) El delantero chocoano Jhon Andr\u00e9s C\u00f3rdoba, del Colonia de Alemania, asegur\u00f3 que le alegra el pronto regreso de la Bundesliga, luego de tres semanas de entrenamientos bajo condiciones especiales. \u201cNosotros llevamos tres semanas entrenando. Inicialmente lo hac\u00edamos en grupos de ocho y esta semana [&hellip;]<\/p>\n","protected":false},"author":5,"featured_media":35119,"comment_status":"open","ping_status":"open","sticky":false,"template":"","format":"video","meta":{"_acf_changed":false,"footnotes":""},"categories":[418],"tags":[140,133],"class_list":{"0":"post-50495","1":"post","2":"type-post","3":"status-publish","4":"format-video","5":"has-post-thumbnail","7":"category-colombia","8":"tag-bundesliga","9":"tag-jhon-cordoba","10":"post_format-post-format-video"},"acf":[],"yoast_head":"<!-- This site is optimized with the Yoast SEO plugin v26.8 - https:\/\/yoast.com\/product\/yoast-seo-wordpress\/ -->\n<title>Me alegra el regreso: Jhon C\u00f3rdoba -<\/title>\n<meta name=\"robots\" content=\"index, follow, max-snippet:-1, max-image-preview:large, max-video-preview:-1\" \/>\n<link rel=\"canonical\" href=\"https:\/\/futbolhoy.co\/index.php\/2020\/04\/26\/me-alegra-el-regreso-jhon-cordoba\/\" \/>\n<meta property=\"og:locale\" content=\"es_ES\" \/>\n<meta property=\"og:type\" content=\"article\" \/>\n<meta property=\"og:title\" content=\"Me alegra el regreso: Jhon C\u00f3rdoba -\" \/>\n<meta property=\"og:description\" content=\"(Jhon C\u00f3rdoba en di\u00e1logo con el Carrusel Deportivo de Caracol Radio) El delantero chocoano Jhon Andr\u00e9s C\u00f3rdoba, del Colonia de Alemania, asegur\u00f3 que le alegra el pronto regreso de la Bundesliga, luego de tres semanas de entrenamientos bajo condiciones especiales. \u201cNosotros llevamos tres semanas entrenando. Inicialmente lo hac\u00edamos en grupos de ocho y esta semana [&hellip;]\" \/>\n<meta property=\"og:url\" content=\"https:\/\/futbolhoy.co\/index.php\/2020\/04\/26\/me-alegra-el-regreso-jhon-cordoba\/\" \/>\n<meta property=\"article:publisher\" content=\"https:\/\/www.facebook.com\/FutbolHoyCol\/\" \/>\n<meta property=\"article:published_time\" content=\"2020-04-26T16:21:11+00:00\" \/>\n<meta property=\"article:modified_time\" content=\"2020-04-27T14:33:56+00:00\" \/>\n<meta property=\"og:image\" content=\"https:\/\/futbolhoy.co\/wp-content\/uploads\/2019\/05\/IMG_20190506_174356.jpg\" \/>\n\t<meta property=\"og:image:width\" content=\"3000\" \/>\n\t<meta property=\"og:image:height\" content=\"2000\" \/>\n\t<meta property=\"og:image:type\" content=\"image\/jpeg\" \/>\n<meta name=\"author\" content=\"Laura Hern\u00e1ndez\" \/>\n<meta name=\"twitter:card\" content=\"summary_large_image\" \/>\n<meta name=\"twitter:creator\" content=\"@FutbolHoyCol\" \/>\n<meta name=\"twitter:site\" content=\"@FutbolHoyCol\" \/>\n<meta name=\"twitter:label1\" content=\"Escrito por\" \/>\n\t<meta name=\"twitter:data1\" content=\"Laura Hern\u00e1ndez\" \/>\n\t<meta name=\"twitter:label2\" content=\"Tiempo de lectura\" \/>\n\t<meta name=\"twitter:data2\" content=\"1 minuto\" \/>\n<script type=\"application\/ld+json\" class=\"yoast-schema-graph\">{\"@context\":\"https:\/\/schema.org\",\"@graph\":[{\"@type\":\"Article\",\"@id\":\"https:\/\/futbolhoy.co\/index.php\/2020\/04\/26\/me-alegra-el-regreso-jhon-cordoba\/#article\",\"isPartOf\":{\"@id\":\"https:\/\/futbolhoy.co\/index.php\/2020\/04\/26\/me-alegra-el-regreso-jhon-cordoba\/\"},\"author\":{\"name\":\"Laura Hern\u00e1ndez\",\"@id\":\"https:\/\/futbolhoy.co\/#\/schema\/person\/c4a353a512b127643723a34bb1812f7d\"},\"headline\":\"Me alegra el regreso: Jhon C\u00f3rdoba\",\"datePublished\":\"2020-04-26T16:21:11+00:00\",\"dateModified\":\"2020-04-27T14:33:56+00:00\",\"mainEntityOfPage\":{\"@id\":\"https:\/\/futbolhoy.co\/index.php\/2020\/04\/26\/me-alegra-el-regreso-jhon-cordoba\/\"},\"wordCount\":202,\"commentCount\":0,\"publisher\":{\"@id\":\"https:\/\/futbolhoy.co\/#organization\"},\"image\":{\"@id\":\"https:\/\/futbolhoy.co\/index.php\/2020\/04\/26\/me-alegra-el-regreso-jhon-cordoba\/#primaryimage\"},\"thumbnailUrl\":\"https:\/\/futbolhoy.co\/wp-content\/uploads\/2019\/05\/IMG_20190506_174356.jpg\",\"keywords\":[\"Bundesliga\",\"Jhon C\u00f3rdoba\"],\"articleSection\":[\"Colombia\"],\"inLanguage\":\"es\",\"potentialAction\":[{\"@type\":\"CommentAction\",\"name\":\"Comment\",\"target\":[\"https:\/\/futbolhoy.co\/index.php\/2020\/04\/26\/me-alegra-el-regreso-jhon-cordoba\/#respond\"]}]},{\"@type\":\"WebPage\",\"@id\":\"https:\/\/futbolhoy.co\/index.php\/2020\/04\/26\/me-alegra-el-regreso-jhon-cordoba\/\",\"url\":\"https:\/\/futbolhoy.co\/index.php\/2020\/04\/26\/me-alegra-el-regreso-jhon-cordoba\/\",\"name\":\"Me alegra el regreso: Jhon C\u00f3rdoba -\",\"isPartOf\":{\"@id\":\"https:\/\/futbolhoy.co\/#website\"},\"primaryImageOfPage\":{\"@id\":\"https:\/\/futbolhoy.co\/index.php\/2020\/04\/26\/me-alegra-el-regreso-jhon-cordoba\/#primaryimage\"},\"image\":{\"@id\":\"https:\/\/futbolhoy.co\/index.php\/2020\/04\/26\/me-alegra-el-regreso-jhon-cordoba\/#primaryimage\"},\"thumbnailUrl\":\"https:\/\/futbolhoy.co\/wp-content\/uploads\/2019\/05\/IMG_20190506_174356.jpg\",\"datePublished\":\"2020-04-26T16:21:11+00:00\",\"dateModified\":\"2020-04-27T14:33:56+00:00\",\"breadcrumb\":{\"@id\":\"https:\/\/futbolhoy.co\/index.php\/2020\/04\/26\/me-alegra-el-regreso-jhon-cordoba\/#breadcrumb\"},\"inLanguage\":\"es\",\"potentialAction\":[{\"@type\":\"ReadAction\",\"target\":[\"https:\/\/futbolhoy.co\/index.php\/2020\/04\/26\/me-alegra-el-regreso-jhon-cordoba\/\"]}]},{\"@type\":\"ImageObject\",\"inLanguage\":\"es\",\"@id\":\"https:\/\/futbolhoy.co\/index.php\/2020\/04\/26\/me-alegra-el-regreso-jhon-cordoba\/#primaryimage\",\"url\":\"https:\/\/futbolhoy.co\/wp-content\/uploads\/2019\/05\/IMG_20190506_174356.jpg\",\"contentUrl\":\"https:\/\/futbolhoy.co\/wp-content\/uploads\/2019\/05\/IMG_20190506_174356.jpg\",\"width\":3000,\"height\":2000,\"caption\":\"Twitter @fckoeln\"},{\"@type\":\"BreadcrumbList\",\"@id\":\"https:\/\/futbolhoy.co\/index.php\/2020\/04\/26\/me-alegra-el-regreso-jhon-cordoba\/#breadcrumb\",\"itemListElement\":[{\"@type\":\"ListItem\",\"position\":1,\"name\":\"Portada\",\"item\":\"https:\/\/futbolhoy.co\/\"},{\"@type\":\"ListItem\",\"position\":2,\"name\":\"Me alegra el regreso: Jhon C\u00f3rdoba\"}]},{\"@type\":\"WebSite\",\"@id\":\"https:\/\/futbolhoy.co\/#website\",\"url\":\"https:\/\/futbolhoy.co\/\",\"name\":\"FutbolHoy\",\"description\":\"\",\"publisher\":{\"@id\":\"https:\/\/futbolhoy.co\/#organization\"},\"potentialAction\":[{\"@type\":\"SearchAction\",\"target\":{\"@type\":\"EntryPoint\",\"urlTemplate\":\"https:\/\/futbolhoy.co\/?s={search_term_string}\"},\"query-input\":{\"@type\":\"PropertyValueSpecification\",\"valueRequired\":true,\"valueName\":\"search_term_string\"}}],\"inLanguage\":\"es\"},{\"@type\":\"Organization\",\"@id\":\"https:\/\/futbolhoy.co\/#organization\",\"name\":\"Futbolhoy.co\",\"url\":\"https:\/\/futbolhoy.co\/\",\"logo\":{\"@type\":\"ImageObject\",\"inLanguage\":\"es\",\"@id\":\"https:\/\/futbolhoy.co\/#\/schema\/logo\/image\/\",\"url\":\"https:\/\/futbolhoy.co\/wp-content\/uploads\/2018\/08\/17426380_1906371736249227_6326180412931521141_n.jpg\",\"contentUrl\":\"https:\/\/futbolhoy.co\/wp-content\/uploads\/2018\/08\/17426380_1906371736249227_6326180412931521141_n.jpg\",\"width\":960,\"height\":960,\"caption\":\"Futbolhoy.co\"},\"image\":{\"@id\":\"https:\/\/futbolhoy.co\/#\/schema\/logo\/image\/\"},\"sameAs\":[\"https:\/\/www.facebook.com\/FutbolHoyCol\/\",\"https:\/\/x.com\/FutbolHoyCol\",\"https:\/\/www.instagram.com\/futbolhoycol\/\"]},{\"@type\":\"Person\",\"@id\":\"https:\/\/futbolhoy.co\/#\/schema\/person\/c4a353a512b127643723a34bb1812f7d\",\"name\":\"Laura Hern\u00e1ndez\",\"image\":{\"@type\":\"ImageObject\",\"inLanguage\":\"es\",\"@id\":\"https:\/\/futbolhoy.co\/#\/schema\/person\/image\/\",\"url\":\"https:\/\/secure.gravatar.com\/avatar\/d25959a15b9b293a743f99181c7cfd01?s=96&d=mm&r=g\",\"contentUrl\":\"https:\/\/secure.gravatar.com\/avatar\/d25959a15b9b293a743f99181c7cfd01?s=96&d=mm&r=g\",\"caption\":\"Laura Hern\u00e1ndez\"}}]}<\/script>\n<!-- \/ Yoast SEO plugin. -->","yoast_head_json":{"title":"Me alegra el regreso: Jhon C\u00f3rdoba -","robots":{"index":"index","follow":"follow","max-snippet":"max-snippet:-1","max-image-preview":"max-image-preview:large","max-video-preview":"max-video-preview:-1"},"canonical":"https:\/\/futbolhoy.co\/index.php\/2020\/04\/26\/me-alegra-el-regreso-jhon-cordoba\/","og_locale":"es_ES","og_type":"article","og_title":"Me alegra el regreso: Jhon C\u00f3rdoba -","og_description":"(Jhon C\u00f3rdoba en di\u00e1logo con el Carrusel Deportivo de Caracol Radio) El delantero chocoano Jhon Andr\u00e9s C\u00f3rdoba, del Colonia de Alemania, asegur\u00f3 que le alegra el pronto regreso de la Bundesliga, luego de tres semanas de entrenamientos bajo condiciones especiales. \u201cNosotros llevamos tres semanas entrenando. Inicialmente lo hac\u00edamos en grupos de ocho y esta semana [&hellip;]","og_url":"https:\/\/futbolhoy.co\/index.php\/2020\/04\/26\/me-alegra-el-regreso-jhon-cordoba\/","article_publisher":"https:\/\/www.facebook.com\/FutbolHoyCol\/","article_published_time":"2020-04-26T16:21:11+00:00","article_modified_time":"2020-04-27T14:33:56+00:00","og_image":[{"width":3000,"height":2000,"url":"https:\/\/futbolhoy.co\/wp-content\/uploads\/2019\/05\/IMG_20190506_174356.jpg","type":"image\/jpeg"}],"author":"Laura Hern\u00e1ndez","twitter_card":"summary_large_image","twitter_creator":"@FutbolHoyCol","twitter_site":"@FutbolHoyCol","twitter_misc":{"Escrito por":"Laura Hern\u00e1ndez","Tiempo de lectura":"1 minuto"},"schema":{"@context":"https:\/\/schema.org","@graph":[{"@type":"Article","@id":"https:\/\/futbolhoy.co\/index.php\/2020\/04\/26\/me-alegra-el-regreso-jhon-cordoba\/#article","isPartOf":{"@id":"https:\/\/futbolhoy.co\/index.php\/2020\/04\/26\/me-alegra-el-regreso-jhon-cordoba\/"},"author":{"name":"Laura Hern\u00e1ndez","@id":"https:\/\/futbolhoy.co\/#\/schema\/person\/c4a353a512b127643723a34bb1812f7d"},"headline":"Me alegra el regreso: Jhon C\u00f3rdoba","datePublished":"2020-04-26T16:21:11+00:00","dateModified":"2020-04-27T14:33:56+00:00","mainEntityOfPage":{"@id":"https:\/\/futbolhoy.co\/index.php\/2020\/04\/26\/me-alegra-el-regreso-jhon-cordoba\/"},"wordCount":202,"commentCount":0,"publisher":{"@id":"https:\/\/futbolhoy.co\/#organization"},"image":{"@id":"https:\/\/futbolhoy.co\/index.php\/2020\/04\/26\/me-alegra-el-regreso-jhon-cordoba\/#primaryimage"},"thumbnailUrl":"https:\/\/futbolhoy.co\/wp-content\/uploads\/2019\/05\/IMG_20190506_174356.jpg","keywords":["Bundesliga","Jhon C\u00f3rdoba"],"articleSection":["Colombia"],"inLanguage":"es","potentialAction":[{"@type":"CommentAction","name":"Comment","target":["https:\/\/futbolhoy.co\/index.php\/2020\/04\/26\/me-alegra-el-regreso-jhon-cordoba\/#respond"]}]},{"@type":"WebPage","@id":"https:\/\/futbolhoy.co\/index.php\/2020\/04\/26\/me-alegra-el-regreso-jhon-cordoba\/","url":"https:\/\/futbolhoy.co\/index.php\/2020\/04\/26\/me-alegra-el-regreso-jhon-cordoba\/","name":"Me alegra el regreso: Jhon C\u00f3rdoba -","isPartOf":{"@id":"https:\/\/futbolhoy.co\/#website"},"primaryImageOfPage":{"@id":"https:\/\/futbolhoy.co\/index.php\/2020\/04\/26\/me-alegra-el-regreso-jhon-cordoba\/#primaryimage"},"image":{"@id":"https:\/\/futbolhoy.co\/index.php\/2020\/04\/26\/me-alegra-el-regreso-jhon-cordoba\/#primaryimage"},"thumbnailUrl":"https:\/\/futbolhoy.co\/wp-content\/uploads\/2019\/05\/IMG_20190506_174356.jpg","datePublished":"2020-04-26T16:21:11+00:00","dateModified":"2020-04-27T14:33:56+00:00","breadcrumb":{"@id":"https:\/\/futbolhoy.co\/index.php\/2020\/04\/26\/me-alegra-el-regreso-jhon-cordoba\/#breadcrumb"},"inLanguage":"es","potentialAction":[{"@type":"ReadAction","target":["https:\/\/futbolhoy.co\/index.php\/2020\/04\/26\/me-alegra-el-regreso-jhon-cordoba\/"]}]},{"@type":"ImageObject","inLanguage":"es","@id":"https:\/\/futbolhoy.co\/index.php\/2020\/04\/26\/me-alegra-el-regreso-jhon-cordoba\/#primaryimage","url":"https:\/\/futbolhoy.co\/wp-content\/uploads\/2019\/05\/IMG_20190506_174356.jpg","contentUrl":"https:\/\/futbolhoy.co\/wp-content\/uploads\/2019\/05\/IMG_20190506_174356.jpg","width":3000,"height":2000,"caption":"Twitter @fckoeln"},{"@type":"BreadcrumbList","@id":"https:\/\/futbolhoy.co\/index.php\/2020\/04\/26\/me-alegra-el-regreso-jhon-cordoba\/#breadcrumb","itemListElement":[{"@type":"ListItem","position":1,"name":"Portada","item":"https:\/\/futbolhoy.co\/"},{"@type":"ListItem","position":2,"name":"Me alegra el regreso: Jhon C\u00f3rdoba"}]},{"@type":"WebSite","@id":"https:\/\/futbolhoy.co\/#website","url":"https:\/\/futbolhoy.co\/","name":"FutbolHoy","description":"","publisher":{"@id":"https:\/\/futbolhoy.co\/#organization"},"potentialAction":[{"@type":"SearchAction","target":{"@type":"EntryPoint","urlTemplate":"https:\/\/futbolhoy.co\/?s={search_term_string}"},"query-input":{"@type":"PropertyValueSpecification","valueRequired":true,"valueName":"search_term_string"}}],"inLanguage":"es"},{"@type":"Organization","@id":"https:\/\/futbolhoy.co\/#organization","name":"Futbolhoy.co","url":"https:\/\/futbolhoy.co\/","logo":{"@type":"ImageObject","inLanguage":"es","@id":"https:\/\/futbolhoy.co\/#\/schema\/logo\/image\/","url":"https:\/\/futbolhoy.co\/wp-content\/uploads\/2018\/08\/17426380_1906371736249227_6326180412931521141_n.jpg","contentUrl":"https:\/\/futbolhoy.co\/wp-content\/uploads\/2018\/08\/17426380_1906371736249227_6326180412931521141_n.jpg","width":960,"height":960,"caption":"Futbolhoy.co"},"image":{"@id":"https:\/\/futbolhoy.co\/#\/schema\/logo\/image\/"},"sameAs":["https:\/\/www.facebook.com\/FutbolHoyCol\/","https:\/\/x.com\/FutbolHoyCol","https:\/\/www.instagram.com\/futbolhoycol\/"]},{"@type":"Person","@id":"https:\/\/futbolhoy.co\/#\/schema\/person\/c4a353a512b127643723a34bb1812f7d","name":"Laura Hern\u00e1ndez","image":{"@type":"ImageObject","inLanguage":"es","@id":"https:\/\/futbolhoy.co\/#\/schema\/person\/image\/","url":"https:\/\/secure.gravatar.com\/avatar\/d25959a15b9b293a743f99181c7cfd01?s=96&d=mm&r=g","contentUrl":"https:\/\/secure.gravatar.com\/avatar\/d25959a15b9b293a743f99181c7cfd01?s=96&d=mm&r=g","caption":"Laura Hern\u00e1ndez"}}]}},"publishpress_future_action":{"enabled":false,"date":"2026-05-04 20:15:19","action":"change-status","newStatus":"draft","terms":[],"taxonomy":"category","extraData":[]},"publishpress_future_workflow_manual_trigger":{"enabledWorkflows":[]},"_links":{"self":[{"href":"https:\/\/futbolhoy.co\/index.php\/wp-json\/wp\/v2\/posts\/50495","targetHints":{"allow":["GET"]}}],"collection":[{"href":"https:\/\/futbolhoy.co\/index.php\/wp-json\/wp\/v2\/posts"}],"about":[{"href":"https:\/\/futbolhoy.co\/index.php\/wp-json\/wp\/v2\/types\/post"}],"author":[{"embeddable":true,"href":"https:\/\/futbolhoy.co\/index.php\/wp-json\/wp\/v2\/users\/5"}],"replies":[{"embeddable":true,"href":"https:\/\/futbolhoy.co\/index.php\/wp-json\/wp\/v2\/comments?post=50495"}],"version-history":[{"count":1,"href":"https:\/\/futbolhoy.co\/index.php\/wp-json\/wp\/v2\/posts\/50495\/revisions"}],"predecessor-version":[{"id":50497,"href":"https:\/\/futbolhoy.co\/index.php\/wp-json\/wp\/v2\/posts\/50495\/revisions\/50497"}],"wp:featuredmedia":[{"embeddable":true,"href":"https:\/\/futbolhoy.co\/index.php\/wp-json\/wp\/v2\/media\/35119"}],"wp:attachment":[{"href":"https:\/\/futbolhoy.co\/index.php\/wp-json\/wp\/v2\/media?parent=50495"}],"wp:term":[{"taxonomy":"category","embeddable":true,"href":"https:\/\/futbolhoy.co\/index.php\/wp-json\/wp\/v2\/categories?post=50495"},{"taxonomy":"post_tag","embeddable":true,"href":"https:\/\/futbolhoy.co\/index.php\/wp-json\/wp\/v2\/tags?post=50495"}],"curies":[{"name":"wp","href":"https:\/\/api.w.org\/{rel}","templated":true}]}}