{"id":50532,"date":"2020-04-27T05:21:28","date_gmt":"2020-04-27T10:21:28","guid":{"rendered":"https:\/\/futbolhoy.co\/?p=50532"},"modified":"2020-04-28T09:28:47","modified_gmt":"2020-04-28T14:28:47","slug":"un-dia-como-hoy-el-baile-de-messi-en-el-bernabeu-por-champions","status":"publish","type":"post","link":"https:\/\/futbolhoy.co\/index.php\/2020\/04\/27\/un-dia-como-hoy-el-baile-de-messi-en-el-bernabeu-por-champions\/","title":{"rendered":"Un d\u00eda como hoy: el baile de Messi en el Bernab\u00e9u por Champions"},"content":{"rendered":"<p style=\"text-align: justify\"><span style=\"font-family: helvetica, arial, sans-serif\">El 27 de abril de 2011, hace nueve a\u00f1os, <strong>Lionel Messi<\/strong> brill\u00f3 en el estadio <strong>Santiago Bernab\u00e9u<\/strong> con el <strong>Barcelona,<\/strong> en el juego de ida de las semifinales de la<strong> Liga de Campeones<\/strong> frente al <strong>Real Madrid.<\/strong> El crack argentino tuvo una velada estelar en la victoria del cuadro 'Cul\u00e9' 0-2, con dos anotaciones suyas.<\/span><\/p>\n<p style=\"text-align: justify\"><span style=\"font-family: helvetica, arial, sans-serif\">Tras un partido muy cortado y accidentado, y luego de la expulsi\u00f3n de <strong>Pep\u00e9<\/strong> en la etapa complementaria, 'Lio' abri\u00f3 el marcador a los 76 minutos, tras un centro desde el sector derecho, definiendo entre las piernas de <strong>Iker Casillas<\/strong>.<\/span><\/p>\n<p style=\"text-align: justify\"><span style=\"font-family: helvetica, arial, sans-serif\">Al minuto 87 el crack argentino anot\u00f3 la cereza del postre, tras una gran acci\u00f3n individual en la que fue dejando rivales en el camino y defini\u00f3 de pierna derecha. El mismo Messi ha calificado este como el mejor gol de su carrera.\u00a0<\/span><\/p>\n<blockquote class=\"twitter-tweet\">\n<p dir=\"ltr\" lang=\"en\">\ud83d\udcc5 <a href=\"https:\/\/twitter.com\/hashtag\/OTD?src=hash&amp;ref_src=twsrc%5Etfw\">#OTD<\/a> in 2011, Leo Messi scored twice as Barcelona beat Real Madrid in the semi-finals...<a href=\"https:\/\/twitter.com\/hashtag\/UCL?src=hash&amp;ref_src=twsrc%5Etfw\">#UCL<\/a> | <a href=\"https:\/\/twitter.com\/FCBarcelona?ref_src=twsrc%5Etfw\">@FCBarcelona<\/a> <a href=\"https:\/\/t.co\/778JRp2Mqp\">pic.twitter.com\/778JRp2Mqp<\/a><\/p>\n<p>\u2014 UEFA Champions League (@ChampionsLeague) <a href=\"https:\/\/twitter.com\/ChampionsLeague\/status\/1254682115498749952?ref_src=twsrc%5Etfw\">April 27, 2020<\/a><\/p><\/blockquote>\n<p style=\"text-align: justify\"><span style=\"font-family: helvetica, arial, sans-serif\">La vuelta en el <strong>Camp Nou<\/strong> termin\u00f3 igualada 1-1, clasificando el cuadro 'Cul\u00e9' 3-1 en el marcador global. La final en <strong>Wembley<\/strong> finaliz\u00f3 3-1 a favor del Barcelona sobre el <strong>Manchester United.<\/strong><\/span><\/p>\n","protected":false},"excerpt":{"rendered":"<p>El 27 de abril de 2011, hace nueve a\u00f1os, Lionel Messi brill\u00f3 en el estadio Santiago Bernab\u00e9u con el Barcelona, en el juego de ida de las semifinales de la Liga de Campeones frente al Real Madrid. El crack argentino tuvo una velada estelar en la victoria del cuadro 'Cul\u00e9' 0-2, con dos anotaciones suyas. [&hellip;]<\/p>\n","protected":false},"author":5,"featured_media":50533,"comment_status":"open","ping_status":"open","sticky":false,"template":"","format":"video","meta":{"_acf_changed":false,"footnotes":""},"categories":[152],"tags":[81,83,82,110],"class_list":{"0":"post-50532","1":"post","2":"type-post","3":"status-publish","4":"format-video","5":"has-post-thumbnail","7":"category-mundo-futbol","8":"tag-champions-league","9":"tag-fc-barcelona","10":"tag-lionel-messi","11":"tag-real-madrid","12":"post_format-post-format-video"},"acf":[],"yoast_head":"<!-- This site is optimized with the Yoast SEO plugin v26.8 - https:\/\/yoast.com\/product\/yoast-seo-wordpress\/ -->\n<title>Un d\u00eda como hoy: el baile de Messi en el Bernab\u00e9u por Champions -<\/title>\n<meta name=\"robots\" content=\"index, follow, max-snippet:-1, max-image-preview:large, max-video-preview:-1\" \/>\n<link rel=\"canonical\" href=\"https:\/\/futbolhoy.co\/index.php\/2020\/04\/27\/un-dia-como-hoy-el-baile-de-messi-en-el-bernabeu-por-champions\/\" \/>\n<meta property=\"og:locale\" content=\"es_ES\" \/>\n<meta property=\"og:type\" content=\"article\" \/>\n<meta property=\"og:title\" content=\"Un d\u00eda como hoy: el baile de Messi en el Bernab\u00e9u por Champions -\" \/>\n<meta property=\"og:description\" content=\"El 27 de abril de 2011, hace nueve a\u00f1os, Lionel Messi brill\u00f3 en el estadio Santiago Bernab\u00e9u con el Barcelona, en el juego de ida de las semifinales de la Liga de Campeones frente al Real Madrid. El crack argentino tuvo una velada estelar en la victoria del cuadro &#039;Cul\u00e9&#039; 0-2, con dos anotaciones suyas. [&hellip;]\" \/>\n<meta property=\"og:url\" content=\"https:\/\/futbolhoy.co\/index.php\/2020\/04\/27\/un-dia-como-hoy-el-baile-de-messi-en-el-bernabeu-por-champions\/\" \/>\n<meta property=\"article:publisher\" content=\"https:\/\/www.facebook.com\/FutbolHoyCol\/\" \/>\n<meta property=\"article:published_time\" content=\"2020-04-27T10:21:28+00:00\" \/>\n<meta property=\"article:modified_time\" content=\"2020-04-28T14:28:47+00:00\" \/>\n<meta property=\"og:image\" content=\"https:\/\/futbolhoy.co\/wp-content\/uploads\/2020\/04\/B0Di6soIIAEEpEy.jpg\" \/>\n\t<meta property=\"og:image:width\" content=\"882\" \/>\n\t<meta property=\"og:image:height\" content=\"434\" \/>\n\t<meta property=\"og:image:type\" content=\"image\/jpeg\" \/>\n<meta name=\"author\" content=\"Laura Hern\u00e1ndez\" \/>\n<meta name=\"twitter:card\" content=\"summary_large_image\" \/>\n<meta name=\"twitter:creator\" content=\"@FutbolHoyCol\" \/>\n<meta name=\"twitter:site\" content=\"@FutbolHoyCol\" \/>\n<meta name=\"twitter:label1\" content=\"Escrito por\" \/>\n\t<meta name=\"twitter:data1\" content=\"Laura Hern\u00e1ndez\" \/>\n\t<meta name=\"twitter:label2\" content=\"Tiempo de lectura\" \/>\n\t<meta name=\"twitter:data2\" content=\"1 minuto\" \/>\n<script type=\"application\/ld+json\" class=\"yoast-schema-graph\">{\"@context\":\"https:\/\/schema.org\",\"@graph\":[{\"@type\":\"Article\",\"@id\":\"https:\/\/futbolhoy.co\/index.php\/2020\/04\/27\/un-dia-como-hoy-el-baile-de-messi-en-el-bernabeu-por-champions\/#article\",\"isPartOf\":{\"@id\":\"https:\/\/futbolhoy.co\/index.php\/2020\/04\/27\/un-dia-como-hoy-el-baile-de-messi-en-el-bernabeu-por-champions\/\"},\"author\":{\"name\":\"Laura Hern\u00e1ndez\",\"@id\":\"https:\/\/futbolhoy.co\/#\/schema\/person\/c4a353a512b127643723a34bb1812f7d\"},\"headline\":\"Un d\u00eda como hoy: el baile de Messi en el Bernab\u00e9u por Champions\",\"datePublished\":\"2020-04-27T10:21:28+00:00\",\"dateModified\":\"2020-04-28T14:28:47+00:00\",\"mainEntityOfPage\":{\"@id\":\"https:\/\/futbolhoy.co\/index.php\/2020\/04\/27\/un-dia-como-hoy-el-baile-de-messi-en-el-bernabeu-por-champions\/\"},\"wordCount\":213,\"commentCount\":0,\"publisher\":{\"@id\":\"https:\/\/futbolhoy.co\/#organization\"},\"image\":{\"@id\":\"https:\/\/futbolhoy.co\/index.php\/2020\/04\/27\/un-dia-como-hoy-el-baile-de-messi-en-el-bernabeu-por-champions\/#primaryimage\"},\"thumbnailUrl\":\"https:\/\/futbolhoy.co\/wp-content\/uploads\/2020\/04\/B0Di6soIIAEEpEy.jpg\",\"keywords\":[\"Champions League\",\"Fc Barcelona\",\"Lionel Messi\",\"Real Madrid\"],\"articleSection\":[\"Mundo Futbol\"],\"inLanguage\":\"es\",\"potentialAction\":[{\"@type\":\"CommentAction\",\"name\":\"Comment\",\"target\":[\"https:\/\/futbolhoy.co\/index.php\/2020\/04\/27\/un-dia-como-hoy-el-baile-de-messi-en-el-bernabeu-por-champions\/#respond\"]}]},{\"@type\":\"WebPage\",\"@id\":\"https:\/\/futbolhoy.co\/index.php\/2020\/04\/27\/un-dia-como-hoy-el-baile-de-messi-en-el-bernabeu-por-champions\/\",\"url\":\"https:\/\/futbolhoy.co\/index.php\/2020\/04\/27\/un-dia-como-hoy-el-baile-de-messi-en-el-bernabeu-por-champions\/\",\"name\":\"Un d\u00eda como hoy: el baile de Messi en el Bernab\u00e9u por Champions -\",\"isPartOf\":{\"@id\":\"https:\/\/futbolhoy.co\/#website\"},\"primaryImageOfPage\":{\"@id\":\"https:\/\/futbolhoy.co\/index.php\/2020\/04\/27\/un-dia-como-hoy-el-baile-de-messi-en-el-bernabeu-por-champions\/#primaryimage\"},\"image\":{\"@id\":\"https:\/\/futbolhoy.co\/index.php\/2020\/04\/27\/un-dia-como-hoy-el-baile-de-messi-en-el-bernabeu-por-champions\/#primaryimage\"},\"thumbnailUrl\":\"https:\/\/futbolhoy.co\/wp-content\/uploads\/2020\/04\/B0Di6soIIAEEpEy.jpg\",\"datePublished\":\"2020-04-27T10:21:28+00:00\",\"dateModified\":\"2020-04-28T14:28:47+00:00\",\"breadcrumb\":{\"@id\":\"https:\/\/futbolhoy.co\/index.php\/2020\/04\/27\/un-dia-como-hoy-el-baile-de-messi-en-el-bernabeu-por-champions\/#breadcrumb\"},\"inLanguage\":\"es\",\"potentialAction\":[{\"@type\":\"ReadAction\",\"target\":[\"https:\/\/futbolhoy.co\/index.php\/2020\/04\/27\/un-dia-como-hoy-el-baile-de-messi-en-el-bernabeu-por-champions\/\"]}]},{\"@type\":\"ImageObject\",\"inLanguage\":\"es\",\"@id\":\"https:\/\/futbolhoy.co\/index.php\/2020\/04\/27\/un-dia-como-hoy-el-baile-de-messi-en-el-bernabeu-por-champions\/#primaryimage\",\"url\":\"https:\/\/futbolhoy.co\/wp-content\/uploads\/2020\/04\/B0Di6soIIAEEpEy.jpg\",\"contentUrl\":\"https:\/\/futbolhoy.co\/wp-content\/uploads\/2020\/04\/B0Di6soIIAEEpEy.jpg\",\"width\":882,\"height\":434},{\"@type\":\"BreadcrumbList\",\"@id\":\"https:\/\/futbolhoy.co\/index.php\/2020\/04\/27\/un-dia-como-hoy-el-baile-de-messi-en-el-bernabeu-por-champions\/#breadcrumb\",\"itemListElement\":[{\"@type\":\"ListItem\",\"position\":1,\"name\":\"Portada\",\"item\":\"https:\/\/futbolhoy.co\/\"},{\"@type\":\"ListItem\",\"position\":2,\"name\":\"Un d\u00eda como hoy: el baile de Messi en el Bernab\u00e9u por Champions\"}]},{\"@type\":\"WebSite\",\"@id\":\"https:\/\/futbolhoy.co\/#website\",\"url\":\"https:\/\/futbolhoy.co\/\",\"name\":\"FutbolHoy\",\"description\":\"\",\"publisher\":{\"@id\":\"https:\/\/futbolhoy.co\/#organization\"},\"potentialAction\":[{\"@type\":\"SearchAction\",\"target\":{\"@type\":\"EntryPoint\",\"urlTemplate\":\"https:\/\/futbolhoy.co\/?s={search_term_string}\"},\"query-input\":{\"@type\":\"PropertyValueSpecification\",\"valueRequired\":true,\"valueName\":\"search_term_string\"}}],\"inLanguage\":\"es\"},{\"@type\":\"Organization\",\"@id\":\"https:\/\/futbolhoy.co\/#organization\",\"name\":\"Futbolhoy.co\",\"url\":\"https:\/\/futbolhoy.co\/\",\"logo\":{\"@type\":\"ImageObject\",\"inLanguage\":\"es\",\"@id\":\"https:\/\/futbolhoy.co\/#\/schema\/logo\/image\/\",\"url\":\"https:\/\/futbolhoy.co\/wp-content\/uploads\/2018\/08\/17426380_1906371736249227_6326180412931521141_n.jpg\",\"contentUrl\":\"https:\/\/futbolhoy.co\/wp-content\/uploads\/2018\/08\/17426380_1906371736249227_6326180412931521141_n.jpg\",\"width\":960,\"height\":960,\"caption\":\"Futbolhoy.co\"},\"image\":{\"@id\":\"https:\/\/futbolhoy.co\/#\/schema\/logo\/image\/\"},\"sameAs\":[\"https:\/\/www.facebook.com\/FutbolHoyCol\/\",\"https:\/\/x.com\/FutbolHoyCol\",\"https:\/\/www.instagram.com\/futbolhoycol\/\"]},{\"@type\":\"Person\",\"@id\":\"https:\/\/futbolhoy.co\/#\/schema\/person\/c4a353a512b127643723a34bb1812f7d\",\"name\":\"Laura Hern\u00e1ndez\",\"image\":{\"@type\":\"ImageObject\",\"inLanguage\":\"es\",\"@id\":\"https:\/\/futbolhoy.co\/#\/schema\/person\/image\/\",\"url\":\"https:\/\/secure.gravatar.com\/avatar\/d25959a15b9b293a743f99181c7cfd01?s=96&d=mm&r=g\",\"contentUrl\":\"https:\/\/secure.gravatar.com\/avatar\/d25959a15b9b293a743f99181c7cfd01?s=96&d=mm&r=g\",\"caption\":\"Laura Hern\u00e1ndez\"}}]}<\/script>\n<!-- \/ Yoast SEO plugin. -->","yoast_head_json":{"title":"Un d\u00eda como hoy: el baile de Messi en el Bernab\u00e9u por Champions -","robots":{"index":"index","follow":"follow","max-snippet":"max-snippet:-1","max-image-preview":"max-image-preview:large","max-video-preview":"max-video-preview:-1"},"canonical":"https:\/\/futbolhoy.co\/index.php\/2020\/04\/27\/un-dia-como-hoy-el-baile-de-messi-en-el-bernabeu-por-champions\/","og_locale":"es_ES","og_type":"article","og_title":"Un d\u00eda como hoy: el baile de Messi en el Bernab\u00e9u por Champions -","og_description":"El 27 de abril de 2011, hace nueve a\u00f1os, Lionel Messi brill\u00f3 en el estadio Santiago Bernab\u00e9u con el Barcelona, en el juego de ida de las semifinales de la Liga de Campeones frente al Real Madrid. El crack argentino tuvo una velada estelar en la victoria del cuadro 'Cul\u00e9' 0-2, con dos anotaciones suyas. [&hellip;]","og_url":"https:\/\/futbolhoy.co\/index.php\/2020\/04\/27\/un-dia-como-hoy-el-baile-de-messi-en-el-bernabeu-por-champions\/","article_publisher":"https:\/\/www.facebook.com\/FutbolHoyCol\/","article_published_time":"2020-04-27T10:21:28+00:00","article_modified_time":"2020-04-28T14:28:47+00:00","og_image":[{"width":882,"height":434,"url":"https:\/\/futbolhoy.co\/wp-content\/uploads\/2020\/04\/B0Di6soIIAEEpEy.jpg","type":"image\/jpeg"}],"author":"Laura Hern\u00e1ndez","twitter_card":"summary_large_image","twitter_creator":"@FutbolHoyCol","twitter_site":"@FutbolHoyCol","twitter_misc":{"Escrito por":"Laura Hern\u00e1ndez","Tiempo de lectura":"1 minuto"},"schema":{"@context":"https:\/\/schema.org","@graph":[{"@type":"Article","@id":"https:\/\/futbolhoy.co\/index.php\/2020\/04\/27\/un-dia-como-hoy-el-baile-de-messi-en-el-bernabeu-por-champions\/#article","isPartOf":{"@id":"https:\/\/futbolhoy.co\/index.php\/2020\/04\/27\/un-dia-como-hoy-el-baile-de-messi-en-el-bernabeu-por-champions\/"},"author":{"name":"Laura Hern\u00e1ndez","@id":"https:\/\/futbolhoy.co\/#\/schema\/person\/c4a353a512b127643723a34bb1812f7d"},"headline":"Un d\u00eda como hoy: el baile de Messi en el Bernab\u00e9u por Champions","datePublished":"2020-04-27T10:21:28+00:00","dateModified":"2020-04-28T14:28:47+00:00","mainEntityOfPage":{"@id":"https:\/\/futbolhoy.co\/index.php\/2020\/04\/27\/un-dia-como-hoy-el-baile-de-messi-en-el-bernabeu-por-champions\/"},"wordCount":213,"commentCount":0,"publisher":{"@id":"https:\/\/futbolhoy.co\/#organization"},"image":{"@id":"https:\/\/futbolhoy.co\/index.php\/2020\/04\/27\/un-dia-como-hoy-el-baile-de-messi-en-el-bernabeu-por-champions\/#primaryimage"},"thumbnailUrl":"https:\/\/futbolhoy.co\/wp-content\/uploads\/2020\/04\/B0Di6soIIAEEpEy.jpg","keywords":["Champions League","Fc Barcelona","Lionel Messi","Real Madrid"],"articleSection":["Mundo Futbol"],"inLanguage":"es","potentialAction":[{"@type":"CommentAction","name":"Comment","target":["https:\/\/futbolhoy.co\/index.php\/2020\/04\/27\/un-dia-como-hoy-el-baile-de-messi-en-el-bernabeu-por-champions\/#respond"]}]},{"@type":"WebPage","@id":"https:\/\/futbolhoy.co\/index.php\/2020\/04\/27\/un-dia-como-hoy-el-baile-de-messi-en-el-bernabeu-por-champions\/","url":"https:\/\/futbolhoy.co\/index.php\/2020\/04\/27\/un-dia-como-hoy-el-baile-de-messi-en-el-bernabeu-por-champions\/","name":"Un d\u00eda como hoy: el baile de Messi en el Bernab\u00e9u por Champions -","isPartOf":{"@id":"https:\/\/futbolhoy.co\/#website"},"primaryImageOfPage":{"@id":"https:\/\/futbolhoy.co\/index.php\/2020\/04\/27\/un-dia-como-hoy-el-baile-de-messi-en-el-bernabeu-por-champions\/#primaryimage"},"image":{"@id":"https:\/\/futbolhoy.co\/index.php\/2020\/04\/27\/un-dia-como-hoy-el-baile-de-messi-en-el-bernabeu-por-champions\/#primaryimage"},"thumbnailUrl":"https:\/\/futbolhoy.co\/wp-content\/uploads\/2020\/04\/B0Di6soIIAEEpEy.jpg","datePublished":"2020-04-27T10:21:28+00:00","dateModified":"2020-04-28T14:28:47+00:00","breadcrumb":{"@id":"https:\/\/futbolhoy.co\/index.php\/2020\/04\/27\/un-dia-como-hoy-el-baile-de-messi-en-el-bernabeu-por-champions\/#breadcrumb"},"inLanguage":"es","potentialAction":[{"@type":"ReadAction","target":["https:\/\/futbolhoy.co\/index.php\/2020\/04\/27\/un-dia-como-hoy-el-baile-de-messi-en-el-bernabeu-por-champions\/"]}]},{"@type":"ImageObject","inLanguage":"es","@id":"https:\/\/futbolhoy.co\/index.php\/2020\/04\/27\/un-dia-como-hoy-el-baile-de-messi-en-el-bernabeu-por-champions\/#primaryimage","url":"https:\/\/futbolhoy.co\/wp-content\/uploads\/2020\/04\/B0Di6soIIAEEpEy.jpg","contentUrl":"https:\/\/futbolhoy.co\/wp-content\/uploads\/2020\/04\/B0Di6soIIAEEpEy.jpg","width":882,"height":434},{"@type":"BreadcrumbList","@id":"https:\/\/futbolhoy.co\/index.php\/2020\/04\/27\/un-dia-como-hoy-el-baile-de-messi-en-el-bernabeu-por-champions\/#breadcrumb","itemListElement":[{"@type":"ListItem","position":1,"name":"Portada","item":"https:\/\/futbolhoy.co\/"},{"@type":"ListItem","position":2,"name":"Un d\u00eda como hoy: el baile de Messi en el Bernab\u00e9u por Champions"}]},{"@type":"WebSite","@id":"https:\/\/futbolhoy.co\/#website","url":"https:\/\/futbolhoy.co\/","name":"FutbolHoy","description":"","publisher":{"@id":"https:\/\/futbolhoy.co\/#organization"},"potentialAction":[{"@type":"SearchAction","target":{"@type":"EntryPoint","urlTemplate":"https:\/\/futbolhoy.co\/?s={search_term_string}"},"query-input":{"@type":"PropertyValueSpecification","valueRequired":true,"valueName":"search_term_string"}}],"inLanguage":"es"},{"@type":"Organization","@id":"https:\/\/futbolhoy.co\/#organization","name":"Futbolhoy.co","url":"https:\/\/futbolhoy.co\/","logo":{"@type":"ImageObject","inLanguage":"es","@id":"https:\/\/futbolhoy.co\/#\/schema\/logo\/image\/","url":"https:\/\/futbolhoy.co\/wp-content\/uploads\/2018\/08\/17426380_1906371736249227_6326180412931521141_n.jpg","contentUrl":"https:\/\/futbolhoy.co\/wp-content\/uploads\/2018\/08\/17426380_1906371736249227_6326180412931521141_n.jpg","width":960,"height":960,"caption":"Futbolhoy.co"},"image":{"@id":"https:\/\/futbolhoy.co\/#\/schema\/logo\/image\/"},"sameAs":["https:\/\/www.facebook.com\/FutbolHoyCol\/","https:\/\/x.com\/FutbolHoyCol","https:\/\/www.instagram.com\/futbolhoycol\/"]},{"@type":"Person","@id":"https:\/\/futbolhoy.co\/#\/schema\/person\/c4a353a512b127643723a34bb1812f7d","name":"Laura Hern\u00e1ndez","image":{"@type":"ImageObject","inLanguage":"es","@id":"https:\/\/futbolhoy.co\/#\/schema\/person\/image\/","url":"https:\/\/secure.gravatar.com\/avatar\/d25959a15b9b293a743f99181c7cfd01?s=96&d=mm&r=g","contentUrl":"https:\/\/secure.gravatar.com\/avatar\/d25959a15b9b293a743f99181c7cfd01?s=96&d=mm&r=g","caption":"Laura Hern\u00e1ndez"}}]}},"publishpress_future_action":{"enabled":false,"date":"2026-05-04 18:50:39","action":"change-status","newStatus":"draft","terms":[],"taxonomy":"category","extraData":[]},"publishpress_future_workflow_manual_trigger":{"enabledWorkflows":[]},"_links":{"self":[{"href":"https:\/\/futbolhoy.co\/index.php\/wp-json\/wp\/v2\/posts\/50532","targetHints":{"allow":["GET"]}}],"collection":[{"href":"https:\/\/futbolhoy.co\/index.php\/wp-json\/wp\/v2\/posts"}],"about":[{"href":"https:\/\/futbolhoy.co\/index.php\/wp-json\/wp\/v2\/types\/post"}],"author":[{"embeddable":true,"href":"https:\/\/futbolhoy.co\/index.php\/wp-json\/wp\/v2\/users\/5"}],"replies":[{"embeddable":true,"href":"https:\/\/futbolhoy.co\/index.php\/wp-json\/wp\/v2\/comments?post=50532"}],"version-history":[{"count":1,"href":"https:\/\/futbolhoy.co\/index.php\/wp-json\/wp\/v2\/posts\/50532\/revisions"}],"predecessor-version":[{"id":50534,"href":"https:\/\/futbolhoy.co\/index.php\/wp-json\/wp\/v2\/posts\/50532\/revisions\/50534"}],"wp:featuredmedia":[{"embeddable":true,"href":"https:\/\/futbolhoy.co\/index.php\/wp-json\/wp\/v2\/media\/50533"}],"wp:attachment":[{"href":"https:\/\/futbolhoy.co\/index.php\/wp-json\/wp\/v2\/media?parent=50532"}],"wp:term":[{"taxonomy":"category","embeddable":true,"href":"https:\/\/futbolhoy.co\/index.php\/wp-json\/wp\/v2\/categories?post=50532"},{"taxonomy":"post_tag","embeddable":true,"href":"https:\/\/futbolhoy.co\/index.php\/wp-json\/wp\/v2\/tags?post=50532"}],"curies":[{"name":"wp","href":"https:\/\/api.w.org\/{rel}","templated":true}]}}