{"id":50545,"date":"2020-04-28T17:36:53","date_gmt":"2020-04-28T22:36:53","guid":{"rendered":"https:\/\/futbolhoy.co\/?p=50545"},"modified":"2020-04-28T19:58:48","modified_gmt":"2020-04-29T00:58:48","slug":"falcao-se-quedara-en-turquia-jorge-mendes","status":"publish","type":"post","link":"https:\/\/futbolhoy.co\/index.php\/2020\/04\/28\/falcao-se-quedara-en-turquia-jorge-mendes\/","title":{"rendered":"Falcao se quedar\u00e1 en Turqu\u00eda: Jorge Mendes"},"content":{"rendered":"<p style=\"text-align: justify\"><span style=\"font-family: helvetica, arial, sans-serif\"><strong>Jorge Mendes<\/strong>, empresario de <strong>Falcao Garc\u00eda,<\/strong> precis\u00f3 que el colombiano seguir\u00e1 en <strong>Galatasary<\/strong> a pesar de todos los rumores que ha publicado la prensa de <strong>Turqu\u00eda,<\/strong> donde se asegur\u00f3 que el <strong>Al Hilal<\/strong> de <strong>Arabia<\/strong> estaba dispuesto a un salario generoso.<\/span><\/p>\n<p style=\"text-align: justify\"><span style=\"font-family: helvetica, arial, sans-serif\">\"Los hechos no son como est\u00e1n escritos. Falcao ha tenido un gran \u00e9xito a lo largo de su vida futbol\u00edstica. Para un jugador con esta carrera, no hay mucho objetivo, especialmente en t\u00e9rminos monetarios. S\u00e9 que Falcao y su familia est\u00e1n muy felices en <strong>Estambul<\/strong> y Galatasaray es un gran club. Adem\u00e1s, \u00e9l tiene un contrato en curso. Puedo decir que definitivamente no hay opci\u00f3n de una transferencia\", dijo el portugu\u00e9s en declaraciones reproducidas por el diario <em>Sporx.<\/em><\/span><\/p>\n<p style=\"text-align: justify\"><span style=\"font-family: helvetica, arial, sans-serif\">\"Falcao hizo grandes sacrificios para venir a Galatasaray. No puedes esperar que un jugador que hace este sacrificio se vaya f\u00e1cilmente. No tomen las noticias tan en serio. \u00c9l quiere ganar un campeonato con Galatasaray\", se agreg\u00f3 en la nota.<\/span><\/p>\n<p style=\"text-align: justify\"><span style=\"font-family: helvetica, arial, sans-serif\">El samario hab\u00eda anticipado que cumplir\u00e1 su compromiso con el equipo turco, contrato que finalizar\u00e1 en junio del 2022.<\/span><\/p>\n","protected":false},"excerpt":{"rendered":"<p>Jorge Mendes, empresario de Falcao Garc\u00eda, precis\u00f3 que el colombiano seguir\u00e1 en Galatasary a pesar de todos los rumores que ha publicado la prensa de Turqu\u00eda, donde se asegur\u00f3 que el Al Hilal de Arabia estaba dispuesto a un salario generoso. \"Los hechos no son como est\u00e1n escritos. Falcao ha tenido un gran \u00e9xito a [&hellip;]<\/p>\n","protected":false},"author":5,"featured_media":48351,"comment_status":"open","ping_status":"open","sticky":false,"template":"","format":"standard","meta":{"_acf_changed":false,"footnotes":""},"categories":[418],"tags":[141,1114,1836],"class_list":{"0":"post-50545","1":"post","2":"type-post","3":"status-publish","4":"format-standard","5":"has-post-thumbnail","7":"category-colombia","8":"tag-falcao-garcia","9":"tag-galatasaray","10":"tag-jorge-mendes"},"acf":[],"yoast_head":"<!-- This site is optimized with the Yoast SEO plugin v26.8 - https:\/\/yoast.com\/product\/yoast-seo-wordpress\/ -->\n<title>Falcao se quedar\u00e1 en Turqu\u00eda: Jorge Mendes -<\/title>\n<meta name=\"robots\" content=\"index, follow, max-snippet:-1, max-image-preview:large, max-video-preview:-1\" \/>\n<link rel=\"canonical\" href=\"https:\/\/futbolhoy.co\/index.php\/2020\/04\/28\/falcao-se-quedara-en-turquia-jorge-mendes\/\" \/>\n<meta property=\"og:locale\" content=\"es_ES\" \/>\n<meta property=\"og:type\" content=\"article\" \/>\n<meta property=\"og:title\" content=\"Falcao se quedar\u00e1 en Turqu\u00eda: Jorge Mendes -\" \/>\n<meta property=\"og:description\" content=\"Jorge Mendes, empresario de Falcao Garc\u00eda, precis\u00f3 que el colombiano seguir\u00e1 en Galatasary a pesar de todos los rumores que ha publicado la prensa de Turqu\u00eda, donde se asegur\u00f3 que el Al Hilal de Arabia estaba dispuesto a un salario generoso. &quot;Los hechos no son como est\u00e1n escritos. Falcao ha tenido un gran \u00e9xito a [&hellip;]\" \/>\n<meta property=\"og:url\" content=\"https:\/\/futbolhoy.co\/index.php\/2020\/04\/28\/falcao-se-quedara-en-turquia-jorge-mendes\/\" \/>\n<meta property=\"article:publisher\" content=\"https:\/\/www.facebook.com\/FutbolHoyCol\/\" \/>\n<meta property=\"article:published_time\" content=\"2020-04-28T22:36:53+00:00\" \/>\n<meta property=\"article:modified_time\" content=\"2020-04-29T00:58:48+00:00\" \/>\n<meta property=\"og:image\" content=\"https:\/\/futbolhoy.co\/wp-content\/uploads\/2020\/03\/Falcao-soldado.jpg\" \/>\n\t<meta property=\"og:image:width\" content=\"633\" \/>\n\t<meta property=\"og:image:height\" content=\"570\" \/>\n\t<meta property=\"og:image:type\" content=\"image\/jpeg\" \/>\n<meta name=\"author\" content=\"Laura Hern\u00e1ndez\" \/>\n<meta name=\"twitter:card\" content=\"summary_large_image\" \/>\n<meta name=\"twitter:creator\" content=\"@FutbolHoyCol\" \/>\n<meta name=\"twitter:site\" content=\"@FutbolHoyCol\" \/>\n<meta name=\"twitter:label1\" content=\"Escrito por\" \/>\n\t<meta name=\"twitter:data1\" content=\"Laura Hern\u00e1ndez\" \/>\n\t<meta name=\"twitter:label2\" content=\"Tiempo de lectura\" \/>\n\t<meta name=\"twitter:data2\" content=\"1 minuto\" \/>\n<script type=\"application\/ld+json\" class=\"yoast-schema-graph\">{\"@context\":\"https:\/\/schema.org\",\"@graph\":[{\"@type\":\"Article\",\"@id\":\"https:\/\/futbolhoy.co\/index.php\/2020\/04\/28\/falcao-se-quedara-en-turquia-jorge-mendes\/#article\",\"isPartOf\":{\"@id\":\"https:\/\/futbolhoy.co\/index.php\/2020\/04\/28\/falcao-se-quedara-en-turquia-jorge-mendes\/\"},\"author\":{\"name\":\"Laura Hern\u00e1ndez\",\"@id\":\"https:\/\/futbolhoy.co\/#\/schema\/person\/c4a353a512b127643723a34bb1812f7d\"},\"headline\":\"Falcao se quedar\u00e1 en Turqu\u00eda: Jorge Mendes\",\"datePublished\":\"2020-04-28T22:36:53+00:00\",\"dateModified\":\"2020-04-29T00:58:48+00:00\",\"mainEntityOfPage\":{\"@id\":\"https:\/\/futbolhoy.co\/index.php\/2020\/04\/28\/falcao-se-quedara-en-turquia-jorge-mendes\/\"},\"wordCount\":196,\"commentCount\":0,\"publisher\":{\"@id\":\"https:\/\/futbolhoy.co\/#organization\"},\"image\":{\"@id\":\"https:\/\/futbolhoy.co\/index.php\/2020\/04\/28\/falcao-se-quedara-en-turquia-jorge-mendes\/#primaryimage\"},\"thumbnailUrl\":\"https:\/\/futbolhoy.co\/wp-content\/uploads\/2020\/03\/Falcao-soldado.jpg\",\"keywords\":[\"Falcao Garc\u00eda\",\"Galatasaray\",\"Jorge Mendes\"],\"articleSection\":[\"Colombia\"],\"inLanguage\":\"es\",\"potentialAction\":[{\"@type\":\"CommentAction\",\"name\":\"Comment\",\"target\":[\"https:\/\/futbolhoy.co\/index.php\/2020\/04\/28\/falcao-se-quedara-en-turquia-jorge-mendes\/#respond\"]}]},{\"@type\":\"WebPage\",\"@id\":\"https:\/\/futbolhoy.co\/index.php\/2020\/04\/28\/falcao-se-quedara-en-turquia-jorge-mendes\/\",\"url\":\"https:\/\/futbolhoy.co\/index.php\/2020\/04\/28\/falcao-se-quedara-en-turquia-jorge-mendes\/\",\"name\":\"Falcao se quedar\u00e1 en Turqu\u00eda: Jorge Mendes -\",\"isPartOf\":{\"@id\":\"https:\/\/futbolhoy.co\/#website\"},\"primaryImageOfPage\":{\"@id\":\"https:\/\/futbolhoy.co\/index.php\/2020\/04\/28\/falcao-se-quedara-en-turquia-jorge-mendes\/#primaryimage\"},\"image\":{\"@id\":\"https:\/\/futbolhoy.co\/index.php\/2020\/04\/28\/falcao-se-quedara-en-turquia-jorge-mendes\/#primaryimage\"},\"thumbnailUrl\":\"https:\/\/futbolhoy.co\/wp-content\/uploads\/2020\/03\/Falcao-soldado.jpg\",\"datePublished\":\"2020-04-28T22:36:53+00:00\",\"dateModified\":\"2020-04-29T00:58:48+00:00\",\"breadcrumb\":{\"@id\":\"https:\/\/futbolhoy.co\/index.php\/2020\/04\/28\/falcao-se-quedara-en-turquia-jorge-mendes\/#breadcrumb\"},\"inLanguage\":\"es\",\"potentialAction\":[{\"@type\":\"ReadAction\",\"target\":[\"https:\/\/futbolhoy.co\/index.php\/2020\/04\/28\/falcao-se-quedara-en-turquia-jorge-mendes\/\"]}]},{\"@type\":\"ImageObject\",\"inLanguage\":\"es\",\"@id\":\"https:\/\/futbolhoy.co\/index.php\/2020\/04\/28\/falcao-se-quedara-en-turquia-jorge-mendes\/#primaryimage\",\"url\":\"https:\/\/futbolhoy.co\/wp-content\/uploads\/2020\/03\/Falcao-soldado.jpg\",\"contentUrl\":\"https:\/\/futbolhoy.co\/wp-content\/uploads\/2020\/03\/Falcao-soldado.jpg\",\"width\":633,\"height\":570},{\"@type\":\"BreadcrumbList\",\"@id\":\"https:\/\/futbolhoy.co\/index.php\/2020\/04\/28\/falcao-se-quedara-en-turquia-jorge-mendes\/#breadcrumb\",\"itemListElement\":[{\"@type\":\"ListItem\",\"position\":1,\"name\":\"Portada\",\"item\":\"https:\/\/futbolhoy.co\/\"},{\"@type\":\"ListItem\",\"position\":2,\"name\":\"Falcao se quedar\u00e1 en Turqu\u00eda: Jorge Mendes\"}]},{\"@type\":\"WebSite\",\"@id\":\"https:\/\/futbolhoy.co\/#website\",\"url\":\"https:\/\/futbolhoy.co\/\",\"name\":\"FutbolHoy\",\"description\":\"\",\"publisher\":{\"@id\":\"https:\/\/futbolhoy.co\/#organization\"},\"potentialAction\":[{\"@type\":\"SearchAction\",\"target\":{\"@type\":\"EntryPoint\",\"urlTemplate\":\"https:\/\/futbolhoy.co\/?s={search_term_string}\"},\"query-input\":{\"@type\":\"PropertyValueSpecification\",\"valueRequired\":true,\"valueName\":\"search_term_string\"}}],\"inLanguage\":\"es\"},{\"@type\":\"Organization\",\"@id\":\"https:\/\/futbolhoy.co\/#organization\",\"name\":\"Futbolhoy.co\",\"url\":\"https:\/\/futbolhoy.co\/\",\"logo\":{\"@type\":\"ImageObject\",\"inLanguage\":\"es\",\"@id\":\"https:\/\/futbolhoy.co\/#\/schema\/logo\/image\/\",\"url\":\"https:\/\/futbolhoy.co\/wp-content\/uploads\/2018\/08\/17426380_1906371736249227_6326180412931521141_n.jpg\",\"contentUrl\":\"https:\/\/futbolhoy.co\/wp-content\/uploads\/2018\/08\/17426380_1906371736249227_6326180412931521141_n.jpg\",\"width\":960,\"height\":960,\"caption\":\"Futbolhoy.co\"},\"image\":{\"@id\":\"https:\/\/futbolhoy.co\/#\/schema\/logo\/image\/\"},\"sameAs\":[\"https:\/\/www.facebook.com\/FutbolHoyCol\/\",\"https:\/\/x.com\/FutbolHoyCol\",\"https:\/\/www.instagram.com\/futbolhoycol\/\"]},{\"@type\":\"Person\",\"@id\":\"https:\/\/futbolhoy.co\/#\/schema\/person\/c4a353a512b127643723a34bb1812f7d\",\"name\":\"Laura Hern\u00e1ndez\",\"image\":{\"@type\":\"ImageObject\",\"inLanguage\":\"es\",\"@id\":\"https:\/\/futbolhoy.co\/#\/schema\/person\/image\/\",\"url\":\"https:\/\/secure.gravatar.com\/avatar\/d25959a15b9b293a743f99181c7cfd01?s=96&d=mm&r=g\",\"contentUrl\":\"https:\/\/secure.gravatar.com\/avatar\/d25959a15b9b293a743f99181c7cfd01?s=96&d=mm&r=g\",\"caption\":\"Laura Hern\u00e1ndez\"}}]}<\/script>\n<!-- \/ Yoast SEO plugin. -->","yoast_head_json":{"title":"Falcao se quedar\u00e1 en Turqu\u00eda: Jorge Mendes -","robots":{"index":"index","follow":"follow","max-snippet":"max-snippet:-1","max-image-preview":"max-image-preview:large","max-video-preview":"max-video-preview:-1"},"canonical":"https:\/\/futbolhoy.co\/index.php\/2020\/04\/28\/falcao-se-quedara-en-turquia-jorge-mendes\/","og_locale":"es_ES","og_type":"article","og_title":"Falcao se quedar\u00e1 en Turqu\u00eda: Jorge Mendes -","og_description":"Jorge Mendes, empresario de Falcao Garc\u00eda, precis\u00f3 que el colombiano seguir\u00e1 en Galatasary a pesar de todos los rumores que ha publicado la prensa de Turqu\u00eda, donde se asegur\u00f3 que el Al Hilal de Arabia estaba dispuesto a un salario generoso. \"Los hechos no son como est\u00e1n escritos. Falcao ha tenido un gran \u00e9xito a [&hellip;]","og_url":"https:\/\/futbolhoy.co\/index.php\/2020\/04\/28\/falcao-se-quedara-en-turquia-jorge-mendes\/","article_publisher":"https:\/\/www.facebook.com\/FutbolHoyCol\/","article_published_time":"2020-04-28T22:36:53+00:00","article_modified_time":"2020-04-29T00:58:48+00:00","og_image":[{"width":633,"height":570,"url":"https:\/\/futbolhoy.co\/wp-content\/uploads\/2020\/03\/Falcao-soldado.jpg","type":"image\/jpeg"}],"author":"Laura Hern\u00e1ndez","twitter_card":"summary_large_image","twitter_creator":"@FutbolHoyCol","twitter_site":"@FutbolHoyCol","twitter_misc":{"Escrito por":"Laura Hern\u00e1ndez","Tiempo de lectura":"1 minuto"},"schema":{"@context":"https:\/\/schema.org","@graph":[{"@type":"Article","@id":"https:\/\/futbolhoy.co\/index.php\/2020\/04\/28\/falcao-se-quedara-en-turquia-jorge-mendes\/#article","isPartOf":{"@id":"https:\/\/futbolhoy.co\/index.php\/2020\/04\/28\/falcao-se-quedara-en-turquia-jorge-mendes\/"},"author":{"name":"Laura Hern\u00e1ndez","@id":"https:\/\/futbolhoy.co\/#\/schema\/person\/c4a353a512b127643723a34bb1812f7d"},"headline":"Falcao se quedar\u00e1 en Turqu\u00eda: Jorge Mendes","datePublished":"2020-04-28T22:36:53+00:00","dateModified":"2020-04-29T00:58:48+00:00","mainEntityOfPage":{"@id":"https:\/\/futbolhoy.co\/index.php\/2020\/04\/28\/falcao-se-quedara-en-turquia-jorge-mendes\/"},"wordCount":196,"commentCount":0,"publisher":{"@id":"https:\/\/futbolhoy.co\/#organization"},"image":{"@id":"https:\/\/futbolhoy.co\/index.php\/2020\/04\/28\/falcao-se-quedara-en-turquia-jorge-mendes\/#primaryimage"},"thumbnailUrl":"https:\/\/futbolhoy.co\/wp-content\/uploads\/2020\/03\/Falcao-soldado.jpg","keywords":["Falcao Garc\u00eda","Galatasaray","Jorge Mendes"],"articleSection":["Colombia"],"inLanguage":"es","potentialAction":[{"@type":"CommentAction","name":"Comment","target":["https:\/\/futbolhoy.co\/index.php\/2020\/04\/28\/falcao-se-quedara-en-turquia-jorge-mendes\/#respond"]}]},{"@type":"WebPage","@id":"https:\/\/futbolhoy.co\/index.php\/2020\/04\/28\/falcao-se-quedara-en-turquia-jorge-mendes\/","url":"https:\/\/futbolhoy.co\/index.php\/2020\/04\/28\/falcao-se-quedara-en-turquia-jorge-mendes\/","name":"Falcao se quedar\u00e1 en Turqu\u00eda: Jorge Mendes -","isPartOf":{"@id":"https:\/\/futbolhoy.co\/#website"},"primaryImageOfPage":{"@id":"https:\/\/futbolhoy.co\/index.php\/2020\/04\/28\/falcao-se-quedara-en-turquia-jorge-mendes\/#primaryimage"},"image":{"@id":"https:\/\/futbolhoy.co\/index.php\/2020\/04\/28\/falcao-se-quedara-en-turquia-jorge-mendes\/#primaryimage"},"thumbnailUrl":"https:\/\/futbolhoy.co\/wp-content\/uploads\/2020\/03\/Falcao-soldado.jpg","datePublished":"2020-04-28T22:36:53+00:00","dateModified":"2020-04-29T00:58:48+00:00","breadcrumb":{"@id":"https:\/\/futbolhoy.co\/index.php\/2020\/04\/28\/falcao-se-quedara-en-turquia-jorge-mendes\/#breadcrumb"},"inLanguage":"es","potentialAction":[{"@type":"ReadAction","target":["https:\/\/futbolhoy.co\/index.php\/2020\/04\/28\/falcao-se-quedara-en-turquia-jorge-mendes\/"]}]},{"@type":"ImageObject","inLanguage":"es","@id":"https:\/\/futbolhoy.co\/index.php\/2020\/04\/28\/falcao-se-quedara-en-turquia-jorge-mendes\/#primaryimage","url":"https:\/\/futbolhoy.co\/wp-content\/uploads\/2020\/03\/Falcao-soldado.jpg","contentUrl":"https:\/\/futbolhoy.co\/wp-content\/uploads\/2020\/03\/Falcao-soldado.jpg","width":633,"height":570},{"@type":"BreadcrumbList","@id":"https:\/\/futbolhoy.co\/index.php\/2020\/04\/28\/falcao-se-quedara-en-turquia-jorge-mendes\/#breadcrumb","itemListElement":[{"@type":"ListItem","position":1,"name":"Portada","item":"https:\/\/futbolhoy.co\/"},{"@type":"ListItem","position":2,"name":"Falcao se quedar\u00e1 en Turqu\u00eda: Jorge Mendes"}]},{"@type":"WebSite","@id":"https:\/\/futbolhoy.co\/#website","url":"https:\/\/futbolhoy.co\/","name":"FutbolHoy","description":"","publisher":{"@id":"https:\/\/futbolhoy.co\/#organization"},"potentialAction":[{"@type":"SearchAction","target":{"@type":"EntryPoint","urlTemplate":"https:\/\/futbolhoy.co\/?s={search_term_string}"},"query-input":{"@type":"PropertyValueSpecification","valueRequired":true,"valueName":"search_term_string"}}],"inLanguage":"es"},{"@type":"Organization","@id":"https:\/\/futbolhoy.co\/#organization","name":"Futbolhoy.co","url":"https:\/\/futbolhoy.co\/","logo":{"@type":"ImageObject","inLanguage":"es","@id":"https:\/\/futbolhoy.co\/#\/schema\/logo\/image\/","url":"https:\/\/futbolhoy.co\/wp-content\/uploads\/2018\/08\/17426380_1906371736249227_6326180412931521141_n.jpg","contentUrl":"https:\/\/futbolhoy.co\/wp-content\/uploads\/2018\/08\/17426380_1906371736249227_6326180412931521141_n.jpg","width":960,"height":960,"caption":"Futbolhoy.co"},"image":{"@id":"https:\/\/futbolhoy.co\/#\/schema\/logo\/image\/"},"sameAs":["https:\/\/www.facebook.com\/FutbolHoyCol\/","https:\/\/x.com\/FutbolHoyCol","https:\/\/www.instagram.com\/futbolhoycol\/"]},{"@type":"Person","@id":"https:\/\/futbolhoy.co\/#\/schema\/person\/c4a353a512b127643723a34bb1812f7d","name":"Laura Hern\u00e1ndez","image":{"@type":"ImageObject","inLanguage":"es","@id":"https:\/\/futbolhoy.co\/#\/schema\/person\/image\/","url":"https:\/\/secure.gravatar.com\/avatar\/d25959a15b9b293a743f99181c7cfd01?s=96&d=mm&r=g","contentUrl":"https:\/\/secure.gravatar.com\/avatar\/d25959a15b9b293a743f99181c7cfd01?s=96&d=mm&r=g","caption":"Laura Hern\u00e1ndez"}}]}},"publishpress_future_action":{"enabled":false,"date":"2026-05-04 17:21:06","action":"change-status","newStatus":"draft","terms":[],"taxonomy":"category","extraData":[]},"publishpress_future_workflow_manual_trigger":{"enabledWorkflows":[]},"_links":{"self":[{"href":"https:\/\/futbolhoy.co\/index.php\/wp-json\/wp\/v2\/posts\/50545","targetHints":{"allow":["GET"]}}],"collection":[{"href":"https:\/\/futbolhoy.co\/index.php\/wp-json\/wp\/v2\/posts"}],"about":[{"href":"https:\/\/futbolhoy.co\/index.php\/wp-json\/wp\/v2\/types\/post"}],"author":[{"embeddable":true,"href":"https:\/\/futbolhoy.co\/index.php\/wp-json\/wp\/v2\/users\/5"}],"replies":[{"embeddable":true,"href":"https:\/\/futbolhoy.co\/index.php\/wp-json\/wp\/v2\/comments?post=50545"}],"version-history":[{"count":1,"href":"https:\/\/futbolhoy.co\/index.php\/wp-json\/wp\/v2\/posts\/50545\/revisions"}],"predecessor-version":[{"id":50546,"href":"https:\/\/futbolhoy.co\/index.php\/wp-json\/wp\/v2\/posts\/50545\/revisions\/50546"}],"wp:featuredmedia":[{"embeddable":true,"href":"https:\/\/futbolhoy.co\/index.php\/wp-json\/wp\/v2\/media\/48351"}],"wp:attachment":[{"href":"https:\/\/futbolhoy.co\/index.php\/wp-json\/wp\/v2\/media?parent=50545"}],"wp:term":[{"taxonomy":"category","embeddable":true,"href":"https:\/\/futbolhoy.co\/index.php\/wp-json\/wp\/v2\/categories?post=50545"},{"taxonomy":"post_tag","embeddable":true,"href":"https:\/\/futbolhoy.co\/index.php\/wp-json\/wp\/v2\/tags?post=50545"}],"curies":[{"name":"wp","href":"https:\/\/api.w.org\/{rel}","templated":true}]}}