{"id":50555,"date":"2020-04-28T11:25:24","date_gmt":"2020-04-28T16:25:24","guid":{"rendered":"https:\/\/futbolhoy.co\/?p=50555"},"modified":"2020-04-29T10:31:34","modified_gmt":"2020-04-29T15:31:34","slug":"el-futbol-del-2020-sera-sin-publico-minsalud","status":"publish","type":"post","link":"https:\/\/futbolhoy.co\/index.php\/2020\/04\/28\/el-futbol-del-2020-sera-sin-publico-minsalud\/","title":{"rendered":"El f\u00fatbol del 2020 ser\u00e1 sin p\u00fablico: MinSalud"},"content":{"rendered":"<p style=\"text-align: justify\"><span style=\"font-family: helvetica, arial, sans-serif\">El <strong>ministro de Salud, Fernando Ruiz,<\/strong> insisti\u00f3 que el f\u00fatbol en <strong>Colombia<\/strong> regresar\u00e1 cuando las condiciones sanitarias lo permitan, pero a puerta cerrada.<\/span><\/p>\n<p style=\"text-align: justify\"><span style=\"font-family: helvetica, arial, sans-serif\">\"En lo que queda del a\u00f1o, muy seguramente, no vamos a tener la posibilidad de contar con f\u00fatbol a puerta abierta, o sea con p\u00fablico. Una decisi\u00f3n diferente a puerta cerrada depende necesariamente de lo que vayamos planteando y del desarrollo mismo del proceso de apertura gradual que hemos flexibilizado\", dijo Ruiz en <em>Blu Radio<\/em>.<\/span><\/p>\n<p style=\"text-align: justify\"><span style=\"font-family: helvetica, arial, sans-serif\">\"Los temas multitudinarios s\u00ed es muy dif\u00edcil que los tengamos a lo largo del a\u00f1o, pero eso no quiere decir que no se pudiera, eventualmente, tomar la decisi\u00f3n sobre el f\u00fatbol a puerta cerrada\", agreg\u00f3 sobre el tema.<\/span><\/p>\n<p style=\"text-align: justify\"><span style=\"font-family: helvetica, arial, sans-serif\">Los directivos de <strong>Dimayor<\/strong> tiene previsto para este mi\u00e9rcoles una reuni\u00f3n con el <strong>ministro del Deporte, Ernesto Lucena<\/strong>, para analizar la situaci\u00f3n que est\u00e1 viviendo el f\u00fatbol.<\/span><\/p>\n","protected":false},"excerpt":{"rendered":"<p>El ministro de Salud, Fernando Ruiz, insisti\u00f3 que el f\u00fatbol en Colombia regresar\u00e1 cuando las condiciones sanitarias lo permitan, pero a puerta cerrada. \"En lo que queda del a\u00f1o, muy seguramente, no vamos a tener la posibilidad de contar con f\u00fatbol a puerta abierta, o sea con p\u00fablico. Una decisi\u00f3n diferente a puerta cerrada depende [&hellip;]<\/p>\n","protected":false},"author":5,"featured_media":48554,"comment_status":"open","ping_status":"open","sticky":false,"template":"","format":"standard","meta":{"_acf_changed":false,"footnotes":""},"categories":[7],"tags":[1837],"class_list":{"0":"post-50555","1":"post","2":"type-post","3":"status-publish","4":"format-standard","5":"has-post-thumbnail","7":"category-liga-betplay","8":"tag-minsalud"},"acf":[],"yoast_head":"<!-- This site is optimized with the Yoast SEO plugin v26.8 - https:\/\/yoast.com\/product\/yoast-seo-wordpress\/ -->\n<title>El f\u00fatbol del 2020 ser\u00e1 sin p\u00fablico: MinSalud -<\/title>\n<meta name=\"robots\" content=\"index, follow, max-snippet:-1, max-image-preview:large, max-video-preview:-1\" \/>\n<link rel=\"canonical\" href=\"https:\/\/futbolhoy.co\/index.php\/2020\/04\/28\/el-futbol-del-2020-sera-sin-publico-minsalud\/\" \/>\n<meta property=\"og:locale\" content=\"es_ES\" \/>\n<meta property=\"og:type\" content=\"article\" \/>\n<meta property=\"og:title\" content=\"El f\u00fatbol del 2020 ser\u00e1 sin p\u00fablico: MinSalud -\" \/>\n<meta property=\"og:description\" content=\"El ministro de Salud, Fernando Ruiz, insisti\u00f3 que el f\u00fatbol en Colombia regresar\u00e1 cuando las condiciones sanitarias lo permitan, pero a puerta cerrada. &quot;En lo que queda del a\u00f1o, muy seguramente, no vamos a tener la posibilidad de contar con f\u00fatbol a puerta abierta, o sea con p\u00fablico. Una decisi\u00f3n diferente a puerta cerrada depende [&hellip;]\" \/>\n<meta property=\"og:url\" content=\"https:\/\/futbolhoy.co\/index.php\/2020\/04\/28\/el-futbol-del-2020-sera-sin-publico-minsalud\/\" \/>\n<meta property=\"article:publisher\" content=\"https:\/\/www.facebook.com\/FutbolHoyCol\/\" \/>\n<meta property=\"article:published_time\" content=\"2020-04-28T16:25:24+00:00\" \/>\n<meta property=\"article:modified_time\" content=\"2020-04-29T15:31:34+00:00\" \/>\n<meta property=\"og:image\" content=\"https:\/\/futbolhoy.co\/wp-content\/uploads\/2020\/03\/Yuyu.jpg\" \/>\n\t<meta property=\"og:image:width\" content=\"859\" \/>\n\t<meta property=\"og:image:height\" content=\"573\" \/>\n\t<meta property=\"og:image:type\" content=\"image\/jpeg\" \/>\n<meta name=\"author\" content=\"Laura Hern\u00e1ndez\" \/>\n<meta name=\"twitter:card\" content=\"summary_large_image\" \/>\n<meta name=\"twitter:creator\" content=\"@FutbolHoyCol\" \/>\n<meta name=\"twitter:site\" content=\"@FutbolHoyCol\" \/>\n<meta name=\"twitter:label1\" content=\"Escrito por\" \/>\n\t<meta name=\"twitter:data1\" content=\"Laura Hern\u00e1ndez\" \/>\n\t<meta name=\"twitter:label2\" content=\"Tiempo de lectura\" \/>\n\t<meta name=\"twitter:data2\" content=\"1 minuto\" \/>\n<script type=\"application\/ld+json\" class=\"yoast-schema-graph\">{\"@context\":\"https:\/\/schema.org\",\"@graph\":[{\"@type\":\"Article\",\"@id\":\"https:\/\/futbolhoy.co\/index.php\/2020\/04\/28\/el-futbol-del-2020-sera-sin-publico-minsalud\/#article\",\"isPartOf\":{\"@id\":\"https:\/\/futbolhoy.co\/index.php\/2020\/04\/28\/el-futbol-del-2020-sera-sin-publico-minsalud\/\"},\"author\":{\"name\":\"Laura Hern\u00e1ndez\",\"@id\":\"https:\/\/futbolhoy.co\/#\/schema\/person\/c4a353a512b127643723a34bb1812f7d\"},\"headline\":\"El f\u00fatbol del 2020 ser\u00e1 sin p\u00fablico: MinSalud\",\"datePublished\":\"2020-04-28T16:25:24+00:00\",\"dateModified\":\"2020-04-29T15:31:34+00:00\",\"mainEntityOfPage\":{\"@id\":\"https:\/\/futbolhoy.co\/index.php\/2020\/04\/28\/el-futbol-del-2020-sera-sin-publico-minsalud\/\"},\"wordCount\":165,\"commentCount\":0,\"publisher\":{\"@id\":\"https:\/\/futbolhoy.co\/#organization\"},\"image\":{\"@id\":\"https:\/\/futbolhoy.co\/index.php\/2020\/04\/28\/el-futbol-del-2020-sera-sin-publico-minsalud\/#primaryimage\"},\"thumbnailUrl\":\"https:\/\/futbolhoy.co\/wp-content\/uploads\/2020\/03\/Yuyu.jpg\",\"keywords\":[\"MinSalud\"],\"articleSection\":[\"Liga BetPlay\"],\"inLanguage\":\"es\",\"potentialAction\":[{\"@type\":\"CommentAction\",\"name\":\"Comment\",\"target\":[\"https:\/\/futbolhoy.co\/index.php\/2020\/04\/28\/el-futbol-del-2020-sera-sin-publico-minsalud\/#respond\"]}]},{\"@type\":\"WebPage\",\"@id\":\"https:\/\/futbolhoy.co\/index.php\/2020\/04\/28\/el-futbol-del-2020-sera-sin-publico-minsalud\/\",\"url\":\"https:\/\/futbolhoy.co\/index.php\/2020\/04\/28\/el-futbol-del-2020-sera-sin-publico-minsalud\/\",\"name\":\"El f\u00fatbol del 2020 ser\u00e1 sin p\u00fablico: MinSalud -\",\"isPartOf\":{\"@id\":\"https:\/\/futbolhoy.co\/#website\"},\"primaryImageOfPage\":{\"@id\":\"https:\/\/futbolhoy.co\/index.php\/2020\/04\/28\/el-futbol-del-2020-sera-sin-publico-minsalud\/#primaryimage\"},\"image\":{\"@id\":\"https:\/\/futbolhoy.co\/index.php\/2020\/04\/28\/el-futbol-del-2020-sera-sin-publico-minsalud\/#primaryimage\"},\"thumbnailUrl\":\"https:\/\/futbolhoy.co\/wp-content\/uploads\/2020\/03\/Yuyu.jpg\",\"datePublished\":\"2020-04-28T16:25:24+00:00\",\"dateModified\":\"2020-04-29T15:31:34+00:00\",\"breadcrumb\":{\"@id\":\"https:\/\/futbolhoy.co\/index.php\/2020\/04\/28\/el-futbol-del-2020-sera-sin-publico-minsalud\/#breadcrumb\"},\"inLanguage\":\"es\",\"potentialAction\":[{\"@type\":\"ReadAction\",\"target\":[\"https:\/\/futbolhoy.co\/index.php\/2020\/04\/28\/el-futbol-del-2020-sera-sin-publico-minsalud\/\"]}]},{\"@type\":\"ImageObject\",\"inLanguage\":\"es\",\"@id\":\"https:\/\/futbolhoy.co\/index.php\/2020\/04\/28\/el-futbol-del-2020-sera-sin-publico-minsalud\/#primaryimage\",\"url\":\"https:\/\/futbolhoy.co\/wp-content\/uploads\/2020\/03\/Yuyu.jpg\",\"contentUrl\":\"https:\/\/futbolhoy.co\/wp-content\/uploads\/2020\/03\/Yuyu.jpg\",\"width\":859,\"height\":573,\"caption\":\"@JuniorClubSA\"},{\"@type\":\"BreadcrumbList\",\"@id\":\"https:\/\/futbolhoy.co\/index.php\/2020\/04\/28\/el-futbol-del-2020-sera-sin-publico-minsalud\/#breadcrumb\",\"itemListElement\":[{\"@type\":\"ListItem\",\"position\":1,\"name\":\"Portada\",\"item\":\"https:\/\/futbolhoy.co\/\"},{\"@type\":\"ListItem\",\"position\":2,\"name\":\"El f\u00fatbol del 2020 ser\u00e1 sin p\u00fablico: MinSalud\"}]},{\"@type\":\"WebSite\",\"@id\":\"https:\/\/futbolhoy.co\/#website\",\"url\":\"https:\/\/futbolhoy.co\/\",\"name\":\"FutbolHoy\",\"description\":\"\",\"publisher\":{\"@id\":\"https:\/\/futbolhoy.co\/#organization\"},\"potentialAction\":[{\"@type\":\"SearchAction\",\"target\":{\"@type\":\"EntryPoint\",\"urlTemplate\":\"https:\/\/futbolhoy.co\/?s={search_term_string}\"},\"query-input\":{\"@type\":\"PropertyValueSpecification\",\"valueRequired\":true,\"valueName\":\"search_term_string\"}}],\"inLanguage\":\"es\"},{\"@type\":\"Organization\",\"@id\":\"https:\/\/futbolhoy.co\/#organization\",\"name\":\"Futbolhoy.co\",\"url\":\"https:\/\/futbolhoy.co\/\",\"logo\":{\"@type\":\"ImageObject\",\"inLanguage\":\"es\",\"@id\":\"https:\/\/futbolhoy.co\/#\/schema\/logo\/image\/\",\"url\":\"https:\/\/futbolhoy.co\/wp-content\/uploads\/2018\/08\/17426380_1906371736249227_6326180412931521141_n.jpg\",\"contentUrl\":\"https:\/\/futbolhoy.co\/wp-content\/uploads\/2018\/08\/17426380_1906371736249227_6326180412931521141_n.jpg\",\"width\":960,\"height\":960,\"caption\":\"Futbolhoy.co\"},\"image\":{\"@id\":\"https:\/\/futbolhoy.co\/#\/schema\/logo\/image\/\"},\"sameAs\":[\"https:\/\/www.facebook.com\/FutbolHoyCol\/\",\"https:\/\/x.com\/FutbolHoyCol\",\"https:\/\/www.instagram.com\/futbolhoycol\/\"]},{\"@type\":\"Person\",\"@id\":\"https:\/\/futbolhoy.co\/#\/schema\/person\/c4a353a512b127643723a34bb1812f7d\",\"name\":\"Laura Hern\u00e1ndez\",\"image\":{\"@type\":\"ImageObject\",\"inLanguage\":\"es\",\"@id\":\"https:\/\/futbolhoy.co\/#\/schema\/person\/image\/\",\"url\":\"https:\/\/secure.gravatar.com\/avatar\/d25959a15b9b293a743f99181c7cfd01?s=96&d=mm&r=g\",\"contentUrl\":\"https:\/\/secure.gravatar.com\/avatar\/d25959a15b9b293a743f99181c7cfd01?s=96&d=mm&r=g\",\"caption\":\"Laura Hern\u00e1ndez\"}}]}<\/script>\n<!-- \/ Yoast SEO plugin. -->","yoast_head_json":{"title":"El f\u00fatbol del 2020 ser\u00e1 sin p\u00fablico: MinSalud -","robots":{"index":"index","follow":"follow","max-snippet":"max-snippet:-1","max-image-preview":"max-image-preview:large","max-video-preview":"max-video-preview:-1"},"canonical":"https:\/\/futbolhoy.co\/index.php\/2020\/04\/28\/el-futbol-del-2020-sera-sin-publico-minsalud\/","og_locale":"es_ES","og_type":"article","og_title":"El f\u00fatbol del 2020 ser\u00e1 sin p\u00fablico: MinSalud -","og_description":"El ministro de Salud, Fernando Ruiz, insisti\u00f3 que el f\u00fatbol en Colombia regresar\u00e1 cuando las condiciones sanitarias lo permitan, pero a puerta cerrada. \"En lo que queda del a\u00f1o, muy seguramente, no vamos a tener la posibilidad de contar con f\u00fatbol a puerta abierta, o sea con p\u00fablico. Una decisi\u00f3n diferente a puerta cerrada depende [&hellip;]","og_url":"https:\/\/futbolhoy.co\/index.php\/2020\/04\/28\/el-futbol-del-2020-sera-sin-publico-minsalud\/","article_publisher":"https:\/\/www.facebook.com\/FutbolHoyCol\/","article_published_time":"2020-04-28T16:25:24+00:00","article_modified_time":"2020-04-29T15:31:34+00:00","og_image":[{"width":859,"height":573,"url":"https:\/\/futbolhoy.co\/wp-content\/uploads\/2020\/03\/Yuyu.jpg","type":"image\/jpeg"}],"author":"Laura Hern\u00e1ndez","twitter_card":"summary_large_image","twitter_creator":"@FutbolHoyCol","twitter_site":"@FutbolHoyCol","twitter_misc":{"Escrito por":"Laura Hern\u00e1ndez","Tiempo de lectura":"1 minuto"},"schema":{"@context":"https:\/\/schema.org","@graph":[{"@type":"Article","@id":"https:\/\/futbolhoy.co\/index.php\/2020\/04\/28\/el-futbol-del-2020-sera-sin-publico-minsalud\/#article","isPartOf":{"@id":"https:\/\/futbolhoy.co\/index.php\/2020\/04\/28\/el-futbol-del-2020-sera-sin-publico-minsalud\/"},"author":{"name":"Laura Hern\u00e1ndez","@id":"https:\/\/futbolhoy.co\/#\/schema\/person\/c4a353a512b127643723a34bb1812f7d"},"headline":"El f\u00fatbol del 2020 ser\u00e1 sin p\u00fablico: MinSalud","datePublished":"2020-04-28T16:25:24+00:00","dateModified":"2020-04-29T15:31:34+00:00","mainEntityOfPage":{"@id":"https:\/\/futbolhoy.co\/index.php\/2020\/04\/28\/el-futbol-del-2020-sera-sin-publico-minsalud\/"},"wordCount":165,"commentCount":0,"publisher":{"@id":"https:\/\/futbolhoy.co\/#organization"},"image":{"@id":"https:\/\/futbolhoy.co\/index.php\/2020\/04\/28\/el-futbol-del-2020-sera-sin-publico-minsalud\/#primaryimage"},"thumbnailUrl":"https:\/\/futbolhoy.co\/wp-content\/uploads\/2020\/03\/Yuyu.jpg","keywords":["MinSalud"],"articleSection":["Liga BetPlay"],"inLanguage":"es","potentialAction":[{"@type":"CommentAction","name":"Comment","target":["https:\/\/futbolhoy.co\/index.php\/2020\/04\/28\/el-futbol-del-2020-sera-sin-publico-minsalud\/#respond"]}]},{"@type":"WebPage","@id":"https:\/\/futbolhoy.co\/index.php\/2020\/04\/28\/el-futbol-del-2020-sera-sin-publico-minsalud\/","url":"https:\/\/futbolhoy.co\/index.php\/2020\/04\/28\/el-futbol-del-2020-sera-sin-publico-minsalud\/","name":"El f\u00fatbol del 2020 ser\u00e1 sin p\u00fablico: MinSalud -","isPartOf":{"@id":"https:\/\/futbolhoy.co\/#website"},"primaryImageOfPage":{"@id":"https:\/\/futbolhoy.co\/index.php\/2020\/04\/28\/el-futbol-del-2020-sera-sin-publico-minsalud\/#primaryimage"},"image":{"@id":"https:\/\/futbolhoy.co\/index.php\/2020\/04\/28\/el-futbol-del-2020-sera-sin-publico-minsalud\/#primaryimage"},"thumbnailUrl":"https:\/\/futbolhoy.co\/wp-content\/uploads\/2020\/03\/Yuyu.jpg","datePublished":"2020-04-28T16:25:24+00:00","dateModified":"2020-04-29T15:31:34+00:00","breadcrumb":{"@id":"https:\/\/futbolhoy.co\/index.php\/2020\/04\/28\/el-futbol-del-2020-sera-sin-publico-minsalud\/#breadcrumb"},"inLanguage":"es","potentialAction":[{"@type":"ReadAction","target":["https:\/\/futbolhoy.co\/index.php\/2020\/04\/28\/el-futbol-del-2020-sera-sin-publico-minsalud\/"]}]},{"@type":"ImageObject","inLanguage":"es","@id":"https:\/\/futbolhoy.co\/index.php\/2020\/04\/28\/el-futbol-del-2020-sera-sin-publico-minsalud\/#primaryimage","url":"https:\/\/futbolhoy.co\/wp-content\/uploads\/2020\/03\/Yuyu.jpg","contentUrl":"https:\/\/futbolhoy.co\/wp-content\/uploads\/2020\/03\/Yuyu.jpg","width":859,"height":573,"caption":"@JuniorClubSA"},{"@type":"BreadcrumbList","@id":"https:\/\/futbolhoy.co\/index.php\/2020\/04\/28\/el-futbol-del-2020-sera-sin-publico-minsalud\/#breadcrumb","itemListElement":[{"@type":"ListItem","position":1,"name":"Portada","item":"https:\/\/futbolhoy.co\/"},{"@type":"ListItem","position":2,"name":"El f\u00fatbol del 2020 ser\u00e1 sin p\u00fablico: MinSalud"}]},{"@type":"WebSite","@id":"https:\/\/futbolhoy.co\/#website","url":"https:\/\/futbolhoy.co\/","name":"FutbolHoy","description":"","publisher":{"@id":"https:\/\/futbolhoy.co\/#organization"},"potentialAction":[{"@type":"SearchAction","target":{"@type":"EntryPoint","urlTemplate":"https:\/\/futbolhoy.co\/?s={search_term_string}"},"query-input":{"@type":"PropertyValueSpecification","valueRequired":true,"valueName":"search_term_string"}}],"inLanguage":"es"},{"@type":"Organization","@id":"https:\/\/futbolhoy.co\/#organization","name":"Futbolhoy.co","url":"https:\/\/futbolhoy.co\/","logo":{"@type":"ImageObject","inLanguage":"es","@id":"https:\/\/futbolhoy.co\/#\/schema\/logo\/image\/","url":"https:\/\/futbolhoy.co\/wp-content\/uploads\/2018\/08\/17426380_1906371736249227_6326180412931521141_n.jpg","contentUrl":"https:\/\/futbolhoy.co\/wp-content\/uploads\/2018\/08\/17426380_1906371736249227_6326180412931521141_n.jpg","width":960,"height":960,"caption":"Futbolhoy.co"},"image":{"@id":"https:\/\/futbolhoy.co\/#\/schema\/logo\/image\/"},"sameAs":["https:\/\/www.facebook.com\/FutbolHoyCol\/","https:\/\/x.com\/FutbolHoyCol","https:\/\/www.instagram.com\/futbolhoycol\/"]},{"@type":"Person","@id":"https:\/\/futbolhoy.co\/#\/schema\/person\/c4a353a512b127643723a34bb1812f7d","name":"Laura Hern\u00e1ndez","image":{"@type":"ImageObject","inLanguage":"es","@id":"https:\/\/futbolhoy.co\/#\/schema\/person\/image\/","url":"https:\/\/secure.gravatar.com\/avatar\/d25959a15b9b293a743f99181c7cfd01?s=96&d=mm&r=g","contentUrl":"https:\/\/secure.gravatar.com\/avatar\/d25959a15b9b293a743f99181c7cfd01?s=96&d=mm&r=g","caption":"Laura Hern\u00e1ndez"}}]}},"publishpress_future_action":{"enabled":false,"date":"2026-05-04 15:55:40","action":"change-status","newStatus":"draft","terms":[],"taxonomy":"category","extraData":[]},"publishpress_future_workflow_manual_trigger":{"enabledWorkflows":[]},"_links":{"self":[{"href":"https:\/\/futbolhoy.co\/index.php\/wp-json\/wp\/v2\/posts\/50555","targetHints":{"allow":["GET"]}}],"collection":[{"href":"https:\/\/futbolhoy.co\/index.php\/wp-json\/wp\/v2\/posts"}],"about":[{"href":"https:\/\/futbolhoy.co\/index.php\/wp-json\/wp\/v2\/types\/post"}],"author":[{"embeddable":true,"href":"https:\/\/futbolhoy.co\/index.php\/wp-json\/wp\/v2\/users\/5"}],"replies":[{"embeddable":true,"href":"https:\/\/futbolhoy.co\/index.php\/wp-json\/wp\/v2\/comments?post=50555"}],"version-history":[{"count":1,"href":"https:\/\/futbolhoy.co\/index.php\/wp-json\/wp\/v2\/posts\/50555\/revisions"}],"predecessor-version":[{"id":50556,"href":"https:\/\/futbolhoy.co\/index.php\/wp-json\/wp\/v2\/posts\/50555\/revisions\/50556"}],"wp:featuredmedia":[{"embeddable":true,"href":"https:\/\/futbolhoy.co\/index.php\/wp-json\/wp\/v2\/media\/48554"}],"wp:attachment":[{"href":"https:\/\/futbolhoy.co\/index.php\/wp-json\/wp\/v2\/media?parent=50555"}],"wp:term":[{"taxonomy":"category","embeddable":true,"href":"https:\/\/futbolhoy.co\/index.php\/wp-json\/wp\/v2\/categories?post=50555"},{"taxonomy":"post_tag","embeddable":true,"href":"https:\/\/futbolhoy.co\/index.php\/wp-json\/wp\/v2\/tags?post=50555"}],"curies":[{"name":"wp","href":"https:\/\/api.w.org\/{rel}","templated":true}]}}