{"id":50560,"date":"2020-04-28T19:37:48","date_gmt":"2020-04-29T00:37:48","guid":{"rendered":"https:\/\/futbolhoy.co\/?p=50560"},"modified":"2020-04-28T19:48:18","modified_gmt":"2020-04-29T00:48:18","slug":"un-dia-como-hoy-feliz-cumpleanos-cholo","status":"publish","type":"post","link":"https:\/\/futbolhoy.co\/index.php\/2020\/04\/28\/un-dia-como-hoy-feliz-cumpleanos-cholo\/","title":{"rendered":"Un d\u00eda como hoy: \u00a1Feliz cumplea\u00f1os 'Cholo'!"},"content":{"rendered":"<p style=\"text-align: justify\"><span style=\"font-family: helvetica, arial, sans-serif\">Un d\u00eda como hoy, el 28 de abril de 1970, naci\u00f3 en <strong>Argentina,<\/strong> <strong>Diego Pablo Simeone<\/strong>, mejor conocido como el 'Cholo', quien en la actualidad es uno de los entrenadores m\u00e1s conocidos y destacados a nivel mundial.<\/span><\/p>\n<!--[if lt IE 9]><script>document.createElement('audio');<\/script><![endif]-->\n<audio class=\"wp-audio-shortcode\" id=\"audio-50560-1\" preload=\"none\" style=\"width: 100%;\" controls=\"controls\"><source type=\"audio\/mpeg\" src=\"https:\/\/futbolhoy.co\/wp-content\/uploads\/2020\/04\/Cronica-Simeone.mp3?_=1\" \/><a href=\"https:\/\/futbolhoy.co\/wp-content\/uploads\/2020\/04\/Cronica-Simeone.mp3\">https:\/\/futbolhoy.co\/wp-content\/uploads\/2020\/04\/Cronica-Simeone.mp3<\/a><\/audio>\n<p style=\"text-align: justify\"><span style=\"font-family: helvetica, arial, sans-serif\"><strong>Como jugador<\/strong><\/span><\/p>\n<p style=\"text-align: justify\"><span style=\"font-family: helvetica, arial, sans-serif\">Fue parte de <strong>V\u00e9lez, Pisa, Sevilla, Atl\u00e9tico de Madrid<\/strong> (Campe\u00f3n Liga y Copa del Rey), <strong>Inter<\/strong> (Copa de Europa); <strong>Lazio<\/strong> (Supercopa Europa, Supercopa de Italia, Serie a, Copa Italia) y <strong>Racing.<\/strong> Jug\u00f3 574 partidos.\u00a0<\/span><\/p>\n<p style=\"text-align: justify\"><span style=\"font-family: helvetica, arial, sans-serif\"><strong>Selecci\u00f3n Argentina:<\/strong> 106 partidos, 11 goles - <strong>Campe\u00f3n de Copa Am\u00e9rica<\/strong> (1991,1993), <strong>Copa Confederaciones<\/strong> (1992) y <strong>Juegos Ol\u00edmpicos<\/strong> (Atlanta 1996). Adem\u00e1s, disput\u00f3 3 mundiales; <strong>Estados Unidos 1994, Francia 1998 y Corea y Jap\u00f3n 2002.\u00a0<\/strong><\/span><\/p>\n<p style=\"text-align: justify\"><span style=\"font-family: helvetica, arial, sans-serif\"><strong>Como entrenador<\/strong><\/span><\/p>\n<p style=\"text-align: justify\"><span style=\"font-family: helvetica, arial, sans-serif\">Fue DT de <strong>Racing, Estudiantes<\/strong> - Campe\u00f3n apertura 2006, <strong>River Plate<\/strong> - Campe\u00f3n Clausura 2008, <strong>San Lorenzo, Catania<\/strong> y el <strong>Atl\u00e9tico de Madrid.\u00a0<\/strong><\/span><\/p>\n<p style=\"text-align: justify\"><span style=\"font-family: helvetica, arial, sans-serif\">Como parte del Atl\u00e9tico se ha convertido en figura, acumula 12 temporadas, ha dirigido 467 partidos y junto al cuadro 'colchonero' ha sido campe\u00f3n en 7 ocasiones, 3 t\u00edtulos nacionales (Copa del Rey 2013, Liga 2014, Supercopa Espa\u00f1a 2014) y 4 t\u00edtulos internacionales (2 Europa League 2012, 2018 y Supercopa de Europa 2012 y 2018).\u00a0<\/span><\/p>\n<blockquote class=\"twitter-tweet\">\n<p dir=\"ltr\" lang=\"tl\">\ud83d\udde3\ufe0f \"Effort is non-negotiable.\"<\/p>\n<p>\ud83d\udd34\u26aa\ufe0f Happy birthday, Atl\u00e9tico hero Diego Simeone \ud83c\udf82<a href=\"https:\/\/twitter.com\/hashtag\/UCL?src=hash&amp;ref_src=twsrc%5Etfw\">#UCL<\/a> | <a href=\"https:\/\/twitter.com\/hashtag\/HBD?src=hash&amp;ref_src=twsrc%5Etfw\">#HBD<\/a> | <a href=\"https:\/\/twitter.com\/atletienglish?ref_src=twsrc%5Etfw\">@atletienglish<\/a> <a href=\"https:\/\/t.co\/LljecE6h4A\">pic.twitter.com\/LljecE6h4A<\/a><\/p>\n<p>\u2014 UEFA Champions League (@ChampionsLeague) <a href=\"https:\/\/twitter.com\/ChampionsLeague\/status\/1255057684509986816?ref_src=twsrc%5Etfw\">April 28, 2020<\/a><\/p><\/blockquote>\n","protected":false},"excerpt":{"rendered":"<p>Un d\u00eda como hoy, el 28 de abril de 1970, naci\u00f3 en Argentina, Diego Pablo Simeone, mejor conocido como el 'Cholo', quien en la actualidad es uno de los entrenadores m\u00e1s conocidos y destacados a nivel mundial. Como jugador Fue parte de V\u00e9lez, Pisa, Sevilla, Atl\u00e9tico de Madrid (Campe\u00f3n Liga y Copa del Rey), Inter [&hellip;]<\/p>\n","protected":false},"author":5,"featured_media":50562,"comment_status":"open","ping_status":"open","sticky":false,"template":"","format":"video","meta":{"_acf_changed":false,"footnotes":""},"categories":[152],"tags":[],"class_list":{"0":"post-50560","1":"post","2":"type-post","3":"status-publish","4":"format-video","5":"has-post-thumbnail","7":"category-mundo-futbol","8":"post_format-post-format-video"},"acf":[],"yoast_head":"<!-- This site is optimized with the Yoast SEO plugin v26.8 - https:\/\/yoast.com\/product\/yoast-seo-wordpress\/ -->\n<title>Un d\u00eda como hoy: \u00a1Feliz cumplea\u00f1os &#039;Cholo&#039;! -<\/title>\n<meta name=\"robots\" content=\"index, follow, max-snippet:-1, max-image-preview:large, max-video-preview:-1\" \/>\n<link rel=\"canonical\" href=\"https:\/\/futbolhoy.co\/index.php\/2020\/04\/28\/un-dia-como-hoy-feliz-cumpleanos-cholo\/\" \/>\n<meta property=\"og:locale\" content=\"es_ES\" \/>\n<meta property=\"og:type\" content=\"article\" \/>\n<meta property=\"og:title\" content=\"Un d\u00eda como hoy: \u00a1Feliz cumplea\u00f1os &#039;Cholo&#039;! -\" \/>\n<meta property=\"og:description\" content=\"Un d\u00eda como hoy, el 28 de abril de 1970, naci\u00f3 en Argentina, Diego Pablo Simeone, mejor conocido como el &#039;Cholo&#039;, quien en la actualidad es uno de los entrenadores m\u00e1s conocidos y destacados a nivel mundial. Como jugador Fue parte de V\u00e9lez, Pisa, Sevilla, Atl\u00e9tico de Madrid (Campe\u00f3n Liga y Copa del Rey), Inter [&hellip;]\" \/>\n<meta property=\"og:url\" content=\"https:\/\/futbolhoy.co\/index.php\/2020\/04\/28\/un-dia-como-hoy-feliz-cumpleanos-cholo\/\" \/>\n<meta property=\"article:publisher\" content=\"https:\/\/www.facebook.com\/FutbolHoyCol\/\" \/>\n<meta property=\"article:published_time\" content=\"2020-04-29T00:37:48+00:00\" \/>\n<meta property=\"article:modified_time\" content=\"2020-04-29T00:48:18+00:00\" \/>\n<meta property=\"og:image\" content=\"https:\/\/futbolhoy.co\/wp-content\/uploads\/2020\/04\/EWrJyp8WAAAhtoJ.jpg\" \/>\n\t<meta property=\"og:image:width\" content=\"680\" \/>\n\t<meta property=\"og:image:height\" content=\"383\" \/>\n\t<meta property=\"og:image:type\" content=\"image\/jpeg\" \/>\n<meta name=\"author\" content=\"Laura Hern\u00e1ndez\" \/>\n<meta name=\"twitter:card\" content=\"summary_large_image\" \/>\n<meta name=\"twitter:creator\" content=\"@FutbolHoyCol\" \/>\n<meta name=\"twitter:site\" content=\"@FutbolHoyCol\" \/>\n<meta name=\"twitter:label1\" content=\"Escrito por\" \/>\n\t<meta name=\"twitter:data1\" content=\"Laura Hern\u00e1ndez\" \/>\n\t<meta name=\"twitter:label2\" content=\"Tiempo de lectura\" \/>\n\t<meta name=\"twitter:data2\" content=\"1 minuto\" \/>\n<script type=\"application\/ld+json\" class=\"yoast-schema-graph\">{\"@context\":\"https:\/\/schema.org\",\"@graph\":[{\"@type\":\"Article\",\"@id\":\"https:\/\/futbolhoy.co\/index.php\/2020\/04\/28\/un-dia-como-hoy-feliz-cumpleanos-cholo\/#article\",\"isPartOf\":{\"@id\":\"https:\/\/futbolhoy.co\/index.php\/2020\/04\/28\/un-dia-como-hoy-feliz-cumpleanos-cholo\/\"},\"author\":{\"name\":\"Laura Hern\u00e1ndez\",\"@id\":\"https:\/\/futbolhoy.co\/#\/schema\/person\/c4a353a512b127643723a34bb1812f7d\"},\"headline\":\"Un d\u00eda como hoy: \u00a1Feliz cumplea\u00f1os 'Cholo'!\",\"datePublished\":\"2020-04-29T00:37:48+00:00\",\"dateModified\":\"2020-04-29T00:48:18+00:00\",\"mainEntityOfPage\":{\"@id\":\"https:\/\/futbolhoy.co\/index.php\/2020\/04\/28\/un-dia-como-hoy-feliz-cumpleanos-cholo\/\"},\"wordCount\":222,\"commentCount\":0,\"publisher\":{\"@id\":\"https:\/\/futbolhoy.co\/#organization\"},\"image\":{\"@id\":\"https:\/\/futbolhoy.co\/index.php\/2020\/04\/28\/un-dia-como-hoy-feliz-cumpleanos-cholo\/#primaryimage\"},\"thumbnailUrl\":\"https:\/\/futbolhoy.co\/wp-content\/uploads\/2020\/04\/EWrJyp8WAAAhtoJ.jpg\",\"articleSection\":[\"Mundo Futbol\"],\"inLanguage\":\"es\",\"potentialAction\":[{\"@type\":\"CommentAction\",\"name\":\"Comment\",\"target\":[\"https:\/\/futbolhoy.co\/index.php\/2020\/04\/28\/un-dia-como-hoy-feliz-cumpleanos-cholo\/#respond\"]}]},{\"@type\":\"WebPage\",\"@id\":\"https:\/\/futbolhoy.co\/index.php\/2020\/04\/28\/un-dia-como-hoy-feliz-cumpleanos-cholo\/\",\"url\":\"https:\/\/futbolhoy.co\/index.php\/2020\/04\/28\/un-dia-como-hoy-feliz-cumpleanos-cholo\/\",\"name\":\"Un d\u00eda como hoy: \u00a1Feliz cumplea\u00f1os 'Cholo'! -\",\"isPartOf\":{\"@id\":\"https:\/\/futbolhoy.co\/#website\"},\"primaryImageOfPage\":{\"@id\":\"https:\/\/futbolhoy.co\/index.php\/2020\/04\/28\/un-dia-como-hoy-feliz-cumpleanos-cholo\/#primaryimage\"},\"image\":{\"@id\":\"https:\/\/futbolhoy.co\/index.php\/2020\/04\/28\/un-dia-como-hoy-feliz-cumpleanos-cholo\/#primaryimage\"},\"thumbnailUrl\":\"https:\/\/futbolhoy.co\/wp-content\/uploads\/2020\/04\/EWrJyp8WAAAhtoJ.jpg\",\"datePublished\":\"2020-04-29T00:37:48+00:00\",\"dateModified\":\"2020-04-29T00:48:18+00:00\",\"breadcrumb\":{\"@id\":\"https:\/\/futbolhoy.co\/index.php\/2020\/04\/28\/un-dia-como-hoy-feliz-cumpleanos-cholo\/#breadcrumb\"},\"inLanguage\":\"es\",\"potentialAction\":[{\"@type\":\"ReadAction\",\"target\":[\"https:\/\/futbolhoy.co\/index.php\/2020\/04\/28\/un-dia-como-hoy-feliz-cumpleanos-cholo\/\"]}]},{\"@type\":\"ImageObject\",\"inLanguage\":\"es\",\"@id\":\"https:\/\/futbolhoy.co\/index.php\/2020\/04\/28\/un-dia-como-hoy-feliz-cumpleanos-cholo\/#primaryimage\",\"url\":\"https:\/\/futbolhoy.co\/wp-content\/uploads\/2020\/04\/EWrJyp8WAAAhtoJ.jpg\",\"contentUrl\":\"https:\/\/futbolhoy.co\/wp-content\/uploads\/2020\/04\/EWrJyp8WAAAhtoJ.jpg\",\"width\":680,\"height\":383},{\"@type\":\"BreadcrumbList\",\"@id\":\"https:\/\/futbolhoy.co\/index.php\/2020\/04\/28\/un-dia-como-hoy-feliz-cumpleanos-cholo\/#breadcrumb\",\"itemListElement\":[{\"@type\":\"ListItem\",\"position\":1,\"name\":\"Portada\",\"item\":\"https:\/\/futbolhoy.co\/\"},{\"@type\":\"ListItem\",\"position\":2,\"name\":\"Un d\u00eda como hoy: \u00a1Feliz cumplea\u00f1os &#8216;Cholo&#8217;!\"}]},{\"@type\":\"WebSite\",\"@id\":\"https:\/\/futbolhoy.co\/#website\",\"url\":\"https:\/\/futbolhoy.co\/\",\"name\":\"FutbolHoy\",\"description\":\"\",\"publisher\":{\"@id\":\"https:\/\/futbolhoy.co\/#organization\"},\"potentialAction\":[{\"@type\":\"SearchAction\",\"target\":{\"@type\":\"EntryPoint\",\"urlTemplate\":\"https:\/\/futbolhoy.co\/?s={search_term_string}\"},\"query-input\":{\"@type\":\"PropertyValueSpecification\",\"valueRequired\":true,\"valueName\":\"search_term_string\"}}],\"inLanguage\":\"es\"},{\"@type\":\"Organization\",\"@id\":\"https:\/\/futbolhoy.co\/#organization\",\"name\":\"Futbolhoy.co\",\"url\":\"https:\/\/futbolhoy.co\/\",\"logo\":{\"@type\":\"ImageObject\",\"inLanguage\":\"es\",\"@id\":\"https:\/\/futbolhoy.co\/#\/schema\/logo\/image\/\",\"url\":\"https:\/\/futbolhoy.co\/wp-content\/uploads\/2018\/08\/17426380_1906371736249227_6326180412931521141_n.jpg\",\"contentUrl\":\"https:\/\/futbolhoy.co\/wp-content\/uploads\/2018\/08\/17426380_1906371736249227_6326180412931521141_n.jpg\",\"width\":960,\"height\":960,\"caption\":\"Futbolhoy.co\"},\"image\":{\"@id\":\"https:\/\/futbolhoy.co\/#\/schema\/logo\/image\/\"},\"sameAs\":[\"https:\/\/www.facebook.com\/FutbolHoyCol\/\",\"https:\/\/x.com\/FutbolHoyCol\",\"https:\/\/www.instagram.com\/futbolhoycol\/\"]},{\"@type\":\"Person\",\"@id\":\"https:\/\/futbolhoy.co\/#\/schema\/person\/c4a353a512b127643723a34bb1812f7d\",\"name\":\"Laura Hern\u00e1ndez\",\"image\":{\"@type\":\"ImageObject\",\"inLanguage\":\"es\",\"@id\":\"https:\/\/futbolhoy.co\/#\/schema\/person\/image\/\",\"url\":\"https:\/\/secure.gravatar.com\/avatar\/d25959a15b9b293a743f99181c7cfd01?s=96&d=mm&r=g\",\"contentUrl\":\"https:\/\/secure.gravatar.com\/avatar\/d25959a15b9b293a743f99181c7cfd01?s=96&d=mm&r=g\",\"caption\":\"Laura Hern\u00e1ndez\"}}]}<\/script>\n<!-- \/ Yoast SEO plugin. -->","yoast_head_json":{"title":"Un d\u00eda como hoy: \u00a1Feliz cumplea\u00f1os 'Cholo'! -","robots":{"index":"index","follow":"follow","max-snippet":"max-snippet:-1","max-image-preview":"max-image-preview:large","max-video-preview":"max-video-preview:-1"},"canonical":"https:\/\/futbolhoy.co\/index.php\/2020\/04\/28\/un-dia-como-hoy-feliz-cumpleanos-cholo\/","og_locale":"es_ES","og_type":"article","og_title":"Un d\u00eda como hoy: \u00a1Feliz cumplea\u00f1os 'Cholo'! -","og_description":"Un d\u00eda como hoy, el 28 de abril de 1970, naci\u00f3 en Argentina, Diego Pablo Simeone, mejor conocido como el 'Cholo', quien en la actualidad es uno de los entrenadores m\u00e1s conocidos y destacados a nivel mundial. Como jugador Fue parte de V\u00e9lez, Pisa, Sevilla, Atl\u00e9tico de Madrid (Campe\u00f3n Liga y Copa del Rey), Inter [&hellip;]","og_url":"https:\/\/futbolhoy.co\/index.php\/2020\/04\/28\/un-dia-como-hoy-feliz-cumpleanos-cholo\/","article_publisher":"https:\/\/www.facebook.com\/FutbolHoyCol\/","article_published_time":"2020-04-29T00:37:48+00:00","article_modified_time":"2020-04-29T00:48:18+00:00","og_image":[{"width":680,"height":383,"url":"https:\/\/futbolhoy.co\/wp-content\/uploads\/2020\/04\/EWrJyp8WAAAhtoJ.jpg","type":"image\/jpeg"}],"author":"Laura Hern\u00e1ndez","twitter_card":"summary_large_image","twitter_creator":"@FutbolHoyCol","twitter_site":"@FutbolHoyCol","twitter_misc":{"Escrito por":"Laura Hern\u00e1ndez","Tiempo de lectura":"1 minuto"},"schema":{"@context":"https:\/\/schema.org","@graph":[{"@type":"Article","@id":"https:\/\/futbolhoy.co\/index.php\/2020\/04\/28\/un-dia-como-hoy-feliz-cumpleanos-cholo\/#article","isPartOf":{"@id":"https:\/\/futbolhoy.co\/index.php\/2020\/04\/28\/un-dia-como-hoy-feliz-cumpleanos-cholo\/"},"author":{"name":"Laura Hern\u00e1ndez","@id":"https:\/\/futbolhoy.co\/#\/schema\/person\/c4a353a512b127643723a34bb1812f7d"},"headline":"Un d\u00eda como hoy: \u00a1Feliz cumplea\u00f1os 'Cholo'!","datePublished":"2020-04-29T00:37:48+00:00","dateModified":"2020-04-29T00:48:18+00:00","mainEntityOfPage":{"@id":"https:\/\/futbolhoy.co\/index.php\/2020\/04\/28\/un-dia-como-hoy-feliz-cumpleanos-cholo\/"},"wordCount":222,"commentCount":0,"publisher":{"@id":"https:\/\/futbolhoy.co\/#organization"},"image":{"@id":"https:\/\/futbolhoy.co\/index.php\/2020\/04\/28\/un-dia-como-hoy-feliz-cumpleanos-cholo\/#primaryimage"},"thumbnailUrl":"https:\/\/futbolhoy.co\/wp-content\/uploads\/2020\/04\/EWrJyp8WAAAhtoJ.jpg","articleSection":["Mundo Futbol"],"inLanguage":"es","potentialAction":[{"@type":"CommentAction","name":"Comment","target":["https:\/\/futbolhoy.co\/index.php\/2020\/04\/28\/un-dia-como-hoy-feliz-cumpleanos-cholo\/#respond"]}]},{"@type":"WebPage","@id":"https:\/\/futbolhoy.co\/index.php\/2020\/04\/28\/un-dia-como-hoy-feliz-cumpleanos-cholo\/","url":"https:\/\/futbolhoy.co\/index.php\/2020\/04\/28\/un-dia-como-hoy-feliz-cumpleanos-cholo\/","name":"Un d\u00eda como hoy: \u00a1Feliz cumplea\u00f1os 'Cholo'! -","isPartOf":{"@id":"https:\/\/futbolhoy.co\/#website"},"primaryImageOfPage":{"@id":"https:\/\/futbolhoy.co\/index.php\/2020\/04\/28\/un-dia-como-hoy-feliz-cumpleanos-cholo\/#primaryimage"},"image":{"@id":"https:\/\/futbolhoy.co\/index.php\/2020\/04\/28\/un-dia-como-hoy-feliz-cumpleanos-cholo\/#primaryimage"},"thumbnailUrl":"https:\/\/futbolhoy.co\/wp-content\/uploads\/2020\/04\/EWrJyp8WAAAhtoJ.jpg","datePublished":"2020-04-29T00:37:48+00:00","dateModified":"2020-04-29T00:48:18+00:00","breadcrumb":{"@id":"https:\/\/futbolhoy.co\/index.php\/2020\/04\/28\/un-dia-como-hoy-feliz-cumpleanos-cholo\/#breadcrumb"},"inLanguage":"es","potentialAction":[{"@type":"ReadAction","target":["https:\/\/futbolhoy.co\/index.php\/2020\/04\/28\/un-dia-como-hoy-feliz-cumpleanos-cholo\/"]}]},{"@type":"ImageObject","inLanguage":"es","@id":"https:\/\/futbolhoy.co\/index.php\/2020\/04\/28\/un-dia-como-hoy-feliz-cumpleanos-cholo\/#primaryimage","url":"https:\/\/futbolhoy.co\/wp-content\/uploads\/2020\/04\/EWrJyp8WAAAhtoJ.jpg","contentUrl":"https:\/\/futbolhoy.co\/wp-content\/uploads\/2020\/04\/EWrJyp8WAAAhtoJ.jpg","width":680,"height":383},{"@type":"BreadcrumbList","@id":"https:\/\/futbolhoy.co\/index.php\/2020\/04\/28\/un-dia-como-hoy-feliz-cumpleanos-cholo\/#breadcrumb","itemListElement":[{"@type":"ListItem","position":1,"name":"Portada","item":"https:\/\/futbolhoy.co\/"},{"@type":"ListItem","position":2,"name":"Un d\u00eda como hoy: \u00a1Feliz cumplea\u00f1os &#8216;Cholo&#8217;!"}]},{"@type":"WebSite","@id":"https:\/\/futbolhoy.co\/#website","url":"https:\/\/futbolhoy.co\/","name":"FutbolHoy","description":"","publisher":{"@id":"https:\/\/futbolhoy.co\/#organization"},"potentialAction":[{"@type":"SearchAction","target":{"@type":"EntryPoint","urlTemplate":"https:\/\/futbolhoy.co\/?s={search_term_string}"},"query-input":{"@type":"PropertyValueSpecification","valueRequired":true,"valueName":"search_term_string"}}],"inLanguage":"es"},{"@type":"Organization","@id":"https:\/\/futbolhoy.co\/#organization","name":"Futbolhoy.co","url":"https:\/\/futbolhoy.co\/","logo":{"@type":"ImageObject","inLanguage":"es","@id":"https:\/\/futbolhoy.co\/#\/schema\/logo\/image\/","url":"https:\/\/futbolhoy.co\/wp-content\/uploads\/2018\/08\/17426380_1906371736249227_6326180412931521141_n.jpg","contentUrl":"https:\/\/futbolhoy.co\/wp-content\/uploads\/2018\/08\/17426380_1906371736249227_6326180412931521141_n.jpg","width":960,"height":960,"caption":"Futbolhoy.co"},"image":{"@id":"https:\/\/futbolhoy.co\/#\/schema\/logo\/image\/"},"sameAs":["https:\/\/www.facebook.com\/FutbolHoyCol\/","https:\/\/x.com\/FutbolHoyCol","https:\/\/www.instagram.com\/futbolhoycol\/"]},{"@type":"Person","@id":"https:\/\/futbolhoy.co\/#\/schema\/person\/c4a353a512b127643723a34bb1812f7d","name":"Laura Hern\u00e1ndez","image":{"@type":"ImageObject","inLanguage":"es","@id":"https:\/\/futbolhoy.co\/#\/schema\/person\/image\/","url":"https:\/\/secure.gravatar.com\/avatar\/d25959a15b9b293a743f99181c7cfd01?s=96&d=mm&r=g","contentUrl":"https:\/\/secure.gravatar.com\/avatar\/d25959a15b9b293a743f99181c7cfd01?s=96&d=mm&r=g","caption":"Laura Hern\u00e1ndez"}}]}},"publishpress_future_action":{"enabled":false,"date":"2026-05-04 15:55:04","action":"change-status","newStatus":"draft","terms":[],"taxonomy":"category","extraData":[]},"publishpress_future_workflow_manual_trigger":{"enabledWorkflows":[]},"_links":{"self":[{"href":"https:\/\/futbolhoy.co\/index.php\/wp-json\/wp\/v2\/posts\/50560","targetHints":{"allow":["GET"]}}],"collection":[{"href":"https:\/\/futbolhoy.co\/index.php\/wp-json\/wp\/v2\/posts"}],"about":[{"href":"https:\/\/futbolhoy.co\/index.php\/wp-json\/wp\/v2\/types\/post"}],"author":[{"embeddable":true,"href":"https:\/\/futbolhoy.co\/index.php\/wp-json\/wp\/v2\/users\/5"}],"replies":[{"embeddable":true,"href":"https:\/\/futbolhoy.co\/index.php\/wp-json\/wp\/v2\/comments?post=50560"}],"version-history":[{"count":2,"href":"https:\/\/futbolhoy.co\/index.php\/wp-json\/wp\/v2\/posts\/50560\/revisions"}],"predecessor-version":[{"id":50569,"href":"https:\/\/futbolhoy.co\/index.php\/wp-json\/wp\/v2\/posts\/50560\/revisions\/50569"}],"wp:featuredmedia":[{"embeddable":true,"href":"https:\/\/futbolhoy.co\/index.php\/wp-json\/wp\/v2\/media\/50562"}],"wp:attachment":[{"href":"https:\/\/futbolhoy.co\/index.php\/wp-json\/wp\/v2\/media?parent=50560"}],"wp:term":[{"taxonomy":"category","embeddable":true,"href":"https:\/\/futbolhoy.co\/index.php\/wp-json\/wp\/v2\/categories?post=50560"},{"taxonomy":"post_tag","embeddable":true,"href":"https:\/\/futbolhoy.co\/index.php\/wp-json\/wp\/v2\/tags?post=50560"}],"curies":[{"name":"wp","href":"https:\/\/api.w.org\/{rel}","templated":true}]}}