{"id":50580,"date":"2020-04-29T10:31:46","date_gmt":"2020-04-29T15:31:46","guid":{"rendered":"https:\/\/futbolhoy.co\/?p=50580"},"modified":"2020-04-30T10:42:46","modified_gmt":"2020-04-30T15:42:46","slug":"maradona-me-acompano-en-mi-retiro-chicho-serna","status":"publish","type":"post","link":"https:\/\/futbolhoy.co\/index.php\/2020\/04\/29\/maradona-me-acompano-en-mi-retiro-chicho-serna\/","title":{"rendered":"Maradona me acompa\u00f1\u00f3 en mi retiro: \u2018Chicho\u2019 Serna"},"content":{"rendered":"<!--[if lt IE 9]><script>document.createElement('audio');<\/script><![endif]-->\n<audio class=\"wp-audio-shortcode\" id=\"audio-50580-1\" preload=\"none\" style=\"width: 100%;\" controls=\"controls\"><source type=\"audio\/mpeg\" src=\"https:\/\/futbolhoy.co\/wp-content\/uploads\/2020\/04\/ACERO-CHICHO.mp3?_=1\" \/><a href=\"https:\/\/futbolhoy.co\/wp-content\/uploads\/2020\/04\/ACERO-CHICHO.mp3\">https:\/\/futbolhoy.co\/wp-content\/uploads\/2020\/04\/ACERO-CHICHO.mp3<\/a><\/audio>\n<p>(Mauricio Serna en Infobae)<\/p>\n<p style=\"text-align: justify\"><span style=\"font-family: helvetica, arial, sans-serif\">El ex volante antioque\u00f1o <strong>Mauricio Serna<\/strong> revel\u00f3 que la primera persona que le acompa\u00f1\u00f3 en los momentos dif\u00edciles de su retiro fue <strong>Diego Maradona<\/strong>, a quien admira, respeta y quiere por todo lo que signific\u00f3 para \u00e9l.<\/span><\/p>\n<p style=\"text-align: justify\"><span style=\"font-family: helvetica, arial, sans-serif\">\u201cCuando se hizo p\u00fablica la noticia de mi retiro la primera persona que me llam\u00f3 fue <strong>Diego Maradona.<\/strong> Me pregunt\u00f3 c\u00f3mo estaba, c\u00f3mo me sent\u00eda. Le dije que era un golpe duro, pero que lo ten\u00eda que asimilar. Siempre me invitas a <strong>Medell\u00edn,<\/strong> as\u00ed que ma\u00f1ana aterrizo a la 1 de la tarde, me dijo. Y as\u00ed fue, al otro d\u00eda lleg\u00f3 a Medell\u00edn y estuvo una semana ac\u00e1 acompa\u00f1\u00e1ndome\u201d, dijo Serna en una extensa entrevista con el medio digital <em>Infobae<\/em> de<strong> Buenos Aires.<\/strong><\/span><\/p>\n<p style=\"text-align: justify\"><span style=\"font-family: helvetica, arial, sans-serif\">El ex futbolista precis\u00f3 que despu\u00e9s que Maradona dej\u00f3 al pa\u00eds volvi\u00f3 a deprimirse por lo que signific\u00f3 el retiro de su actividad.<\/span><\/p>\n<p style=\"text-align: justify\"><span style=\"font-family: helvetica, arial, sans-serif\">\u201cMe encerr\u00e9 dos meses en mi habitaci\u00f3n. Me levantaba, me ba\u00f1aba y me tiraba nuevamente en la cama. As\u00ed estuve dos meses hasta que mi mujer se iba a enloquecer, me entreg\u00f3 una m\u00e1quina de afeitar y me dijo palabras claritas. 'Me haces el favor y te afeitas, te pones esta ropa y te vas a la calle. Ah\u00ed hay plata y vete a la calle. Y si quieres irte para donde las putas, te vas para donde las putas, pero no te aguanto m\u00e1s en casa. No quiero verte m\u00e1s en casa tirado ah\u00ed como un ente\u201d, coment\u00f3<\/span><\/p>\n<p style=\"text-align: justify\"><span style=\"font-family: helvetica, arial, sans-serif\">El ex futbolista dijo que, gracias a su esposa con estas palabras reaccion\u00f3 y entendi\u00f3 que ten\u00eda que retomar su vida por su bien y el de su familia.<\/span><\/p>\n<p style=\"text-align: justify\"><span style=\"font-family: helvetica, arial, sans-serif\">Chicho Serna, que logr\u00f3 10 t\u00edtulos en su carrera deportiva con <strong>Atl\u00e9tico Nacional<\/strong> y <strong>Boca Juniors,<\/strong> se retir\u00f3 en el 2005, jugando para \u2018el verde\u2019 antioque\u00f1o.<\/span><\/p>\n","protected":false},"excerpt":{"rendered":"<p>(Mauricio Serna en Infobae) El ex volante antioque\u00f1o Mauricio Serna revel\u00f3 que la primera persona que le acompa\u00f1\u00f3 en los momentos dif\u00edciles de su retiro fue Diego Maradona, a quien admira, respeta y quiere por todo lo que signific\u00f3 para \u00e9l. \u201cCuando se hizo p\u00fablica la noticia de mi retiro la primera persona que me [&hellip;]<\/p>\n","protected":false},"author":5,"featured_media":27703,"comment_status":"open","ping_status":"open","sticky":false,"template":"","format":"video","meta":{"_acf_changed":false,"footnotes":""},"categories":[152],"tags":[1839,960],"class_list":{"0":"post-50580","1":"post","2":"type-post","3":"status-publish","4":"format-video","5":"has-post-thumbnail","7":"category-mundo-futbol","8":"tag-chicho-serna","9":"tag-diego-maradona","10":"post_format-post-format-video"},"acf":[],"yoast_head":"<!-- This site is optimized with the Yoast SEO plugin v26.8 - https:\/\/yoast.com\/product\/yoast-seo-wordpress\/ -->\n<title>Maradona me acompa\u00f1\u00f3 en mi retiro: \u2018Chicho\u2019 Serna -<\/title>\n<meta name=\"robots\" content=\"index, follow, max-snippet:-1, max-image-preview:large, max-video-preview:-1\" \/>\n<link rel=\"canonical\" href=\"https:\/\/futbolhoy.co\/index.php\/2020\/04\/29\/maradona-me-acompano-en-mi-retiro-chicho-serna\/\" \/>\n<meta property=\"og:locale\" content=\"es_ES\" \/>\n<meta property=\"og:type\" content=\"article\" \/>\n<meta property=\"og:title\" content=\"Maradona me acompa\u00f1\u00f3 en mi retiro: \u2018Chicho\u2019 Serna -\" \/>\n<meta property=\"og:description\" content=\"(Mauricio Serna en Infobae) El ex volante antioque\u00f1o Mauricio Serna revel\u00f3 que la primera persona que le acompa\u00f1\u00f3 en los momentos dif\u00edciles de su retiro fue Diego Maradona, a quien admira, respeta y quiere por todo lo que signific\u00f3 para \u00e9l. \u201cCuando se hizo p\u00fablica la noticia de mi retiro la primera persona que me [&hellip;]\" \/>\n<meta property=\"og:url\" content=\"https:\/\/futbolhoy.co\/index.php\/2020\/04\/29\/maradona-me-acompano-en-mi-retiro-chicho-serna\/\" \/>\n<meta property=\"article:publisher\" content=\"https:\/\/www.facebook.com\/FutbolHoyCol\/\" \/>\n<meta property=\"article:published_time\" content=\"2020-04-29T15:31:46+00:00\" \/>\n<meta property=\"article:modified_time\" content=\"2020-04-30T15:42:46+00:00\" \/>\n<meta property=\"og:image\" content=\"https:\/\/futbolhoy.co\/wp-content\/uploads\/2018\/11\/SoloBocaRetro-Chicho-Serna-Boca-Juniors-Revista-SoloBoca.png\" \/>\n\t<meta property=\"og:image:width\" content=\"640\" \/>\n\t<meta property=\"og:image:height\" content=\"415\" \/>\n\t<meta property=\"og:image:type\" content=\"image\/png\" \/>\n<meta name=\"author\" content=\"Laura Hern\u00e1ndez\" \/>\n<meta name=\"twitter:card\" content=\"summary_large_image\" \/>\n<meta name=\"twitter:creator\" content=\"@FutbolHoyCol\" \/>\n<meta name=\"twitter:site\" content=\"@FutbolHoyCol\" \/>\n<meta name=\"twitter:label1\" content=\"Escrito por\" \/>\n\t<meta name=\"twitter:data1\" content=\"Laura Hern\u00e1ndez\" \/>\n\t<meta name=\"twitter:label2\" content=\"Tiempo de lectura\" \/>\n\t<meta name=\"twitter:data2\" content=\"2 minutos\" \/>\n<script type=\"application\/ld+json\" class=\"yoast-schema-graph\">{\"@context\":\"https:\/\/schema.org\",\"@graph\":[{\"@type\":\"Article\",\"@id\":\"https:\/\/futbolhoy.co\/index.php\/2020\/04\/29\/maradona-me-acompano-en-mi-retiro-chicho-serna\/#article\",\"isPartOf\":{\"@id\":\"https:\/\/futbolhoy.co\/index.php\/2020\/04\/29\/maradona-me-acompano-en-mi-retiro-chicho-serna\/\"},\"author\":{\"name\":\"Laura Hern\u00e1ndez\",\"@id\":\"https:\/\/futbolhoy.co\/#\/schema\/person\/c4a353a512b127643723a34bb1812f7d\"},\"headline\":\"Maradona me acompa\u00f1\u00f3 en mi retiro: \u2018Chicho\u2019 Serna\",\"datePublished\":\"2020-04-29T15:31:46+00:00\",\"dateModified\":\"2020-04-30T15:42:46+00:00\",\"mainEntityOfPage\":{\"@id\":\"https:\/\/futbolhoy.co\/index.php\/2020\/04\/29\/maradona-me-acompano-en-mi-retiro-chicho-serna\/\"},\"wordCount\":340,\"commentCount\":0,\"publisher\":{\"@id\":\"https:\/\/futbolhoy.co\/#organization\"},\"image\":{\"@id\":\"https:\/\/futbolhoy.co\/index.php\/2020\/04\/29\/maradona-me-acompano-en-mi-retiro-chicho-serna\/#primaryimage\"},\"thumbnailUrl\":\"https:\/\/futbolhoy.co\/wp-content\/uploads\/2018\/11\/SoloBocaRetro-Chicho-Serna-Boca-Juniors-Revista-SoloBoca.png\",\"keywords\":[\"Chicho Serna\",\"Diego Maradona\"],\"articleSection\":[\"Mundo Futbol\"],\"inLanguage\":\"es\",\"potentialAction\":[{\"@type\":\"CommentAction\",\"name\":\"Comment\",\"target\":[\"https:\/\/futbolhoy.co\/index.php\/2020\/04\/29\/maradona-me-acompano-en-mi-retiro-chicho-serna\/#respond\"]}]},{\"@type\":\"WebPage\",\"@id\":\"https:\/\/futbolhoy.co\/index.php\/2020\/04\/29\/maradona-me-acompano-en-mi-retiro-chicho-serna\/\",\"url\":\"https:\/\/futbolhoy.co\/index.php\/2020\/04\/29\/maradona-me-acompano-en-mi-retiro-chicho-serna\/\",\"name\":\"Maradona me acompa\u00f1\u00f3 en mi retiro: \u2018Chicho\u2019 Serna -\",\"isPartOf\":{\"@id\":\"https:\/\/futbolhoy.co\/#website\"},\"primaryImageOfPage\":{\"@id\":\"https:\/\/futbolhoy.co\/index.php\/2020\/04\/29\/maradona-me-acompano-en-mi-retiro-chicho-serna\/#primaryimage\"},\"image\":{\"@id\":\"https:\/\/futbolhoy.co\/index.php\/2020\/04\/29\/maradona-me-acompano-en-mi-retiro-chicho-serna\/#primaryimage\"},\"thumbnailUrl\":\"https:\/\/futbolhoy.co\/wp-content\/uploads\/2018\/11\/SoloBocaRetro-Chicho-Serna-Boca-Juniors-Revista-SoloBoca.png\",\"datePublished\":\"2020-04-29T15:31:46+00:00\",\"dateModified\":\"2020-04-30T15:42:46+00:00\",\"breadcrumb\":{\"@id\":\"https:\/\/futbolhoy.co\/index.php\/2020\/04\/29\/maradona-me-acompano-en-mi-retiro-chicho-serna\/#breadcrumb\"},\"inLanguage\":\"es\",\"potentialAction\":[{\"@type\":\"ReadAction\",\"target\":[\"https:\/\/futbolhoy.co\/index.php\/2020\/04\/29\/maradona-me-acompano-en-mi-retiro-chicho-serna\/\"]}]},{\"@type\":\"ImageObject\",\"inLanguage\":\"es\",\"@id\":\"https:\/\/futbolhoy.co\/index.php\/2020\/04\/29\/maradona-me-acompano-en-mi-retiro-chicho-serna\/#primaryimage\",\"url\":\"https:\/\/futbolhoy.co\/wp-content\/uploads\/2018\/11\/SoloBocaRetro-Chicho-Serna-Boca-Juniors-Revista-SoloBoca.png\",\"contentUrl\":\"https:\/\/futbolhoy.co\/wp-content\/uploads\/2018\/11\/SoloBocaRetro-Chicho-Serna-Boca-Juniors-Revista-SoloBoca.png\",\"width\":640,\"height\":415},{\"@type\":\"BreadcrumbList\",\"@id\":\"https:\/\/futbolhoy.co\/index.php\/2020\/04\/29\/maradona-me-acompano-en-mi-retiro-chicho-serna\/#breadcrumb\",\"itemListElement\":[{\"@type\":\"ListItem\",\"position\":1,\"name\":\"Portada\",\"item\":\"https:\/\/futbolhoy.co\/\"},{\"@type\":\"ListItem\",\"position\":2,\"name\":\"Maradona me acompa\u00f1\u00f3 en mi retiro: \u2018Chicho\u2019 Serna\"}]},{\"@type\":\"WebSite\",\"@id\":\"https:\/\/futbolhoy.co\/#website\",\"url\":\"https:\/\/futbolhoy.co\/\",\"name\":\"FutbolHoy\",\"description\":\"\",\"publisher\":{\"@id\":\"https:\/\/futbolhoy.co\/#organization\"},\"potentialAction\":[{\"@type\":\"SearchAction\",\"target\":{\"@type\":\"EntryPoint\",\"urlTemplate\":\"https:\/\/futbolhoy.co\/?s={search_term_string}\"},\"query-input\":{\"@type\":\"PropertyValueSpecification\",\"valueRequired\":true,\"valueName\":\"search_term_string\"}}],\"inLanguage\":\"es\"},{\"@type\":\"Organization\",\"@id\":\"https:\/\/futbolhoy.co\/#organization\",\"name\":\"Futbolhoy.co\",\"url\":\"https:\/\/futbolhoy.co\/\",\"logo\":{\"@type\":\"ImageObject\",\"inLanguage\":\"es\",\"@id\":\"https:\/\/futbolhoy.co\/#\/schema\/logo\/image\/\",\"url\":\"https:\/\/futbolhoy.co\/wp-content\/uploads\/2018\/08\/17426380_1906371736249227_6326180412931521141_n.jpg\",\"contentUrl\":\"https:\/\/futbolhoy.co\/wp-content\/uploads\/2018\/08\/17426380_1906371736249227_6326180412931521141_n.jpg\",\"width\":960,\"height\":960,\"caption\":\"Futbolhoy.co\"},\"image\":{\"@id\":\"https:\/\/futbolhoy.co\/#\/schema\/logo\/image\/\"},\"sameAs\":[\"https:\/\/www.facebook.com\/FutbolHoyCol\/\",\"https:\/\/x.com\/FutbolHoyCol\",\"https:\/\/www.instagram.com\/futbolhoycol\/\"]},{\"@type\":\"Person\",\"@id\":\"https:\/\/futbolhoy.co\/#\/schema\/person\/c4a353a512b127643723a34bb1812f7d\",\"name\":\"Laura Hern\u00e1ndez\",\"image\":{\"@type\":\"ImageObject\",\"inLanguage\":\"es\",\"@id\":\"https:\/\/futbolhoy.co\/#\/schema\/person\/image\/\",\"url\":\"https:\/\/secure.gravatar.com\/avatar\/d25959a15b9b293a743f99181c7cfd01?s=96&d=mm&r=g\",\"contentUrl\":\"https:\/\/secure.gravatar.com\/avatar\/d25959a15b9b293a743f99181c7cfd01?s=96&d=mm&r=g\",\"caption\":\"Laura Hern\u00e1ndez\"}}]}<\/script>\n<!-- \/ Yoast SEO plugin. -->","yoast_head_json":{"title":"Maradona me acompa\u00f1\u00f3 en mi retiro: \u2018Chicho\u2019 Serna -","robots":{"index":"index","follow":"follow","max-snippet":"max-snippet:-1","max-image-preview":"max-image-preview:large","max-video-preview":"max-video-preview:-1"},"canonical":"https:\/\/futbolhoy.co\/index.php\/2020\/04\/29\/maradona-me-acompano-en-mi-retiro-chicho-serna\/","og_locale":"es_ES","og_type":"article","og_title":"Maradona me acompa\u00f1\u00f3 en mi retiro: \u2018Chicho\u2019 Serna -","og_description":"(Mauricio Serna en Infobae) El ex volante antioque\u00f1o Mauricio Serna revel\u00f3 que la primera persona que le acompa\u00f1\u00f3 en los momentos dif\u00edciles de su retiro fue Diego Maradona, a quien admira, respeta y quiere por todo lo que signific\u00f3 para \u00e9l. \u201cCuando se hizo p\u00fablica la noticia de mi retiro la primera persona que me [&hellip;]","og_url":"https:\/\/futbolhoy.co\/index.php\/2020\/04\/29\/maradona-me-acompano-en-mi-retiro-chicho-serna\/","article_publisher":"https:\/\/www.facebook.com\/FutbolHoyCol\/","article_published_time":"2020-04-29T15:31:46+00:00","article_modified_time":"2020-04-30T15:42:46+00:00","og_image":[{"width":640,"height":415,"url":"https:\/\/futbolhoy.co\/wp-content\/uploads\/2018\/11\/SoloBocaRetro-Chicho-Serna-Boca-Juniors-Revista-SoloBoca.png","type":"image\/png"}],"author":"Laura Hern\u00e1ndez","twitter_card":"summary_large_image","twitter_creator":"@FutbolHoyCol","twitter_site":"@FutbolHoyCol","twitter_misc":{"Escrito por":"Laura Hern\u00e1ndez","Tiempo de lectura":"2 minutos"},"schema":{"@context":"https:\/\/schema.org","@graph":[{"@type":"Article","@id":"https:\/\/futbolhoy.co\/index.php\/2020\/04\/29\/maradona-me-acompano-en-mi-retiro-chicho-serna\/#article","isPartOf":{"@id":"https:\/\/futbolhoy.co\/index.php\/2020\/04\/29\/maradona-me-acompano-en-mi-retiro-chicho-serna\/"},"author":{"name":"Laura Hern\u00e1ndez","@id":"https:\/\/futbolhoy.co\/#\/schema\/person\/c4a353a512b127643723a34bb1812f7d"},"headline":"Maradona me acompa\u00f1\u00f3 en mi retiro: \u2018Chicho\u2019 Serna","datePublished":"2020-04-29T15:31:46+00:00","dateModified":"2020-04-30T15:42:46+00:00","mainEntityOfPage":{"@id":"https:\/\/futbolhoy.co\/index.php\/2020\/04\/29\/maradona-me-acompano-en-mi-retiro-chicho-serna\/"},"wordCount":340,"commentCount":0,"publisher":{"@id":"https:\/\/futbolhoy.co\/#organization"},"image":{"@id":"https:\/\/futbolhoy.co\/index.php\/2020\/04\/29\/maradona-me-acompano-en-mi-retiro-chicho-serna\/#primaryimage"},"thumbnailUrl":"https:\/\/futbolhoy.co\/wp-content\/uploads\/2018\/11\/SoloBocaRetro-Chicho-Serna-Boca-Juniors-Revista-SoloBoca.png","keywords":["Chicho Serna","Diego Maradona"],"articleSection":["Mundo Futbol"],"inLanguage":"es","potentialAction":[{"@type":"CommentAction","name":"Comment","target":["https:\/\/futbolhoy.co\/index.php\/2020\/04\/29\/maradona-me-acompano-en-mi-retiro-chicho-serna\/#respond"]}]},{"@type":"WebPage","@id":"https:\/\/futbolhoy.co\/index.php\/2020\/04\/29\/maradona-me-acompano-en-mi-retiro-chicho-serna\/","url":"https:\/\/futbolhoy.co\/index.php\/2020\/04\/29\/maradona-me-acompano-en-mi-retiro-chicho-serna\/","name":"Maradona me acompa\u00f1\u00f3 en mi retiro: \u2018Chicho\u2019 Serna -","isPartOf":{"@id":"https:\/\/futbolhoy.co\/#website"},"primaryImageOfPage":{"@id":"https:\/\/futbolhoy.co\/index.php\/2020\/04\/29\/maradona-me-acompano-en-mi-retiro-chicho-serna\/#primaryimage"},"image":{"@id":"https:\/\/futbolhoy.co\/index.php\/2020\/04\/29\/maradona-me-acompano-en-mi-retiro-chicho-serna\/#primaryimage"},"thumbnailUrl":"https:\/\/futbolhoy.co\/wp-content\/uploads\/2018\/11\/SoloBocaRetro-Chicho-Serna-Boca-Juniors-Revista-SoloBoca.png","datePublished":"2020-04-29T15:31:46+00:00","dateModified":"2020-04-30T15:42:46+00:00","breadcrumb":{"@id":"https:\/\/futbolhoy.co\/index.php\/2020\/04\/29\/maradona-me-acompano-en-mi-retiro-chicho-serna\/#breadcrumb"},"inLanguage":"es","potentialAction":[{"@type":"ReadAction","target":["https:\/\/futbolhoy.co\/index.php\/2020\/04\/29\/maradona-me-acompano-en-mi-retiro-chicho-serna\/"]}]},{"@type":"ImageObject","inLanguage":"es","@id":"https:\/\/futbolhoy.co\/index.php\/2020\/04\/29\/maradona-me-acompano-en-mi-retiro-chicho-serna\/#primaryimage","url":"https:\/\/futbolhoy.co\/wp-content\/uploads\/2018\/11\/SoloBocaRetro-Chicho-Serna-Boca-Juniors-Revista-SoloBoca.png","contentUrl":"https:\/\/futbolhoy.co\/wp-content\/uploads\/2018\/11\/SoloBocaRetro-Chicho-Serna-Boca-Juniors-Revista-SoloBoca.png","width":640,"height":415},{"@type":"BreadcrumbList","@id":"https:\/\/futbolhoy.co\/index.php\/2020\/04\/29\/maradona-me-acompano-en-mi-retiro-chicho-serna\/#breadcrumb","itemListElement":[{"@type":"ListItem","position":1,"name":"Portada","item":"https:\/\/futbolhoy.co\/"},{"@type":"ListItem","position":2,"name":"Maradona me acompa\u00f1\u00f3 en mi retiro: \u2018Chicho\u2019 Serna"}]},{"@type":"WebSite","@id":"https:\/\/futbolhoy.co\/#website","url":"https:\/\/futbolhoy.co\/","name":"FutbolHoy","description":"","publisher":{"@id":"https:\/\/futbolhoy.co\/#organization"},"potentialAction":[{"@type":"SearchAction","target":{"@type":"EntryPoint","urlTemplate":"https:\/\/futbolhoy.co\/?s={search_term_string}"},"query-input":{"@type":"PropertyValueSpecification","valueRequired":true,"valueName":"search_term_string"}}],"inLanguage":"es"},{"@type":"Organization","@id":"https:\/\/futbolhoy.co\/#organization","name":"Futbolhoy.co","url":"https:\/\/futbolhoy.co\/","logo":{"@type":"ImageObject","inLanguage":"es","@id":"https:\/\/futbolhoy.co\/#\/schema\/logo\/image\/","url":"https:\/\/futbolhoy.co\/wp-content\/uploads\/2018\/08\/17426380_1906371736249227_6326180412931521141_n.jpg","contentUrl":"https:\/\/futbolhoy.co\/wp-content\/uploads\/2018\/08\/17426380_1906371736249227_6326180412931521141_n.jpg","width":960,"height":960,"caption":"Futbolhoy.co"},"image":{"@id":"https:\/\/futbolhoy.co\/#\/schema\/logo\/image\/"},"sameAs":["https:\/\/www.facebook.com\/FutbolHoyCol\/","https:\/\/x.com\/FutbolHoyCol","https:\/\/www.instagram.com\/futbolhoycol\/"]},{"@type":"Person","@id":"https:\/\/futbolhoy.co\/#\/schema\/person\/c4a353a512b127643723a34bb1812f7d","name":"Laura Hern\u00e1ndez","image":{"@type":"ImageObject","inLanguage":"es","@id":"https:\/\/futbolhoy.co\/#\/schema\/person\/image\/","url":"https:\/\/secure.gravatar.com\/avatar\/d25959a15b9b293a743f99181c7cfd01?s=96&d=mm&r=g","contentUrl":"https:\/\/secure.gravatar.com\/avatar\/d25959a15b9b293a743f99181c7cfd01?s=96&d=mm&r=g","caption":"Laura Hern\u00e1ndez"}}]}},"publishpress_future_action":{"enabled":false,"date":"2026-05-04 20:02:22","action":"change-status","newStatus":"draft","terms":[],"taxonomy":"category","extraData":[]},"publishpress_future_workflow_manual_trigger":{"enabledWorkflows":[]},"_links":{"self":[{"href":"https:\/\/futbolhoy.co\/index.php\/wp-json\/wp\/v2\/posts\/50580","targetHints":{"allow":["GET"]}}],"collection":[{"href":"https:\/\/futbolhoy.co\/index.php\/wp-json\/wp\/v2\/posts"}],"about":[{"href":"https:\/\/futbolhoy.co\/index.php\/wp-json\/wp\/v2\/types\/post"}],"author":[{"embeddable":true,"href":"https:\/\/futbolhoy.co\/index.php\/wp-json\/wp\/v2\/users\/5"}],"replies":[{"embeddable":true,"href":"https:\/\/futbolhoy.co\/index.php\/wp-json\/wp\/v2\/comments?post=50580"}],"version-history":[{"count":1,"href":"https:\/\/futbolhoy.co\/index.php\/wp-json\/wp\/v2\/posts\/50580\/revisions"}],"predecessor-version":[{"id":50582,"href":"https:\/\/futbolhoy.co\/index.php\/wp-json\/wp\/v2\/posts\/50580\/revisions\/50582"}],"wp:featuredmedia":[{"embeddable":true,"href":"https:\/\/futbolhoy.co\/index.php\/wp-json\/wp\/v2\/media\/27703"}],"wp:attachment":[{"href":"https:\/\/futbolhoy.co\/index.php\/wp-json\/wp\/v2\/media?parent=50580"}],"wp:term":[{"taxonomy":"category","embeddable":true,"href":"https:\/\/futbolhoy.co\/index.php\/wp-json\/wp\/v2\/categories?post=50580"},{"taxonomy":"post_tag","embeddable":true,"href":"https:\/\/futbolhoy.co\/index.php\/wp-json\/wp\/v2\/tags?post=50580"}],"curies":[{"name":"wp","href":"https:\/\/api.w.org\/{rel}","templated":true}]}}