{"id":50583,"date":"2020-04-29T09:32:13","date_gmt":"2020-04-29T14:32:13","guid":{"rendered":"https:\/\/futbolhoy.co\/?p=50583"},"modified":"2020-04-29T18:52:04","modified_gmt":"2020-04-29T23:52:04","slug":"villa-denuncia-extorsion-de-su-pareja","status":"publish","type":"post","link":"https:\/\/futbolhoy.co\/index.php\/2020\/04\/29\/villa-denuncia-extorsion-de-su-pareja\/","title":{"rendered":"Villa denuncia extorsi\u00f3n de su pareja"},"content":{"rendered":"<!--[if lt IE 9]><script>document.createElement('audio');<\/script><![endif]-->\n<audio class=\"wp-audio-shortcode\" id=\"audio-50583-1\" preload=\"none\" style=\"width: 100%;\" controls=\"controls\"><source type=\"audio\/mpeg\" src=\"https:\/\/futbolhoy.co\/wp-content\/uploads\/2020\/04\/ACERO-LECTURA-.mp3?_=1\" \/><a href=\"https:\/\/futbolhoy.co\/wp-content\/uploads\/2020\/04\/ACERO-LECTURA-.mp3\">https:\/\/futbolhoy.co\/wp-content\/uploads\/2020\/04\/ACERO-LECTURA-.mp3<\/a><\/audio>\n<p>(Contradefensa de Sebasti\u00e1n Villa le\u00edda en el programa Fantino a la tarde de Am\u00e9rica Tv)<\/p>\n<p style=\"text-align: justify\"><span style=\"font-family: helvetica, arial, sans-serif\">El extremo antioque\u00f1o<strong> Sebasti\u00e1n Villa,<\/strong> quien juega con <strong>Boca Juniors,<\/strong> presentar\u00e1 en las pr\u00f3ximas horas la respuesta a la demanda de su esposa <strong>Daniela Cort\u00e9s,<\/strong> quien le denunci\u00f3 por violencia de g\u00e9nero.<\/span><\/p>\n<p style=\"text-align: justify\"><span style=\"font-family: helvetica, arial, sans-serif\">\u201cLuego de un tiempo, la relaci\u00f3n comenz\u00f3 a deteriorarse y Daniela se qued\u00f3 en <strong>Colombia.<\/strong> La idea era que viniera unos d\u00edas (a <strong>Buenos Aires)<\/strong> para conversar a ver si pod\u00edamos continuar, pero se volvi\u00f3 insostenible porque ella no paraba de agredirme verbalmente, exigiendo importantes sumas de dinero tanto aqu\u00ed, como en Colombia o sino me denunciar\u00eda por violencia de g\u00e9nero\u201d, dice el alegato que fue revelado en el programa \u2018<em>Fantino a la tarde'<\/em>\u00a0de <strong>Am\u00e9rica Tv<\/strong> en <strong>Buenos Aires.<\/strong><\/span><\/p>\n<p style=\"text-align: justify\"><span style=\"font-family: helvetica, arial, sans-serif\">Entretanto, el apoderado de Daniela, <strong>Fernando Burlando,<\/strong> dijo que solicitar\u00e1 la detenci\u00f3n del futbolista, mientras que revel\u00f3 que Villa ya hab\u00eda sido denunciado en Colombia por el mismo tema, pero h\u00e1bilmente convenci\u00f3 a su cliente para retirar la querella porque afectar\u00eda una convocatoria a la <strong>Selecci\u00f3n Colombia.<\/strong><\/span><\/p>\n<p style=\"text-align: justify\"><span style=\"font-family: helvetica, arial, sans-serif\">Sobre las lesiones de Daniela, se conoci\u00f3 que son de tiempo atr\u00e1s pero tambi\u00e9n hab\u00eda otras leves producidas el lunes en la noche, seg\u00fan un m\u00e9dico legista y reveladas por <strong>La Naci\u00f3n<\/strong> de <strong>Buenos Aires.<\/strong><\/span><\/p>\n","protected":false},"excerpt":{"rendered":"<p>(Contradefensa de Sebasti\u00e1n Villa le\u00edda en el programa Fantino a la tarde de Am\u00e9rica Tv) El extremo antioque\u00f1o Sebasti\u00e1n Villa, quien juega con Boca Juniors, presentar\u00e1 en las pr\u00f3ximas horas la respuesta a la demanda de su esposa Daniela Cort\u00e9s, quien le denunci\u00f3 por violencia de g\u00e9nero. \u201cLuego de un tiempo, la relaci\u00f3n comenz\u00f3 a [&hellip;]<\/p>\n","protected":false},"author":5,"featured_media":47776,"comment_status":"open","ping_status":"open","sticky":false,"template":"","format":"video","meta":{"_acf_changed":false,"footnotes":""},"categories":[418],"tags":[1048],"class_list":{"0":"post-50583","1":"post","2":"type-post","3":"status-publish","4":"format-video","5":"has-post-thumbnail","7":"category-colombia","8":"tag-sebastian-villa","9":"post_format-post-format-video"},"acf":[],"yoast_head":"<!-- This site is optimized with the Yoast SEO plugin v26.8 - https:\/\/yoast.com\/product\/yoast-seo-wordpress\/ -->\n<title>Villa denuncia extorsi\u00f3n de su pareja -<\/title>\n<meta name=\"robots\" content=\"index, follow, max-snippet:-1, max-image-preview:large, max-video-preview:-1\" \/>\n<link rel=\"canonical\" href=\"https:\/\/futbolhoy.co\/index.php\/2020\/04\/29\/villa-denuncia-extorsion-de-su-pareja\/\" \/>\n<meta property=\"og:locale\" content=\"es_ES\" \/>\n<meta property=\"og:type\" content=\"article\" \/>\n<meta property=\"og:title\" content=\"Villa denuncia extorsi\u00f3n de su pareja -\" \/>\n<meta property=\"og:description\" content=\"(Contradefensa de Sebasti\u00e1n Villa le\u00edda en el programa Fantino a la tarde de Am\u00e9rica Tv) El extremo antioque\u00f1o Sebasti\u00e1n Villa, quien juega con Boca Juniors, presentar\u00e1 en las pr\u00f3ximas horas la respuesta a la demanda de su esposa Daniela Cort\u00e9s, quien le denunci\u00f3 por violencia de g\u00e9nero. \u201cLuego de un tiempo, la relaci\u00f3n comenz\u00f3 a [&hellip;]\" \/>\n<meta property=\"og:url\" content=\"https:\/\/futbolhoy.co\/index.php\/2020\/04\/29\/villa-denuncia-extorsion-de-su-pareja\/\" \/>\n<meta property=\"article:publisher\" content=\"https:\/\/www.facebook.com\/FutbolHoyCol\/\" \/>\n<meta property=\"article:published_time\" content=\"2020-04-29T14:32:13+00:00\" \/>\n<meta property=\"article:modified_time\" content=\"2020-04-29T23:52:04+00:00\" \/>\n<meta property=\"og:image\" content=\"https:\/\/futbolhoy.co\/wp-content\/uploads\/2020\/02\/Sebastian-Villa.jpg\" \/>\n\t<meta property=\"og:image:width\" content=\"859\" \/>\n\t<meta property=\"og:image:height\" content=\"608\" \/>\n\t<meta property=\"og:image:type\" content=\"image\/jpeg\" \/>\n<meta name=\"author\" content=\"Laura Hern\u00e1ndez\" \/>\n<meta name=\"twitter:card\" content=\"summary_large_image\" \/>\n<meta name=\"twitter:creator\" content=\"@FutbolHoyCol\" \/>\n<meta name=\"twitter:site\" content=\"@FutbolHoyCol\" \/>\n<meta name=\"twitter:label1\" content=\"Escrito por\" \/>\n\t<meta name=\"twitter:data1\" content=\"Laura Hern\u00e1ndez\" \/>\n\t<meta name=\"twitter:label2\" content=\"Tiempo de lectura\" \/>\n\t<meta name=\"twitter:data2\" content=\"1 minuto\" \/>\n<script type=\"application\/ld+json\" class=\"yoast-schema-graph\">{\"@context\":\"https:\/\/schema.org\",\"@graph\":[{\"@type\":\"Article\",\"@id\":\"https:\/\/futbolhoy.co\/index.php\/2020\/04\/29\/villa-denuncia-extorsion-de-su-pareja\/#article\",\"isPartOf\":{\"@id\":\"https:\/\/futbolhoy.co\/index.php\/2020\/04\/29\/villa-denuncia-extorsion-de-su-pareja\/\"},\"author\":{\"name\":\"Laura Hern\u00e1ndez\",\"@id\":\"https:\/\/futbolhoy.co\/#\/schema\/person\/c4a353a512b127643723a34bb1812f7d\"},\"headline\":\"Villa denuncia extorsi\u00f3n de su pareja\",\"datePublished\":\"2020-04-29T14:32:13+00:00\",\"dateModified\":\"2020-04-29T23:52:04+00:00\",\"mainEntityOfPage\":{\"@id\":\"https:\/\/futbolhoy.co\/index.php\/2020\/04\/29\/villa-denuncia-extorsion-de-su-pareja\/\"},\"wordCount\":251,\"commentCount\":0,\"publisher\":{\"@id\":\"https:\/\/futbolhoy.co\/#organization\"},\"image\":{\"@id\":\"https:\/\/futbolhoy.co\/index.php\/2020\/04\/29\/villa-denuncia-extorsion-de-su-pareja\/#primaryimage\"},\"thumbnailUrl\":\"https:\/\/futbolhoy.co\/wp-content\/uploads\/2020\/02\/Sebastian-Villa.jpg\",\"keywords\":[\"Sebastian Villa\"],\"articleSection\":[\"Colombia\"],\"inLanguage\":\"es\",\"potentialAction\":[{\"@type\":\"CommentAction\",\"name\":\"Comment\",\"target\":[\"https:\/\/futbolhoy.co\/index.php\/2020\/04\/29\/villa-denuncia-extorsion-de-su-pareja\/#respond\"]}]},{\"@type\":\"WebPage\",\"@id\":\"https:\/\/futbolhoy.co\/index.php\/2020\/04\/29\/villa-denuncia-extorsion-de-su-pareja\/\",\"url\":\"https:\/\/futbolhoy.co\/index.php\/2020\/04\/29\/villa-denuncia-extorsion-de-su-pareja\/\",\"name\":\"Villa denuncia extorsi\u00f3n de su pareja -\",\"isPartOf\":{\"@id\":\"https:\/\/futbolhoy.co\/#website\"},\"primaryImageOfPage\":{\"@id\":\"https:\/\/futbolhoy.co\/index.php\/2020\/04\/29\/villa-denuncia-extorsion-de-su-pareja\/#primaryimage\"},\"image\":{\"@id\":\"https:\/\/futbolhoy.co\/index.php\/2020\/04\/29\/villa-denuncia-extorsion-de-su-pareja\/#primaryimage\"},\"thumbnailUrl\":\"https:\/\/futbolhoy.co\/wp-content\/uploads\/2020\/02\/Sebastian-Villa.jpg\",\"datePublished\":\"2020-04-29T14:32:13+00:00\",\"dateModified\":\"2020-04-29T23:52:04+00:00\",\"breadcrumb\":{\"@id\":\"https:\/\/futbolhoy.co\/index.php\/2020\/04\/29\/villa-denuncia-extorsion-de-su-pareja\/#breadcrumb\"},\"inLanguage\":\"es\",\"potentialAction\":[{\"@type\":\"ReadAction\",\"target\":[\"https:\/\/futbolhoy.co\/index.php\/2020\/04\/29\/villa-denuncia-extorsion-de-su-pareja\/\"]}]},{\"@type\":\"ImageObject\",\"inLanguage\":\"es\",\"@id\":\"https:\/\/futbolhoy.co\/index.php\/2020\/04\/29\/villa-denuncia-extorsion-de-su-pareja\/#primaryimage\",\"url\":\"https:\/\/futbolhoy.co\/wp-content\/uploads\/2020\/02\/Sebastian-Villa.jpg\",\"contentUrl\":\"https:\/\/futbolhoy.co\/wp-content\/uploads\/2020\/02\/Sebastian-Villa.jpg\",\"width\":859,\"height\":608,\"caption\":\"@BocaJrsOficial\"},{\"@type\":\"BreadcrumbList\",\"@id\":\"https:\/\/futbolhoy.co\/index.php\/2020\/04\/29\/villa-denuncia-extorsion-de-su-pareja\/#breadcrumb\",\"itemListElement\":[{\"@type\":\"ListItem\",\"position\":1,\"name\":\"Portada\",\"item\":\"https:\/\/futbolhoy.co\/\"},{\"@type\":\"ListItem\",\"position\":2,\"name\":\"Villa denuncia extorsi\u00f3n de su pareja\"}]},{\"@type\":\"WebSite\",\"@id\":\"https:\/\/futbolhoy.co\/#website\",\"url\":\"https:\/\/futbolhoy.co\/\",\"name\":\"FutbolHoy\",\"description\":\"\",\"publisher\":{\"@id\":\"https:\/\/futbolhoy.co\/#organization\"},\"potentialAction\":[{\"@type\":\"SearchAction\",\"target\":{\"@type\":\"EntryPoint\",\"urlTemplate\":\"https:\/\/futbolhoy.co\/?s={search_term_string}\"},\"query-input\":{\"@type\":\"PropertyValueSpecification\",\"valueRequired\":true,\"valueName\":\"search_term_string\"}}],\"inLanguage\":\"es\"},{\"@type\":\"Organization\",\"@id\":\"https:\/\/futbolhoy.co\/#organization\",\"name\":\"Futbolhoy.co\",\"url\":\"https:\/\/futbolhoy.co\/\",\"logo\":{\"@type\":\"ImageObject\",\"inLanguage\":\"es\",\"@id\":\"https:\/\/futbolhoy.co\/#\/schema\/logo\/image\/\",\"url\":\"https:\/\/futbolhoy.co\/wp-content\/uploads\/2018\/08\/17426380_1906371736249227_6326180412931521141_n.jpg\",\"contentUrl\":\"https:\/\/futbolhoy.co\/wp-content\/uploads\/2018\/08\/17426380_1906371736249227_6326180412931521141_n.jpg\",\"width\":960,\"height\":960,\"caption\":\"Futbolhoy.co\"},\"image\":{\"@id\":\"https:\/\/futbolhoy.co\/#\/schema\/logo\/image\/\"},\"sameAs\":[\"https:\/\/www.facebook.com\/FutbolHoyCol\/\",\"https:\/\/x.com\/FutbolHoyCol\",\"https:\/\/www.instagram.com\/futbolhoycol\/\"]},{\"@type\":\"Person\",\"@id\":\"https:\/\/futbolhoy.co\/#\/schema\/person\/c4a353a512b127643723a34bb1812f7d\",\"name\":\"Laura Hern\u00e1ndez\",\"image\":{\"@type\":\"ImageObject\",\"inLanguage\":\"es\",\"@id\":\"https:\/\/futbolhoy.co\/#\/schema\/person\/image\/\",\"url\":\"https:\/\/secure.gravatar.com\/avatar\/d25959a15b9b293a743f99181c7cfd01?s=96&d=mm&r=g\",\"contentUrl\":\"https:\/\/secure.gravatar.com\/avatar\/d25959a15b9b293a743f99181c7cfd01?s=96&d=mm&r=g\",\"caption\":\"Laura Hern\u00e1ndez\"}}]}<\/script>\n<!-- \/ Yoast SEO plugin. -->","yoast_head_json":{"title":"Villa denuncia extorsi\u00f3n de su pareja -","robots":{"index":"index","follow":"follow","max-snippet":"max-snippet:-1","max-image-preview":"max-image-preview:large","max-video-preview":"max-video-preview:-1"},"canonical":"https:\/\/futbolhoy.co\/index.php\/2020\/04\/29\/villa-denuncia-extorsion-de-su-pareja\/","og_locale":"es_ES","og_type":"article","og_title":"Villa denuncia extorsi\u00f3n de su pareja -","og_description":"(Contradefensa de Sebasti\u00e1n Villa le\u00edda en el programa Fantino a la tarde de Am\u00e9rica Tv) El extremo antioque\u00f1o Sebasti\u00e1n Villa, quien juega con Boca Juniors, presentar\u00e1 en las pr\u00f3ximas horas la respuesta a la demanda de su esposa Daniela Cort\u00e9s, quien le denunci\u00f3 por violencia de g\u00e9nero. \u201cLuego de un tiempo, la relaci\u00f3n comenz\u00f3 a [&hellip;]","og_url":"https:\/\/futbolhoy.co\/index.php\/2020\/04\/29\/villa-denuncia-extorsion-de-su-pareja\/","article_publisher":"https:\/\/www.facebook.com\/FutbolHoyCol\/","article_published_time":"2020-04-29T14:32:13+00:00","article_modified_time":"2020-04-29T23:52:04+00:00","og_image":[{"width":859,"height":608,"url":"https:\/\/futbolhoy.co\/wp-content\/uploads\/2020\/02\/Sebastian-Villa.jpg","type":"image\/jpeg"}],"author":"Laura Hern\u00e1ndez","twitter_card":"summary_large_image","twitter_creator":"@FutbolHoyCol","twitter_site":"@FutbolHoyCol","twitter_misc":{"Escrito por":"Laura Hern\u00e1ndez","Tiempo de lectura":"1 minuto"},"schema":{"@context":"https:\/\/schema.org","@graph":[{"@type":"Article","@id":"https:\/\/futbolhoy.co\/index.php\/2020\/04\/29\/villa-denuncia-extorsion-de-su-pareja\/#article","isPartOf":{"@id":"https:\/\/futbolhoy.co\/index.php\/2020\/04\/29\/villa-denuncia-extorsion-de-su-pareja\/"},"author":{"name":"Laura Hern\u00e1ndez","@id":"https:\/\/futbolhoy.co\/#\/schema\/person\/c4a353a512b127643723a34bb1812f7d"},"headline":"Villa denuncia extorsi\u00f3n de su pareja","datePublished":"2020-04-29T14:32:13+00:00","dateModified":"2020-04-29T23:52:04+00:00","mainEntityOfPage":{"@id":"https:\/\/futbolhoy.co\/index.php\/2020\/04\/29\/villa-denuncia-extorsion-de-su-pareja\/"},"wordCount":251,"commentCount":0,"publisher":{"@id":"https:\/\/futbolhoy.co\/#organization"},"image":{"@id":"https:\/\/futbolhoy.co\/index.php\/2020\/04\/29\/villa-denuncia-extorsion-de-su-pareja\/#primaryimage"},"thumbnailUrl":"https:\/\/futbolhoy.co\/wp-content\/uploads\/2020\/02\/Sebastian-Villa.jpg","keywords":["Sebastian Villa"],"articleSection":["Colombia"],"inLanguage":"es","potentialAction":[{"@type":"CommentAction","name":"Comment","target":["https:\/\/futbolhoy.co\/index.php\/2020\/04\/29\/villa-denuncia-extorsion-de-su-pareja\/#respond"]}]},{"@type":"WebPage","@id":"https:\/\/futbolhoy.co\/index.php\/2020\/04\/29\/villa-denuncia-extorsion-de-su-pareja\/","url":"https:\/\/futbolhoy.co\/index.php\/2020\/04\/29\/villa-denuncia-extorsion-de-su-pareja\/","name":"Villa denuncia extorsi\u00f3n de su pareja -","isPartOf":{"@id":"https:\/\/futbolhoy.co\/#website"},"primaryImageOfPage":{"@id":"https:\/\/futbolhoy.co\/index.php\/2020\/04\/29\/villa-denuncia-extorsion-de-su-pareja\/#primaryimage"},"image":{"@id":"https:\/\/futbolhoy.co\/index.php\/2020\/04\/29\/villa-denuncia-extorsion-de-su-pareja\/#primaryimage"},"thumbnailUrl":"https:\/\/futbolhoy.co\/wp-content\/uploads\/2020\/02\/Sebastian-Villa.jpg","datePublished":"2020-04-29T14:32:13+00:00","dateModified":"2020-04-29T23:52:04+00:00","breadcrumb":{"@id":"https:\/\/futbolhoy.co\/index.php\/2020\/04\/29\/villa-denuncia-extorsion-de-su-pareja\/#breadcrumb"},"inLanguage":"es","potentialAction":[{"@type":"ReadAction","target":["https:\/\/futbolhoy.co\/index.php\/2020\/04\/29\/villa-denuncia-extorsion-de-su-pareja\/"]}]},{"@type":"ImageObject","inLanguage":"es","@id":"https:\/\/futbolhoy.co\/index.php\/2020\/04\/29\/villa-denuncia-extorsion-de-su-pareja\/#primaryimage","url":"https:\/\/futbolhoy.co\/wp-content\/uploads\/2020\/02\/Sebastian-Villa.jpg","contentUrl":"https:\/\/futbolhoy.co\/wp-content\/uploads\/2020\/02\/Sebastian-Villa.jpg","width":859,"height":608,"caption":"@BocaJrsOficial"},{"@type":"BreadcrumbList","@id":"https:\/\/futbolhoy.co\/index.php\/2020\/04\/29\/villa-denuncia-extorsion-de-su-pareja\/#breadcrumb","itemListElement":[{"@type":"ListItem","position":1,"name":"Portada","item":"https:\/\/futbolhoy.co\/"},{"@type":"ListItem","position":2,"name":"Villa denuncia extorsi\u00f3n de su pareja"}]},{"@type":"WebSite","@id":"https:\/\/futbolhoy.co\/#website","url":"https:\/\/futbolhoy.co\/","name":"FutbolHoy","description":"","publisher":{"@id":"https:\/\/futbolhoy.co\/#organization"},"potentialAction":[{"@type":"SearchAction","target":{"@type":"EntryPoint","urlTemplate":"https:\/\/futbolhoy.co\/?s={search_term_string}"},"query-input":{"@type":"PropertyValueSpecification","valueRequired":true,"valueName":"search_term_string"}}],"inLanguage":"es"},{"@type":"Organization","@id":"https:\/\/futbolhoy.co\/#organization","name":"Futbolhoy.co","url":"https:\/\/futbolhoy.co\/","logo":{"@type":"ImageObject","inLanguage":"es","@id":"https:\/\/futbolhoy.co\/#\/schema\/logo\/image\/","url":"https:\/\/futbolhoy.co\/wp-content\/uploads\/2018\/08\/17426380_1906371736249227_6326180412931521141_n.jpg","contentUrl":"https:\/\/futbolhoy.co\/wp-content\/uploads\/2018\/08\/17426380_1906371736249227_6326180412931521141_n.jpg","width":960,"height":960,"caption":"Futbolhoy.co"},"image":{"@id":"https:\/\/futbolhoy.co\/#\/schema\/logo\/image\/"},"sameAs":["https:\/\/www.facebook.com\/FutbolHoyCol\/","https:\/\/x.com\/FutbolHoyCol","https:\/\/www.instagram.com\/futbolhoycol\/"]},{"@type":"Person","@id":"https:\/\/futbolhoy.co\/#\/schema\/person\/c4a353a512b127643723a34bb1812f7d","name":"Laura Hern\u00e1ndez","image":{"@type":"ImageObject","inLanguage":"es","@id":"https:\/\/futbolhoy.co\/#\/schema\/person\/image\/","url":"https:\/\/secure.gravatar.com\/avatar\/d25959a15b9b293a743f99181c7cfd01?s=96&d=mm&r=g","contentUrl":"https:\/\/secure.gravatar.com\/avatar\/d25959a15b9b293a743f99181c7cfd01?s=96&d=mm&r=g","caption":"Laura Hern\u00e1ndez"}}]}},"publishpress_future_action":{"enabled":false,"date":"2026-05-04 21:32:58","action":"change-status","newStatus":"draft","terms":[],"taxonomy":"category","extraData":[]},"publishpress_future_workflow_manual_trigger":{"enabledWorkflows":[]},"_links":{"self":[{"href":"https:\/\/futbolhoy.co\/index.php\/wp-json\/wp\/v2\/posts\/50583","targetHints":{"allow":["GET"]}}],"collection":[{"href":"https:\/\/futbolhoy.co\/index.php\/wp-json\/wp\/v2\/posts"}],"about":[{"href":"https:\/\/futbolhoy.co\/index.php\/wp-json\/wp\/v2\/types\/post"}],"author":[{"embeddable":true,"href":"https:\/\/futbolhoy.co\/index.php\/wp-json\/wp\/v2\/users\/5"}],"replies":[{"embeddable":true,"href":"https:\/\/futbolhoy.co\/index.php\/wp-json\/wp\/v2\/comments?post=50583"}],"version-history":[{"count":2,"href":"https:\/\/futbolhoy.co\/index.php\/wp-json\/wp\/v2\/posts\/50583\/revisions"}],"predecessor-version":[{"id":50591,"href":"https:\/\/futbolhoy.co\/index.php\/wp-json\/wp\/v2\/posts\/50583\/revisions\/50591"}],"wp:featuredmedia":[{"embeddable":true,"href":"https:\/\/futbolhoy.co\/index.php\/wp-json\/wp\/v2\/media\/47776"}],"wp:attachment":[{"href":"https:\/\/futbolhoy.co\/index.php\/wp-json\/wp\/v2\/media?parent=50583"}],"wp:term":[{"taxonomy":"category","embeddable":true,"href":"https:\/\/futbolhoy.co\/index.php\/wp-json\/wp\/v2\/categories?post=50583"},{"taxonomy":"post_tag","embeddable":true,"href":"https:\/\/futbolhoy.co\/index.php\/wp-json\/wp\/v2\/tags?post=50583"}],"curies":[{"name":"wp","href":"https:\/\/api.w.org\/{rel}","templated":true}]}}