{"id":50616,"date":"2020-04-29T21:01:28","date_gmt":"2020-04-30T02:01:28","guid":{"rendered":"https:\/\/futbolhoy.co\/?p=50616"},"modified":"2020-04-30T15:32:17","modified_gmt":"2020-04-30T20:32:17","slug":"sera-complejo-regresar-a-puertas-abiertas-lucena","status":"publish","type":"post","link":"https:\/\/futbolhoy.co\/index.php\/2020\/04\/29\/sera-complejo-regresar-a-puertas-abiertas-lucena\/","title":{"rendered":"\u201cSi se aprueban protocolos tendremos Liga\u201d: Lucena"},"content":{"rendered":"<p style=\"text-align: justify\"><span style=\"font-family: helvetica, arial, sans-serif\">Hoy Mi\u00e9rcoles 29 de Abril, se reunieron en Bogot\u00e1 el Ministro del deporte <strong>Ernesto Lucena<\/strong> y los Presidentes de la Federaci\u00f3n Colombiana de f\u00fatbol y de la <strong>Divisi\u00f3n Mayor del f\u00fatbol Profesional Colombiano<\/strong>, el encuentro tuvo como prop\u00f3sito sumar todos los esfuerzos para salvaguardar el f\u00fatbol Nacional en todas sus categor\u00edas.<\/span><\/p>\n<p style=\"text-align: justify\"><span style=\"font-family: helvetica, arial, sans-serif\">Para el Gobierno Nacional es importante el retorno del balompi\u00e9 en la medida que se superen de manera paulatina las dificultades de la pandemia que afectan al pa\u00eds, siempre asegurando como prioridad la salud de los colombianos. As\u00ed mismo se dej\u00f3 claro que pare este a\u00f1o el regreso a puertas abiertas ser\u00e1 muy complejo.<\/span><\/p>\n<p style=\"text-align: justify\"><span style=\"font-family: helvetica, arial, sans-serif\">Tanto los dirigentes del f\u00fatbol Nacional como el <strong>Ministro del deporte<\/strong> son conscientes de la urgencia de revisar y generar una adecuada retroalimentaci\u00f3n de todos los protocolos necesarios que contribuyan a reanudar los torneos de f\u00fatbol profesional, esta labor de concertaci\u00f3n se reiniciar\u00e1 a partir del 11 de Mayo, con todos los par\u00e1metros que indique el Ministerio de Salud.<\/span><\/p>\n<p style=\"text-align: justify\"><span style=\"font-family: helvetica, arial, sans-serif\">El Ministerio del deporte se comprometi\u00f3 a respaldar las diferentes iniciativas que presente el f\u00fatbol Nacional en todas sus categor\u00edas y que deban surtir su tr\u00e1mite frente a otras instancias del Gobierno.<\/span><\/p>\n<p style=\"text-align: justify\"><span style=\"font-family: helvetica, arial, sans-serif\">Adem\u00e1s de atender las serias preocupaciones planteadas por el f\u00fatbol aficionado y las ramas femenina y masculina de este deporte, el Gobierno buscar\u00e1 las mejores alternativas y soluciones, toda vez que de ello depende en gran medida la subsistencia de por lo menos 50 mil familias de connacionales que hacen parte de este gran espect\u00e1culo.<\/span><\/p>\n<p style=\"text-align: justify\"><span style=\"font-family: helvetica, arial, sans-serif\">Entre tanto se estudian los protocolos de seguridad para reactivar el f\u00fatbol profesional y tambi\u00e9n las particularidades laborales que enfrentan cada uno de los clubes con sus jugadores.<\/span><\/p>\n<p style=\"text-align: justify\"><span style=\"font-family: helvetica, arial, sans-serif\">El Ministro del deporte fue enf\u00e1tico en manifestar que el f\u00fatbol colombiano y en especial el nivel profesional, debe actuar de manera consensuada entre el sector privado, los patrocinadores, los clubes, las asociaciones, los medios de comunicaci\u00f3n y todos los dirigentes deportivos para demostrar confianza y fortaleza como gremio.<\/span><\/p>\n<p style=\"text-align: justify\"><span style=\"font-family: helvetica, arial, sans-serif\">Del mismo modo que Colombia como Naci\u00f3n est\u00e1 dando ejemplo ante el mundo de c\u00f3mo hacer frente a la propagaci\u00f3n del virus, en esa misma medida nuestro f\u00fatbol y sus dirigentes est\u00e1n dispuestos a fortalecer las alianzas que nos permitan regresar a la competencia local y mundial con la mayor responsabilidad.<\/span><\/p>\n<p><em><strong>Texto del comunicado de la Dimayor.\u00a0<\/strong><\/em><\/p>\n","protected":false},"excerpt":{"rendered":"<p>Hoy Mi\u00e9rcoles 29 de Abril, se reunieron en Bogot\u00e1 el Ministro del deporte Ernesto Lucena y los Presidentes de la Federaci\u00f3n Colombiana de f\u00fatbol y de la Divisi\u00f3n Mayor del f\u00fatbol Profesional Colombiano, el encuentro tuvo como prop\u00f3sito sumar todos los esfuerzos para salvaguardar el f\u00fatbol Nacional en todas sus categor\u00edas. Para el Gobierno Nacional [&hellip;]<\/p>\n","protected":false},"author":5,"featured_media":50617,"comment_status":"open","ping_status":"open","sticky":false,"template":"","format":"standard","meta":{"_acf_changed":false,"footnotes":""},"categories":[7],"tags":[],"class_list":{"0":"post-50616","1":"post","2":"type-post","3":"status-publish","4":"format-standard","5":"has-post-thumbnail","7":"category-liga-betplay"},"acf":[],"yoast_head":"<!-- This site is optimized with the Yoast SEO plugin v26.8 - https:\/\/yoast.com\/product\/yoast-seo-wordpress\/ -->\n<title>\u201cSi se aprueban protocolos tendremos Liga\u201d: Lucena -<\/title>\n<meta name=\"robots\" content=\"index, follow, max-snippet:-1, max-image-preview:large, max-video-preview:-1\" \/>\n<link rel=\"canonical\" href=\"https:\/\/futbolhoy.co\/index.php\/2020\/04\/29\/sera-complejo-regresar-a-puertas-abiertas-lucena\/\" \/>\n<meta property=\"og:locale\" content=\"es_ES\" \/>\n<meta property=\"og:type\" content=\"article\" \/>\n<meta property=\"og:title\" content=\"\u201cSi se aprueban protocolos tendremos Liga\u201d: Lucena -\" \/>\n<meta property=\"og:description\" content=\"Hoy Mi\u00e9rcoles 29 de Abril, se reunieron en Bogot\u00e1 el Ministro del deporte Ernesto Lucena y los Presidentes de la Federaci\u00f3n Colombiana de f\u00fatbol y de la Divisi\u00f3n Mayor del f\u00fatbol Profesional Colombiano, el encuentro tuvo como prop\u00f3sito sumar todos los esfuerzos para salvaguardar el f\u00fatbol Nacional en todas sus categor\u00edas. Para el Gobierno Nacional [&hellip;]\" \/>\n<meta property=\"og:url\" content=\"https:\/\/futbolhoy.co\/index.php\/2020\/04\/29\/sera-complejo-regresar-a-puertas-abiertas-lucena\/\" \/>\n<meta property=\"article:publisher\" content=\"https:\/\/www.facebook.com\/FutbolHoyCol\/\" \/>\n<meta property=\"article:published_time\" content=\"2020-04-30T02:01:28+00:00\" \/>\n<meta property=\"article:modified_time\" content=\"2020-04-30T20:32:17+00:00\" \/>\n<meta property=\"og:image\" content=\"https:\/\/futbolhoy.co\/wp-content\/uploads\/2020\/04\/IMG_20200429_205929.jpg\" \/>\n\t<meta property=\"og:image:width\" content=\"900\" \/>\n\t<meta property=\"og:image:height\" content=\"601\" \/>\n\t<meta property=\"og:image:type\" content=\"image\/jpeg\" \/>\n<meta name=\"author\" content=\"Laura Hern\u00e1ndez\" \/>\n<meta name=\"twitter:card\" content=\"summary_large_image\" \/>\n<meta name=\"twitter:creator\" content=\"@FutbolHoyCol\" \/>\n<meta name=\"twitter:site\" content=\"@FutbolHoyCol\" \/>\n<meta name=\"twitter:label1\" content=\"Escrito por\" \/>\n\t<meta name=\"twitter:data1\" content=\"Laura Hern\u00e1ndez\" \/>\n\t<meta name=\"twitter:label2\" content=\"Tiempo de lectura\" \/>\n\t<meta name=\"twitter:data2\" content=\"2 minutos\" \/>\n<script type=\"application\/ld+json\" class=\"yoast-schema-graph\">{\"@context\":\"https:\/\/schema.org\",\"@graph\":[{\"@type\":\"Article\",\"@id\":\"https:\/\/futbolhoy.co\/index.php\/2020\/04\/29\/sera-complejo-regresar-a-puertas-abiertas-lucena\/#article\",\"isPartOf\":{\"@id\":\"https:\/\/futbolhoy.co\/index.php\/2020\/04\/29\/sera-complejo-regresar-a-puertas-abiertas-lucena\/\"},\"author\":{\"name\":\"Laura Hern\u00e1ndez\",\"@id\":\"https:\/\/futbolhoy.co\/#\/schema\/person\/c4a353a512b127643723a34bb1812f7d\"},\"headline\":\"\u201cSi se aprueban protocolos tendremos Liga\u201d: Lucena\",\"datePublished\":\"2020-04-30T02:01:28+00:00\",\"dateModified\":\"2020-04-30T20:32:17+00:00\",\"mainEntityOfPage\":{\"@id\":\"https:\/\/futbolhoy.co\/index.php\/2020\/04\/29\/sera-complejo-regresar-a-puertas-abiertas-lucena\/\"},\"wordCount\":420,\"commentCount\":0,\"publisher\":{\"@id\":\"https:\/\/futbolhoy.co\/#organization\"},\"image\":{\"@id\":\"https:\/\/futbolhoy.co\/index.php\/2020\/04\/29\/sera-complejo-regresar-a-puertas-abiertas-lucena\/#primaryimage\"},\"thumbnailUrl\":\"https:\/\/futbolhoy.co\/wp-content\/uploads\/2020\/04\/IMG_20200429_205929.jpg\",\"articleSection\":[\"Liga BetPlay\"],\"inLanguage\":\"es\",\"potentialAction\":[{\"@type\":\"CommentAction\",\"name\":\"Comment\",\"target\":[\"https:\/\/futbolhoy.co\/index.php\/2020\/04\/29\/sera-complejo-regresar-a-puertas-abiertas-lucena\/#respond\"]}]},{\"@type\":\"WebPage\",\"@id\":\"https:\/\/futbolhoy.co\/index.php\/2020\/04\/29\/sera-complejo-regresar-a-puertas-abiertas-lucena\/\",\"url\":\"https:\/\/futbolhoy.co\/index.php\/2020\/04\/29\/sera-complejo-regresar-a-puertas-abiertas-lucena\/\",\"name\":\"\u201cSi se aprueban protocolos tendremos Liga\u201d: Lucena -\",\"isPartOf\":{\"@id\":\"https:\/\/futbolhoy.co\/#website\"},\"primaryImageOfPage\":{\"@id\":\"https:\/\/futbolhoy.co\/index.php\/2020\/04\/29\/sera-complejo-regresar-a-puertas-abiertas-lucena\/#primaryimage\"},\"image\":{\"@id\":\"https:\/\/futbolhoy.co\/index.php\/2020\/04\/29\/sera-complejo-regresar-a-puertas-abiertas-lucena\/#primaryimage\"},\"thumbnailUrl\":\"https:\/\/futbolhoy.co\/wp-content\/uploads\/2020\/04\/IMG_20200429_205929.jpg\",\"datePublished\":\"2020-04-30T02:01:28+00:00\",\"dateModified\":\"2020-04-30T20:32:17+00:00\",\"breadcrumb\":{\"@id\":\"https:\/\/futbolhoy.co\/index.php\/2020\/04\/29\/sera-complejo-regresar-a-puertas-abiertas-lucena\/#breadcrumb\"},\"inLanguage\":\"es\",\"potentialAction\":[{\"@type\":\"ReadAction\",\"target\":[\"https:\/\/futbolhoy.co\/index.php\/2020\/04\/29\/sera-complejo-regresar-a-puertas-abiertas-lucena\/\"]}]},{\"@type\":\"ImageObject\",\"inLanguage\":\"es\",\"@id\":\"https:\/\/futbolhoy.co\/index.php\/2020\/04\/29\/sera-complejo-regresar-a-puertas-abiertas-lucena\/#primaryimage\",\"url\":\"https:\/\/futbolhoy.co\/wp-content\/uploads\/2020\/04\/IMG_20200429_205929.jpg\",\"contentUrl\":\"https:\/\/futbolhoy.co\/wp-content\/uploads\/2020\/04\/IMG_20200429_205929.jpg\",\"width\":900,\"height\":601},{\"@type\":\"BreadcrumbList\",\"@id\":\"https:\/\/futbolhoy.co\/index.php\/2020\/04\/29\/sera-complejo-regresar-a-puertas-abiertas-lucena\/#breadcrumb\",\"itemListElement\":[{\"@type\":\"ListItem\",\"position\":1,\"name\":\"Portada\",\"item\":\"https:\/\/futbolhoy.co\/\"},{\"@type\":\"ListItem\",\"position\":2,\"name\":\"\u201cSi se aprueban protocolos tendremos Liga\u201d: Lucena\"}]},{\"@type\":\"WebSite\",\"@id\":\"https:\/\/futbolhoy.co\/#website\",\"url\":\"https:\/\/futbolhoy.co\/\",\"name\":\"FutbolHoy\",\"description\":\"\",\"publisher\":{\"@id\":\"https:\/\/futbolhoy.co\/#organization\"},\"potentialAction\":[{\"@type\":\"SearchAction\",\"target\":{\"@type\":\"EntryPoint\",\"urlTemplate\":\"https:\/\/futbolhoy.co\/?s={search_term_string}\"},\"query-input\":{\"@type\":\"PropertyValueSpecification\",\"valueRequired\":true,\"valueName\":\"search_term_string\"}}],\"inLanguage\":\"es\"},{\"@type\":\"Organization\",\"@id\":\"https:\/\/futbolhoy.co\/#organization\",\"name\":\"Futbolhoy.co\",\"url\":\"https:\/\/futbolhoy.co\/\",\"logo\":{\"@type\":\"ImageObject\",\"inLanguage\":\"es\",\"@id\":\"https:\/\/futbolhoy.co\/#\/schema\/logo\/image\/\",\"url\":\"https:\/\/futbolhoy.co\/wp-content\/uploads\/2018\/08\/17426380_1906371736249227_6326180412931521141_n.jpg\",\"contentUrl\":\"https:\/\/futbolhoy.co\/wp-content\/uploads\/2018\/08\/17426380_1906371736249227_6326180412931521141_n.jpg\",\"width\":960,\"height\":960,\"caption\":\"Futbolhoy.co\"},\"image\":{\"@id\":\"https:\/\/futbolhoy.co\/#\/schema\/logo\/image\/\"},\"sameAs\":[\"https:\/\/www.facebook.com\/FutbolHoyCol\/\",\"https:\/\/x.com\/FutbolHoyCol\",\"https:\/\/www.instagram.com\/futbolhoycol\/\"]},{\"@type\":\"Person\",\"@id\":\"https:\/\/futbolhoy.co\/#\/schema\/person\/c4a353a512b127643723a34bb1812f7d\",\"name\":\"Laura Hern\u00e1ndez\",\"image\":{\"@type\":\"ImageObject\",\"inLanguage\":\"es\",\"@id\":\"https:\/\/futbolhoy.co\/#\/schema\/person\/image\/\",\"url\":\"https:\/\/secure.gravatar.com\/avatar\/d25959a15b9b293a743f99181c7cfd01?s=96&d=mm&r=g\",\"contentUrl\":\"https:\/\/secure.gravatar.com\/avatar\/d25959a15b9b293a743f99181c7cfd01?s=96&d=mm&r=g\",\"caption\":\"Laura Hern\u00e1ndez\"}}]}<\/script>\n<!-- \/ Yoast SEO plugin. -->","yoast_head_json":{"title":"\u201cSi se aprueban protocolos tendremos Liga\u201d: Lucena -","robots":{"index":"index","follow":"follow","max-snippet":"max-snippet:-1","max-image-preview":"max-image-preview:large","max-video-preview":"max-video-preview:-1"},"canonical":"https:\/\/futbolhoy.co\/index.php\/2020\/04\/29\/sera-complejo-regresar-a-puertas-abiertas-lucena\/","og_locale":"es_ES","og_type":"article","og_title":"\u201cSi se aprueban protocolos tendremos Liga\u201d: Lucena -","og_description":"Hoy Mi\u00e9rcoles 29 de Abril, se reunieron en Bogot\u00e1 el Ministro del deporte Ernesto Lucena y los Presidentes de la Federaci\u00f3n Colombiana de f\u00fatbol y de la Divisi\u00f3n Mayor del f\u00fatbol Profesional Colombiano, el encuentro tuvo como prop\u00f3sito sumar todos los esfuerzos para salvaguardar el f\u00fatbol Nacional en todas sus categor\u00edas. Para el Gobierno Nacional [&hellip;]","og_url":"https:\/\/futbolhoy.co\/index.php\/2020\/04\/29\/sera-complejo-regresar-a-puertas-abiertas-lucena\/","article_publisher":"https:\/\/www.facebook.com\/FutbolHoyCol\/","article_published_time":"2020-04-30T02:01:28+00:00","article_modified_time":"2020-04-30T20:32:17+00:00","og_image":[{"width":900,"height":601,"url":"https:\/\/futbolhoy.co\/wp-content\/uploads\/2020\/04\/IMG_20200429_205929.jpg","type":"image\/jpeg"}],"author":"Laura Hern\u00e1ndez","twitter_card":"summary_large_image","twitter_creator":"@FutbolHoyCol","twitter_site":"@FutbolHoyCol","twitter_misc":{"Escrito por":"Laura Hern\u00e1ndez","Tiempo de lectura":"2 minutos"},"schema":{"@context":"https:\/\/schema.org","@graph":[{"@type":"Article","@id":"https:\/\/futbolhoy.co\/index.php\/2020\/04\/29\/sera-complejo-regresar-a-puertas-abiertas-lucena\/#article","isPartOf":{"@id":"https:\/\/futbolhoy.co\/index.php\/2020\/04\/29\/sera-complejo-regresar-a-puertas-abiertas-lucena\/"},"author":{"name":"Laura Hern\u00e1ndez","@id":"https:\/\/futbolhoy.co\/#\/schema\/person\/c4a353a512b127643723a34bb1812f7d"},"headline":"\u201cSi se aprueban protocolos tendremos Liga\u201d: Lucena","datePublished":"2020-04-30T02:01:28+00:00","dateModified":"2020-04-30T20:32:17+00:00","mainEntityOfPage":{"@id":"https:\/\/futbolhoy.co\/index.php\/2020\/04\/29\/sera-complejo-regresar-a-puertas-abiertas-lucena\/"},"wordCount":420,"commentCount":0,"publisher":{"@id":"https:\/\/futbolhoy.co\/#organization"},"image":{"@id":"https:\/\/futbolhoy.co\/index.php\/2020\/04\/29\/sera-complejo-regresar-a-puertas-abiertas-lucena\/#primaryimage"},"thumbnailUrl":"https:\/\/futbolhoy.co\/wp-content\/uploads\/2020\/04\/IMG_20200429_205929.jpg","articleSection":["Liga BetPlay"],"inLanguage":"es","potentialAction":[{"@type":"CommentAction","name":"Comment","target":["https:\/\/futbolhoy.co\/index.php\/2020\/04\/29\/sera-complejo-regresar-a-puertas-abiertas-lucena\/#respond"]}]},{"@type":"WebPage","@id":"https:\/\/futbolhoy.co\/index.php\/2020\/04\/29\/sera-complejo-regresar-a-puertas-abiertas-lucena\/","url":"https:\/\/futbolhoy.co\/index.php\/2020\/04\/29\/sera-complejo-regresar-a-puertas-abiertas-lucena\/","name":"\u201cSi se aprueban protocolos tendremos Liga\u201d: Lucena -","isPartOf":{"@id":"https:\/\/futbolhoy.co\/#website"},"primaryImageOfPage":{"@id":"https:\/\/futbolhoy.co\/index.php\/2020\/04\/29\/sera-complejo-regresar-a-puertas-abiertas-lucena\/#primaryimage"},"image":{"@id":"https:\/\/futbolhoy.co\/index.php\/2020\/04\/29\/sera-complejo-regresar-a-puertas-abiertas-lucena\/#primaryimage"},"thumbnailUrl":"https:\/\/futbolhoy.co\/wp-content\/uploads\/2020\/04\/IMG_20200429_205929.jpg","datePublished":"2020-04-30T02:01:28+00:00","dateModified":"2020-04-30T20:32:17+00:00","breadcrumb":{"@id":"https:\/\/futbolhoy.co\/index.php\/2020\/04\/29\/sera-complejo-regresar-a-puertas-abiertas-lucena\/#breadcrumb"},"inLanguage":"es","potentialAction":[{"@type":"ReadAction","target":["https:\/\/futbolhoy.co\/index.php\/2020\/04\/29\/sera-complejo-regresar-a-puertas-abiertas-lucena\/"]}]},{"@type":"ImageObject","inLanguage":"es","@id":"https:\/\/futbolhoy.co\/index.php\/2020\/04\/29\/sera-complejo-regresar-a-puertas-abiertas-lucena\/#primaryimage","url":"https:\/\/futbolhoy.co\/wp-content\/uploads\/2020\/04\/IMG_20200429_205929.jpg","contentUrl":"https:\/\/futbolhoy.co\/wp-content\/uploads\/2020\/04\/IMG_20200429_205929.jpg","width":900,"height":601},{"@type":"BreadcrumbList","@id":"https:\/\/futbolhoy.co\/index.php\/2020\/04\/29\/sera-complejo-regresar-a-puertas-abiertas-lucena\/#breadcrumb","itemListElement":[{"@type":"ListItem","position":1,"name":"Portada","item":"https:\/\/futbolhoy.co\/"},{"@type":"ListItem","position":2,"name":"\u201cSi se aprueban protocolos tendremos Liga\u201d: Lucena"}]},{"@type":"WebSite","@id":"https:\/\/futbolhoy.co\/#website","url":"https:\/\/futbolhoy.co\/","name":"FutbolHoy","description":"","publisher":{"@id":"https:\/\/futbolhoy.co\/#organization"},"potentialAction":[{"@type":"SearchAction","target":{"@type":"EntryPoint","urlTemplate":"https:\/\/futbolhoy.co\/?s={search_term_string}"},"query-input":{"@type":"PropertyValueSpecification","valueRequired":true,"valueName":"search_term_string"}}],"inLanguage":"es"},{"@type":"Organization","@id":"https:\/\/futbolhoy.co\/#organization","name":"Futbolhoy.co","url":"https:\/\/futbolhoy.co\/","logo":{"@type":"ImageObject","inLanguage":"es","@id":"https:\/\/futbolhoy.co\/#\/schema\/logo\/image\/","url":"https:\/\/futbolhoy.co\/wp-content\/uploads\/2018\/08\/17426380_1906371736249227_6326180412931521141_n.jpg","contentUrl":"https:\/\/futbolhoy.co\/wp-content\/uploads\/2018\/08\/17426380_1906371736249227_6326180412931521141_n.jpg","width":960,"height":960,"caption":"Futbolhoy.co"},"image":{"@id":"https:\/\/futbolhoy.co\/#\/schema\/logo\/image\/"},"sameAs":["https:\/\/www.facebook.com\/FutbolHoyCol\/","https:\/\/x.com\/FutbolHoyCol","https:\/\/www.instagram.com\/futbolhoycol\/"]},{"@type":"Person","@id":"https:\/\/futbolhoy.co\/#\/schema\/person\/c4a353a512b127643723a34bb1812f7d","name":"Laura Hern\u00e1ndez","image":{"@type":"ImageObject","inLanguage":"es","@id":"https:\/\/futbolhoy.co\/#\/schema\/person\/image\/","url":"https:\/\/secure.gravatar.com\/avatar\/d25959a15b9b293a743f99181c7cfd01?s=96&d=mm&r=g","contentUrl":"https:\/\/secure.gravatar.com\/avatar\/d25959a15b9b293a743f99181c7cfd01?s=96&d=mm&r=g","caption":"Laura Hern\u00e1ndez"}}]}},"publishpress_future_action":{"enabled":false,"date":"2026-05-05 00:56:58","action":"change-status","newStatus":"draft","terms":[],"taxonomy":"category","extraData":[]},"publishpress_future_workflow_manual_trigger":{"enabledWorkflows":[]},"_links":{"self":[{"href":"https:\/\/futbolhoy.co\/index.php\/wp-json\/wp\/v2\/posts\/50616","targetHints":{"allow":["GET"]}}],"collection":[{"href":"https:\/\/futbolhoy.co\/index.php\/wp-json\/wp\/v2\/posts"}],"about":[{"href":"https:\/\/futbolhoy.co\/index.php\/wp-json\/wp\/v2\/types\/post"}],"author":[{"embeddable":true,"href":"https:\/\/futbolhoy.co\/index.php\/wp-json\/wp\/v2\/users\/5"}],"replies":[{"embeddable":true,"href":"https:\/\/futbolhoy.co\/index.php\/wp-json\/wp\/v2\/comments?post=50616"}],"version-history":[{"count":5,"href":"https:\/\/futbolhoy.co\/index.php\/wp-json\/wp\/v2\/posts\/50616\/revisions"}],"predecessor-version":[{"id":50622,"href":"https:\/\/futbolhoy.co\/index.php\/wp-json\/wp\/v2\/posts\/50616\/revisions\/50622"}],"wp:featuredmedia":[{"embeddable":true,"href":"https:\/\/futbolhoy.co\/index.php\/wp-json\/wp\/v2\/media\/50617"}],"wp:attachment":[{"href":"https:\/\/futbolhoy.co\/index.php\/wp-json\/wp\/v2\/media?parent=50616"}],"wp:term":[{"taxonomy":"category","embeddable":true,"href":"https:\/\/futbolhoy.co\/index.php\/wp-json\/wp\/v2\/categories?post=50616"},{"taxonomy":"post_tag","embeddable":true,"href":"https:\/\/futbolhoy.co\/index.php\/wp-json\/wp\/v2\/tags?post=50616"}],"curies":[{"name":"wp","href":"https:\/\/api.w.org\/{rel}","templated":true}]}}