{"id":50628,"date":"2020-04-30T09:25:05","date_gmt":"2020-04-30T14:25:05","guid":{"rendered":"https:\/\/futbolhoy.co\/?p=50628"},"modified":"2020-05-01T11:50:31","modified_gmt":"2020-05-01T16:50:31","slug":"la-federacion-atenta-a-la-situacion-de-sebastian-villa","status":"publish","type":"post","link":"https:\/\/futbolhoy.co\/index.php\/2020\/04\/30\/la-federacion-atenta-a-la-situacion-de-sebastian-villa\/","title":{"rendered":"La Federaci\u00f3n, atenta a la situaci\u00f3n de Sebasti\u00e1n Villa"},"content":{"rendered":"<!--[if lt IE 9]><script>document.createElement('audio');<\/script><![endif]-->\n<audio class=\"wp-audio-shortcode\" id=\"audio-50628-1\" preload=\"none\" style=\"width: 100%;\" controls=\"controls\"><source type=\"audio\/mpeg\" src=\"https:\/\/futbolhoy.co\/wp-content\/uploads\/2020\/04\/AACERO-R.-JESURUM-W.mp3?_=1\" \/><a href=\"https:\/\/futbolhoy.co\/wp-content\/uploads\/2020\/04\/AACERO-R.-JESURUM-W.mp3\">https:\/\/futbolhoy.co\/wp-content\/uploads\/2020\/04\/AACERO-R.-JESURUM-W.mp3<\/a><\/audio>\n<p>(Ram\u00f3n Jesur\u00fan en La W Radio)<\/p>\n<p style=\"text-align: justify\"><span style=\"font-family: helvetica, arial, sans-serif\">La <strong>Federaci\u00f3n Colombiana de F\u00fatbol<\/strong> y el seleccionador <strong>Carlos Queiroz<\/strong> est\u00e1n atentos a la situaci\u00f3n que afronta el extremo <strong>Sebasti\u00e1n Villa,<\/strong> con la justicia argentina.<\/span><\/p>\n<p style=\"text-align: justify\"><span style=\"font-family: helvetica, arial, sans-serif\">\"Es un tema lamentable, doloroso. Estamos esperando que se presenten los informes, no solo de la justicia, sino tambi\u00e9n de su equipo. Esperamos que se pronuncien las autoridades sobre lo que realmente sucedi\u00f3\", dijo <strong>Ram\u00f3n Jesur\u00fan,<\/strong> presidente de la entidad, a W Radio.<\/span><\/p>\n<p style=\"text-align: justify\"><span style=\"font-family: helvetica, arial, sans-serif\">El t\u00e9cnico Queiroz tambi\u00e9n \u201cest\u00e1 muy preocupado y quiere empaparse de lo sucedido, con base a eso se tomar\u00e1n determinaciones. Aqu\u00ed (Federaci\u00f3n) hay c\u00f3digos de disciplina y \u00e9tica muy estrictos que en un momento determinado en que el jugador no salga bien librado, tendr\u00e1 que atenerse a ellos, espec\u00edficamente m\u00e1s que en la Selecci\u00f3n al equipo al que pertenece\", puntualiz\u00f3 sobre el tema.<\/span><\/p>\n<p style=\"text-align: justify\"><span style=\"font-family: helvetica, arial, sans-serif\">Villa, acusado de violencia de genero por su ex compa\u00f1era <strong>Daniela Cort\u00e9s,<\/strong> se expone a prisi\u00f3n de 6 meses a 3 a\u00f1os en <strong>Argentina<\/strong> si es hallado culpable.<\/span><\/p>\n","protected":false},"excerpt":{"rendered":"<p>(Ram\u00f3n Jesur\u00fan en La W Radio) La Federaci\u00f3n Colombiana de F\u00fatbol y el seleccionador Carlos Queiroz est\u00e1n atentos a la situaci\u00f3n que afronta el extremo Sebasti\u00e1n Villa, con la justicia argentina. \"Es un tema lamentable, doloroso. Estamos esperando que se presenten los informes, no solo de la justicia, sino tambi\u00e9n de su equipo. Esperamos que [&hellip;]<\/p>\n","protected":false},"author":5,"featured_media":2080,"comment_status":"open","ping_status":"open","sticky":false,"template":"","format":"video","meta":{"_acf_changed":false,"footnotes":""},"categories":[418],"tags":[1594,1048],"class_list":{"0":"post-50628","1":"post","2":"type-post","3":"status-publish","4":"format-video","5":"has-post-thumbnail","7":"category-colombia","8":"tag-fcf","9":"tag-sebastian-villa","10":"post_format-post-format-video"},"acf":[],"yoast_head":"<!-- This site is optimized with the Yoast SEO plugin v26.8 - https:\/\/yoast.com\/product\/yoast-seo-wordpress\/ -->\n<title>La Federaci\u00f3n, atenta a la situaci\u00f3n de Sebasti\u00e1n Villa -<\/title>\n<meta name=\"robots\" content=\"index, follow, max-snippet:-1, max-image-preview:large, max-video-preview:-1\" \/>\n<link rel=\"canonical\" href=\"https:\/\/futbolhoy.co\/index.php\/2020\/04\/30\/la-federacion-atenta-a-la-situacion-de-sebastian-villa\/\" \/>\n<meta property=\"og:locale\" content=\"es_ES\" \/>\n<meta property=\"og:type\" content=\"article\" \/>\n<meta property=\"og:title\" content=\"La Federaci\u00f3n, atenta a la situaci\u00f3n de Sebasti\u00e1n Villa -\" \/>\n<meta property=\"og:description\" content=\"(Ram\u00f3n Jesur\u00fan en La W Radio) La Federaci\u00f3n Colombiana de F\u00fatbol y el seleccionador Carlos Queiroz est\u00e1n atentos a la situaci\u00f3n que afronta el extremo Sebasti\u00e1n Villa, con la justicia argentina. &quot;Es un tema lamentable, doloroso. Estamos esperando que se presenten los informes, no solo de la justicia, sino tambi\u00e9n de su equipo. Esperamos que [&hellip;]\" \/>\n<meta property=\"og:url\" content=\"https:\/\/futbolhoy.co\/index.php\/2020\/04\/30\/la-federacion-atenta-a-la-situacion-de-sebastian-villa\/\" \/>\n<meta property=\"article:publisher\" content=\"https:\/\/www.facebook.com\/FutbolHoyCol\/\" \/>\n<meta property=\"article:published_time\" content=\"2020-04-30T14:25:05+00:00\" \/>\n<meta property=\"article:modified_time\" content=\"2020-05-01T16:50:31+00:00\" \/>\n<meta property=\"og:image\" content=\"https:\/\/futbolhoy.co\/wp-content\/uploads\/2016\/10\/jesurum.jpg\" \/>\n\t<meta property=\"og:image:width\" content=\"670\" \/>\n\t<meta property=\"og:image:height\" content=\"380\" \/>\n\t<meta property=\"og:image:type\" content=\"image\/jpeg\" \/>\n<meta name=\"author\" content=\"Laura Hern\u00e1ndez\" \/>\n<meta name=\"twitter:card\" content=\"summary_large_image\" \/>\n<meta name=\"twitter:creator\" content=\"@FutbolHoyCol\" \/>\n<meta name=\"twitter:site\" content=\"@FutbolHoyCol\" \/>\n<meta name=\"twitter:label1\" content=\"Escrito por\" \/>\n\t<meta name=\"twitter:data1\" content=\"Laura Hern\u00e1ndez\" \/>\n\t<meta name=\"twitter:label2\" content=\"Tiempo de lectura\" \/>\n\t<meta name=\"twitter:data2\" content=\"1 minuto\" \/>\n<script type=\"application\/ld+json\" class=\"yoast-schema-graph\">{\"@context\":\"https:\/\/schema.org\",\"@graph\":[{\"@type\":\"Article\",\"@id\":\"https:\/\/futbolhoy.co\/index.php\/2020\/04\/30\/la-federacion-atenta-a-la-situacion-de-sebastian-villa\/#article\",\"isPartOf\":{\"@id\":\"https:\/\/futbolhoy.co\/index.php\/2020\/04\/30\/la-federacion-atenta-a-la-situacion-de-sebastian-villa\/\"},\"author\":{\"name\":\"Laura Hern\u00e1ndez\",\"@id\":\"https:\/\/futbolhoy.co\/#\/schema\/person\/c4a353a512b127643723a34bb1812f7d\"},\"headline\":\"La Federaci\u00f3n, atenta a la situaci\u00f3n de Sebasti\u00e1n Villa\",\"datePublished\":\"2020-04-30T14:25:05+00:00\",\"dateModified\":\"2020-05-01T16:50:31+00:00\",\"mainEntityOfPage\":{\"@id\":\"https:\/\/futbolhoy.co\/index.php\/2020\/04\/30\/la-federacion-atenta-a-la-situacion-de-sebastian-villa\/\"},\"wordCount\":208,\"commentCount\":0,\"publisher\":{\"@id\":\"https:\/\/futbolhoy.co\/#organization\"},\"image\":{\"@id\":\"https:\/\/futbolhoy.co\/index.php\/2020\/04\/30\/la-federacion-atenta-a-la-situacion-de-sebastian-villa\/#primaryimage\"},\"thumbnailUrl\":\"https:\/\/futbolhoy.co\/wp-content\/uploads\/2016\/10\/jesurum.jpg\",\"keywords\":[\"FCF\",\"Sebastian Villa\"],\"articleSection\":[\"Colombia\"],\"inLanguage\":\"es\",\"potentialAction\":[{\"@type\":\"CommentAction\",\"name\":\"Comment\",\"target\":[\"https:\/\/futbolhoy.co\/index.php\/2020\/04\/30\/la-federacion-atenta-a-la-situacion-de-sebastian-villa\/#respond\"]}]},{\"@type\":\"WebPage\",\"@id\":\"https:\/\/futbolhoy.co\/index.php\/2020\/04\/30\/la-federacion-atenta-a-la-situacion-de-sebastian-villa\/\",\"url\":\"https:\/\/futbolhoy.co\/index.php\/2020\/04\/30\/la-federacion-atenta-a-la-situacion-de-sebastian-villa\/\",\"name\":\"La Federaci\u00f3n, atenta a la situaci\u00f3n de Sebasti\u00e1n Villa -\",\"isPartOf\":{\"@id\":\"https:\/\/futbolhoy.co\/#website\"},\"primaryImageOfPage\":{\"@id\":\"https:\/\/futbolhoy.co\/index.php\/2020\/04\/30\/la-federacion-atenta-a-la-situacion-de-sebastian-villa\/#primaryimage\"},\"image\":{\"@id\":\"https:\/\/futbolhoy.co\/index.php\/2020\/04\/30\/la-federacion-atenta-a-la-situacion-de-sebastian-villa\/#primaryimage\"},\"thumbnailUrl\":\"https:\/\/futbolhoy.co\/wp-content\/uploads\/2016\/10\/jesurum.jpg\",\"datePublished\":\"2020-04-30T14:25:05+00:00\",\"dateModified\":\"2020-05-01T16:50:31+00:00\",\"breadcrumb\":{\"@id\":\"https:\/\/futbolhoy.co\/index.php\/2020\/04\/30\/la-federacion-atenta-a-la-situacion-de-sebastian-villa\/#breadcrumb\"},\"inLanguage\":\"es\",\"potentialAction\":[{\"@type\":\"ReadAction\",\"target\":[\"https:\/\/futbolhoy.co\/index.php\/2020\/04\/30\/la-federacion-atenta-a-la-situacion-de-sebastian-villa\/\"]}]},{\"@type\":\"ImageObject\",\"inLanguage\":\"es\",\"@id\":\"https:\/\/futbolhoy.co\/index.php\/2020\/04\/30\/la-federacion-atenta-a-la-situacion-de-sebastian-villa\/#primaryimage\",\"url\":\"https:\/\/futbolhoy.co\/wp-content\/uploads\/2016\/10\/jesurum.jpg\",\"contentUrl\":\"https:\/\/futbolhoy.co\/wp-content\/uploads\/2016\/10\/jesurum.jpg\",\"width\":670,\"height\":380,\"caption\":\"jesurum.jpg\"},{\"@type\":\"BreadcrumbList\",\"@id\":\"https:\/\/futbolhoy.co\/index.php\/2020\/04\/30\/la-federacion-atenta-a-la-situacion-de-sebastian-villa\/#breadcrumb\",\"itemListElement\":[{\"@type\":\"ListItem\",\"position\":1,\"name\":\"Portada\",\"item\":\"https:\/\/futbolhoy.co\/\"},{\"@type\":\"ListItem\",\"position\":2,\"name\":\"La Federaci\u00f3n, atenta a la situaci\u00f3n de Sebasti\u00e1n Villa\"}]},{\"@type\":\"WebSite\",\"@id\":\"https:\/\/futbolhoy.co\/#website\",\"url\":\"https:\/\/futbolhoy.co\/\",\"name\":\"FutbolHoy\",\"description\":\"\",\"publisher\":{\"@id\":\"https:\/\/futbolhoy.co\/#organization\"},\"potentialAction\":[{\"@type\":\"SearchAction\",\"target\":{\"@type\":\"EntryPoint\",\"urlTemplate\":\"https:\/\/futbolhoy.co\/?s={search_term_string}\"},\"query-input\":{\"@type\":\"PropertyValueSpecification\",\"valueRequired\":true,\"valueName\":\"search_term_string\"}}],\"inLanguage\":\"es\"},{\"@type\":\"Organization\",\"@id\":\"https:\/\/futbolhoy.co\/#organization\",\"name\":\"Futbolhoy.co\",\"url\":\"https:\/\/futbolhoy.co\/\",\"logo\":{\"@type\":\"ImageObject\",\"inLanguage\":\"es\",\"@id\":\"https:\/\/futbolhoy.co\/#\/schema\/logo\/image\/\",\"url\":\"https:\/\/futbolhoy.co\/wp-content\/uploads\/2018\/08\/17426380_1906371736249227_6326180412931521141_n.jpg\",\"contentUrl\":\"https:\/\/futbolhoy.co\/wp-content\/uploads\/2018\/08\/17426380_1906371736249227_6326180412931521141_n.jpg\",\"width\":960,\"height\":960,\"caption\":\"Futbolhoy.co\"},\"image\":{\"@id\":\"https:\/\/futbolhoy.co\/#\/schema\/logo\/image\/\"},\"sameAs\":[\"https:\/\/www.facebook.com\/FutbolHoyCol\/\",\"https:\/\/x.com\/FutbolHoyCol\",\"https:\/\/www.instagram.com\/futbolhoycol\/\"]},{\"@type\":\"Person\",\"@id\":\"https:\/\/futbolhoy.co\/#\/schema\/person\/c4a353a512b127643723a34bb1812f7d\",\"name\":\"Laura Hern\u00e1ndez\",\"image\":{\"@type\":\"ImageObject\",\"inLanguage\":\"es\",\"@id\":\"https:\/\/futbolhoy.co\/#\/schema\/person\/image\/\",\"url\":\"https:\/\/secure.gravatar.com\/avatar\/d25959a15b9b293a743f99181c7cfd01?s=96&d=mm&r=g\",\"contentUrl\":\"https:\/\/secure.gravatar.com\/avatar\/d25959a15b9b293a743f99181c7cfd01?s=96&d=mm&r=g\",\"caption\":\"Laura Hern\u00e1ndez\"}}]}<\/script>\n<!-- \/ Yoast SEO plugin. -->","yoast_head_json":{"title":"La Federaci\u00f3n, atenta a la situaci\u00f3n de Sebasti\u00e1n Villa -","robots":{"index":"index","follow":"follow","max-snippet":"max-snippet:-1","max-image-preview":"max-image-preview:large","max-video-preview":"max-video-preview:-1"},"canonical":"https:\/\/futbolhoy.co\/index.php\/2020\/04\/30\/la-federacion-atenta-a-la-situacion-de-sebastian-villa\/","og_locale":"es_ES","og_type":"article","og_title":"La Federaci\u00f3n, atenta a la situaci\u00f3n de Sebasti\u00e1n Villa -","og_description":"(Ram\u00f3n Jesur\u00fan en La W Radio) La Federaci\u00f3n Colombiana de F\u00fatbol y el seleccionador Carlos Queiroz est\u00e1n atentos a la situaci\u00f3n que afronta el extremo Sebasti\u00e1n Villa, con la justicia argentina. \"Es un tema lamentable, doloroso. Estamos esperando que se presenten los informes, no solo de la justicia, sino tambi\u00e9n de su equipo. Esperamos que [&hellip;]","og_url":"https:\/\/futbolhoy.co\/index.php\/2020\/04\/30\/la-federacion-atenta-a-la-situacion-de-sebastian-villa\/","article_publisher":"https:\/\/www.facebook.com\/FutbolHoyCol\/","article_published_time":"2020-04-30T14:25:05+00:00","article_modified_time":"2020-05-01T16:50:31+00:00","og_image":[{"width":670,"height":380,"url":"https:\/\/futbolhoy.co\/wp-content\/uploads\/2016\/10\/jesurum.jpg","type":"image\/jpeg"}],"author":"Laura Hern\u00e1ndez","twitter_card":"summary_large_image","twitter_creator":"@FutbolHoyCol","twitter_site":"@FutbolHoyCol","twitter_misc":{"Escrito por":"Laura Hern\u00e1ndez","Tiempo de lectura":"1 minuto"},"schema":{"@context":"https:\/\/schema.org","@graph":[{"@type":"Article","@id":"https:\/\/futbolhoy.co\/index.php\/2020\/04\/30\/la-federacion-atenta-a-la-situacion-de-sebastian-villa\/#article","isPartOf":{"@id":"https:\/\/futbolhoy.co\/index.php\/2020\/04\/30\/la-federacion-atenta-a-la-situacion-de-sebastian-villa\/"},"author":{"name":"Laura Hern\u00e1ndez","@id":"https:\/\/futbolhoy.co\/#\/schema\/person\/c4a353a512b127643723a34bb1812f7d"},"headline":"La Federaci\u00f3n, atenta a la situaci\u00f3n de Sebasti\u00e1n Villa","datePublished":"2020-04-30T14:25:05+00:00","dateModified":"2020-05-01T16:50:31+00:00","mainEntityOfPage":{"@id":"https:\/\/futbolhoy.co\/index.php\/2020\/04\/30\/la-federacion-atenta-a-la-situacion-de-sebastian-villa\/"},"wordCount":208,"commentCount":0,"publisher":{"@id":"https:\/\/futbolhoy.co\/#organization"},"image":{"@id":"https:\/\/futbolhoy.co\/index.php\/2020\/04\/30\/la-federacion-atenta-a-la-situacion-de-sebastian-villa\/#primaryimage"},"thumbnailUrl":"https:\/\/futbolhoy.co\/wp-content\/uploads\/2016\/10\/jesurum.jpg","keywords":["FCF","Sebastian Villa"],"articleSection":["Colombia"],"inLanguage":"es","potentialAction":[{"@type":"CommentAction","name":"Comment","target":["https:\/\/futbolhoy.co\/index.php\/2020\/04\/30\/la-federacion-atenta-a-la-situacion-de-sebastian-villa\/#respond"]}]},{"@type":"WebPage","@id":"https:\/\/futbolhoy.co\/index.php\/2020\/04\/30\/la-federacion-atenta-a-la-situacion-de-sebastian-villa\/","url":"https:\/\/futbolhoy.co\/index.php\/2020\/04\/30\/la-federacion-atenta-a-la-situacion-de-sebastian-villa\/","name":"La Federaci\u00f3n, atenta a la situaci\u00f3n de Sebasti\u00e1n Villa -","isPartOf":{"@id":"https:\/\/futbolhoy.co\/#website"},"primaryImageOfPage":{"@id":"https:\/\/futbolhoy.co\/index.php\/2020\/04\/30\/la-federacion-atenta-a-la-situacion-de-sebastian-villa\/#primaryimage"},"image":{"@id":"https:\/\/futbolhoy.co\/index.php\/2020\/04\/30\/la-federacion-atenta-a-la-situacion-de-sebastian-villa\/#primaryimage"},"thumbnailUrl":"https:\/\/futbolhoy.co\/wp-content\/uploads\/2016\/10\/jesurum.jpg","datePublished":"2020-04-30T14:25:05+00:00","dateModified":"2020-05-01T16:50:31+00:00","breadcrumb":{"@id":"https:\/\/futbolhoy.co\/index.php\/2020\/04\/30\/la-federacion-atenta-a-la-situacion-de-sebastian-villa\/#breadcrumb"},"inLanguage":"es","potentialAction":[{"@type":"ReadAction","target":["https:\/\/futbolhoy.co\/index.php\/2020\/04\/30\/la-federacion-atenta-a-la-situacion-de-sebastian-villa\/"]}]},{"@type":"ImageObject","inLanguage":"es","@id":"https:\/\/futbolhoy.co\/index.php\/2020\/04\/30\/la-federacion-atenta-a-la-situacion-de-sebastian-villa\/#primaryimage","url":"https:\/\/futbolhoy.co\/wp-content\/uploads\/2016\/10\/jesurum.jpg","contentUrl":"https:\/\/futbolhoy.co\/wp-content\/uploads\/2016\/10\/jesurum.jpg","width":670,"height":380,"caption":"jesurum.jpg"},{"@type":"BreadcrumbList","@id":"https:\/\/futbolhoy.co\/index.php\/2020\/04\/30\/la-federacion-atenta-a-la-situacion-de-sebastian-villa\/#breadcrumb","itemListElement":[{"@type":"ListItem","position":1,"name":"Portada","item":"https:\/\/futbolhoy.co\/"},{"@type":"ListItem","position":2,"name":"La Federaci\u00f3n, atenta a la situaci\u00f3n de Sebasti\u00e1n Villa"}]},{"@type":"WebSite","@id":"https:\/\/futbolhoy.co\/#website","url":"https:\/\/futbolhoy.co\/","name":"FutbolHoy","description":"","publisher":{"@id":"https:\/\/futbolhoy.co\/#organization"},"potentialAction":[{"@type":"SearchAction","target":{"@type":"EntryPoint","urlTemplate":"https:\/\/futbolhoy.co\/?s={search_term_string}"},"query-input":{"@type":"PropertyValueSpecification","valueRequired":true,"valueName":"search_term_string"}}],"inLanguage":"es"},{"@type":"Organization","@id":"https:\/\/futbolhoy.co\/#organization","name":"Futbolhoy.co","url":"https:\/\/futbolhoy.co\/","logo":{"@type":"ImageObject","inLanguage":"es","@id":"https:\/\/futbolhoy.co\/#\/schema\/logo\/image\/","url":"https:\/\/futbolhoy.co\/wp-content\/uploads\/2018\/08\/17426380_1906371736249227_6326180412931521141_n.jpg","contentUrl":"https:\/\/futbolhoy.co\/wp-content\/uploads\/2018\/08\/17426380_1906371736249227_6326180412931521141_n.jpg","width":960,"height":960,"caption":"Futbolhoy.co"},"image":{"@id":"https:\/\/futbolhoy.co\/#\/schema\/logo\/image\/"},"sameAs":["https:\/\/www.facebook.com\/FutbolHoyCol\/","https:\/\/x.com\/FutbolHoyCol","https:\/\/www.instagram.com\/futbolhoycol\/"]},{"@type":"Person","@id":"https:\/\/futbolhoy.co\/#\/schema\/person\/c4a353a512b127643723a34bb1812f7d","name":"Laura Hern\u00e1ndez","image":{"@type":"ImageObject","inLanguage":"es","@id":"https:\/\/futbolhoy.co\/#\/schema\/person\/image\/","url":"https:\/\/secure.gravatar.com\/avatar\/d25959a15b9b293a743f99181c7cfd01?s=96&d=mm&r=g","contentUrl":"https:\/\/secure.gravatar.com\/avatar\/d25959a15b9b293a743f99181c7cfd01?s=96&d=mm&r=g","caption":"Laura Hern\u00e1ndez"}}]}},"publishpress_future_action":{"enabled":false,"date":"2026-05-04 21:41:41","action":"change-status","newStatus":"draft","terms":[],"taxonomy":"category","extraData":[]},"publishpress_future_workflow_manual_trigger":{"enabledWorkflows":[]},"_links":{"self":[{"href":"https:\/\/futbolhoy.co\/index.php\/wp-json\/wp\/v2\/posts\/50628","targetHints":{"allow":["GET"]}}],"collection":[{"href":"https:\/\/futbolhoy.co\/index.php\/wp-json\/wp\/v2\/posts"}],"about":[{"href":"https:\/\/futbolhoy.co\/index.php\/wp-json\/wp\/v2\/types\/post"}],"author":[{"embeddable":true,"href":"https:\/\/futbolhoy.co\/index.php\/wp-json\/wp\/v2\/users\/5"}],"replies":[{"embeddable":true,"href":"https:\/\/futbolhoy.co\/index.php\/wp-json\/wp\/v2\/comments?post=50628"}],"version-history":[{"count":4,"href":"https:\/\/futbolhoy.co\/index.php\/wp-json\/wp\/v2\/posts\/50628\/revisions"}],"predecessor-version":[{"id":50639,"href":"https:\/\/futbolhoy.co\/index.php\/wp-json\/wp\/v2\/posts\/50628\/revisions\/50639"}],"wp:featuredmedia":[{"embeddable":true,"href":"https:\/\/futbolhoy.co\/index.php\/wp-json\/wp\/v2\/media\/2080"}],"wp:attachment":[{"href":"https:\/\/futbolhoy.co\/index.php\/wp-json\/wp\/v2\/media?parent=50628"}],"wp:term":[{"taxonomy":"category","embeddable":true,"href":"https:\/\/futbolhoy.co\/index.php\/wp-json\/wp\/v2\/categories?post=50628"},{"taxonomy":"post_tag","embeddable":true,"href":"https:\/\/futbolhoy.co\/index.php\/wp-json\/wp\/v2\/tags?post=50628"}],"curies":[{"name":"wp","href":"https:\/\/api.w.org\/{rel}","templated":true}]}}