{"id":50640,"date":"2020-04-30T09:06:10","date_gmt":"2020-04-30T14:06:10","guid":{"rendered":"https:\/\/futbolhoy.co\/?p=50640"},"modified":"2020-04-30T19:11:57","modified_gmt":"2020-05-01T00:11:57","slug":"falcao-entre-los-mejores-del-siglo-xxi","status":"publish","type":"post","link":"https:\/\/futbolhoy.co\/index.php\/2020\/04\/30\/falcao-entre-los-mejores-del-siglo-xxi\/","title":{"rendered":"Falcao, entre los mejores del siglo XXI"},"content":{"rendered":"<p style=\"text-align: justify\"><span style=\"font-family: helvetica, arial, sans-serif\">El goleador samario <strong>Falcao Garc\u00eda<\/strong> fue incluido entre los 10 mejores jugadores del mundo del siglo XXI, seg\u00fan <em>ProfootbalDB,<\/em> premio creado por <strong>BeSoccer.<\/strong><\/span><\/p>\n<p style=\"text-align: justify\"><span style=\"font-family: helvetica, arial, sans-serif\">La elecci\u00f3n, que se hizo con base en los goles, asistencias y edad del jugador, se eval\u00faa desde el 1 de enero de 2001 hasta la fecha.<\/span><\/p>\n<p style=\"text-align: justify\"><span style=\"font-family: helvetica, arial, sans-serif\">El colombiano super\u00f3 en la elecci\u00f3n a figuras de la talla de R<strong>oberto Carlos, Alan Shearer, Sadio Man\u00e9, Steven Gerrard, Frank Lampard, Sergio Ramos, Piqu\u00e9, Benzema<\/strong> y <strong>Ronaldinho.<\/strong><\/span><\/p>\n<p style=\"text-align: justify\"><span style=\"font-family: helvetica, arial, sans-serif\">Falcao cierra el Top 10 de la selecci\u00f3n con un promedio de gol de 0,62 por partido, 316 goles y 40 asistencias en 575 partidos.<\/span><\/p>\n<table width=\"244\">\n<tbody>\n<tr>\n<td width=\"31\"><strong>Pos.<\/strong><\/td>\n<td width=\"133\"><strong>Jugador<\/strong><\/td>\n<td width=\"80\"><strong>Pa\u00eds<\/strong><\/td>\n<\/tr>\n<tr>\n<td>1<\/td>\n<td>Lionel Messi<\/td>\n<td>Argentina<\/td>\n<\/tr>\n<tr>\n<td>2<\/td>\n<td>Cristiano Ronaldo<\/td>\n<td>Portugal<\/td>\n<\/tr>\n<tr>\n<td>3<\/td>\n<td>Thierry Henry<\/td>\n<td>Francia<\/td>\n<\/tr>\n<tr>\n<td>4<\/td>\n<td>Luis Su\u00e1rez<\/td>\n<td>Uruguay<\/td>\n<\/tr>\n<tr>\n<td>5<\/td>\n<td>Zlatan Ibrahimovi<\/td>\n<td>Suecia<\/td>\n<\/tr>\n<tr>\n<td>6<\/td>\n<td>Harry Kane<\/td>\n<td>Inglaterra<\/td>\n<\/tr>\n<tr>\n<td>7<\/td>\n<td>Mohamed Salah<\/td>\n<td>Egipto<\/td>\n<\/tr>\n<tr>\n<td>8<\/td>\n<td>Neymar<\/td>\n<td>Brasil<\/td>\n<\/tr>\n<tr>\n<td>9<\/td>\n<td>Robert Lewandowski<\/td>\n<td>Polonia<\/td>\n<\/tr>\n<tr>\n<td>10<\/td>\n<td>Falcao<\/td>\n<td>Colombia<\/td>\n<\/tr>\n<\/tbody>\n<\/table>\n","protected":false},"excerpt":{"rendered":"<p>El goleador samario Falcao Garc\u00eda fue incluido entre los 10 mejores jugadores del mundo del siglo XXI, seg\u00fan ProfootbalDB, premio creado por BeSoccer. La elecci\u00f3n, que se hizo con base en los goles, asistencias y edad del jugador, se eval\u00faa desde el 1 de enero de 2001 hasta la fecha. El colombiano super\u00f3 en la [&hellip;]<\/p>\n","protected":false},"author":5,"featured_media":41173,"comment_status":"open","ping_status":"open","sticky":false,"template":"","format":"standard","meta":{"_acf_changed":false,"footnotes":""},"categories":[418],"tags":[616],"class_list":{"0":"post-50640","1":"post","2":"type-post","3":"status-publish","4":"format-standard","5":"has-post-thumbnail","7":"category-colombia","8":"tag-falcao"},"acf":[],"yoast_head":"<!-- This site is optimized with the Yoast SEO plugin v26.8 - https:\/\/yoast.com\/product\/yoast-seo-wordpress\/ -->\n<title>Falcao, entre los mejores del siglo XXI -<\/title>\n<meta name=\"robots\" content=\"index, follow, max-snippet:-1, max-image-preview:large, max-video-preview:-1\" \/>\n<link rel=\"canonical\" href=\"https:\/\/futbolhoy.co\/index.php\/2020\/04\/30\/falcao-entre-los-mejores-del-siglo-xxi\/\" \/>\n<meta property=\"og:locale\" content=\"es_ES\" \/>\n<meta property=\"og:type\" content=\"article\" \/>\n<meta property=\"og:title\" content=\"Falcao, entre los mejores del siglo XXI -\" \/>\n<meta property=\"og:description\" content=\"El goleador samario Falcao Garc\u00eda fue incluido entre los 10 mejores jugadores del mundo del siglo XXI, seg\u00fan ProfootbalDB, premio creado por BeSoccer. La elecci\u00f3n, que se hizo con base en los goles, asistencias y edad del jugador, se eval\u00faa desde el 1 de enero de 2001 hasta la fecha. El colombiano super\u00f3 en la [&hellip;]\" \/>\n<meta property=\"og:url\" content=\"https:\/\/futbolhoy.co\/index.php\/2020\/04\/30\/falcao-entre-los-mejores-del-siglo-xxi\/\" \/>\n<meta property=\"article:publisher\" content=\"https:\/\/www.facebook.com\/FutbolHoyCol\/\" \/>\n<meta property=\"article:published_time\" content=\"2020-04-30T14:06:10+00:00\" \/>\n<meta property=\"article:modified_time\" content=\"2020-05-01T00:11:57+00:00\" \/>\n<meta property=\"og:image\" content=\"https:\/\/futbolhoy.co\/wp-content\/uploads\/2019\/09\/EEXVv7AXYAADRcE.jpg\" \/>\n\t<meta property=\"og:image:width\" content=\"1200\" \/>\n\t<meta property=\"og:image:height\" content=\"1106\" \/>\n\t<meta property=\"og:image:type\" content=\"image\/jpeg\" \/>\n<meta name=\"author\" content=\"Laura Hern\u00e1ndez\" \/>\n<meta name=\"twitter:card\" content=\"summary_large_image\" \/>\n<meta name=\"twitter:creator\" content=\"@FutbolHoyCol\" \/>\n<meta name=\"twitter:site\" content=\"@FutbolHoyCol\" \/>\n<meta name=\"twitter:label1\" content=\"Escrito por\" \/>\n\t<meta name=\"twitter:data1\" content=\"Laura Hern\u00e1ndez\" \/>\n\t<meta name=\"twitter:label2\" content=\"Tiempo de lectura\" \/>\n\t<meta name=\"twitter:data2\" content=\"1 minuto\" \/>\n<script type=\"application\/ld+json\" class=\"yoast-schema-graph\">{\"@context\":\"https:\/\/schema.org\",\"@graph\":[{\"@type\":\"Article\",\"@id\":\"https:\/\/futbolhoy.co\/index.php\/2020\/04\/30\/falcao-entre-los-mejores-del-siglo-xxi\/#article\",\"isPartOf\":{\"@id\":\"https:\/\/futbolhoy.co\/index.php\/2020\/04\/30\/falcao-entre-los-mejores-del-siglo-xxi\/\"},\"author\":{\"name\":\"Laura Hern\u00e1ndez\",\"@id\":\"https:\/\/futbolhoy.co\/#\/schema\/person\/c4a353a512b127643723a34bb1812f7d\"},\"headline\":\"Falcao, entre los mejores del siglo XXI\",\"datePublished\":\"2020-04-30T14:06:10+00:00\",\"dateModified\":\"2020-05-01T00:11:57+00:00\",\"mainEntityOfPage\":{\"@id\":\"https:\/\/futbolhoy.co\/index.php\/2020\/04\/30\/falcao-entre-los-mejores-del-siglo-xxi\/\"},\"wordCount\":141,\"commentCount\":0,\"publisher\":{\"@id\":\"https:\/\/futbolhoy.co\/#organization\"},\"image\":{\"@id\":\"https:\/\/futbolhoy.co\/index.php\/2020\/04\/30\/falcao-entre-los-mejores-del-siglo-xxi\/#primaryimage\"},\"thumbnailUrl\":\"https:\/\/futbolhoy.co\/wp-content\/uploads\/2019\/09\/EEXVv7AXYAADRcE.jpg\",\"keywords\":[\"Falcao\"],\"articleSection\":[\"Colombia\"],\"inLanguage\":\"es\",\"potentialAction\":[{\"@type\":\"CommentAction\",\"name\":\"Comment\",\"target\":[\"https:\/\/futbolhoy.co\/index.php\/2020\/04\/30\/falcao-entre-los-mejores-del-siglo-xxi\/#respond\"]}]},{\"@type\":\"WebPage\",\"@id\":\"https:\/\/futbolhoy.co\/index.php\/2020\/04\/30\/falcao-entre-los-mejores-del-siglo-xxi\/\",\"url\":\"https:\/\/futbolhoy.co\/index.php\/2020\/04\/30\/falcao-entre-los-mejores-del-siglo-xxi\/\",\"name\":\"Falcao, entre los mejores del siglo XXI -\",\"isPartOf\":{\"@id\":\"https:\/\/futbolhoy.co\/#website\"},\"primaryImageOfPage\":{\"@id\":\"https:\/\/futbolhoy.co\/index.php\/2020\/04\/30\/falcao-entre-los-mejores-del-siglo-xxi\/#primaryimage\"},\"image\":{\"@id\":\"https:\/\/futbolhoy.co\/index.php\/2020\/04\/30\/falcao-entre-los-mejores-del-siglo-xxi\/#primaryimage\"},\"thumbnailUrl\":\"https:\/\/futbolhoy.co\/wp-content\/uploads\/2019\/09\/EEXVv7AXYAADRcE.jpg\",\"datePublished\":\"2020-04-30T14:06:10+00:00\",\"dateModified\":\"2020-05-01T00:11:57+00:00\",\"breadcrumb\":{\"@id\":\"https:\/\/futbolhoy.co\/index.php\/2020\/04\/30\/falcao-entre-los-mejores-del-siglo-xxi\/#breadcrumb\"},\"inLanguage\":\"es\",\"potentialAction\":[{\"@type\":\"ReadAction\",\"target\":[\"https:\/\/futbolhoy.co\/index.php\/2020\/04\/30\/falcao-entre-los-mejores-del-siglo-xxi\/\"]}]},{\"@type\":\"ImageObject\",\"inLanguage\":\"es\",\"@id\":\"https:\/\/futbolhoy.co\/index.php\/2020\/04\/30\/falcao-entre-los-mejores-del-siglo-xxi\/#primaryimage\",\"url\":\"https:\/\/futbolhoy.co\/wp-content\/uploads\/2019\/09\/EEXVv7AXYAADRcE.jpg\",\"contentUrl\":\"https:\/\/futbolhoy.co\/wp-content\/uploads\/2019\/09\/EEXVv7AXYAADRcE.jpg\",\"width\":1200,\"height\":1106,\"caption\":\"Twitter @GalatasaraySK\"},{\"@type\":\"BreadcrumbList\",\"@id\":\"https:\/\/futbolhoy.co\/index.php\/2020\/04\/30\/falcao-entre-los-mejores-del-siglo-xxi\/#breadcrumb\",\"itemListElement\":[{\"@type\":\"ListItem\",\"position\":1,\"name\":\"Portada\",\"item\":\"https:\/\/futbolhoy.co\/\"},{\"@type\":\"ListItem\",\"position\":2,\"name\":\"Falcao, entre los mejores del siglo XXI\"}]},{\"@type\":\"WebSite\",\"@id\":\"https:\/\/futbolhoy.co\/#website\",\"url\":\"https:\/\/futbolhoy.co\/\",\"name\":\"FutbolHoy\",\"description\":\"\",\"publisher\":{\"@id\":\"https:\/\/futbolhoy.co\/#organization\"},\"potentialAction\":[{\"@type\":\"SearchAction\",\"target\":{\"@type\":\"EntryPoint\",\"urlTemplate\":\"https:\/\/futbolhoy.co\/?s={search_term_string}\"},\"query-input\":{\"@type\":\"PropertyValueSpecification\",\"valueRequired\":true,\"valueName\":\"search_term_string\"}}],\"inLanguage\":\"es\"},{\"@type\":\"Organization\",\"@id\":\"https:\/\/futbolhoy.co\/#organization\",\"name\":\"Futbolhoy.co\",\"url\":\"https:\/\/futbolhoy.co\/\",\"logo\":{\"@type\":\"ImageObject\",\"inLanguage\":\"es\",\"@id\":\"https:\/\/futbolhoy.co\/#\/schema\/logo\/image\/\",\"url\":\"https:\/\/futbolhoy.co\/wp-content\/uploads\/2018\/08\/17426380_1906371736249227_6326180412931521141_n.jpg\",\"contentUrl\":\"https:\/\/futbolhoy.co\/wp-content\/uploads\/2018\/08\/17426380_1906371736249227_6326180412931521141_n.jpg\",\"width\":960,\"height\":960,\"caption\":\"Futbolhoy.co\"},\"image\":{\"@id\":\"https:\/\/futbolhoy.co\/#\/schema\/logo\/image\/\"},\"sameAs\":[\"https:\/\/www.facebook.com\/FutbolHoyCol\/\",\"https:\/\/x.com\/FutbolHoyCol\",\"https:\/\/www.instagram.com\/futbolhoycol\/\"]},{\"@type\":\"Person\",\"@id\":\"https:\/\/futbolhoy.co\/#\/schema\/person\/c4a353a512b127643723a34bb1812f7d\",\"name\":\"Laura Hern\u00e1ndez\",\"image\":{\"@type\":\"ImageObject\",\"inLanguage\":\"es\",\"@id\":\"https:\/\/futbolhoy.co\/#\/schema\/person\/image\/\",\"url\":\"https:\/\/secure.gravatar.com\/avatar\/d25959a15b9b293a743f99181c7cfd01?s=96&d=mm&r=g\",\"contentUrl\":\"https:\/\/secure.gravatar.com\/avatar\/d25959a15b9b293a743f99181c7cfd01?s=96&d=mm&r=g\",\"caption\":\"Laura Hern\u00e1ndez\"}}]}<\/script>\n<!-- \/ Yoast SEO plugin. -->","yoast_head_json":{"title":"Falcao, entre los mejores del siglo XXI -","robots":{"index":"index","follow":"follow","max-snippet":"max-snippet:-1","max-image-preview":"max-image-preview:large","max-video-preview":"max-video-preview:-1"},"canonical":"https:\/\/futbolhoy.co\/index.php\/2020\/04\/30\/falcao-entre-los-mejores-del-siglo-xxi\/","og_locale":"es_ES","og_type":"article","og_title":"Falcao, entre los mejores del siglo XXI -","og_description":"El goleador samario Falcao Garc\u00eda fue incluido entre los 10 mejores jugadores del mundo del siglo XXI, seg\u00fan ProfootbalDB, premio creado por BeSoccer. La elecci\u00f3n, que se hizo con base en los goles, asistencias y edad del jugador, se eval\u00faa desde el 1 de enero de 2001 hasta la fecha. El colombiano super\u00f3 en la [&hellip;]","og_url":"https:\/\/futbolhoy.co\/index.php\/2020\/04\/30\/falcao-entre-los-mejores-del-siglo-xxi\/","article_publisher":"https:\/\/www.facebook.com\/FutbolHoyCol\/","article_published_time":"2020-04-30T14:06:10+00:00","article_modified_time":"2020-05-01T00:11:57+00:00","og_image":[{"width":1200,"height":1106,"url":"https:\/\/futbolhoy.co\/wp-content\/uploads\/2019\/09\/EEXVv7AXYAADRcE.jpg","type":"image\/jpeg"}],"author":"Laura Hern\u00e1ndez","twitter_card":"summary_large_image","twitter_creator":"@FutbolHoyCol","twitter_site":"@FutbolHoyCol","twitter_misc":{"Escrito por":"Laura Hern\u00e1ndez","Tiempo de lectura":"1 minuto"},"schema":{"@context":"https:\/\/schema.org","@graph":[{"@type":"Article","@id":"https:\/\/futbolhoy.co\/index.php\/2020\/04\/30\/falcao-entre-los-mejores-del-siglo-xxi\/#article","isPartOf":{"@id":"https:\/\/futbolhoy.co\/index.php\/2020\/04\/30\/falcao-entre-los-mejores-del-siglo-xxi\/"},"author":{"name":"Laura Hern\u00e1ndez","@id":"https:\/\/futbolhoy.co\/#\/schema\/person\/c4a353a512b127643723a34bb1812f7d"},"headline":"Falcao, entre los mejores del siglo XXI","datePublished":"2020-04-30T14:06:10+00:00","dateModified":"2020-05-01T00:11:57+00:00","mainEntityOfPage":{"@id":"https:\/\/futbolhoy.co\/index.php\/2020\/04\/30\/falcao-entre-los-mejores-del-siglo-xxi\/"},"wordCount":141,"commentCount":0,"publisher":{"@id":"https:\/\/futbolhoy.co\/#organization"},"image":{"@id":"https:\/\/futbolhoy.co\/index.php\/2020\/04\/30\/falcao-entre-los-mejores-del-siglo-xxi\/#primaryimage"},"thumbnailUrl":"https:\/\/futbolhoy.co\/wp-content\/uploads\/2019\/09\/EEXVv7AXYAADRcE.jpg","keywords":["Falcao"],"articleSection":["Colombia"],"inLanguage":"es","potentialAction":[{"@type":"CommentAction","name":"Comment","target":["https:\/\/futbolhoy.co\/index.php\/2020\/04\/30\/falcao-entre-los-mejores-del-siglo-xxi\/#respond"]}]},{"@type":"WebPage","@id":"https:\/\/futbolhoy.co\/index.php\/2020\/04\/30\/falcao-entre-los-mejores-del-siglo-xxi\/","url":"https:\/\/futbolhoy.co\/index.php\/2020\/04\/30\/falcao-entre-los-mejores-del-siglo-xxi\/","name":"Falcao, entre los mejores del siglo XXI -","isPartOf":{"@id":"https:\/\/futbolhoy.co\/#website"},"primaryImageOfPage":{"@id":"https:\/\/futbolhoy.co\/index.php\/2020\/04\/30\/falcao-entre-los-mejores-del-siglo-xxi\/#primaryimage"},"image":{"@id":"https:\/\/futbolhoy.co\/index.php\/2020\/04\/30\/falcao-entre-los-mejores-del-siglo-xxi\/#primaryimage"},"thumbnailUrl":"https:\/\/futbolhoy.co\/wp-content\/uploads\/2019\/09\/EEXVv7AXYAADRcE.jpg","datePublished":"2020-04-30T14:06:10+00:00","dateModified":"2020-05-01T00:11:57+00:00","breadcrumb":{"@id":"https:\/\/futbolhoy.co\/index.php\/2020\/04\/30\/falcao-entre-los-mejores-del-siglo-xxi\/#breadcrumb"},"inLanguage":"es","potentialAction":[{"@type":"ReadAction","target":["https:\/\/futbolhoy.co\/index.php\/2020\/04\/30\/falcao-entre-los-mejores-del-siglo-xxi\/"]}]},{"@type":"ImageObject","inLanguage":"es","@id":"https:\/\/futbolhoy.co\/index.php\/2020\/04\/30\/falcao-entre-los-mejores-del-siglo-xxi\/#primaryimage","url":"https:\/\/futbolhoy.co\/wp-content\/uploads\/2019\/09\/EEXVv7AXYAADRcE.jpg","contentUrl":"https:\/\/futbolhoy.co\/wp-content\/uploads\/2019\/09\/EEXVv7AXYAADRcE.jpg","width":1200,"height":1106,"caption":"Twitter @GalatasaraySK"},{"@type":"BreadcrumbList","@id":"https:\/\/futbolhoy.co\/index.php\/2020\/04\/30\/falcao-entre-los-mejores-del-siglo-xxi\/#breadcrumb","itemListElement":[{"@type":"ListItem","position":1,"name":"Portada","item":"https:\/\/futbolhoy.co\/"},{"@type":"ListItem","position":2,"name":"Falcao, entre los mejores del siglo XXI"}]},{"@type":"WebSite","@id":"https:\/\/futbolhoy.co\/#website","url":"https:\/\/futbolhoy.co\/","name":"FutbolHoy","description":"","publisher":{"@id":"https:\/\/futbolhoy.co\/#organization"},"potentialAction":[{"@type":"SearchAction","target":{"@type":"EntryPoint","urlTemplate":"https:\/\/futbolhoy.co\/?s={search_term_string}"},"query-input":{"@type":"PropertyValueSpecification","valueRequired":true,"valueName":"search_term_string"}}],"inLanguage":"es"},{"@type":"Organization","@id":"https:\/\/futbolhoy.co\/#organization","name":"Futbolhoy.co","url":"https:\/\/futbolhoy.co\/","logo":{"@type":"ImageObject","inLanguage":"es","@id":"https:\/\/futbolhoy.co\/#\/schema\/logo\/image\/","url":"https:\/\/futbolhoy.co\/wp-content\/uploads\/2018\/08\/17426380_1906371736249227_6326180412931521141_n.jpg","contentUrl":"https:\/\/futbolhoy.co\/wp-content\/uploads\/2018\/08\/17426380_1906371736249227_6326180412931521141_n.jpg","width":960,"height":960,"caption":"Futbolhoy.co"},"image":{"@id":"https:\/\/futbolhoy.co\/#\/schema\/logo\/image\/"},"sameAs":["https:\/\/www.facebook.com\/FutbolHoyCol\/","https:\/\/x.com\/FutbolHoyCol","https:\/\/www.instagram.com\/futbolhoycol\/"]},{"@type":"Person","@id":"https:\/\/futbolhoy.co\/#\/schema\/person\/c4a353a512b127643723a34bb1812f7d","name":"Laura Hern\u00e1ndez","image":{"@type":"ImageObject","inLanguage":"es","@id":"https:\/\/futbolhoy.co\/#\/schema\/person\/image\/","url":"https:\/\/secure.gravatar.com\/avatar\/d25959a15b9b293a743f99181c7cfd01?s=96&d=mm&r=g","contentUrl":"https:\/\/secure.gravatar.com\/avatar\/d25959a15b9b293a743f99181c7cfd01?s=96&d=mm&r=g","caption":"Laura Hern\u00e1ndez"}}]}},"publishpress_future_action":{"enabled":false,"date":"2026-05-04 20:02:48","action":"change-status","newStatus":"draft","terms":[],"taxonomy":"category","extraData":[]},"publishpress_future_workflow_manual_trigger":{"enabledWorkflows":[]},"_links":{"self":[{"href":"https:\/\/futbolhoy.co\/index.php\/wp-json\/wp\/v2\/posts\/50640","targetHints":{"allow":["GET"]}}],"collection":[{"href":"https:\/\/futbolhoy.co\/index.php\/wp-json\/wp\/v2\/posts"}],"about":[{"href":"https:\/\/futbolhoy.co\/index.php\/wp-json\/wp\/v2\/types\/post"}],"author":[{"embeddable":true,"href":"https:\/\/futbolhoy.co\/index.php\/wp-json\/wp\/v2\/users\/5"}],"replies":[{"embeddable":true,"href":"https:\/\/futbolhoy.co\/index.php\/wp-json\/wp\/v2\/comments?post=50640"}],"version-history":[{"count":1,"href":"https:\/\/futbolhoy.co\/index.php\/wp-json\/wp\/v2\/posts\/50640\/revisions"}],"predecessor-version":[{"id":50641,"href":"https:\/\/futbolhoy.co\/index.php\/wp-json\/wp\/v2\/posts\/50640\/revisions\/50641"}],"wp:featuredmedia":[{"embeddable":true,"href":"https:\/\/futbolhoy.co\/index.php\/wp-json\/wp\/v2\/media\/41173"}],"wp:attachment":[{"href":"https:\/\/futbolhoy.co\/index.php\/wp-json\/wp\/v2\/media?parent=50640"}],"wp:term":[{"taxonomy":"category","embeddable":true,"href":"https:\/\/futbolhoy.co\/index.php\/wp-json\/wp\/v2\/categories?post=50640"},{"taxonomy":"post_tag","embeddable":true,"href":"https:\/\/futbolhoy.co\/index.php\/wp-json\/wp\/v2\/tags?post=50640"}],"curies":[{"name":"wp","href":"https:\/\/api.w.org\/{rel}","templated":true}]}}