{"id":50642,"date":"2020-04-30T08:58:41","date_gmt":"2020-04-30T13:58:41","guid":{"rendered":"https:\/\/futbolhoy.co\/?p=50642"},"modified":"2020-05-01T11:33:47","modified_gmt":"2020-05-01T16:33:47","slug":"un-dia-como-hoy-felices-73-anos-nacional","status":"publish","type":"post","link":"https:\/\/futbolhoy.co\/index.php\/2020\/04\/30\/un-dia-como-hoy-felices-73-anos-nacional\/","title":{"rendered":"Un d\u00eda como hoy: Felices 73 a\u00f1os, Nacional"},"content":{"rendered":"<p style=\"text-align: justify\"><span style=\"font-family: helvetica, arial, sans-serif\">Un d\u00eda como hoy, un 30 de abril de 1947, en la ciudad de <strong>Medell\u00edn,<\/strong> se fund\u00f3 el <strong>Club Atl\u00e9tico Nacional.<\/strong><\/span><\/p>\n<!--[if lt IE 9]><script>document.createElement('audio');<\/script><![endif]-->\n<audio class=\"wp-audio-shortcode\" id=\"audio-50642-1\" preload=\"none\" style=\"width: 100%;\" controls=\"controls\"><source type=\"audio\/mpeg\" src=\"https:\/\/futbolhoy.co\/wp-content\/uploads\/2020\/04\/Cronica-Nacional.mp3?_=1\" \/><a href=\"https:\/\/futbolhoy.co\/wp-content\/uploads\/2020\/04\/Cronica-Nacional.mp3\">https:\/\/futbolhoy.co\/wp-content\/uploads\/2020\/04\/Cronica-Nacional.mp3<\/a><\/audio>\n<p style=\"text-align: justify\"><span style=\"font-family: helvetica, arial, sans-serif\">El cuadro 'Verdolaga' no solo ha contado con jugadores de renombre en la historia, sino que tambi\u00e9n es el equipo con m\u00e1s t\u00edtulos en <strong>Colombia.<\/strong><\/span><\/p>\n<p style=\"text-align: justify\"><span style=\"font-family: helvetica, arial, sans-serif\">Cuenta con 29 campeonatos, <strong>16 Ligas, cuatro Copas Colombia, dos Superligas, dos Copas Libertadores, una Recopa Sudamericana, dos Copas Merconorte y dos Copas Interamericana.<\/strong><\/span><\/p>\n<p style=\"text-align: justify\"><span style=\"font-family: helvetica, arial, sans-serif\">El verde paisa adem\u00e1s ha participado en 21 ocasiones en la Copa Libertadores.<\/span><\/p>\n<blockquote class=\"twitter-tweet\" data-width=\"550\" data-dnt=\"true\">\n<p lang=\"es\" dir=\"ltr\"><a href=\"https:\/\/twitter.com\/hashtag\/73A%C3%B1osDeAlegr%C3%ADa?src=hash&amp;ref_src=twsrc%5Etfw\">#73A\u00f1osDeAlegr\u00eda<\/a> | \ud83c\udf82Feliz cumplea\u00f1os\ud83c\udf82 a todos los Verdolagas\ud83c\uddf3\ud83c\uddec, que sean muchas m\u00e1s alegr\u00edas. \ud83c\udf89\ud83c\udf89\ud83d\udc9a\ud83d\udc9a <a href=\"https:\/\/t.co\/vT3Bvi6HdD\">pic.twitter.com\/vT3Bvi6HdD<\/a><\/p>\n<p>&mdash; Atl\u00e9tico Nacional (@nacionaloficial) <a href=\"https:\/\/twitter.com\/nacionaloficial\/status\/1255854131820052480?ref_src=twsrc%5Etfw\">April 30, 2020<\/a><\/p><\/blockquote>\n<p><script async src=\"https:\/\/platform.twitter.com\/widgets.js\" charset=\"utf-8\"><\/script><\/p>\n<blockquote class=\"twitter-tweet\" data-width=\"550\" data-dnt=\"true\">\n<p lang=\"pt\" dir=\"ltr\">Hoje \u00e9 um dia muito especial. Dia de comemorarmos mais um ano da rica hist\u00f3ria do <a href=\"https:\/\/twitter.com\/nacionaloficial?ref_src=twsrc%5Etfw\">@nacionaloficial<\/a>. <\/p>\n<p>O nosso desejo \u00e9 de muito sucesso e o nosso sentimento, eternamente, ser\u00e1 o da gratid\u00e3o! <\/p>\n<p>Irm\u00e3os para sempre. \ud83d\udc9a<a href=\"https:\/\/twitter.com\/hashtag\/VamosChape?src=hash&amp;ref_src=twsrc%5Etfw\">#VamosChape<\/a> <a href=\"https:\/\/twitter.com\/hashtag\/OrgulhoDeSerChape?src=hash&amp;ref_src=twsrc%5Etfw\">#OrgulhoDeSerChape<\/a> <a href=\"https:\/\/t.co\/fZDdNpH6hm\">pic.twitter.com\/fZDdNpH6hm<\/a><\/p>\n<p>&mdash; Chapecoense (de \ud83c\udfe1) (@ChapecoenseReal) <a href=\"https:\/\/twitter.com\/ChapecoenseReal\/status\/1255859534922383363?ref_src=twsrc%5Etfw\">April 30, 2020<\/a><\/p><\/blockquote>\n<p><script async src=\"https:\/\/platform.twitter.com\/widgets.js\" charset=\"utf-8\"><\/script><\/p>\n<blockquote class=\"twitter-tweet\" data-width=\"550\" data-dnt=\"true\">\n<p lang=\"pt\" dir=\"ltr\">\ud83c\udde8\ud83c\uddf4 \u00a1Felicidades, <a href=\"https:\/\/twitter.com\/nacionaloficial?ref_src=twsrc%5Etfw\">@nacionaloficial<\/a>! <a href=\"https:\/\/twitter.com\/hashtag\/UnPa%C3%ADsLlamadoNacional?src=hash&amp;ref_src=twsrc%5Etfw\">#UnPa\u00edsLlamadoNacional<\/a> <a href=\"https:\/\/t.co\/qtARnjlXKY\">pic.twitter.com\/qtARnjlXKY<\/a><\/p>\n<p>&mdash; Arsenal FC Espa\u00f1ol (@ArsenalEspanol) <a href=\"https:\/\/twitter.com\/ArsenalEspanol\/status\/1255867000460660736?ref_src=twsrc%5Etfw\">April 30, 2020<\/a><\/p><\/blockquote>\n<p><script async src=\"https:\/\/platform.twitter.com\/widgets.js\" charset=\"utf-8\"><\/script><\/p>\n<blockquote class=\"twitter-tweet\" data-width=\"550\" data-dnt=\"true\">\n<p lang=\"es\" dir=\"ltr\">\u00a1Los verdolagas est\u00e1n de fiesta! \ud83e\udd73 \ud83d\udc9a<\/p>\n<p>Felices 7\u20e33\u20e3 a\u00f1os a todos los hinchas de <a href=\"https:\/\/twitter.com\/nacionaloficial?ref_src=twsrc%5Etfw\">@nacionaloficial<\/a>. \ud83c\udf82 \ud83c\uddf3\ud83c\uddec <a href=\"https:\/\/twitter.com\/hashtag\/73A%C3%B1osDeAlegr%C3%ADa?src=hash&amp;ref_src=twsrc%5Etfw\">#73A\u00f1osDeAlegr\u00eda<\/a> <a href=\"https:\/\/twitter.com\/hashtag\/ForzaNapoliSempre?src=hash&amp;ref_src=twsrc%5Etfw\">#ForzaNapoliSempre<\/a> \ud83d\udc99 <a href=\"https:\/\/t.co\/vjpt6OX8Nf\">pic.twitter.com\/vjpt6OX8Nf<\/a><\/p>\n<p>&mdash; Oficial SSC Napoli (@sscnapoliES) <a href=\"https:\/\/twitter.com\/sscnapoliES\/status\/1255875782725062656?ref_src=twsrc%5Etfw\">April 30, 2020<\/a><\/p><\/blockquote>\n<p><script async src=\"https:\/\/platform.twitter.com\/widgets.js\" charset=\"utf-8\"><\/script><\/p>\n<p>&nbsp;<\/p>\n","protected":false},"excerpt":{"rendered":"<p>Un d\u00eda como hoy, un 30 de abril de 1947, en la ciudad de Medell\u00edn, se fund\u00f3 el Club Atl\u00e9tico Nacional. El cuadro 'Verdolaga' no solo ha contado con jugadores de renombre en la historia, sino que tambi\u00e9n es el equipo con m\u00e1s t\u00edtulos en Colombia. Cuenta con 29 campeonatos, 16 Ligas, cuatro Copas Colombia, [&hellip;]<\/p>\n","protected":false},"author":5,"featured_media":50659,"comment_status":"open","ping_status":"open","sticky":false,"template":"","format":"video","meta":{"_acf_changed":false,"footnotes":""},"categories":[7],"tags":[],"class_list":{"0":"post-50642","1":"post","2":"type-post","3":"status-publish","4":"format-video","5":"has-post-thumbnail","7":"category-liga-betplay","8":"post_format-post-format-video"},"acf":[],"yoast_head":"<!-- This site is optimized with the Yoast SEO plugin v26.8 - https:\/\/yoast.com\/product\/yoast-seo-wordpress\/ -->\n<title>Un d\u00eda como hoy: Felices 73 a\u00f1os, Nacional -<\/title>\n<meta name=\"robots\" content=\"index, follow, max-snippet:-1, max-image-preview:large, max-video-preview:-1\" \/>\n<link rel=\"canonical\" href=\"https:\/\/futbolhoy.co\/index.php\/2020\/04\/30\/un-dia-como-hoy-felices-73-anos-nacional\/\" \/>\n<meta property=\"og:locale\" content=\"es_ES\" \/>\n<meta property=\"og:type\" content=\"article\" \/>\n<meta property=\"og:title\" content=\"Un d\u00eda como hoy: Felices 73 a\u00f1os, Nacional -\" \/>\n<meta property=\"og:description\" content=\"Un d\u00eda como hoy, un 30 de abril de 1947, en la ciudad de Medell\u00edn, se fund\u00f3 el Club Atl\u00e9tico Nacional. El cuadro &#039;Verdolaga&#039; no solo ha contado con jugadores de renombre en la historia, sino que tambi\u00e9n es el equipo con m\u00e1s t\u00edtulos en Colombia. Cuenta con 29 campeonatos, 16 Ligas, cuatro Copas Colombia, [&hellip;]\" \/>\n<meta property=\"og:url\" content=\"https:\/\/futbolhoy.co\/index.php\/2020\/04\/30\/un-dia-como-hoy-felices-73-anos-nacional\/\" \/>\n<meta property=\"article:publisher\" content=\"https:\/\/www.facebook.com\/FutbolHoyCol\/\" \/>\n<meta property=\"article:published_time\" content=\"2020-04-30T13:58:41+00:00\" \/>\n<meta property=\"article:modified_time\" content=\"2020-05-01T16:33:47+00:00\" \/>\n<meta property=\"og:image\" content=\"https:\/\/futbolhoy.co\/wp-content\/uploads\/2020\/04\/IMG_20200430_160029.jpg\" \/>\n\t<meta property=\"og:image:width\" content=\"1242\" \/>\n\t<meta property=\"og:image:height\" content=\"755\" \/>\n\t<meta property=\"og:image:type\" content=\"image\/jpeg\" \/>\n<meta name=\"author\" content=\"Laura Hern\u00e1ndez\" \/>\n<meta name=\"twitter:card\" content=\"summary_large_image\" \/>\n<meta name=\"twitter:creator\" content=\"@FutbolHoyCol\" \/>\n<meta name=\"twitter:site\" content=\"@FutbolHoyCol\" \/>\n<meta name=\"twitter:label1\" content=\"Escrito por\" \/>\n\t<meta name=\"twitter:data1\" content=\"Laura Hern\u00e1ndez\" \/>\n\t<meta name=\"twitter:label2\" content=\"Tiempo de lectura\" \/>\n\t<meta name=\"twitter:data2\" content=\"1 minuto\" \/>\n<script type=\"application\/ld+json\" class=\"yoast-schema-graph\">{\"@context\":\"https:\/\/schema.org\",\"@graph\":[{\"@type\":\"Article\",\"@id\":\"https:\/\/futbolhoy.co\/index.php\/2020\/04\/30\/un-dia-como-hoy-felices-73-anos-nacional\/#article\",\"isPartOf\":{\"@id\":\"https:\/\/futbolhoy.co\/index.php\/2020\/04\/30\/un-dia-como-hoy-felices-73-anos-nacional\/\"},\"author\":{\"name\":\"Laura Hern\u00e1ndez\",\"@id\":\"https:\/\/futbolhoy.co\/#\/schema\/person\/c4a353a512b127643723a34bb1812f7d\"},\"headline\":\"Un d\u00eda como hoy: Felices 73 a\u00f1os, Nacional\",\"datePublished\":\"2020-04-30T13:58:41+00:00\",\"dateModified\":\"2020-05-01T16:33:47+00:00\",\"mainEntityOfPage\":{\"@id\":\"https:\/\/futbolhoy.co\/index.php\/2020\/04\/30\/un-dia-como-hoy-felices-73-anos-nacional\/\"},\"wordCount\":129,\"commentCount\":0,\"publisher\":{\"@id\":\"https:\/\/futbolhoy.co\/#organization\"},\"image\":{\"@id\":\"https:\/\/futbolhoy.co\/index.php\/2020\/04\/30\/un-dia-como-hoy-felices-73-anos-nacional\/#primaryimage\"},\"thumbnailUrl\":\"https:\/\/futbolhoy.co\/wp-content\/uploads\/2020\/04\/IMG_20200430_160029.jpg\",\"articleSection\":[\"Liga BetPlay\"],\"inLanguage\":\"es\",\"potentialAction\":[{\"@type\":\"CommentAction\",\"name\":\"Comment\",\"target\":[\"https:\/\/futbolhoy.co\/index.php\/2020\/04\/30\/un-dia-como-hoy-felices-73-anos-nacional\/#respond\"]}]},{\"@type\":\"WebPage\",\"@id\":\"https:\/\/futbolhoy.co\/index.php\/2020\/04\/30\/un-dia-como-hoy-felices-73-anos-nacional\/\",\"url\":\"https:\/\/futbolhoy.co\/index.php\/2020\/04\/30\/un-dia-como-hoy-felices-73-anos-nacional\/\",\"name\":\"Un d\u00eda como hoy: Felices 73 a\u00f1os, Nacional -\",\"isPartOf\":{\"@id\":\"https:\/\/futbolhoy.co\/#website\"},\"primaryImageOfPage\":{\"@id\":\"https:\/\/futbolhoy.co\/index.php\/2020\/04\/30\/un-dia-como-hoy-felices-73-anos-nacional\/#primaryimage\"},\"image\":{\"@id\":\"https:\/\/futbolhoy.co\/index.php\/2020\/04\/30\/un-dia-como-hoy-felices-73-anos-nacional\/#primaryimage\"},\"thumbnailUrl\":\"https:\/\/futbolhoy.co\/wp-content\/uploads\/2020\/04\/IMG_20200430_160029.jpg\",\"datePublished\":\"2020-04-30T13:58:41+00:00\",\"dateModified\":\"2020-05-01T16:33:47+00:00\",\"breadcrumb\":{\"@id\":\"https:\/\/futbolhoy.co\/index.php\/2020\/04\/30\/un-dia-como-hoy-felices-73-anos-nacional\/#breadcrumb\"},\"inLanguage\":\"es\",\"potentialAction\":[{\"@type\":\"ReadAction\",\"target\":[\"https:\/\/futbolhoy.co\/index.php\/2020\/04\/30\/un-dia-como-hoy-felices-73-anos-nacional\/\"]}]},{\"@type\":\"ImageObject\",\"inLanguage\":\"es\",\"@id\":\"https:\/\/futbolhoy.co\/index.php\/2020\/04\/30\/un-dia-como-hoy-felices-73-anos-nacional\/#primaryimage\",\"url\":\"https:\/\/futbolhoy.co\/wp-content\/uploads\/2020\/04\/IMG_20200430_160029.jpg\",\"contentUrl\":\"https:\/\/futbolhoy.co\/wp-content\/uploads\/2020\/04\/IMG_20200430_160029.jpg\",\"width\":1242,\"height\":755},{\"@type\":\"BreadcrumbList\",\"@id\":\"https:\/\/futbolhoy.co\/index.php\/2020\/04\/30\/un-dia-como-hoy-felices-73-anos-nacional\/#breadcrumb\",\"itemListElement\":[{\"@type\":\"ListItem\",\"position\":1,\"name\":\"Portada\",\"item\":\"https:\/\/futbolhoy.co\/\"},{\"@type\":\"ListItem\",\"position\":2,\"name\":\"Un d\u00eda como hoy: Felices 73 a\u00f1os, Nacional\"}]},{\"@type\":\"WebSite\",\"@id\":\"https:\/\/futbolhoy.co\/#website\",\"url\":\"https:\/\/futbolhoy.co\/\",\"name\":\"FutbolHoy\",\"description\":\"\",\"publisher\":{\"@id\":\"https:\/\/futbolhoy.co\/#organization\"},\"potentialAction\":[{\"@type\":\"SearchAction\",\"target\":{\"@type\":\"EntryPoint\",\"urlTemplate\":\"https:\/\/futbolhoy.co\/?s={search_term_string}\"},\"query-input\":{\"@type\":\"PropertyValueSpecification\",\"valueRequired\":true,\"valueName\":\"search_term_string\"}}],\"inLanguage\":\"es\"},{\"@type\":\"Organization\",\"@id\":\"https:\/\/futbolhoy.co\/#organization\",\"name\":\"Futbolhoy.co\",\"url\":\"https:\/\/futbolhoy.co\/\",\"logo\":{\"@type\":\"ImageObject\",\"inLanguage\":\"es\",\"@id\":\"https:\/\/futbolhoy.co\/#\/schema\/logo\/image\/\",\"url\":\"https:\/\/futbolhoy.co\/wp-content\/uploads\/2018\/08\/17426380_1906371736249227_6326180412931521141_n.jpg\",\"contentUrl\":\"https:\/\/futbolhoy.co\/wp-content\/uploads\/2018\/08\/17426380_1906371736249227_6326180412931521141_n.jpg\",\"width\":960,\"height\":960,\"caption\":\"Futbolhoy.co\"},\"image\":{\"@id\":\"https:\/\/futbolhoy.co\/#\/schema\/logo\/image\/\"},\"sameAs\":[\"https:\/\/www.facebook.com\/FutbolHoyCol\/\",\"https:\/\/x.com\/FutbolHoyCol\",\"https:\/\/www.instagram.com\/futbolhoycol\/\"]},{\"@type\":\"Person\",\"@id\":\"https:\/\/futbolhoy.co\/#\/schema\/person\/c4a353a512b127643723a34bb1812f7d\",\"name\":\"Laura Hern\u00e1ndez\",\"image\":{\"@type\":\"ImageObject\",\"inLanguage\":\"es\",\"@id\":\"https:\/\/futbolhoy.co\/#\/schema\/person\/image\/\",\"url\":\"https:\/\/secure.gravatar.com\/avatar\/d25959a15b9b293a743f99181c7cfd01?s=96&d=mm&r=g\",\"contentUrl\":\"https:\/\/secure.gravatar.com\/avatar\/d25959a15b9b293a743f99181c7cfd01?s=96&d=mm&r=g\",\"caption\":\"Laura Hern\u00e1ndez\"}}]}<\/script>\n<!-- \/ Yoast SEO plugin. -->","yoast_head_json":{"title":"Un d\u00eda como hoy: Felices 73 a\u00f1os, Nacional -","robots":{"index":"index","follow":"follow","max-snippet":"max-snippet:-1","max-image-preview":"max-image-preview:large","max-video-preview":"max-video-preview:-1"},"canonical":"https:\/\/futbolhoy.co\/index.php\/2020\/04\/30\/un-dia-como-hoy-felices-73-anos-nacional\/","og_locale":"es_ES","og_type":"article","og_title":"Un d\u00eda como hoy: Felices 73 a\u00f1os, Nacional -","og_description":"Un d\u00eda como hoy, un 30 de abril de 1947, en la ciudad de Medell\u00edn, se fund\u00f3 el Club Atl\u00e9tico Nacional. El cuadro 'Verdolaga' no solo ha contado con jugadores de renombre en la historia, sino que tambi\u00e9n es el equipo con m\u00e1s t\u00edtulos en Colombia. Cuenta con 29 campeonatos, 16 Ligas, cuatro Copas Colombia, [&hellip;]","og_url":"https:\/\/futbolhoy.co\/index.php\/2020\/04\/30\/un-dia-como-hoy-felices-73-anos-nacional\/","article_publisher":"https:\/\/www.facebook.com\/FutbolHoyCol\/","article_published_time":"2020-04-30T13:58:41+00:00","article_modified_time":"2020-05-01T16:33:47+00:00","og_image":[{"width":1242,"height":755,"url":"https:\/\/futbolhoy.co\/wp-content\/uploads\/2020\/04\/IMG_20200430_160029.jpg","type":"image\/jpeg"}],"author":"Laura Hern\u00e1ndez","twitter_card":"summary_large_image","twitter_creator":"@FutbolHoyCol","twitter_site":"@FutbolHoyCol","twitter_misc":{"Escrito por":"Laura Hern\u00e1ndez","Tiempo de lectura":"1 minuto"},"schema":{"@context":"https:\/\/schema.org","@graph":[{"@type":"Article","@id":"https:\/\/futbolhoy.co\/index.php\/2020\/04\/30\/un-dia-como-hoy-felices-73-anos-nacional\/#article","isPartOf":{"@id":"https:\/\/futbolhoy.co\/index.php\/2020\/04\/30\/un-dia-como-hoy-felices-73-anos-nacional\/"},"author":{"name":"Laura Hern\u00e1ndez","@id":"https:\/\/futbolhoy.co\/#\/schema\/person\/c4a353a512b127643723a34bb1812f7d"},"headline":"Un d\u00eda como hoy: Felices 73 a\u00f1os, Nacional","datePublished":"2020-04-30T13:58:41+00:00","dateModified":"2020-05-01T16:33:47+00:00","mainEntityOfPage":{"@id":"https:\/\/futbolhoy.co\/index.php\/2020\/04\/30\/un-dia-como-hoy-felices-73-anos-nacional\/"},"wordCount":129,"commentCount":0,"publisher":{"@id":"https:\/\/futbolhoy.co\/#organization"},"image":{"@id":"https:\/\/futbolhoy.co\/index.php\/2020\/04\/30\/un-dia-como-hoy-felices-73-anos-nacional\/#primaryimage"},"thumbnailUrl":"https:\/\/futbolhoy.co\/wp-content\/uploads\/2020\/04\/IMG_20200430_160029.jpg","articleSection":["Liga BetPlay"],"inLanguage":"es","potentialAction":[{"@type":"CommentAction","name":"Comment","target":["https:\/\/futbolhoy.co\/index.php\/2020\/04\/30\/un-dia-como-hoy-felices-73-anos-nacional\/#respond"]}]},{"@type":"WebPage","@id":"https:\/\/futbolhoy.co\/index.php\/2020\/04\/30\/un-dia-como-hoy-felices-73-anos-nacional\/","url":"https:\/\/futbolhoy.co\/index.php\/2020\/04\/30\/un-dia-como-hoy-felices-73-anos-nacional\/","name":"Un d\u00eda como hoy: Felices 73 a\u00f1os, Nacional -","isPartOf":{"@id":"https:\/\/futbolhoy.co\/#website"},"primaryImageOfPage":{"@id":"https:\/\/futbolhoy.co\/index.php\/2020\/04\/30\/un-dia-como-hoy-felices-73-anos-nacional\/#primaryimage"},"image":{"@id":"https:\/\/futbolhoy.co\/index.php\/2020\/04\/30\/un-dia-como-hoy-felices-73-anos-nacional\/#primaryimage"},"thumbnailUrl":"https:\/\/futbolhoy.co\/wp-content\/uploads\/2020\/04\/IMG_20200430_160029.jpg","datePublished":"2020-04-30T13:58:41+00:00","dateModified":"2020-05-01T16:33:47+00:00","breadcrumb":{"@id":"https:\/\/futbolhoy.co\/index.php\/2020\/04\/30\/un-dia-como-hoy-felices-73-anos-nacional\/#breadcrumb"},"inLanguage":"es","potentialAction":[{"@type":"ReadAction","target":["https:\/\/futbolhoy.co\/index.php\/2020\/04\/30\/un-dia-como-hoy-felices-73-anos-nacional\/"]}]},{"@type":"ImageObject","inLanguage":"es","@id":"https:\/\/futbolhoy.co\/index.php\/2020\/04\/30\/un-dia-como-hoy-felices-73-anos-nacional\/#primaryimage","url":"https:\/\/futbolhoy.co\/wp-content\/uploads\/2020\/04\/IMG_20200430_160029.jpg","contentUrl":"https:\/\/futbolhoy.co\/wp-content\/uploads\/2020\/04\/IMG_20200430_160029.jpg","width":1242,"height":755},{"@type":"BreadcrumbList","@id":"https:\/\/futbolhoy.co\/index.php\/2020\/04\/30\/un-dia-como-hoy-felices-73-anos-nacional\/#breadcrumb","itemListElement":[{"@type":"ListItem","position":1,"name":"Portada","item":"https:\/\/futbolhoy.co\/"},{"@type":"ListItem","position":2,"name":"Un d\u00eda como hoy: Felices 73 a\u00f1os, Nacional"}]},{"@type":"WebSite","@id":"https:\/\/futbolhoy.co\/#website","url":"https:\/\/futbolhoy.co\/","name":"FutbolHoy","description":"","publisher":{"@id":"https:\/\/futbolhoy.co\/#organization"},"potentialAction":[{"@type":"SearchAction","target":{"@type":"EntryPoint","urlTemplate":"https:\/\/futbolhoy.co\/?s={search_term_string}"},"query-input":{"@type":"PropertyValueSpecification","valueRequired":true,"valueName":"search_term_string"}}],"inLanguage":"es"},{"@type":"Organization","@id":"https:\/\/futbolhoy.co\/#organization","name":"Futbolhoy.co","url":"https:\/\/futbolhoy.co\/","logo":{"@type":"ImageObject","inLanguage":"es","@id":"https:\/\/futbolhoy.co\/#\/schema\/logo\/image\/","url":"https:\/\/futbolhoy.co\/wp-content\/uploads\/2018\/08\/17426380_1906371736249227_6326180412931521141_n.jpg","contentUrl":"https:\/\/futbolhoy.co\/wp-content\/uploads\/2018\/08\/17426380_1906371736249227_6326180412931521141_n.jpg","width":960,"height":960,"caption":"Futbolhoy.co"},"image":{"@id":"https:\/\/futbolhoy.co\/#\/schema\/logo\/image\/"},"sameAs":["https:\/\/www.facebook.com\/FutbolHoyCol\/","https:\/\/x.com\/FutbolHoyCol","https:\/\/www.instagram.com\/futbolhoycol\/"]},{"@type":"Person","@id":"https:\/\/futbolhoy.co\/#\/schema\/person\/c4a353a512b127643723a34bb1812f7d","name":"Laura Hern\u00e1ndez","image":{"@type":"ImageObject","inLanguage":"es","@id":"https:\/\/futbolhoy.co\/#\/schema\/person\/image\/","url":"https:\/\/secure.gravatar.com\/avatar\/d25959a15b9b293a743f99181c7cfd01?s=96&d=mm&r=g","contentUrl":"https:\/\/secure.gravatar.com\/avatar\/d25959a15b9b293a743f99181c7cfd01?s=96&d=mm&r=g","caption":"Laura Hern\u00e1ndez"}}]}},"publishpress_future_action":{"enabled":false,"date":"2026-05-04 21:42:44","action":"change-status","newStatus":"draft","terms":[],"taxonomy":"category","extraData":[]},"publishpress_future_workflow_manual_trigger":{"enabledWorkflows":[]},"_links":{"self":[{"href":"https:\/\/futbolhoy.co\/index.php\/wp-json\/wp\/v2\/posts\/50642","targetHints":{"allow":["GET"]}}],"collection":[{"href":"https:\/\/futbolhoy.co\/index.php\/wp-json\/wp\/v2\/posts"}],"about":[{"href":"https:\/\/futbolhoy.co\/index.php\/wp-json\/wp\/v2\/types\/post"}],"author":[{"embeddable":true,"href":"https:\/\/futbolhoy.co\/index.php\/wp-json\/wp\/v2\/users\/5"}],"replies":[{"embeddable":true,"href":"https:\/\/futbolhoy.co\/index.php\/wp-json\/wp\/v2\/comments?post=50642"}],"version-history":[{"count":7,"href":"https:\/\/futbolhoy.co\/index.php\/wp-json\/wp\/v2\/posts\/50642\/revisions"}],"predecessor-version":[{"id":50663,"href":"https:\/\/futbolhoy.co\/index.php\/wp-json\/wp\/v2\/posts\/50642\/revisions\/50663"}],"wp:featuredmedia":[{"embeddable":true,"href":"https:\/\/futbolhoy.co\/index.php\/wp-json\/wp\/v2\/media\/50659"}],"wp:attachment":[{"href":"https:\/\/futbolhoy.co\/index.php\/wp-json\/wp\/v2\/media?parent=50642"}],"wp:term":[{"taxonomy":"category","embeddable":true,"href":"https:\/\/futbolhoy.co\/index.php\/wp-json\/wp\/v2\/categories?post=50642"},{"taxonomy":"post_tag","embeddable":true,"href":"https:\/\/futbolhoy.co\/index.php\/wp-json\/wp\/v2\/tags?post=50642"}],"curies":[{"name":"wp","href":"https:\/\/api.w.org\/{rel}","templated":true}]}}