{"id":50644,"date":"2020-04-30T15:19:57","date_gmt":"2020-04-30T20:19:57","guid":{"rendered":"https:\/\/futbolhoy.co\/?p=50644"},"modified":"2020-05-01T14:03:56","modified_gmt":"2020-05-01T19:03:56","slug":"la-liga-en-colombia-entre-agosto-y-septiembre","status":"publish","type":"post","link":"https:\/\/futbolhoy.co\/index.php\/2020\/04\/30\/la-liga-en-colombia-entre-agosto-y-septiembre\/","title":{"rendered":"La Liga en Colombia entre agosto y septiembre"},"content":{"rendered":"<p style=\"text-align: justify\"><span style=\"font-family: helvetica, arial, sans-serif\">El ministro del Deporte de\u00a0<b>Colombia<\/b>,\u00a0<b>Ernesto Lucena<\/b>, asegur\u00f3 ante la Comisi\u00f3n S\u00e9ptima de la\u00a0<b>C\u00e1mara de Representantes<\/b>, que el f\u00fatbol en el pa\u00eds podr\u00eda regresar entre agosto y septiembre a puerta cerrada.<\/span><\/p>\n<p style=\"text-align: justify\"><span style=\"font-family: helvetica, arial, sans-serif\">Lucena agreg\u00f3 que una vez pase el tiempo determinado por el Gobierno para la cuarentena obligatoria, se reunir\u00e1n para establecer los pasos a seguir en la actividad f\u00edsica, incluido el f\u00fatbol y su proceso de reactivaci\u00f3n progresiva.<\/span><\/p>\n<p style=\"text-align: justify\"><span style=\"font-family: helvetica, arial, sans-serif\">\u201cEl 11 de mayo comenzar\u00edamos una fase de retroalimentaci\u00f3n entre los entes incluidos en el marco del f\u00fatbol colombiano y el\u00a0<b>Ministerio de Salud<\/b>, para poder determinar una posible fecha de inicio, que una vez establecida se deben sumar 28 d\u00edas de reacondicionamiento f\u00edsico para el arranque\u201d, declar\u00f3 Lucena.<\/span><\/p>\n<p style=\"text-align: justify\"><span style=\"font-family: helvetica, arial, sans-serif\">Sobre la fecha que se estima para la reanudaci\u00f3n de la Liga, el ministro indic\u00f3: \u201cLa gran pregunta es cu\u00e1ndo podemos reiniciar y podr\u00eda ser entre agosto y septiembre. El presidente me ha dicho, ministro, yo no quisiera ser la primera Liga que arranque en el continente, quisiera ir mirando que va pasando en las Ligas del mundo, cu\u00e1l es su evoluci\u00f3n y sobre esa base ir tomando decisiones\u201d.<\/span><\/p>\n<p style=\"text-align: justify\"><span style=\"font-family: helvetica, arial, sans-serif\">La\u00a0<b>Dimayor<\/b>, con el respaldo de la Federaci\u00f3n Colombiana de F\u00fatbol, ya entreg\u00f3 al\u00a0<b>Ministerio del Deporte<\/b>, un protocolo sanitario para reiniciar actividades de manera escalonada.<\/span><\/p>\n<!--[if lt IE 9]><script>document.createElement('audio');<\/script><![endif]-->\n<audio class=\"wp-audio-shortcode\" id=\"audio-50644-1\" preload=\"none\" style=\"width: 100%;\" controls=\"controls\"><source type=\"audio\/mpeg\" src=\"https:\/\/futbolhoy.co\/wp-content\/uploads\/2020\/04\/Ernesto-Lucena-Ministro-del-Deporte.mp3?_=1\" \/><a href=\"https:\/\/futbolhoy.co\/wp-content\/uploads\/2020\/04\/Ernesto-Lucena-Ministro-del-Deporte.mp3\">https:\/\/futbolhoy.co\/wp-content\/uploads\/2020\/04\/Ernesto-Lucena-Ministro-del-Deporte.mp3<\/a><\/audio>\n<p>&nbsp;<\/p>\n","protected":false},"excerpt":{"rendered":"<p>El ministro del Deporte de\u00a0Colombia,\u00a0Ernesto Lucena, asegur\u00f3 ante la Comisi\u00f3n S\u00e9ptima de la\u00a0C\u00e1mara de Representantes, que el f\u00fatbol en el pa\u00eds podr\u00eda regresar entre agosto y septiembre a puerta cerrada. Lucena agreg\u00f3 que una vez pase el tiempo determinado por el Gobierno para la cuarentena obligatoria, se reunir\u00e1n para establecer los pasos a seguir en [&hellip;]<\/p>\n","protected":false},"author":5,"featured_media":50647,"comment_status":"open","ping_status":"open","sticky":false,"template":"","format":"video","meta":{"_acf_changed":false,"footnotes":""},"categories":[7],"tags":[],"class_list":{"0":"post-50644","1":"post","2":"type-post","3":"status-publish","4":"format-video","5":"has-post-thumbnail","7":"category-liga-betplay","8":"post_format-post-format-video"},"acf":[],"yoast_head":"<!-- This site is optimized with the Yoast SEO plugin v26.8 - https:\/\/yoast.com\/product\/yoast-seo-wordpress\/ -->\n<title>La Liga en Colombia entre agosto y septiembre -<\/title>\n<meta name=\"robots\" content=\"index, follow, max-snippet:-1, max-image-preview:large, max-video-preview:-1\" \/>\n<link rel=\"canonical\" href=\"https:\/\/futbolhoy.co\/index.php\/2020\/04\/30\/la-liga-en-colombia-entre-agosto-y-septiembre\/\" \/>\n<meta property=\"og:locale\" content=\"es_ES\" \/>\n<meta property=\"og:type\" content=\"article\" \/>\n<meta property=\"og:title\" content=\"La Liga en Colombia entre agosto y septiembre -\" \/>\n<meta property=\"og:description\" content=\"El ministro del Deporte de\u00a0Colombia,\u00a0Ernesto Lucena, asegur\u00f3 ante la Comisi\u00f3n S\u00e9ptima de la\u00a0C\u00e1mara de Representantes, que el f\u00fatbol en el pa\u00eds podr\u00eda regresar entre agosto y septiembre a puerta cerrada. Lucena agreg\u00f3 que una vez pase el tiempo determinado por el Gobierno para la cuarentena obligatoria, se reunir\u00e1n para establecer los pasos a seguir en [&hellip;]\" \/>\n<meta property=\"og:url\" content=\"https:\/\/futbolhoy.co\/index.php\/2020\/04\/30\/la-liga-en-colombia-entre-agosto-y-septiembre\/\" \/>\n<meta property=\"article:publisher\" content=\"https:\/\/www.facebook.com\/FutbolHoyCol\/\" \/>\n<meta property=\"article:published_time\" content=\"2020-04-30T20:19:57+00:00\" \/>\n<meta property=\"article:modified_time\" content=\"2020-05-01T19:03:56+00:00\" \/>\n<meta property=\"og:image\" content=\"https:\/\/futbolhoy.co\/wp-content\/uploads\/2020\/04\/IMG_20200430_151921.jpg\" \/>\n\t<meta property=\"og:image:width\" content=\"800\" \/>\n\t<meta property=\"og:image:height\" content=\"544\" \/>\n\t<meta property=\"og:image:type\" content=\"image\/jpeg\" \/>\n<meta name=\"author\" content=\"Laura Hern\u00e1ndez\" \/>\n<meta name=\"twitter:card\" content=\"summary_large_image\" \/>\n<meta name=\"twitter:creator\" content=\"@FutbolHoyCol\" \/>\n<meta name=\"twitter:site\" content=\"@FutbolHoyCol\" \/>\n<meta name=\"twitter:label1\" content=\"Escrito por\" \/>\n\t<meta name=\"twitter:data1\" content=\"Laura Hern\u00e1ndez\" \/>\n\t<meta name=\"twitter:label2\" content=\"Tiempo de lectura\" \/>\n\t<meta name=\"twitter:data2\" content=\"1 minuto\" \/>\n<script type=\"application\/ld+json\" class=\"yoast-schema-graph\">{\"@context\":\"https:\/\/schema.org\",\"@graph\":[{\"@type\":\"Article\",\"@id\":\"https:\/\/futbolhoy.co\/index.php\/2020\/04\/30\/la-liga-en-colombia-entre-agosto-y-septiembre\/#article\",\"isPartOf\":{\"@id\":\"https:\/\/futbolhoy.co\/index.php\/2020\/04\/30\/la-liga-en-colombia-entre-agosto-y-septiembre\/\"},\"author\":{\"name\":\"Laura Hern\u00e1ndez\",\"@id\":\"https:\/\/futbolhoy.co\/#\/schema\/person\/c4a353a512b127643723a34bb1812f7d\"},\"headline\":\"La Liga en Colombia entre agosto y septiembre\",\"datePublished\":\"2020-04-30T20:19:57+00:00\",\"dateModified\":\"2020-05-01T19:03:56+00:00\",\"mainEntityOfPage\":{\"@id\":\"https:\/\/futbolhoy.co\/index.php\/2020\/04\/30\/la-liga-en-colombia-entre-agosto-y-septiembre\/\"},\"wordCount\":253,\"commentCount\":0,\"publisher\":{\"@id\":\"https:\/\/futbolhoy.co\/#organization\"},\"image\":{\"@id\":\"https:\/\/futbolhoy.co\/index.php\/2020\/04\/30\/la-liga-en-colombia-entre-agosto-y-septiembre\/#primaryimage\"},\"thumbnailUrl\":\"https:\/\/futbolhoy.co\/wp-content\/uploads\/2020\/04\/IMG_20200430_151921.jpg\",\"articleSection\":[\"Liga BetPlay\"],\"inLanguage\":\"es\",\"potentialAction\":[{\"@type\":\"CommentAction\",\"name\":\"Comment\",\"target\":[\"https:\/\/futbolhoy.co\/index.php\/2020\/04\/30\/la-liga-en-colombia-entre-agosto-y-septiembre\/#respond\"]}]},{\"@type\":\"WebPage\",\"@id\":\"https:\/\/futbolhoy.co\/index.php\/2020\/04\/30\/la-liga-en-colombia-entre-agosto-y-septiembre\/\",\"url\":\"https:\/\/futbolhoy.co\/index.php\/2020\/04\/30\/la-liga-en-colombia-entre-agosto-y-septiembre\/\",\"name\":\"La Liga en Colombia entre agosto y septiembre -\",\"isPartOf\":{\"@id\":\"https:\/\/futbolhoy.co\/#website\"},\"primaryImageOfPage\":{\"@id\":\"https:\/\/futbolhoy.co\/index.php\/2020\/04\/30\/la-liga-en-colombia-entre-agosto-y-septiembre\/#primaryimage\"},\"image\":{\"@id\":\"https:\/\/futbolhoy.co\/index.php\/2020\/04\/30\/la-liga-en-colombia-entre-agosto-y-septiembre\/#primaryimage\"},\"thumbnailUrl\":\"https:\/\/futbolhoy.co\/wp-content\/uploads\/2020\/04\/IMG_20200430_151921.jpg\",\"datePublished\":\"2020-04-30T20:19:57+00:00\",\"dateModified\":\"2020-05-01T19:03:56+00:00\",\"breadcrumb\":{\"@id\":\"https:\/\/futbolhoy.co\/index.php\/2020\/04\/30\/la-liga-en-colombia-entre-agosto-y-septiembre\/#breadcrumb\"},\"inLanguage\":\"es\",\"potentialAction\":[{\"@type\":\"ReadAction\",\"target\":[\"https:\/\/futbolhoy.co\/index.php\/2020\/04\/30\/la-liga-en-colombia-entre-agosto-y-septiembre\/\"]}]},{\"@type\":\"ImageObject\",\"inLanguage\":\"es\",\"@id\":\"https:\/\/futbolhoy.co\/index.php\/2020\/04\/30\/la-liga-en-colombia-entre-agosto-y-septiembre\/#primaryimage\",\"url\":\"https:\/\/futbolhoy.co\/wp-content\/uploads\/2020\/04\/IMG_20200430_151921.jpg\",\"contentUrl\":\"https:\/\/futbolhoy.co\/wp-content\/uploads\/2020\/04\/IMG_20200430_151921.jpg\",\"width\":800,\"height\":544},{\"@type\":\"BreadcrumbList\",\"@id\":\"https:\/\/futbolhoy.co\/index.php\/2020\/04\/30\/la-liga-en-colombia-entre-agosto-y-septiembre\/#breadcrumb\",\"itemListElement\":[{\"@type\":\"ListItem\",\"position\":1,\"name\":\"Portada\",\"item\":\"https:\/\/futbolhoy.co\/\"},{\"@type\":\"ListItem\",\"position\":2,\"name\":\"La Liga en Colombia entre agosto y septiembre\"}]},{\"@type\":\"WebSite\",\"@id\":\"https:\/\/futbolhoy.co\/#website\",\"url\":\"https:\/\/futbolhoy.co\/\",\"name\":\"FutbolHoy\",\"description\":\"\",\"publisher\":{\"@id\":\"https:\/\/futbolhoy.co\/#organization\"},\"potentialAction\":[{\"@type\":\"SearchAction\",\"target\":{\"@type\":\"EntryPoint\",\"urlTemplate\":\"https:\/\/futbolhoy.co\/?s={search_term_string}\"},\"query-input\":{\"@type\":\"PropertyValueSpecification\",\"valueRequired\":true,\"valueName\":\"search_term_string\"}}],\"inLanguage\":\"es\"},{\"@type\":\"Organization\",\"@id\":\"https:\/\/futbolhoy.co\/#organization\",\"name\":\"Futbolhoy.co\",\"url\":\"https:\/\/futbolhoy.co\/\",\"logo\":{\"@type\":\"ImageObject\",\"inLanguage\":\"es\",\"@id\":\"https:\/\/futbolhoy.co\/#\/schema\/logo\/image\/\",\"url\":\"https:\/\/futbolhoy.co\/wp-content\/uploads\/2018\/08\/17426380_1906371736249227_6326180412931521141_n.jpg\",\"contentUrl\":\"https:\/\/futbolhoy.co\/wp-content\/uploads\/2018\/08\/17426380_1906371736249227_6326180412931521141_n.jpg\",\"width\":960,\"height\":960,\"caption\":\"Futbolhoy.co\"},\"image\":{\"@id\":\"https:\/\/futbolhoy.co\/#\/schema\/logo\/image\/\"},\"sameAs\":[\"https:\/\/www.facebook.com\/FutbolHoyCol\/\",\"https:\/\/x.com\/FutbolHoyCol\",\"https:\/\/www.instagram.com\/futbolhoycol\/\"]},{\"@type\":\"Person\",\"@id\":\"https:\/\/futbolhoy.co\/#\/schema\/person\/c4a353a512b127643723a34bb1812f7d\",\"name\":\"Laura Hern\u00e1ndez\",\"image\":{\"@type\":\"ImageObject\",\"inLanguage\":\"es\",\"@id\":\"https:\/\/futbolhoy.co\/#\/schema\/person\/image\/\",\"url\":\"https:\/\/secure.gravatar.com\/avatar\/d25959a15b9b293a743f99181c7cfd01?s=96&d=mm&r=g\",\"contentUrl\":\"https:\/\/secure.gravatar.com\/avatar\/d25959a15b9b293a743f99181c7cfd01?s=96&d=mm&r=g\",\"caption\":\"Laura Hern\u00e1ndez\"}}]}<\/script>\n<!-- \/ Yoast SEO plugin. -->","yoast_head_json":{"title":"La Liga en Colombia entre agosto y septiembre -","robots":{"index":"index","follow":"follow","max-snippet":"max-snippet:-1","max-image-preview":"max-image-preview:large","max-video-preview":"max-video-preview:-1"},"canonical":"https:\/\/futbolhoy.co\/index.php\/2020\/04\/30\/la-liga-en-colombia-entre-agosto-y-septiembre\/","og_locale":"es_ES","og_type":"article","og_title":"La Liga en Colombia entre agosto y septiembre -","og_description":"El ministro del Deporte de\u00a0Colombia,\u00a0Ernesto Lucena, asegur\u00f3 ante la Comisi\u00f3n S\u00e9ptima de la\u00a0C\u00e1mara de Representantes, que el f\u00fatbol en el pa\u00eds podr\u00eda regresar entre agosto y septiembre a puerta cerrada. Lucena agreg\u00f3 que una vez pase el tiempo determinado por el Gobierno para la cuarentena obligatoria, se reunir\u00e1n para establecer los pasos a seguir en [&hellip;]","og_url":"https:\/\/futbolhoy.co\/index.php\/2020\/04\/30\/la-liga-en-colombia-entre-agosto-y-septiembre\/","article_publisher":"https:\/\/www.facebook.com\/FutbolHoyCol\/","article_published_time":"2020-04-30T20:19:57+00:00","article_modified_time":"2020-05-01T19:03:56+00:00","og_image":[{"width":800,"height":544,"url":"https:\/\/futbolhoy.co\/wp-content\/uploads\/2020\/04\/IMG_20200430_151921.jpg","type":"image\/jpeg"}],"author":"Laura Hern\u00e1ndez","twitter_card":"summary_large_image","twitter_creator":"@FutbolHoyCol","twitter_site":"@FutbolHoyCol","twitter_misc":{"Escrito por":"Laura Hern\u00e1ndez","Tiempo de lectura":"1 minuto"},"schema":{"@context":"https:\/\/schema.org","@graph":[{"@type":"Article","@id":"https:\/\/futbolhoy.co\/index.php\/2020\/04\/30\/la-liga-en-colombia-entre-agosto-y-septiembre\/#article","isPartOf":{"@id":"https:\/\/futbolhoy.co\/index.php\/2020\/04\/30\/la-liga-en-colombia-entre-agosto-y-septiembre\/"},"author":{"name":"Laura Hern\u00e1ndez","@id":"https:\/\/futbolhoy.co\/#\/schema\/person\/c4a353a512b127643723a34bb1812f7d"},"headline":"La Liga en Colombia entre agosto y septiembre","datePublished":"2020-04-30T20:19:57+00:00","dateModified":"2020-05-01T19:03:56+00:00","mainEntityOfPage":{"@id":"https:\/\/futbolhoy.co\/index.php\/2020\/04\/30\/la-liga-en-colombia-entre-agosto-y-septiembre\/"},"wordCount":253,"commentCount":0,"publisher":{"@id":"https:\/\/futbolhoy.co\/#organization"},"image":{"@id":"https:\/\/futbolhoy.co\/index.php\/2020\/04\/30\/la-liga-en-colombia-entre-agosto-y-septiembre\/#primaryimage"},"thumbnailUrl":"https:\/\/futbolhoy.co\/wp-content\/uploads\/2020\/04\/IMG_20200430_151921.jpg","articleSection":["Liga BetPlay"],"inLanguage":"es","potentialAction":[{"@type":"CommentAction","name":"Comment","target":["https:\/\/futbolhoy.co\/index.php\/2020\/04\/30\/la-liga-en-colombia-entre-agosto-y-septiembre\/#respond"]}]},{"@type":"WebPage","@id":"https:\/\/futbolhoy.co\/index.php\/2020\/04\/30\/la-liga-en-colombia-entre-agosto-y-septiembre\/","url":"https:\/\/futbolhoy.co\/index.php\/2020\/04\/30\/la-liga-en-colombia-entre-agosto-y-septiembre\/","name":"La Liga en Colombia entre agosto y septiembre -","isPartOf":{"@id":"https:\/\/futbolhoy.co\/#website"},"primaryImageOfPage":{"@id":"https:\/\/futbolhoy.co\/index.php\/2020\/04\/30\/la-liga-en-colombia-entre-agosto-y-septiembre\/#primaryimage"},"image":{"@id":"https:\/\/futbolhoy.co\/index.php\/2020\/04\/30\/la-liga-en-colombia-entre-agosto-y-septiembre\/#primaryimage"},"thumbnailUrl":"https:\/\/futbolhoy.co\/wp-content\/uploads\/2020\/04\/IMG_20200430_151921.jpg","datePublished":"2020-04-30T20:19:57+00:00","dateModified":"2020-05-01T19:03:56+00:00","breadcrumb":{"@id":"https:\/\/futbolhoy.co\/index.php\/2020\/04\/30\/la-liga-en-colombia-entre-agosto-y-septiembre\/#breadcrumb"},"inLanguage":"es","potentialAction":[{"@type":"ReadAction","target":["https:\/\/futbolhoy.co\/index.php\/2020\/04\/30\/la-liga-en-colombia-entre-agosto-y-septiembre\/"]}]},{"@type":"ImageObject","inLanguage":"es","@id":"https:\/\/futbolhoy.co\/index.php\/2020\/04\/30\/la-liga-en-colombia-entre-agosto-y-septiembre\/#primaryimage","url":"https:\/\/futbolhoy.co\/wp-content\/uploads\/2020\/04\/IMG_20200430_151921.jpg","contentUrl":"https:\/\/futbolhoy.co\/wp-content\/uploads\/2020\/04\/IMG_20200430_151921.jpg","width":800,"height":544},{"@type":"BreadcrumbList","@id":"https:\/\/futbolhoy.co\/index.php\/2020\/04\/30\/la-liga-en-colombia-entre-agosto-y-septiembre\/#breadcrumb","itemListElement":[{"@type":"ListItem","position":1,"name":"Portada","item":"https:\/\/futbolhoy.co\/"},{"@type":"ListItem","position":2,"name":"La Liga en Colombia entre agosto y septiembre"}]},{"@type":"WebSite","@id":"https:\/\/futbolhoy.co\/#website","url":"https:\/\/futbolhoy.co\/","name":"FutbolHoy","description":"","publisher":{"@id":"https:\/\/futbolhoy.co\/#organization"},"potentialAction":[{"@type":"SearchAction","target":{"@type":"EntryPoint","urlTemplate":"https:\/\/futbolhoy.co\/?s={search_term_string}"},"query-input":{"@type":"PropertyValueSpecification","valueRequired":true,"valueName":"search_term_string"}}],"inLanguage":"es"},{"@type":"Organization","@id":"https:\/\/futbolhoy.co\/#organization","name":"Futbolhoy.co","url":"https:\/\/futbolhoy.co\/","logo":{"@type":"ImageObject","inLanguage":"es","@id":"https:\/\/futbolhoy.co\/#\/schema\/logo\/image\/","url":"https:\/\/futbolhoy.co\/wp-content\/uploads\/2018\/08\/17426380_1906371736249227_6326180412931521141_n.jpg","contentUrl":"https:\/\/futbolhoy.co\/wp-content\/uploads\/2018\/08\/17426380_1906371736249227_6326180412931521141_n.jpg","width":960,"height":960,"caption":"Futbolhoy.co"},"image":{"@id":"https:\/\/futbolhoy.co\/#\/schema\/logo\/image\/"},"sameAs":["https:\/\/www.facebook.com\/FutbolHoyCol\/","https:\/\/x.com\/FutbolHoyCol","https:\/\/www.instagram.com\/futbolhoycol\/"]},{"@type":"Person","@id":"https:\/\/futbolhoy.co\/#\/schema\/person\/c4a353a512b127643723a34bb1812f7d","name":"Laura Hern\u00e1ndez","image":{"@type":"ImageObject","inLanguage":"es","@id":"https:\/\/futbolhoy.co\/#\/schema\/person\/image\/","url":"https:\/\/secure.gravatar.com\/avatar\/d25959a15b9b293a743f99181c7cfd01?s=96&d=mm&r=g","contentUrl":"https:\/\/secure.gravatar.com\/avatar\/d25959a15b9b293a743f99181c7cfd01?s=96&d=mm&r=g","caption":"Laura Hern\u00e1ndez"}}]}},"publishpress_future_action":{"enabled":false,"date":"2026-05-05 01:03:05","action":"change-status","newStatus":"draft","terms":[],"taxonomy":"category","extraData":[]},"publishpress_future_workflow_manual_trigger":{"enabledWorkflows":[]},"_links":{"self":[{"href":"https:\/\/futbolhoy.co\/index.php\/wp-json\/wp\/v2\/posts\/50644","targetHints":{"allow":["GET"]}}],"collection":[{"href":"https:\/\/futbolhoy.co\/index.php\/wp-json\/wp\/v2\/posts"}],"about":[{"href":"https:\/\/futbolhoy.co\/index.php\/wp-json\/wp\/v2\/types\/post"}],"author":[{"embeddable":true,"href":"https:\/\/futbolhoy.co\/index.php\/wp-json\/wp\/v2\/users\/5"}],"replies":[{"embeddable":true,"href":"https:\/\/futbolhoy.co\/index.php\/wp-json\/wp\/v2\/comments?post=50644"}],"version-history":[{"count":3,"href":"https:\/\/futbolhoy.co\/index.php\/wp-json\/wp\/v2\/posts\/50644\/revisions"}],"predecessor-version":[{"id":50649,"href":"https:\/\/futbolhoy.co\/index.php\/wp-json\/wp\/v2\/posts\/50644\/revisions\/50649"}],"wp:featuredmedia":[{"embeddable":true,"href":"https:\/\/futbolhoy.co\/index.php\/wp-json\/wp\/v2\/media\/50647"}],"wp:attachment":[{"href":"https:\/\/futbolhoy.co\/index.php\/wp-json\/wp\/v2\/media?parent=50644"}],"wp:term":[{"taxonomy":"category","embeddable":true,"href":"https:\/\/futbolhoy.co\/index.php\/wp-json\/wp\/v2\/categories?post=50644"},{"taxonomy":"post_tag","embeddable":true,"href":"https:\/\/futbolhoy.co\/index.php\/wp-json\/wp\/v2\/tags?post=50644"}],"curies":[{"name":"wp","href":"https:\/\/api.w.org\/{rel}","templated":true}]}}