{"id":50664,"date":"2020-04-30T19:06:05","date_gmt":"2020-05-01T00:06:05","guid":{"rendered":"https:\/\/futbolhoy.co\/?p=50664"},"modified":"2020-05-01T20:08:14","modified_gmt":"2020-05-02T01:08:14","slug":"50664","status":"publish","type":"post","link":"https:\/\/futbolhoy.co\/index.php\/2020\/04\/30\/50664\/","title":{"rendered":"River Plate no ha opinado sobre el caso Villa"},"content":{"rendered":"<p style=\"text-align: justify\"><span lang=\"ES\" style=\"font-family: helvetica, arial, sans-serif\">El presidente de\u00a0<strong>River Plate<\/strong>,\u00a0<strong>Rodolfo D\u2019Onofrio<\/strong>, aseguro que ning\u00fan miembro del club ha emitido concepto alguno a\u00a0<strong>Juan Fernando Quintero<\/strong>\u00a0sobre la presencia de\u00a0<strong>Sebasti\u00e1n Villa<\/strong>\u00a0en su domicilio, en medio del caso de supuesta violencia intrafamiliar que envuelve al extremo de\u00a0<strong>Boca Juniors<\/strong>.<\/span><\/p>\n<p style=\"text-align: justify\"><span lang=\"ES\" style=\"font-family: helvetica, arial, sans-serif\">\u201cEl club no le ha hecho ninguna sugerencia, cada persona se maneja de manera individual, tenemos contacto con todos los jugadores a lo largo del a\u00f1o con todos los jugadores bajo conceptos de valores que siempre se han cumplido, se cumplen y se seguir\u00e1n cumpliendo; despu\u00e9s cada uno sabe cu\u00e1l es su accionar y no tengo nada que decir respecto a las decisiones de cada uno y saber por qu\u00e9 lo hace. Ahora, como ciudadano reprobamos y debemos erradicar cualquier tipo de violencia contra la mujer\u201d, declar\u00f3 D\u2019Onofrio en el\u00a0VBAR de <strong>Caracol Radio<\/strong>.<\/span><\/p>\n<p style=\"text-align: justify\"><span style=\"font-family: helvetica, arial, sans-serif\"><span lang=\"ES\">El m\u00e1ximo\u00a0<\/span><span lang=\"ES\">dirigente del \u2018millonario\u2019 argentino a\u00f1adi\u00f3: \u201cNo le dijimos nada, la decisi\u00f3n, si la tom\u00f3, la tom\u00f3 Quintero, yo no he hablado con \u00e9l, porque no es el momento; y si habla alguien lo har\u00e1\u00a0Marcelo Gallardo\u00a0y creo que tampoco lo ha hecho. Es un tema personal, donde el jugador tiene los valores y la personalidad para saber qu\u00e9 es lo que tiene que hacer\u201d.<\/span><\/span><\/p>\n<p style=\"text-align: justify\"><span lang=\"ES\" style=\"font-family: helvetica, arial, sans-serif\">Medios en\u00a0Argentina\u00a0hab\u00edan asegurado que River le hab\u00eda pedido a <strong>Quintero<\/strong> que sacara de su domicilio a Villa, quien al parecer estaba viviendo con el volante del conjunto de la \u2018banda cruzada\u2019.<\/span><\/p>\n<!--[if lt IE 9]><script>document.createElement('audio');<\/script><![endif]-->\n<audio class=\"wp-audio-shortcode\" id=\"audio-50664-1\" preload=\"none\" style=\"width: 100%;\" controls=\"controls\"><source type=\"audio\/mpeg\" src=\"https:\/\/futbolhoy.co\/wp-content\/uploads\/2020\/04\/Rodolfo-DOnofrio-presidente-de-River-Plate-2.mp3?_=1\" \/><a href=\"https:\/\/futbolhoy.co\/wp-content\/uploads\/2020\/04\/Rodolfo-DOnofrio-presidente-de-River-Plate-2.mp3\">https:\/\/futbolhoy.co\/wp-content\/uploads\/2020\/04\/Rodolfo-DOnofrio-presidente-de-River-Plate-2.mp3<\/a><\/audio>\n","protected":false},"excerpt":{"rendered":"<p>El presidente de\u00a0River Plate,\u00a0Rodolfo D\u2019Onofrio, aseguro que ning\u00fan miembro del club ha emitido concepto alguno a\u00a0Juan Fernando Quintero\u00a0sobre la presencia de\u00a0Sebasti\u00e1n Villa\u00a0en su domicilio, en medio del caso de supuesta violencia intrafamiliar que envuelve al extremo de\u00a0Boca Juniors. \u201cEl club no le ha hecho ninguna sugerencia, cada persona se maneja de manera individual, tenemos contacto [&hellip;]<\/p>\n","protected":false},"author":5,"featured_media":50665,"comment_status":"open","ping_status":"open","sticky":false,"template":"","format":"video","meta":{"_acf_changed":false,"footnotes":""},"categories":[152],"tags":[],"class_list":{"0":"post-50664","1":"post","2":"type-post","3":"status-publish","4":"format-video","5":"has-post-thumbnail","7":"category-mundo-futbol","8":"post_format-post-format-video"},"acf":[],"yoast_head":"<!-- This site is optimized with the Yoast SEO plugin v26.8 - https:\/\/yoast.com\/product\/yoast-seo-wordpress\/ -->\n<title>River Plate no ha opinado sobre el caso Villa -<\/title>\n<meta name=\"robots\" content=\"index, follow, max-snippet:-1, max-image-preview:large, max-video-preview:-1\" \/>\n<link rel=\"canonical\" href=\"https:\/\/futbolhoy.co\/index.php\/2020\/04\/30\/50664\/\" \/>\n<meta property=\"og:locale\" content=\"es_ES\" \/>\n<meta property=\"og:type\" content=\"article\" \/>\n<meta property=\"og:title\" content=\"River Plate no ha opinado sobre el caso Villa -\" \/>\n<meta property=\"og:description\" content=\"El presidente de\u00a0River Plate,\u00a0Rodolfo D\u2019Onofrio, aseguro que ning\u00fan miembro del club ha emitido concepto alguno a\u00a0Juan Fernando Quintero\u00a0sobre la presencia de\u00a0Sebasti\u00e1n Villa\u00a0en su domicilio, en medio del caso de supuesta violencia intrafamiliar que envuelve al extremo de\u00a0Boca Juniors. \u201cEl club no le ha hecho ninguna sugerencia, cada persona se maneja de manera individual, tenemos contacto [&hellip;]\" \/>\n<meta property=\"og:url\" content=\"https:\/\/futbolhoy.co\/index.php\/2020\/04\/30\/50664\/\" \/>\n<meta property=\"article:publisher\" content=\"https:\/\/www.facebook.com\/FutbolHoyCol\/\" \/>\n<meta property=\"article:published_time\" content=\"2020-05-01T00:06:05+00:00\" \/>\n<meta property=\"article:modified_time\" content=\"2020-05-02T01:08:14+00:00\" \/>\n<meta property=\"og:image\" content=\"https:\/\/futbolhoy.co\/wp-content\/uploads\/2020\/04\/IMG_20200430_190357.jpg\" \/>\n\t<meta property=\"og:image:width\" content=\"459\" \/>\n\t<meta property=\"og:image:height\" content=\"422\" \/>\n\t<meta property=\"og:image:type\" content=\"image\/jpeg\" \/>\n<meta name=\"author\" content=\"Laura Hern\u00e1ndez\" \/>\n<meta name=\"twitter:card\" content=\"summary_large_image\" \/>\n<meta name=\"twitter:creator\" content=\"@FutbolHoyCol\" \/>\n<meta name=\"twitter:site\" content=\"@FutbolHoyCol\" \/>\n<meta name=\"twitter:label1\" content=\"Escrito por\" \/>\n\t<meta name=\"twitter:data1\" content=\"Laura Hern\u00e1ndez\" \/>\n\t<meta name=\"twitter:label2\" content=\"Tiempo de lectura\" \/>\n\t<meta name=\"twitter:data2\" content=\"1 minuto\" \/>\n<script type=\"application\/ld+json\" class=\"yoast-schema-graph\">{\"@context\":\"https:\/\/schema.org\",\"@graph\":[{\"@type\":\"Article\",\"@id\":\"https:\/\/futbolhoy.co\/index.php\/2020\/04\/30\/50664\/#article\",\"isPartOf\":{\"@id\":\"https:\/\/futbolhoy.co\/index.php\/2020\/04\/30\/50664\/\"},\"author\":{\"name\":\"Laura Hern\u00e1ndez\",\"@id\":\"https:\/\/futbolhoy.co\/#\/schema\/person\/c4a353a512b127643723a34bb1812f7d\"},\"headline\":\"River Plate no ha opinado sobre el caso Villa\",\"datePublished\":\"2020-05-01T00:06:05+00:00\",\"dateModified\":\"2020-05-02T01:08:14+00:00\",\"mainEntityOfPage\":{\"@id\":\"https:\/\/futbolhoy.co\/index.php\/2020\/04\/30\/50664\/\"},\"wordCount\":271,\"commentCount\":0,\"publisher\":{\"@id\":\"https:\/\/futbolhoy.co\/#organization\"},\"image\":{\"@id\":\"https:\/\/futbolhoy.co\/index.php\/2020\/04\/30\/50664\/#primaryimage\"},\"thumbnailUrl\":\"https:\/\/futbolhoy.co\/wp-content\/uploads\/2020\/04\/IMG_20200430_190357.jpg\",\"articleSection\":[\"Mundo Futbol\"],\"inLanguage\":\"es\",\"potentialAction\":[{\"@type\":\"CommentAction\",\"name\":\"Comment\",\"target\":[\"https:\/\/futbolhoy.co\/index.php\/2020\/04\/30\/50664\/#respond\"]}]},{\"@type\":\"WebPage\",\"@id\":\"https:\/\/futbolhoy.co\/index.php\/2020\/04\/30\/50664\/\",\"url\":\"https:\/\/futbolhoy.co\/index.php\/2020\/04\/30\/50664\/\",\"name\":\"River Plate no ha opinado sobre el caso Villa -\",\"isPartOf\":{\"@id\":\"https:\/\/futbolhoy.co\/#website\"},\"primaryImageOfPage\":{\"@id\":\"https:\/\/futbolhoy.co\/index.php\/2020\/04\/30\/50664\/#primaryimage\"},\"image\":{\"@id\":\"https:\/\/futbolhoy.co\/index.php\/2020\/04\/30\/50664\/#primaryimage\"},\"thumbnailUrl\":\"https:\/\/futbolhoy.co\/wp-content\/uploads\/2020\/04\/IMG_20200430_190357.jpg\",\"datePublished\":\"2020-05-01T00:06:05+00:00\",\"dateModified\":\"2020-05-02T01:08:14+00:00\",\"breadcrumb\":{\"@id\":\"https:\/\/futbolhoy.co\/index.php\/2020\/04\/30\/50664\/#breadcrumb\"},\"inLanguage\":\"es\",\"potentialAction\":[{\"@type\":\"ReadAction\",\"target\":[\"https:\/\/futbolhoy.co\/index.php\/2020\/04\/30\/50664\/\"]}]},{\"@type\":\"ImageObject\",\"inLanguage\":\"es\",\"@id\":\"https:\/\/futbolhoy.co\/index.php\/2020\/04\/30\/50664\/#primaryimage\",\"url\":\"https:\/\/futbolhoy.co\/wp-content\/uploads\/2020\/04\/IMG_20200430_190357.jpg\",\"contentUrl\":\"https:\/\/futbolhoy.co\/wp-content\/uploads\/2020\/04\/IMG_20200430_190357.jpg\",\"width\":459,\"height\":422},{\"@type\":\"BreadcrumbList\",\"@id\":\"https:\/\/futbolhoy.co\/index.php\/2020\/04\/30\/50664\/#breadcrumb\",\"itemListElement\":[{\"@type\":\"ListItem\",\"position\":1,\"name\":\"Portada\",\"item\":\"https:\/\/futbolhoy.co\/\"},{\"@type\":\"ListItem\",\"position\":2,\"name\":\"River Plate no ha opinado sobre el caso Villa\"}]},{\"@type\":\"WebSite\",\"@id\":\"https:\/\/futbolhoy.co\/#website\",\"url\":\"https:\/\/futbolhoy.co\/\",\"name\":\"FutbolHoy\",\"description\":\"\",\"publisher\":{\"@id\":\"https:\/\/futbolhoy.co\/#organization\"},\"potentialAction\":[{\"@type\":\"SearchAction\",\"target\":{\"@type\":\"EntryPoint\",\"urlTemplate\":\"https:\/\/futbolhoy.co\/?s={search_term_string}\"},\"query-input\":{\"@type\":\"PropertyValueSpecification\",\"valueRequired\":true,\"valueName\":\"search_term_string\"}}],\"inLanguage\":\"es\"},{\"@type\":\"Organization\",\"@id\":\"https:\/\/futbolhoy.co\/#organization\",\"name\":\"Futbolhoy.co\",\"url\":\"https:\/\/futbolhoy.co\/\",\"logo\":{\"@type\":\"ImageObject\",\"inLanguage\":\"es\",\"@id\":\"https:\/\/futbolhoy.co\/#\/schema\/logo\/image\/\",\"url\":\"https:\/\/futbolhoy.co\/wp-content\/uploads\/2018\/08\/17426380_1906371736249227_6326180412931521141_n.jpg\",\"contentUrl\":\"https:\/\/futbolhoy.co\/wp-content\/uploads\/2018\/08\/17426380_1906371736249227_6326180412931521141_n.jpg\",\"width\":960,\"height\":960,\"caption\":\"Futbolhoy.co\"},\"image\":{\"@id\":\"https:\/\/futbolhoy.co\/#\/schema\/logo\/image\/\"},\"sameAs\":[\"https:\/\/www.facebook.com\/FutbolHoyCol\/\",\"https:\/\/x.com\/FutbolHoyCol\",\"https:\/\/www.instagram.com\/futbolhoycol\/\"]},{\"@type\":\"Person\",\"@id\":\"https:\/\/futbolhoy.co\/#\/schema\/person\/c4a353a512b127643723a34bb1812f7d\",\"name\":\"Laura Hern\u00e1ndez\",\"image\":{\"@type\":\"ImageObject\",\"inLanguage\":\"es\",\"@id\":\"https:\/\/futbolhoy.co\/#\/schema\/person\/image\/\",\"url\":\"https:\/\/secure.gravatar.com\/avatar\/d25959a15b9b293a743f99181c7cfd01?s=96&d=mm&r=g\",\"contentUrl\":\"https:\/\/secure.gravatar.com\/avatar\/d25959a15b9b293a743f99181c7cfd01?s=96&d=mm&r=g\",\"caption\":\"Laura Hern\u00e1ndez\"}}]}<\/script>\n<!-- \/ Yoast SEO plugin. -->","yoast_head_json":{"title":"River Plate no ha opinado sobre el caso Villa -","robots":{"index":"index","follow":"follow","max-snippet":"max-snippet:-1","max-image-preview":"max-image-preview:large","max-video-preview":"max-video-preview:-1"},"canonical":"https:\/\/futbolhoy.co\/index.php\/2020\/04\/30\/50664\/","og_locale":"es_ES","og_type":"article","og_title":"River Plate no ha opinado sobre el caso Villa -","og_description":"El presidente de\u00a0River Plate,\u00a0Rodolfo D\u2019Onofrio, aseguro que ning\u00fan miembro del club ha emitido concepto alguno a\u00a0Juan Fernando Quintero\u00a0sobre la presencia de\u00a0Sebasti\u00e1n Villa\u00a0en su domicilio, en medio del caso de supuesta violencia intrafamiliar que envuelve al extremo de\u00a0Boca Juniors. \u201cEl club no le ha hecho ninguna sugerencia, cada persona se maneja de manera individual, tenemos contacto [&hellip;]","og_url":"https:\/\/futbolhoy.co\/index.php\/2020\/04\/30\/50664\/","article_publisher":"https:\/\/www.facebook.com\/FutbolHoyCol\/","article_published_time":"2020-05-01T00:06:05+00:00","article_modified_time":"2020-05-02T01:08:14+00:00","og_image":[{"width":459,"height":422,"url":"https:\/\/futbolhoy.co\/wp-content\/uploads\/2020\/04\/IMG_20200430_190357.jpg","type":"image\/jpeg"}],"author":"Laura Hern\u00e1ndez","twitter_card":"summary_large_image","twitter_creator":"@FutbolHoyCol","twitter_site":"@FutbolHoyCol","twitter_misc":{"Escrito por":"Laura Hern\u00e1ndez","Tiempo de lectura":"1 minuto"},"schema":{"@context":"https:\/\/schema.org","@graph":[{"@type":"Article","@id":"https:\/\/futbolhoy.co\/index.php\/2020\/04\/30\/50664\/#article","isPartOf":{"@id":"https:\/\/futbolhoy.co\/index.php\/2020\/04\/30\/50664\/"},"author":{"name":"Laura Hern\u00e1ndez","@id":"https:\/\/futbolhoy.co\/#\/schema\/person\/c4a353a512b127643723a34bb1812f7d"},"headline":"River Plate no ha opinado sobre el caso Villa","datePublished":"2020-05-01T00:06:05+00:00","dateModified":"2020-05-02T01:08:14+00:00","mainEntityOfPage":{"@id":"https:\/\/futbolhoy.co\/index.php\/2020\/04\/30\/50664\/"},"wordCount":271,"commentCount":0,"publisher":{"@id":"https:\/\/futbolhoy.co\/#organization"},"image":{"@id":"https:\/\/futbolhoy.co\/index.php\/2020\/04\/30\/50664\/#primaryimage"},"thumbnailUrl":"https:\/\/futbolhoy.co\/wp-content\/uploads\/2020\/04\/IMG_20200430_190357.jpg","articleSection":["Mundo Futbol"],"inLanguage":"es","potentialAction":[{"@type":"CommentAction","name":"Comment","target":["https:\/\/futbolhoy.co\/index.php\/2020\/04\/30\/50664\/#respond"]}]},{"@type":"WebPage","@id":"https:\/\/futbolhoy.co\/index.php\/2020\/04\/30\/50664\/","url":"https:\/\/futbolhoy.co\/index.php\/2020\/04\/30\/50664\/","name":"River Plate no ha opinado sobre el caso Villa -","isPartOf":{"@id":"https:\/\/futbolhoy.co\/#website"},"primaryImageOfPage":{"@id":"https:\/\/futbolhoy.co\/index.php\/2020\/04\/30\/50664\/#primaryimage"},"image":{"@id":"https:\/\/futbolhoy.co\/index.php\/2020\/04\/30\/50664\/#primaryimage"},"thumbnailUrl":"https:\/\/futbolhoy.co\/wp-content\/uploads\/2020\/04\/IMG_20200430_190357.jpg","datePublished":"2020-05-01T00:06:05+00:00","dateModified":"2020-05-02T01:08:14+00:00","breadcrumb":{"@id":"https:\/\/futbolhoy.co\/index.php\/2020\/04\/30\/50664\/#breadcrumb"},"inLanguage":"es","potentialAction":[{"@type":"ReadAction","target":["https:\/\/futbolhoy.co\/index.php\/2020\/04\/30\/50664\/"]}]},{"@type":"ImageObject","inLanguage":"es","@id":"https:\/\/futbolhoy.co\/index.php\/2020\/04\/30\/50664\/#primaryimage","url":"https:\/\/futbolhoy.co\/wp-content\/uploads\/2020\/04\/IMG_20200430_190357.jpg","contentUrl":"https:\/\/futbolhoy.co\/wp-content\/uploads\/2020\/04\/IMG_20200430_190357.jpg","width":459,"height":422},{"@type":"BreadcrumbList","@id":"https:\/\/futbolhoy.co\/index.php\/2020\/04\/30\/50664\/#breadcrumb","itemListElement":[{"@type":"ListItem","position":1,"name":"Portada","item":"https:\/\/futbolhoy.co\/"},{"@type":"ListItem","position":2,"name":"River Plate no ha opinado sobre el caso Villa"}]},{"@type":"WebSite","@id":"https:\/\/futbolhoy.co\/#website","url":"https:\/\/futbolhoy.co\/","name":"FutbolHoy","description":"","publisher":{"@id":"https:\/\/futbolhoy.co\/#organization"},"potentialAction":[{"@type":"SearchAction","target":{"@type":"EntryPoint","urlTemplate":"https:\/\/futbolhoy.co\/?s={search_term_string}"},"query-input":{"@type":"PropertyValueSpecification","valueRequired":true,"valueName":"search_term_string"}}],"inLanguage":"es"},{"@type":"Organization","@id":"https:\/\/futbolhoy.co\/#organization","name":"Futbolhoy.co","url":"https:\/\/futbolhoy.co\/","logo":{"@type":"ImageObject","inLanguage":"es","@id":"https:\/\/futbolhoy.co\/#\/schema\/logo\/image\/","url":"https:\/\/futbolhoy.co\/wp-content\/uploads\/2018\/08\/17426380_1906371736249227_6326180412931521141_n.jpg","contentUrl":"https:\/\/futbolhoy.co\/wp-content\/uploads\/2018\/08\/17426380_1906371736249227_6326180412931521141_n.jpg","width":960,"height":960,"caption":"Futbolhoy.co"},"image":{"@id":"https:\/\/futbolhoy.co\/#\/schema\/logo\/image\/"},"sameAs":["https:\/\/www.facebook.com\/FutbolHoyCol\/","https:\/\/x.com\/FutbolHoyCol","https:\/\/www.instagram.com\/futbolhoycol\/"]},{"@type":"Person","@id":"https:\/\/futbolhoy.co\/#\/schema\/person\/c4a353a512b127643723a34bb1812f7d","name":"Laura Hern\u00e1ndez","image":{"@type":"ImageObject","inLanguage":"es","@id":"https:\/\/futbolhoy.co\/#\/schema\/person\/image\/","url":"https:\/\/secure.gravatar.com\/avatar\/d25959a15b9b293a743f99181c7cfd01?s=96&d=mm&r=g","contentUrl":"https:\/\/secure.gravatar.com\/avatar\/d25959a15b9b293a743f99181c7cfd01?s=96&d=mm&r=g","caption":"Laura Hern\u00e1ndez"}}]}},"publishpress_future_action":{"enabled":false,"date":"2026-05-04 20:03:09","action":"change-status","newStatus":"draft","terms":[],"taxonomy":"category","extraData":[]},"publishpress_future_workflow_manual_trigger":{"enabledWorkflows":[]},"_links":{"self":[{"href":"https:\/\/futbolhoy.co\/index.php\/wp-json\/wp\/v2\/posts\/50664","targetHints":{"allow":["GET"]}}],"collection":[{"href":"https:\/\/futbolhoy.co\/index.php\/wp-json\/wp\/v2\/posts"}],"about":[{"href":"https:\/\/futbolhoy.co\/index.php\/wp-json\/wp\/v2\/types\/post"}],"author":[{"embeddable":true,"href":"https:\/\/futbolhoy.co\/index.php\/wp-json\/wp\/v2\/users\/5"}],"replies":[{"embeddable":true,"href":"https:\/\/futbolhoy.co\/index.php\/wp-json\/wp\/v2\/comments?post=50664"}],"version-history":[{"count":5,"href":"https:\/\/futbolhoy.co\/index.php\/wp-json\/wp\/v2\/posts\/50664\/revisions"}],"predecessor-version":[{"id":50673,"href":"https:\/\/futbolhoy.co\/index.php\/wp-json\/wp\/v2\/posts\/50664\/revisions\/50673"}],"wp:featuredmedia":[{"embeddable":true,"href":"https:\/\/futbolhoy.co\/index.php\/wp-json\/wp\/v2\/media\/50665"}],"wp:attachment":[{"href":"https:\/\/futbolhoy.co\/index.php\/wp-json\/wp\/v2\/media?parent=50664"}],"wp:term":[{"taxonomy":"category","embeddable":true,"href":"https:\/\/futbolhoy.co\/index.php\/wp-json\/wp\/v2\/categories?post=50664"},{"taxonomy":"post_tag","embeddable":true,"href":"https:\/\/futbolhoy.co\/index.php\/wp-json\/wp\/v2\/tags?post=50664"}],"curies":[{"name":"wp","href":"https:\/\/api.w.org\/{rel}","templated":true}]}}