{"id":50755,"date":"2020-05-04T09:18:38","date_gmt":"2020-05-04T14:18:38","guid":{"rendered":"https:\/\/futbolhoy.co\/?p=50755"},"modified":"2020-05-05T08:06:53","modified_gmt":"2020-05-05T13:06:53","slug":"esperamos-volver-no-importa-el-tipo-de-torneo-perlaza","status":"publish","type":"post","link":"https:\/\/futbolhoy.co\/index.php\/2020\/05\/04\/esperamos-volver-no-importa-el-tipo-de-torneo-perlaza\/","title":{"rendered":"Esperamos volver, no importa el tipo de torneo: Perlaza"},"content":{"rendered":"<!--[if lt IE 9]><script>document.createElement('audio');<\/script><![endif]-->\n<audio class=\"wp-audio-shortcode\" id=\"audio-50755-1\" preload=\"none\" style=\"width: 100%;\" controls=\"controls\"><source type=\"audio\/mpeg\" src=\"https:\/\/futbolhoy.co\/wp-content\/uploads\/2020\/05\/Elvis-Perlaza.mp3?_=1\" \/><a href=\"https:\/\/futbolhoy.co\/wp-content\/uploads\/2020\/05\/Elvis-Perlaza.mp3\">https:\/\/futbolhoy.co\/wp-content\/uploads\/2020\/05\/Elvis-Perlaza.mp3<\/a><\/audio>\n<p><em>(Elvis Perlaza en entrevista con F\u00fatbol Hoy)<\/em><\/p>\n<p style=\"text-align: justify\"><span style=\"font-family: helvetica, arial, sans-serif\"><strong>Elvis Perlaza<\/strong>, lateral de <strong>Millonarios<\/strong>, asegur\u00f3 en di\u00e1logo con <strong><em>F\u00fatbol Hoy<\/em><\/strong> que \u00e9l y sus compa\u00f1eros trabajan fuertemente para el regreso del campeonato colombiano y que sin importar la decisi\u00f3n que se tome, si continuar con la Liga ya en curso o terminarla e iniciar una nueva, lo m\u00e1s importante es que puedan volver a las canchas.<\/span><\/p>\n<p style=\"text-align: justify\"><span style=\"font-family: helvetica, arial, sans-serif\">\"Independientemente de la decisi\u00f3n que se tome, lo importante es que podamos volver y hacer lo que m\u00e1s nos gusta. Nosotros como equipo estamos prepar\u00e1ndonos para lo que se venga, ya sea que se termine el torneo que ya se empez\u00f3, que se comience otro o que podamos jugar en una sola sede\", coment\u00f3 Perlaza.<\/span><\/p>\n<p style=\"text-align: justify\"><span style=\"font-family: helvetica, arial, sans-serif\">Al respecto agreg\u00f3: \"Estamos a la expectativa de que decisi\u00f3n se tome... Hay equipos que quiz\u00e1s, el caso de nosotros, no empezamos bien, nosotros tenemos el hambre de llegar con paso firme y poder estar en los lugares que debe estar <strong>Millonarios\".<\/strong><\/span><\/p>\n<p style=\"text-align: justify\"><span style=\"font-family: helvetica, arial, sans-serif\">Sobre el trabajo en casa y las recomendaciones del cuerpo t\u00e9cnico y m\u00e9dico azul, explic\u00f3. \"Siempre la comodidad es importante, pero toca buscar alternativas para mantenerse y no perder de la forma, debemos tomar esta situaci\u00f3n por el lado bueno... Cuidarnos en la parte de alimentaci\u00f3n, tratar de no descuidarse, en cualquier momento te cuesta. Vamos por buen camino, confiando en Dios que al menos podamos volver a entrenar\".<\/span><\/p>\n<p style=\"text-align: justify\"><span style=\"font-family: helvetica, arial, sans-serif\">El cartagenero a\u00f1adi\u00f3 sobre esta crisis sanitaria que azota al pa\u00eds: \"Lo m\u00e1s importante es que se tengan en cuenta los protocolos para que esto no pase a mayores y podamos convivir y hacer lo que m\u00e1s nos gusta\".<\/span><\/p>\n<p style=\"text-align: justify\"><span style=\"font-family: helvetica, arial, sans-serif\">Perlaza ha disputado nueve partidos con Millonarios en el presente campeonato, siete por la <strong>Liga<\/strong> y dos por la <strong>Copa Sudamericana.<\/strong><\/span><\/p>\n","protected":false},"excerpt":{"rendered":"<p>(Elvis Perlaza en entrevista con F\u00fatbol Hoy) Elvis Perlaza, lateral de Millonarios, asegur\u00f3 en di\u00e1logo con F\u00fatbol Hoy que \u00e9l y sus compa\u00f1eros trabajan fuertemente para el regreso del campeonato colombiano y que sin importar la decisi\u00f3n que se tome, si continuar con la Liga ya en curso o terminarla e iniciar una nueva, lo [&hellip;]<\/p>\n","protected":false},"author":5,"featured_media":50757,"comment_status":"open","ping_status":"open","sticky":false,"template":"","format":"video","meta":{"_acf_changed":false,"footnotes":""},"categories":[7],"tags":[1840,279,148],"class_list":{"0":"post-50755","1":"post","2":"type-post","3":"status-publish","4":"format-video","5":"has-post-thumbnail","7":"category-liga-betplay","8":"tag-elvis-perlaza","9":"tag-liga","10":"tag-millonarios","11":"post_format-post-format-video"},"acf":[],"yoast_head":"<!-- This site is optimized with the Yoast SEO plugin v26.8 - https:\/\/yoast.com\/product\/yoast-seo-wordpress\/ -->\n<title>Esperamos volver, no importa el tipo de torneo: Perlaza -<\/title>\n<meta name=\"robots\" content=\"index, follow, max-snippet:-1, max-image-preview:large, max-video-preview:-1\" \/>\n<link rel=\"canonical\" href=\"https:\/\/futbolhoy.co\/index.php\/2020\/05\/04\/esperamos-volver-no-importa-el-tipo-de-torneo-perlaza\/\" \/>\n<meta property=\"og:locale\" content=\"es_ES\" \/>\n<meta property=\"og:type\" content=\"article\" \/>\n<meta property=\"og:title\" content=\"Esperamos volver, no importa el tipo de torneo: Perlaza -\" \/>\n<meta property=\"og:description\" content=\"(Elvis Perlaza en entrevista con F\u00fatbol Hoy) Elvis Perlaza, lateral de Millonarios, asegur\u00f3 en di\u00e1logo con F\u00fatbol Hoy que \u00e9l y sus compa\u00f1eros trabajan fuertemente para el regreso del campeonato colombiano y que sin importar la decisi\u00f3n que se tome, si continuar con la Liga ya en curso o terminarla e iniciar una nueva, lo [&hellip;]\" \/>\n<meta property=\"og:url\" content=\"https:\/\/futbolhoy.co\/index.php\/2020\/05\/04\/esperamos-volver-no-importa-el-tipo-de-torneo-perlaza\/\" \/>\n<meta property=\"article:publisher\" content=\"https:\/\/www.facebook.com\/FutbolHoyCol\/\" \/>\n<meta property=\"article:published_time\" content=\"2020-05-04T14:18:38+00:00\" \/>\n<meta property=\"article:modified_time\" content=\"2020-05-05T13:06:53+00:00\" \/>\n<meta property=\"og:image\" content=\"https:\/\/futbolhoy.co\/wp-content\/uploads\/2020\/05\/perlaza-3eb7e80966d5911efc1d706ba3777899-1200x600-1.jpg\" \/>\n\t<meta property=\"og:image:width\" content=\"1200\" \/>\n\t<meta property=\"og:image:height\" content=\"600\" \/>\n\t<meta property=\"og:image:type\" content=\"image\/jpeg\" \/>\n<meta name=\"author\" content=\"Laura Hern\u00e1ndez\" \/>\n<meta name=\"twitter:card\" content=\"summary_large_image\" \/>\n<meta name=\"twitter:creator\" content=\"@FutbolHoyCol\" \/>\n<meta name=\"twitter:site\" content=\"@FutbolHoyCol\" \/>\n<meta name=\"twitter:label1\" content=\"Escrito por\" \/>\n\t<meta name=\"twitter:data1\" content=\"Laura Hern\u00e1ndez\" \/>\n\t<meta name=\"twitter:label2\" content=\"Tiempo de lectura\" \/>\n\t<meta name=\"twitter:data2\" content=\"2 minutos\" \/>\n<script type=\"application\/ld+json\" class=\"yoast-schema-graph\">{\"@context\":\"https:\/\/schema.org\",\"@graph\":[{\"@type\":\"Article\",\"@id\":\"https:\/\/futbolhoy.co\/index.php\/2020\/05\/04\/esperamos-volver-no-importa-el-tipo-de-torneo-perlaza\/#article\",\"isPartOf\":{\"@id\":\"https:\/\/futbolhoy.co\/index.php\/2020\/05\/04\/esperamos-volver-no-importa-el-tipo-de-torneo-perlaza\/\"},\"author\":{\"name\":\"Laura Hern\u00e1ndez\",\"@id\":\"https:\/\/futbolhoy.co\/#\/schema\/person\/c4a353a512b127643723a34bb1812f7d\"},\"headline\":\"Esperamos volver, no importa el tipo de torneo: Perlaza\",\"datePublished\":\"2020-05-04T14:18:38+00:00\",\"dateModified\":\"2020-05-05T13:06:53+00:00\",\"mainEntityOfPage\":{\"@id\":\"https:\/\/futbolhoy.co\/index.php\/2020\/05\/04\/esperamos-volver-no-importa-el-tipo-de-torneo-perlaza\/\"},\"wordCount\":328,\"commentCount\":0,\"publisher\":{\"@id\":\"https:\/\/futbolhoy.co\/#organization\"},\"image\":{\"@id\":\"https:\/\/futbolhoy.co\/index.php\/2020\/05\/04\/esperamos-volver-no-importa-el-tipo-de-torneo-perlaza\/#primaryimage\"},\"thumbnailUrl\":\"https:\/\/futbolhoy.co\/wp-content\/uploads\/2020\/05\/perlaza-3eb7e80966d5911efc1d706ba3777899-1200x600-1.jpg\",\"keywords\":[\"Elvis Perlaza\",\"liga\",\"Millonarios\"],\"articleSection\":[\"Liga BetPlay\"],\"inLanguage\":\"es\",\"potentialAction\":[{\"@type\":\"CommentAction\",\"name\":\"Comment\",\"target\":[\"https:\/\/futbolhoy.co\/index.php\/2020\/05\/04\/esperamos-volver-no-importa-el-tipo-de-torneo-perlaza\/#respond\"]}]},{\"@type\":\"WebPage\",\"@id\":\"https:\/\/futbolhoy.co\/index.php\/2020\/05\/04\/esperamos-volver-no-importa-el-tipo-de-torneo-perlaza\/\",\"url\":\"https:\/\/futbolhoy.co\/index.php\/2020\/05\/04\/esperamos-volver-no-importa-el-tipo-de-torneo-perlaza\/\",\"name\":\"Esperamos volver, no importa el tipo de torneo: Perlaza -\",\"isPartOf\":{\"@id\":\"https:\/\/futbolhoy.co\/#website\"},\"primaryImageOfPage\":{\"@id\":\"https:\/\/futbolhoy.co\/index.php\/2020\/05\/04\/esperamos-volver-no-importa-el-tipo-de-torneo-perlaza\/#primaryimage\"},\"image\":{\"@id\":\"https:\/\/futbolhoy.co\/index.php\/2020\/05\/04\/esperamos-volver-no-importa-el-tipo-de-torneo-perlaza\/#primaryimage\"},\"thumbnailUrl\":\"https:\/\/futbolhoy.co\/wp-content\/uploads\/2020\/05\/perlaza-3eb7e80966d5911efc1d706ba3777899-1200x600-1.jpg\",\"datePublished\":\"2020-05-04T14:18:38+00:00\",\"dateModified\":\"2020-05-05T13:06:53+00:00\",\"breadcrumb\":{\"@id\":\"https:\/\/futbolhoy.co\/index.php\/2020\/05\/04\/esperamos-volver-no-importa-el-tipo-de-torneo-perlaza\/#breadcrumb\"},\"inLanguage\":\"es\",\"potentialAction\":[{\"@type\":\"ReadAction\",\"target\":[\"https:\/\/futbolhoy.co\/index.php\/2020\/05\/04\/esperamos-volver-no-importa-el-tipo-de-torneo-perlaza\/\"]}]},{\"@type\":\"ImageObject\",\"inLanguage\":\"es\",\"@id\":\"https:\/\/futbolhoy.co\/index.php\/2020\/05\/04\/esperamos-volver-no-importa-el-tipo-de-torneo-perlaza\/#primaryimage\",\"url\":\"https:\/\/futbolhoy.co\/wp-content\/uploads\/2020\/05\/perlaza-3eb7e80966d5911efc1d706ba3777899-1200x600-1.jpg\",\"contentUrl\":\"https:\/\/futbolhoy.co\/wp-content\/uploads\/2020\/05\/perlaza-3eb7e80966d5911efc1d706ba3777899-1200x600-1.jpg\",\"width\":1200,\"height\":600},{\"@type\":\"BreadcrumbList\",\"@id\":\"https:\/\/futbolhoy.co\/index.php\/2020\/05\/04\/esperamos-volver-no-importa-el-tipo-de-torneo-perlaza\/#breadcrumb\",\"itemListElement\":[{\"@type\":\"ListItem\",\"position\":1,\"name\":\"Portada\",\"item\":\"https:\/\/futbolhoy.co\/\"},{\"@type\":\"ListItem\",\"position\":2,\"name\":\"Esperamos volver, no importa el tipo de torneo: Perlaza\"}]},{\"@type\":\"WebSite\",\"@id\":\"https:\/\/futbolhoy.co\/#website\",\"url\":\"https:\/\/futbolhoy.co\/\",\"name\":\"FutbolHoy\",\"description\":\"\",\"publisher\":{\"@id\":\"https:\/\/futbolhoy.co\/#organization\"},\"potentialAction\":[{\"@type\":\"SearchAction\",\"target\":{\"@type\":\"EntryPoint\",\"urlTemplate\":\"https:\/\/futbolhoy.co\/?s={search_term_string}\"},\"query-input\":{\"@type\":\"PropertyValueSpecification\",\"valueRequired\":true,\"valueName\":\"search_term_string\"}}],\"inLanguage\":\"es\"},{\"@type\":\"Organization\",\"@id\":\"https:\/\/futbolhoy.co\/#organization\",\"name\":\"Futbolhoy.co\",\"url\":\"https:\/\/futbolhoy.co\/\",\"logo\":{\"@type\":\"ImageObject\",\"inLanguage\":\"es\",\"@id\":\"https:\/\/futbolhoy.co\/#\/schema\/logo\/image\/\",\"url\":\"https:\/\/futbolhoy.co\/wp-content\/uploads\/2018\/08\/17426380_1906371736249227_6326180412931521141_n.jpg\",\"contentUrl\":\"https:\/\/futbolhoy.co\/wp-content\/uploads\/2018\/08\/17426380_1906371736249227_6326180412931521141_n.jpg\",\"width\":960,\"height\":960,\"caption\":\"Futbolhoy.co\"},\"image\":{\"@id\":\"https:\/\/futbolhoy.co\/#\/schema\/logo\/image\/\"},\"sameAs\":[\"https:\/\/www.facebook.com\/FutbolHoyCol\/\",\"https:\/\/x.com\/FutbolHoyCol\",\"https:\/\/www.instagram.com\/futbolhoycol\/\"]},{\"@type\":\"Person\",\"@id\":\"https:\/\/futbolhoy.co\/#\/schema\/person\/c4a353a512b127643723a34bb1812f7d\",\"name\":\"Laura Hern\u00e1ndez\",\"image\":{\"@type\":\"ImageObject\",\"inLanguage\":\"es\",\"@id\":\"https:\/\/futbolhoy.co\/#\/schema\/person\/image\/\",\"url\":\"https:\/\/secure.gravatar.com\/avatar\/d25959a15b9b293a743f99181c7cfd01?s=96&d=mm&r=g\",\"contentUrl\":\"https:\/\/secure.gravatar.com\/avatar\/d25959a15b9b293a743f99181c7cfd01?s=96&d=mm&r=g\",\"caption\":\"Laura Hern\u00e1ndez\"}}]}<\/script>\n<!-- \/ Yoast SEO plugin. -->","yoast_head_json":{"title":"Esperamos volver, no importa el tipo de torneo: Perlaza -","robots":{"index":"index","follow":"follow","max-snippet":"max-snippet:-1","max-image-preview":"max-image-preview:large","max-video-preview":"max-video-preview:-1"},"canonical":"https:\/\/futbolhoy.co\/index.php\/2020\/05\/04\/esperamos-volver-no-importa-el-tipo-de-torneo-perlaza\/","og_locale":"es_ES","og_type":"article","og_title":"Esperamos volver, no importa el tipo de torneo: Perlaza -","og_description":"(Elvis Perlaza en entrevista con F\u00fatbol Hoy) Elvis Perlaza, lateral de Millonarios, asegur\u00f3 en di\u00e1logo con F\u00fatbol Hoy que \u00e9l y sus compa\u00f1eros trabajan fuertemente para el regreso del campeonato colombiano y que sin importar la decisi\u00f3n que se tome, si continuar con la Liga ya en curso o terminarla e iniciar una nueva, lo [&hellip;]","og_url":"https:\/\/futbolhoy.co\/index.php\/2020\/05\/04\/esperamos-volver-no-importa-el-tipo-de-torneo-perlaza\/","article_publisher":"https:\/\/www.facebook.com\/FutbolHoyCol\/","article_published_time":"2020-05-04T14:18:38+00:00","article_modified_time":"2020-05-05T13:06:53+00:00","og_image":[{"width":1200,"height":600,"url":"https:\/\/futbolhoy.co\/wp-content\/uploads\/2020\/05\/perlaza-3eb7e80966d5911efc1d706ba3777899-1200x600-1.jpg","type":"image\/jpeg"}],"author":"Laura Hern\u00e1ndez","twitter_card":"summary_large_image","twitter_creator":"@FutbolHoyCol","twitter_site":"@FutbolHoyCol","twitter_misc":{"Escrito por":"Laura Hern\u00e1ndez","Tiempo de lectura":"2 minutos"},"schema":{"@context":"https:\/\/schema.org","@graph":[{"@type":"Article","@id":"https:\/\/futbolhoy.co\/index.php\/2020\/05\/04\/esperamos-volver-no-importa-el-tipo-de-torneo-perlaza\/#article","isPartOf":{"@id":"https:\/\/futbolhoy.co\/index.php\/2020\/05\/04\/esperamos-volver-no-importa-el-tipo-de-torneo-perlaza\/"},"author":{"name":"Laura Hern\u00e1ndez","@id":"https:\/\/futbolhoy.co\/#\/schema\/person\/c4a353a512b127643723a34bb1812f7d"},"headline":"Esperamos volver, no importa el tipo de torneo: Perlaza","datePublished":"2020-05-04T14:18:38+00:00","dateModified":"2020-05-05T13:06:53+00:00","mainEntityOfPage":{"@id":"https:\/\/futbolhoy.co\/index.php\/2020\/05\/04\/esperamos-volver-no-importa-el-tipo-de-torneo-perlaza\/"},"wordCount":328,"commentCount":0,"publisher":{"@id":"https:\/\/futbolhoy.co\/#organization"},"image":{"@id":"https:\/\/futbolhoy.co\/index.php\/2020\/05\/04\/esperamos-volver-no-importa-el-tipo-de-torneo-perlaza\/#primaryimage"},"thumbnailUrl":"https:\/\/futbolhoy.co\/wp-content\/uploads\/2020\/05\/perlaza-3eb7e80966d5911efc1d706ba3777899-1200x600-1.jpg","keywords":["Elvis Perlaza","liga","Millonarios"],"articleSection":["Liga BetPlay"],"inLanguage":"es","potentialAction":[{"@type":"CommentAction","name":"Comment","target":["https:\/\/futbolhoy.co\/index.php\/2020\/05\/04\/esperamos-volver-no-importa-el-tipo-de-torneo-perlaza\/#respond"]}]},{"@type":"WebPage","@id":"https:\/\/futbolhoy.co\/index.php\/2020\/05\/04\/esperamos-volver-no-importa-el-tipo-de-torneo-perlaza\/","url":"https:\/\/futbolhoy.co\/index.php\/2020\/05\/04\/esperamos-volver-no-importa-el-tipo-de-torneo-perlaza\/","name":"Esperamos volver, no importa el tipo de torneo: Perlaza -","isPartOf":{"@id":"https:\/\/futbolhoy.co\/#website"},"primaryImageOfPage":{"@id":"https:\/\/futbolhoy.co\/index.php\/2020\/05\/04\/esperamos-volver-no-importa-el-tipo-de-torneo-perlaza\/#primaryimage"},"image":{"@id":"https:\/\/futbolhoy.co\/index.php\/2020\/05\/04\/esperamos-volver-no-importa-el-tipo-de-torneo-perlaza\/#primaryimage"},"thumbnailUrl":"https:\/\/futbolhoy.co\/wp-content\/uploads\/2020\/05\/perlaza-3eb7e80966d5911efc1d706ba3777899-1200x600-1.jpg","datePublished":"2020-05-04T14:18:38+00:00","dateModified":"2020-05-05T13:06:53+00:00","breadcrumb":{"@id":"https:\/\/futbolhoy.co\/index.php\/2020\/05\/04\/esperamos-volver-no-importa-el-tipo-de-torneo-perlaza\/#breadcrumb"},"inLanguage":"es","potentialAction":[{"@type":"ReadAction","target":["https:\/\/futbolhoy.co\/index.php\/2020\/05\/04\/esperamos-volver-no-importa-el-tipo-de-torneo-perlaza\/"]}]},{"@type":"ImageObject","inLanguage":"es","@id":"https:\/\/futbolhoy.co\/index.php\/2020\/05\/04\/esperamos-volver-no-importa-el-tipo-de-torneo-perlaza\/#primaryimage","url":"https:\/\/futbolhoy.co\/wp-content\/uploads\/2020\/05\/perlaza-3eb7e80966d5911efc1d706ba3777899-1200x600-1.jpg","contentUrl":"https:\/\/futbolhoy.co\/wp-content\/uploads\/2020\/05\/perlaza-3eb7e80966d5911efc1d706ba3777899-1200x600-1.jpg","width":1200,"height":600},{"@type":"BreadcrumbList","@id":"https:\/\/futbolhoy.co\/index.php\/2020\/05\/04\/esperamos-volver-no-importa-el-tipo-de-torneo-perlaza\/#breadcrumb","itemListElement":[{"@type":"ListItem","position":1,"name":"Portada","item":"https:\/\/futbolhoy.co\/"},{"@type":"ListItem","position":2,"name":"Esperamos volver, no importa el tipo de torneo: Perlaza"}]},{"@type":"WebSite","@id":"https:\/\/futbolhoy.co\/#website","url":"https:\/\/futbolhoy.co\/","name":"FutbolHoy","description":"","publisher":{"@id":"https:\/\/futbolhoy.co\/#organization"},"potentialAction":[{"@type":"SearchAction","target":{"@type":"EntryPoint","urlTemplate":"https:\/\/futbolhoy.co\/?s={search_term_string}"},"query-input":{"@type":"PropertyValueSpecification","valueRequired":true,"valueName":"search_term_string"}}],"inLanguage":"es"},{"@type":"Organization","@id":"https:\/\/futbolhoy.co\/#organization","name":"Futbolhoy.co","url":"https:\/\/futbolhoy.co\/","logo":{"@type":"ImageObject","inLanguage":"es","@id":"https:\/\/futbolhoy.co\/#\/schema\/logo\/image\/","url":"https:\/\/futbolhoy.co\/wp-content\/uploads\/2018\/08\/17426380_1906371736249227_6326180412931521141_n.jpg","contentUrl":"https:\/\/futbolhoy.co\/wp-content\/uploads\/2018\/08\/17426380_1906371736249227_6326180412931521141_n.jpg","width":960,"height":960,"caption":"Futbolhoy.co"},"image":{"@id":"https:\/\/futbolhoy.co\/#\/schema\/logo\/image\/"},"sameAs":["https:\/\/www.facebook.com\/FutbolHoyCol\/","https:\/\/x.com\/FutbolHoyCol","https:\/\/www.instagram.com\/futbolhoycol\/"]},{"@type":"Person","@id":"https:\/\/futbolhoy.co\/#\/schema\/person\/c4a353a512b127643723a34bb1812f7d","name":"Laura Hern\u00e1ndez","image":{"@type":"ImageObject","inLanguage":"es","@id":"https:\/\/futbolhoy.co\/#\/schema\/person\/image\/","url":"https:\/\/secure.gravatar.com\/avatar\/d25959a15b9b293a743f99181c7cfd01?s=96&d=mm&r=g","contentUrl":"https:\/\/secure.gravatar.com\/avatar\/d25959a15b9b293a743f99181c7cfd01?s=96&d=mm&r=g","caption":"Laura Hern\u00e1ndez"}}]}},"publishpress_future_action":{"enabled":false,"date":"2026-05-05 02:15:36","action":"change-status","newStatus":"draft","terms":[],"taxonomy":"category","extraData":[]},"publishpress_future_workflow_manual_trigger":{"enabledWorkflows":[]},"_links":{"self":[{"href":"https:\/\/futbolhoy.co\/index.php\/wp-json\/wp\/v2\/posts\/50755","targetHints":{"allow":["GET"]}}],"collection":[{"href":"https:\/\/futbolhoy.co\/index.php\/wp-json\/wp\/v2\/posts"}],"about":[{"href":"https:\/\/futbolhoy.co\/index.php\/wp-json\/wp\/v2\/types\/post"}],"author":[{"embeddable":true,"href":"https:\/\/futbolhoy.co\/index.php\/wp-json\/wp\/v2\/users\/5"}],"replies":[{"embeddable":true,"href":"https:\/\/futbolhoy.co\/index.php\/wp-json\/wp\/v2\/comments?post=50755"}],"version-history":[{"count":2,"href":"https:\/\/futbolhoy.co\/index.php\/wp-json\/wp\/v2\/posts\/50755\/revisions"}],"predecessor-version":[{"id":50759,"href":"https:\/\/futbolhoy.co\/index.php\/wp-json\/wp\/v2\/posts\/50755\/revisions\/50759"}],"wp:featuredmedia":[{"embeddable":true,"href":"https:\/\/futbolhoy.co\/index.php\/wp-json\/wp\/v2\/media\/50757"}],"wp:attachment":[{"href":"https:\/\/futbolhoy.co\/index.php\/wp-json\/wp\/v2\/media?parent=50755"}],"wp:term":[{"taxonomy":"category","embeddable":true,"href":"https:\/\/futbolhoy.co\/index.php\/wp-json\/wp\/v2\/categories?post=50755"},{"taxonomy":"post_tag","embeddable":true,"href":"https:\/\/futbolhoy.co\/index.php\/wp-json\/wp\/v2\/tags?post=50755"}],"curies":[{"name":"wp","href":"https:\/\/api.w.org\/{rel}","templated":true}]}}