{"id":50760,"date":"2020-05-04T09:00:37","date_gmt":"2020-05-04T14:00:37","guid":{"rendered":"https:\/\/futbolhoy.co\/?p=50760"},"modified":"2020-05-04T17:46:53","modified_gmt":"2020-05-04T22:46:53","slug":"barcelona-dejaria-ir-a-luis-suarez","status":"publish","type":"post","link":"https:\/\/futbolhoy.co\/index.php\/2020\/05\/04\/barcelona-dejaria-ir-a-luis-suarez\/","title":{"rendered":"Barcelona dejar\u00eda ir a Luis Su\u00e1rez"},"content":{"rendered":"<p class=\"x_ydpec60e45fMsoNormal\" style=\"text-align: justify\"><span style=\"font-family: helvetica, arial, sans-serif\">El futuro deportivo del uruguayo <strong>Luis Su\u00e1rez<\/strong> ser\u00eda el f\u00fatbol de <strong>Estados Unidos<\/strong>, luego que trascendiera que <strong>Barcelona<\/strong> lo dejar\u00eda salir para recuperarse econ\u00f3micamente debido a la pandemia.<\/span><\/p>\n<p class=\"x_ydpec60e45fMsoNormal\" style=\"text-align: justify\"><span style=\"font-family: helvetica, arial, sans-serif\">El equipo catal\u00e1n estar\u00eda dispuesto a escuchar ofertas por el delantero, ya que requiere unos 100 millones de euros para aliviar sus finanzas, seg\u00fan el diario brit\u00e1nico, <em>The Sun<\/em>.<\/span><\/p>\n<p class=\"x_ydpec60e45fMsoNormal\" style=\"text-align: justify\"><span style=\"font-family: helvetica, arial, sans-serif\">Su\u00e1rez podr\u00eda llegar al <strong>Inter Miami,<\/strong> donde <strong>David Beckham<\/strong> busca un futbolista que encabece su proyecto en la temporada y el uruguayo ya hab\u00eda estado en la \u00f3rbita del equipo de <strong>La Florida,<\/strong> anot\u00f3 <em>AS<\/em> en su edici\u00f3n de Estados Unidos.<\/span><\/p>\n<p class=\"x_ydpec60e45fMsoNormal\" style=\"text-align: justify\"><span style=\"font-family: helvetica, arial, sans-serif\">Una eventual salida de Su\u00e1rez podr\u00eda facilitar la llegada del delantero argentino <strong>Lautaro Mart\u00ednez,<\/strong> quien se le ha vinculado con el equipo espa\u00f1ol, que tambi\u00e9n analiza el regreso de <strong>Neymar.<\/strong><\/span><\/p>\n<p class=\"x_ydpec60e45fMsoNormal\" style=\"text-align: justify\"><span style=\"font-family: helvetica, arial, sans-serif\">\u00a0\u201cLa MLS es una liga que atrae, Estados Unidos es una linda posibilidad, dijo Su\u00e1rez hace algunos d\u00edas sobre esa opci\u00f3n para su retiro.<\/span><\/p>\n","protected":false},"excerpt":{"rendered":"<p>El futuro deportivo del uruguayo Luis Su\u00e1rez ser\u00eda el f\u00fatbol de Estados Unidos, luego que trascendiera que Barcelona lo dejar\u00eda salir para recuperarse econ\u00f3micamente debido a la pandemia. El equipo catal\u00e1n estar\u00eda dispuesto a escuchar ofertas por el delantero, ya que requiere unos 100 millones de euros para aliviar sus finanzas, seg\u00fan el diario brit\u00e1nico, [&hellip;]<\/p>\n","protected":false},"author":5,"featured_media":35309,"comment_status":"open","ping_status":"open","sticky":false,"template":"","format":"standard","meta":{"_acf_changed":false,"footnotes":""},"categories":[152],"tags":[722,1820,356],"class_list":{"0":"post-50760","1":"post","2":"type-post","3":"status-publish","4":"format-standard","5":"has-post-thumbnail","7":"category-mundo-futbol","8":"tag-barcelona","9":"tag-inter-miami","10":"tag-luis-suarez"},"acf":[],"yoast_head":"<!-- This site is optimized with the Yoast SEO plugin v26.8 - https:\/\/yoast.com\/product\/yoast-seo-wordpress\/ -->\n<title>Barcelona dejar\u00eda ir a Luis Su\u00e1rez -<\/title>\n<meta name=\"robots\" content=\"index, follow, max-snippet:-1, max-image-preview:large, max-video-preview:-1\" \/>\n<link rel=\"canonical\" href=\"https:\/\/futbolhoy.co\/index.php\/2020\/05\/04\/barcelona-dejaria-ir-a-luis-suarez\/\" \/>\n<meta property=\"og:locale\" content=\"es_ES\" \/>\n<meta property=\"og:type\" content=\"article\" \/>\n<meta property=\"og:title\" content=\"Barcelona dejar\u00eda ir a Luis Su\u00e1rez -\" \/>\n<meta property=\"og:description\" content=\"El futuro deportivo del uruguayo Luis Su\u00e1rez ser\u00eda el f\u00fatbol de Estados Unidos, luego que trascendiera que Barcelona lo dejar\u00eda salir para recuperarse econ\u00f3micamente debido a la pandemia. El equipo catal\u00e1n estar\u00eda dispuesto a escuchar ofertas por el delantero, ya que requiere unos 100 millones de euros para aliviar sus finanzas, seg\u00fan el diario brit\u00e1nico, [&hellip;]\" \/>\n<meta property=\"og:url\" content=\"https:\/\/futbolhoy.co\/index.php\/2020\/05\/04\/barcelona-dejaria-ir-a-luis-suarez\/\" \/>\n<meta property=\"article:publisher\" content=\"https:\/\/www.facebook.com\/FutbolHoyCol\/\" \/>\n<meta property=\"article:published_time\" content=\"2020-05-04T14:00:37+00:00\" \/>\n<meta property=\"article:modified_time\" content=\"2020-05-04T22:46:53+00:00\" \/>\n<meta property=\"og:image\" content=\"https:\/\/futbolhoy.co\/wp-content\/uploads\/2019\/05\/D6I_zhEWsAA4qyU.png\" \/>\n\t<meta property=\"og:image:width\" content=\"600\" \/>\n\t<meta property=\"og:image:height\" content=\"600\" \/>\n\t<meta property=\"og:image:type\" content=\"image\/png\" \/>\n<meta name=\"author\" content=\"Laura Hern\u00e1ndez\" \/>\n<meta name=\"twitter:card\" content=\"summary_large_image\" \/>\n<meta name=\"twitter:creator\" content=\"@FutbolHoyCol\" \/>\n<meta name=\"twitter:site\" content=\"@FutbolHoyCol\" \/>\n<meta name=\"twitter:label1\" content=\"Escrito por\" \/>\n\t<meta name=\"twitter:data1\" content=\"Laura Hern\u00e1ndez\" \/>\n\t<meta name=\"twitter:label2\" content=\"Tiempo de lectura\" \/>\n\t<meta name=\"twitter:data2\" content=\"1 minuto\" \/>\n<script type=\"application\/ld+json\" class=\"yoast-schema-graph\">{\"@context\":\"https:\/\/schema.org\",\"@graph\":[{\"@type\":\"Article\",\"@id\":\"https:\/\/futbolhoy.co\/index.php\/2020\/05\/04\/barcelona-dejaria-ir-a-luis-suarez\/#article\",\"isPartOf\":{\"@id\":\"https:\/\/futbolhoy.co\/index.php\/2020\/05\/04\/barcelona-dejaria-ir-a-luis-suarez\/\"},\"author\":{\"name\":\"Laura Hern\u00e1ndez\",\"@id\":\"https:\/\/futbolhoy.co\/#\/schema\/person\/c4a353a512b127643723a34bb1812f7d\"},\"headline\":\"Barcelona dejar\u00eda ir a Luis Su\u00e1rez\",\"datePublished\":\"2020-05-04T14:00:37+00:00\",\"dateModified\":\"2020-05-04T22:46:53+00:00\",\"mainEntityOfPage\":{\"@id\":\"https:\/\/futbolhoy.co\/index.php\/2020\/05\/04\/barcelona-dejaria-ir-a-luis-suarez\/\"},\"wordCount\":180,\"commentCount\":0,\"publisher\":{\"@id\":\"https:\/\/futbolhoy.co\/#organization\"},\"image\":{\"@id\":\"https:\/\/futbolhoy.co\/index.php\/2020\/05\/04\/barcelona-dejaria-ir-a-luis-suarez\/#primaryimage\"},\"thumbnailUrl\":\"https:\/\/futbolhoy.co\/wp-content\/uploads\/2019\/05\/D6I_zhEWsAA4qyU.png\",\"keywords\":[\"Barcelona\",\"inter Miami\",\"Luis Suarez\"],\"articleSection\":[\"Mundo Futbol\"],\"inLanguage\":\"es\",\"potentialAction\":[{\"@type\":\"CommentAction\",\"name\":\"Comment\",\"target\":[\"https:\/\/futbolhoy.co\/index.php\/2020\/05\/04\/barcelona-dejaria-ir-a-luis-suarez\/#respond\"]}]},{\"@type\":\"WebPage\",\"@id\":\"https:\/\/futbolhoy.co\/index.php\/2020\/05\/04\/barcelona-dejaria-ir-a-luis-suarez\/\",\"url\":\"https:\/\/futbolhoy.co\/index.php\/2020\/05\/04\/barcelona-dejaria-ir-a-luis-suarez\/\",\"name\":\"Barcelona dejar\u00eda ir a Luis Su\u00e1rez -\",\"isPartOf\":{\"@id\":\"https:\/\/futbolhoy.co\/#website\"},\"primaryImageOfPage\":{\"@id\":\"https:\/\/futbolhoy.co\/index.php\/2020\/05\/04\/barcelona-dejaria-ir-a-luis-suarez\/#primaryimage\"},\"image\":{\"@id\":\"https:\/\/futbolhoy.co\/index.php\/2020\/05\/04\/barcelona-dejaria-ir-a-luis-suarez\/#primaryimage\"},\"thumbnailUrl\":\"https:\/\/futbolhoy.co\/wp-content\/uploads\/2019\/05\/D6I_zhEWsAA4qyU.png\",\"datePublished\":\"2020-05-04T14:00:37+00:00\",\"dateModified\":\"2020-05-04T22:46:53+00:00\",\"breadcrumb\":{\"@id\":\"https:\/\/futbolhoy.co\/index.php\/2020\/05\/04\/barcelona-dejaria-ir-a-luis-suarez\/#breadcrumb\"},\"inLanguage\":\"es\",\"potentialAction\":[{\"@type\":\"ReadAction\",\"target\":[\"https:\/\/futbolhoy.co\/index.php\/2020\/05\/04\/barcelona-dejaria-ir-a-luis-suarez\/\"]}]},{\"@type\":\"ImageObject\",\"inLanguage\":\"es\",\"@id\":\"https:\/\/futbolhoy.co\/index.php\/2020\/05\/04\/barcelona-dejaria-ir-a-luis-suarez\/#primaryimage\",\"url\":\"https:\/\/futbolhoy.co\/wp-content\/uploads\/2019\/05\/D6I_zhEWsAA4qyU.png\",\"contentUrl\":\"https:\/\/futbolhoy.co\/wp-content\/uploads\/2019\/05\/D6I_zhEWsAA4qyU.png\",\"width\":600,\"height\":600,\"caption\":\"Twitter @FCBarcelona_es\"},{\"@type\":\"BreadcrumbList\",\"@id\":\"https:\/\/futbolhoy.co\/index.php\/2020\/05\/04\/barcelona-dejaria-ir-a-luis-suarez\/#breadcrumb\",\"itemListElement\":[{\"@type\":\"ListItem\",\"position\":1,\"name\":\"Portada\",\"item\":\"https:\/\/futbolhoy.co\/\"},{\"@type\":\"ListItem\",\"position\":2,\"name\":\"Barcelona dejar\u00eda ir a Luis Su\u00e1rez\"}]},{\"@type\":\"WebSite\",\"@id\":\"https:\/\/futbolhoy.co\/#website\",\"url\":\"https:\/\/futbolhoy.co\/\",\"name\":\"FutbolHoy\",\"description\":\"\",\"publisher\":{\"@id\":\"https:\/\/futbolhoy.co\/#organization\"},\"potentialAction\":[{\"@type\":\"SearchAction\",\"target\":{\"@type\":\"EntryPoint\",\"urlTemplate\":\"https:\/\/futbolhoy.co\/?s={search_term_string}\"},\"query-input\":{\"@type\":\"PropertyValueSpecification\",\"valueRequired\":true,\"valueName\":\"search_term_string\"}}],\"inLanguage\":\"es\"},{\"@type\":\"Organization\",\"@id\":\"https:\/\/futbolhoy.co\/#organization\",\"name\":\"Futbolhoy.co\",\"url\":\"https:\/\/futbolhoy.co\/\",\"logo\":{\"@type\":\"ImageObject\",\"inLanguage\":\"es\",\"@id\":\"https:\/\/futbolhoy.co\/#\/schema\/logo\/image\/\",\"url\":\"https:\/\/futbolhoy.co\/wp-content\/uploads\/2018\/08\/17426380_1906371736249227_6326180412931521141_n.jpg\",\"contentUrl\":\"https:\/\/futbolhoy.co\/wp-content\/uploads\/2018\/08\/17426380_1906371736249227_6326180412931521141_n.jpg\",\"width\":960,\"height\":960,\"caption\":\"Futbolhoy.co\"},\"image\":{\"@id\":\"https:\/\/futbolhoy.co\/#\/schema\/logo\/image\/\"},\"sameAs\":[\"https:\/\/www.facebook.com\/FutbolHoyCol\/\",\"https:\/\/x.com\/FutbolHoyCol\",\"https:\/\/www.instagram.com\/futbolhoycol\/\"]},{\"@type\":\"Person\",\"@id\":\"https:\/\/futbolhoy.co\/#\/schema\/person\/c4a353a512b127643723a34bb1812f7d\",\"name\":\"Laura Hern\u00e1ndez\",\"image\":{\"@type\":\"ImageObject\",\"inLanguage\":\"es\",\"@id\":\"https:\/\/futbolhoy.co\/#\/schema\/person\/image\/\",\"url\":\"https:\/\/secure.gravatar.com\/avatar\/d25959a15b9b293a743f99181c7cfd01?s=96&d=mm&r=g\",\"contentUrl\":\"https:\/\/secure.gravatar.com\/avatar\/d25959a15b9b293a743f99181c7cfd01?s=96&d=mm&r=g\",\"caption\":\"Laura Hern\u00e1ndez\"}}]}<\/script>\n<!-- \/ Yoast SEO plugin. -->","yoast_head_json":{"title":"Barcelona dejar\u00eda ir a Luis Su\u00e1rez -","robots":{"index":"index","follow":"follow","max-snippet":"max-snippet:-1","max-image-preview":"max-image-preview:large","max-video-preview":"max-video-preview:-1"},"canonical":"https:\/\/futbolhoy.co\/index.php\/2020\/05\/04\/barcelona-dejaria-ir-a-luis-suarez\/","og_locale":"es_ES","og_type":"article","og_title":"Barcelona dejar\u00eda ir a Luis Su\u00e1rez -","og_description":"El futuro deportivo del uruguayo Luis Su\u00e1rez ser\u00eda el f\u00fatbol de Estados Unidos, luego que trascendiera que Barcelona lo dejar\u00eda salir para recuperarse econ\u00f3micamente debido a la pandemia. El equipo catal\u00e1n estar\u00eda dispuesto a escuchar ofertas por el delantero, ya que requiere unos 100 millones de euros para aliviar sus finanzas, seg\u00fan el diario brit\u00e1nico, [&hellip;]","og_url":"https:\/\/futbolhoy.co\/index.php\/2020\/05\/04\/barcelona-dejaria-ir-a-luis-suarez\/","article_publisher":"https:\/\/www.facebook.com\/FutbolHoyCol\/","article_published_time":"2020-05-04T14:00:37+00:00","article_modified_time":"2020-05-04T22:46:53+00:00","og_image":[{"width":600,"height":600,"url":"https:\/\/futbolhoy.co\/wp-content\/uploads\/2019\/05\/D6I_zhEWsAA4qyU.png","type":"image\/png"}],"author":"Laura Hern\u00e1ndez","twitter_card":"summary_large_image","twitter_creator":"@FutbolHoyCol","twitter_site":"@FutbolHoyCol","twitter_misc":{"Escrito por":"Laura Hern\u00e1ndez","Tiempo de lectura":"1 minuto"},"schema":{"@context":"https:\/\/schema.org","@graph":[{"@type":"Article","@id":"https:\/\/futbolhoy.co\/index.php\/2020\/05\/04\/barcelona-dejaria-ir-a-luis-suarez\/#article","isPartOf":{"@id":"https:\/\/futbolhoy.co\/index.php\/2020\/05\/04\/barcelona-dejaria-ir-a-luis-suarez\/"},"author":{"name":"Laura Hern\u00e1ndez","@id":"https:\/\/futbolhoy.co\/#\/schema\/person\/c4a353a512b127643723a34bb1812f7d"},"headline":"Barcelona dejar\u00eda ir a Luis Su\u00e1rez","datePublished":"2020-05-04T14:00:37+00:00","dateModified":"2020-05-04T22:46:53+00:00","mainEntityOfPage":{"@id":"https:\/\/futbolhoy.co\/index.php\/2020\/05\/04\/barcelona-dejaria-ir-a-luis-suarez\/"},"wordCount":180,"commentCount":0,"publisher":{"@id":"https:\/\/futbolhoy.co\/#organization"},"image":{"@id":"https:\/\/futbolhoy.co\/index.php\/2020\/05\/04\/barcelona-dejaria-ir-a-luis-suarez\/#primaryimage"},"thumbnailUrl":"https:\/\/futbolhoy.co\/wp-content\/uploads\/2019\/05\/D6I_zhEWsAA4qyU.png","keywords":["Barcelona","inter Miami","Luis Suarez"],"articleSection":["Mundo Futbol"],"inLanguage":"es","potentialAction":[{"@type":"CommentAction","name":"Comment","target":["https:\/\/futbolhoy.co\/index.php\/2020\/05\/04\/barcelona-dejaria-ir-a-luis-suarez\/#respond"]}]},{"@type":"WebPage","@id":"https:\/\/futbolhoy.co\/index.php\/2020\/05\/04\/barcelona-dejaria-ir-a-luis-suarez\/","url":"https:\/\/futbolhoy.co\/index.php\/2020\/05\/04\/barcelona-dejaria-ir-a-luis-suarez\/","name":"Barcelona dejar\u00eda ir a Luis Su\u00e1rez -","isPartOf":{"@id":"https:\/\/futbolhoy.co\/#website"},"primaryImageOfPage":{"@id":"https:\/\/futbolhoy.co\/index.php\/2020\/05\/04\/barcelona-dejaria-ir-a-luis-suarez\/#primaryimage"},"image":{"@id":"https:\/\/futbolhoy.co\/index.php\/2020\/05\/04\/barcelona-dejaria-ir-a-luis-suarez\/#primaryimage"},"thumbnailUrl":"https:\/\/futbolhoy.co\/wp-content\/uploads\/2019\/05\/D6I_zhEWsAA4qyU.png","datePublished":"2020-05-04T14:00:37+00:00","dateModified":"2020-05-04T22:46:53+00:00","breadcrumb":{"@id":"https:\/\/futbolhoy.co\/index.php\/2020\/05\/04\/barcelona-dejaria-ir-a-luis-suarez\/#breadcrumb"},"inLanguage":"es","potentialAction":[{"@type":"ReadAction","target":["https:\/\/futbolhoy.co\/index.php\/2020\/05\/04\/barcelona-dejaria-ir-a-luis-suarez\/"]}]},{"@type":"ImageObject","inLanguage":"es","@id":"https:\/\/futbolhoy.co\/index.php\/2020\/05\/04\/barcelona-dejaria-ir-a-luis-suarez\/#primaryimage","url":"https:\/\/futbolhoy.co\/wp-content\/uploads\/2019\/05\/D6I_zhEWsAA4qyU.png","contentUrl":"https:\/\/futbolhoy.co\/wp-content\/uploads\/2019\/05\/D6I_zhEWsAA4qyU.png","width":600,"height":600,"caption":"Twitter @FCBarcelona_es"},{"@type":"BreadcrumbList","@id":"https:\/\/futbolhoy.co\/index.php\/2020\/05\/04\/barcelona-dejaria-ir-a-luis-suarez\/#breadcrumb","itemListElement":[{"@type":"ListItem","position":1,"name":"Portada","item":"https:\/\/futbolhoy.co\/"},{"@type":"ListItem","position":2,"name":"Barcelona dejar\u00eda ir a Luis Su\u00e1rez"}]},{"@type":"WebSite","@id":"https:\/\/futbolhoy.co\/#website","url":"https:\/\/futbolhoy.co\/","name":"FutbolHoy","description":"","publisher":{"@id":"https:\/\/futbolhoy.co\/#organization"},"potentialAction":[{"@type":"SearchAction","target":{"@type":"EntryPoint","urlTemplate":"https:\/\/futbolhoy.co\/?s={search_term_string}"},"query-input":{"@type":"PropertyValueSpecification","valueRequired":true,"valueName":"search_term_string"}}],"inLanguage":"es"},{"@type":"Organization","@id":"https:\/\/futbolhoy.co\/#organization","name":"Futbolhoy.co","url":"https:\/\/futbolhoy.co\/","logo":{"@type":"ImageObject","inLanguage":"es","@id":"https:\/\/futbolhoy.co\/#\/schema\/logo\/image\/","url":"https:\/\/futbolhoy.co\/wp-content\/uploads\/2018\/08\/17426380_1906371736249227_6326180412931521141_n.jpg","contentUrl":"https:\/\/futbolhoy.co\/wp-content\/uploads\/2018\/08\/17426380_1906371736249227_6326180412931521141_n.jpg","width":960,"height":960,"caption":"Futbolhoy.co"},"image":{"@id":"https:\/\/futbolhoy.co\/#\/schema\/logo\/image\/"},"sameAs":["https:\/\/www.facebook.com\/FutbolHoyCol\/","https:\/\/x.com\/FutbolHoyCol","https:\/\/www.instagram.com\/futbolhoycol\/"]},{"@type":"Person","@id":"https:\/\/futbolhoy.co\/#\/schema\/person\/c4a353a512b127643723a34bb1812f7d","name":"Laura Hern\u00e1ndez","image":{"@type":"ImageObject","inLanguage":"es","@id":"https:\/\/futbolhoy.co\/#\/schema\/person\/image\/","url":"https:\/\/secure.gravatar.com\/avatar\/d25959a15b9b293a743f99181c7cfd01?s=96&d=mm&r=g","contentUrl":"https:\/\/secure.gravatar.com\/avatar\/d25959a15b9b293a743f99181c7cfd01?s=96&d=mm&r=g","caption":"Laura Hern\u00e1ndez"}}]}},"publishpress_future_action":{"enabled":false,"date":"2026-05-04 20:02:12","action":"change-status","newStatus":"draft","terms":[],"taxonomy":"category","extraData":[]},"publishpress_future_workflow_manual_trigger":{"enabledWorkflows":[]},"_links":{"self":[{"href":"https:\/\/futbolhoy.co\/index.php\/wp-json\/wp\/v2\/posts\/50760","targetHints":{"allow":["GET"]}}],"collection":[{"href":"https:\/\/futbolhoy.co\/index.php\/wp-json\/wp\/v2\/posts"}],"about":[{"href":"https:\/\/futbolhoy.co\/index.php\/wp-json\/wp\/v2\/types\/post"}],"author":[{"embeddable":true,"href":"https:\/\/futbolhoy.co\/index.php\/wp-json\/wp\/v2\/users\/5"}],"replies":[{"embeddable":true,"href":"https:\/\/futbolhoy.co\/index.php\/wp-json\/wp\/v2\/comments?post=50760"}],"version-history":[{"count":1,"href":"https:\/\/futbolhoy.co\/index.php\/wp-json\/wp\/v2\/posts\/50760\/revisions"}],"predecessor-version":[{"id":50761,"href":"https:\/\/futbolhoy.co\/index.php\/wp-json\/wp\/v2\/posts\/50760\/revisions\/50761"}],"wp:featuredmedia":[{"embeddable":true,"href":"https:\/\/futbolhoy.co\/index.php\/wp-json\/wp\/v2\/media\/35309"}],"wp:attachment":[{"href":"https:\/\/futbolhoy.co\/index.php\/wp-json\/wp\/v2\/media?parent=50760"}],"wp:term":[{"taxonomy":"category","embeddable":true,"href":"https:\/\/futbolhoy.co\/index.php\/wp-json\/wp\/v2\/categories?post=50760"},{"taxonomy":"post_tag","embeddable":true,"href":"https:\/\/futbolhoy.co\/index.php\/wp-json\/wp\/v2\/tags?post=50760"}],"curies":[{"name":"wp","href":"https:\/\/api.w.org\/{rel}","templated":true}]}}