{"id":50762,"date":"2020-05-04T09:02:36","date_gmt":"2020-05-04T14:02:36","guid":{"rendered":"https:\/\/futbolhoy.co\/?p=50762"},"modified":"2020-05-05T07:59:29","modified_gmt":"2020-05-05T12:59:29","slug":"atletico-el-beneficiado-con-santos-borre","status":"publish","type":"post","link":"https:\/\/futbolhoy.co\/index.php\/2020\/05\/04\/atletico-el-beneficiado-con-santos-borre\/","title":{"rendered":"Atl\u00e9tico, el beneficiado con Santos Borr\u00e9"},"content":{"rendered":"<p style=\"text-align: justify\"><span style=\"font-family: helvetica, arial, sans-serif\">El valor de los derechos deportivos del barranquillero <strong>Rafael Santos Borr\u00e9<\/strong> no favorece a <strong>River Plate<\/strong> ante una futura venta al f\u00fatbol internacional, asegur\u00f3 el director deportivo del equipo argentino,<strong> Enzo Francescoli,<\/strong> al diario deportivo <em>Ol\u00e9.<\/em><\/span><\/p>\n<p style=\"text-align: justify\"><span style=\"font-family: helvetica, arial, sans-serif\"><strong>Atl\u00e9tico de Madrid<\/strong> y River, con el 50% cada uno, comparten el pase del colombiano y el equipo espa\u00f1ol podr\u00eda adquirir la totalidad por 7 millones de euros, precio que no beneficia al cuadro argentino tras su buen rendimiento en la temporada.<\/span><\/p>\n<p style=\"text-align: justify\"><span style=\"font-family: helvetica, arial, sans-serif\">\"Es parte del f\u00fatbol y de la econom\u00eda que tenemos en la <strong>Argentina,<\/strong> donde estamos distantes de otras econom\u00edas y donde tampoco el club pudo tener el suficiente bolsillo para comprar la otra parte de Rafa. Entonces, es algo que lo sabemos desde un principio. Yo ya elogi\u00e9 el comportamiento de Rafa en el mercado de verano, cuando <strong>Celta<\/strong> lo quiso y negoci\u00f3 con el Atl\u00e9tico. Se quiso quedar en el club, eso fue fant\u00e1stico y hoy est\u00e1 recibiendo lo que busc\u00f3: quedarse en el River y triunfar\", dijo Francescoli.<\/span><\/p>\n<p style=\"text-align: justify\"><span style=\"font-family: helvetica, arial, sans-serif\">Santos Borr\u00e9 termin\u00f3 como goleador de la <strong>Superliga<\/strong> con 12 tantos, torneo donde <strong>Boca Juniors<\/strong> alcanz\u00f3 el t\u00edtulo.<\/span><\/p>\n","protected":false},"excerpt":{"rendered":"<p>El valor de los derechos deportivos del barranquillero Rafael Santos Borr\u00e9 no favorece a River Plate ante una futura venta al f\u00fatbol internacional, asegur\u00f3 el director deportivo del equipo argentino, Enzo Francescoli, al diario deportivo Ol\u00e9. Atl\u00e9tico de Madrid y River, con el 50% cada uno, comparten el pase del colombiano y el equipo espa\u00f1ol [&hellip;]<\/p>\n","protected":false},"author":5,"featured_media":42283,"comment_status":"open","ping_status":"open","sticky":false,"template":"","format":"standard","meta":{"_acf_changed":false,"footnotes":""},"categories":[153],"tags":[905,588,84],"class_list":{"0":"post-50762","1":"post","2":"type-post","3":"status-publish","4":"format-standard","5":"has-post-thumbnail","7":"category-selecion-colombia","8":"tag-atletico-madrid","9":"tag-rafael-santos-borre","10":"tag-river-plate"},"acf":[],"yoast_head":"<!-- This site is optimized with the Yoast SEO plugin v26.8 - https:\/\/yoast.com\/product\/yoast-seo-wordpress\/ -->\n<title>Atl\u00e9tico, el beneficiado con Santos Borr\u00e9 -<\/title>\n<meta name=\"robots\" content=\"index, follow, max-snippet:-1, max-image-preview:large, max-video-preview:-1\" \/>\n<link rel=\"canonical\" href=\"https:\/\/futbolhoy.co\/index.php\/2020\/05\/04\/atletico-el-beneficiado-con-santos-borre\/\" \/>\n<meta property=\"og:locale\" content=\"es_ES\" \/>\n<meta property=\"og:type\" content=\"article\" \/>\n<meta property=\"og:title\" content=\"Atl\u00e9tico, el beneficiado con Santos Borr\u00e9 -\" \/>\n<meta property=\"og:description\" content=\"El valor de los derechos deportivos del barranquillero Rafael Santos Borr\u00e9 no favorece a River Plate ante una futura venta al f\u00fatbol internacional, asegur\u00f3 el director deportivo del equipo argentino, Enzo Francescoli, al diario deportivo Ol\u00e9. Atl\u00e9tico de Madrid y River, con el 50% cada uno, comparten el pase del colombiano y el equipo espa\u00f1ol [&hellip;]\" \/>\n<meta property=\"og:url\" content=\"https:\/\/futbolhoy.co\/index.php\/2020\/05\/04\/atletico-el-beneficiado-con-santos-borre\/\" \/>\n<meta property=\"article:publisher\" content=\"https:\/\/www.facebook.com\/FutbolHoyCol\/\" \/>\n<meta property=\"article:published_time\" content=\"2020-05-04T14:02:36+00:00\" \/>\n<meta property=\"article:modified_time\" content=\"2020-05-05T12:59:29+00:00\" \/>\n<meta property=\"og:image\" content=\"https:\/\/futbolhoy.co\/wp-content\/uploads\/2019\/10\/Borr\u00e9-q.jpg\" \/>\n\t<meta property=\"og:image:width\" content=\"1280\" \/>\n\t<meta property=\"og:image:height\" content=\"853\" \/>\n\t<meta property=\"og:image:type\" content=\"image\/jpeg\" \/>\n<meta name=\"author\" content=\"Laura Hern\u00e1ndez\" \/>\n<meta name=\"twitter:card\" content=\"summary_large_image\" \/>\n<meta name=\"twitter:creator\" content=\"@FutbolHoyCol\" \/>\n<meta name=\"twitter:site\" content=\"@FutbolHoyCol\" \/>\n<meta name=\"twitter:label1\" content=\"Escrito por\" \/>\n\t<meta name=\"twitter:data1\" content=\"Laura Hern\u00e1ndez\" \/>\n\t<meta name=\"twitter:label2\" content=\"Tiempo de lectura\" \/>\n\t<meta name=\"twitter:data2\" content=\"1 minuto\" \/>\n<script type=\"application\/ld+json\" class=\"yoast-schema-graph\">{\"@context\":\"https:\/\/schema.org\",\"@graph\":[{\"@type\":\"Article\",\"@id\":\"https:\/\/futbolhoy.co\/index.php\/2020\/05\/04\/atletico-el-beneficiado-con-santos-borre\/#article\",\"isPartOf\":{\"@id\":\"https:\/\/futbolhoy.co\/index.php\/2020\/05\/04\/atletico-el-beneficiado-con-santos-borre\/\"},\"author\":{\"name\":\"Laura Hern\u00e1ndez\",\"@id\":\"https:\/\/futbolhoy.co\/#\/schema\/person\/c4a353a512b127643723a34bb1812f7d\"},\"headline\":\"Atl\u00e9tico, el beneficiado con Santos Borr\u00e9\",\"datePublished\":\"2020-05-04T14:02:36+00:00\",\"dateModified\":\"2020-05-05T12:59:29+00:00\",\"mainEntityOfPage\":{\"@id\":\"https:\/\/futbolhoy.co\/index.php\/2020\/05\/04\/atletico-el-beneficiado-con-santos-borre\/\"},\"wordCount\":200,\"commentCount\":0,\"publisher\":{\"@id\":\"https:\/\/futbolhoy.co\/#organization\"},\"image\":{\"@id\":\"https:\/\/futbolhoy.co\/index.php\/2020\/05\/04\/atletico-el-beneficiado-con-santos-borre\/#primaryimage\"},\"thumbnailUrl\":\"https:\/\/futbolhoy.co\/wp-content\/uploads\/2019\/10\/Borr\u00e9-q.jpg\",\"keywords\":[\"Atl\u00e9tico Madrid\",\"Rafael Santos Borr\u00e9\",\"River Plate\"],\"articleSection\":[\"Selecci\u00f3n Colombia\"],\"inLanguage\":\"es\",\"potentialAction\":[{\"@type\":\"CommentAction\",\"name\":\"Comment\",\"target\":[\"https:\/\/futbolhoy.co\/index.php\/2020\/05\/04\/atletico-el-beneficiado-con-santos-borre\/#respond\"]}]},{\"@type\":\"WebPage\",\"@id\":\"https:\/\/futbolhoy.co\/index.php\/2020\/05\/04\/atletico-el-beneficiado-con-santos-borre\/\",\"url\":\"https:\/\/futbolhoy.co\/index.php\/2020\/05\/04\/atletico-el-beneficiado-con-santos-borre\/\",\"name\":\"Atl\u00e9tico, el beneficiado con Santos Borr\u00e9 -\",\"isPartOf\":{\"@id\":\"https:\/\/futbolhoy.co\/#website\"},\"primaryImageOfPage\":{\"@id\":\"https:\/\/futbolhoy.co\/index.php\/2020\/05\/04\/atletico-el-beneficiado-con-santos-borre\/#primaryimage\"},\"image\":{\"@id\":\"https:\/\/futbolhoy.co\/index.php\/2020\/05\/04\/atletico-el-beneficiado-con-santos-borre\/#primaryimage\"},\"thumbnailUrl\":\"https:\/\/futbolhoy.co\/wp-content\/uploads\/2019\/10\/Borr\u00e9-q.jpg\",\"datePublished\":\"2020-05-04T14:02:36+00:00\",\"dateModified\":\"2020-05-05T12:59:29+00:00\",\"breadcrumb\":{\"@id\":\"https:\/\/futbolhoy.co\/index.php\/2020\/05\/04\/atletico-el-beneficiado-con-santos-borre\/#breadcrumb\"},\"inLanguage\":\"es\",\"potentialAction\":[{\"@type\":\"ReadAction\",\"target\":[\"https:\/\/futbolhoy.co\/index.php\/2020\/05\/04\/atletico-el-beneficiado-con-santos-borre\/\"]}]},{\"@type\":\"ImageObject\",\"inLanguage\":\"es\",\"@id\":\"https:\/\/futbolhoy.co\/index.php\/2020\/05\/04\/atletico-el-beneficiado-con-santos-borre\/#primaryimage\",\"url\":\"https:\/\/futbolhoy.co\/wp-content\/uploads\/2019\/10\/Borr\u00e9-q.jpg\",\"contentUrl\":\"https:\/\/futbolhoy.co\/wp-content\/uploads\/2019\/10\/Borr\u00e9-q.jpg\",\"width\":1280,\"height\":853},{\"@type\":\"BreadcrumbList\",\"@id\":\"https:\/\/futbolhoy.co\/index.php\/2020\/05\/04\/atletico-el-beneficiado-con-santos-borre\/#breadcrumb\",\"itemListElement\":[{\"@type\":\"ListItem\",\"position\":1,\"name\":\"Portada\",\"item\":\"https:\/\/futbolhoy.co\/\"},{\"@type\":\"ListItem\",\"position\":2,\"name\":\"Atl\u00e9tico, el beneficiado con Santos Borr\u00e9\"}]},{\"@type\":\"WebSite\",\"@id\":\"https:\/\/futbolhoy.co\/#website\",\"url\":\"https:\/\/futbolhoy.co\/\",\"name\":\"FutbolHoy\",\"description\":\"\",\"publisher\":{\"@id\":\"https:\/\/futbolhoy.co\/#organization\"},\"potentialAction\":[{\"@type\":\"SearchAction\",\"target\":{\"@type\":\"EntryPoint\",\"urlTemplate\":\"https:\/\/futbolhoy.co\/?s={search_term_string}\"},\"query-input\":{\"@type\":\"PropertyValueSpecification\",\"valueRequired\":true,\"valueName\":\"search_term_string\"}}],\"inLanguage\":\"es\"},{\"@type\":\"Organization\",\"@id\":\"https:\/\/futbolhoy.co\/#organization\",\"name\":\"Futbolhoy.co\",\"url\":\"https:\/\/futbolhoy.co\/\",\"logo\":{\"@type\":\"ImageObject\",\"inLanguage\":\"es\",\"@id\":\"https:\/\/futbolhoy.co\/#\/schema\/logo\/image\/\",\"url\":\"https:\/\/futbolhoy.co\/wp-content\/uploads\/2018\/08\/17426380_1906371736249227_6326180412931521141_n.jpg\",\"contentUrl\":\"https:\/\/futbolhoy.co\/wp-content\/uploads\/2018\/08\/17426380_1906371736249227_6326180412931521141_n.jpg\",\"width\":960,\"height\":960,\"caption\":\"Futbolhoy.co\"},\"image\":{\"@id\":\"https:\/\/futbolhoy.co\/#\/schema\/logo\/image\/\"},\"sameAs\":[\"https:\/\/www.facebook.com\/FutbolHoyCol\/\",\"https:\/\/x.com\/FutbolHoyCol\",\"https:\/\/www.instagram.com\/futbolhoycol\/\"]},{\"@type\":\"Person\",\"@id\":\"https:\/\/futbolhoy.co\/#\/schema\/person\/c4a353a512b127643723a34bb1812f7d\",\"name\":\"Laura Hern\u00e1ndez\",\"image\":{\"@type\":\"ImageObject\",\"inLanguage\":\"es\",\"@id\":\"https:\/\/futbolhoy.co\/#\/schema\/person\/image\/\",\"url\":\"https:\/\/secure.gravatar.com\/avatar\/d25959a15b9b293a743f99181c7cfd01?s=96&d=mm&r=g\",\"contentUrl\":\"https:\/\/secure.gravatar.com\/avatar\/d25959a15b9b293a743f99181c7cfd01?s=96&d=mm&r=g\",\"caption\":\"Laura Hern\u00e1ndez\"}}]}<\/script>\n<!-- \/ Yoast SEO plugin. -->","yoast_head_json":{"title":"Atl\u00e9tico, el beneficiado con Santos Borr\u00e9 -","robots":{"index":"index","follow":"follow","max-snippet":"max-snippet:-1","max-image-preview":"max-image-preview:large","max-video-preview":"max-video-preview:-1"},"canonical":"https:\/\/futbolhoy.co\/index.php\/2020\/05\/04\/atletico-el-beneficiado-con-santos-borre\/","og_locale":"es_ES","og_type":"article","og_title":"Atl\u00e9tico, el beneficiado con Santos Borr\u00e9 -","og_description":"El valor de los derechos deportivos del barranquillero Rafael Santos Borr\u00e9 no favorece a River Plate ante una futura venta al f\u00fatbol internacional, asegur\u00f3 el director deportivo del equipo argentino, Enzo Francescoli, al diario deportivo Ol\u00e9. Atl\u00e9tico de Madrid y River, con el 50% cada uno, comparten el pase del colombiano y el equipo espa\u00f1ol [&hellip;]","og_url":"https:\/\/futbolhoy.co\/index.php\/2020\/05\/04\/atletico-el-beneficiado-con-santos-borre\/","article_publisher":"https:\/\/www.facebook.com\/FutbolHoyCol\/","article_published_time":"2020-05-04T14:02:36+00:00","article_modified_time":"2020-05-05T12:59:29+00:00","og_image":[{"width":1280,"height":853,"url":"https:\/\/futbolhoy.co\/wp-content\/uploads\/2019\/10\/Borr\u00e9-q.jpg","type":"image\/jpeg"}],"author":"Laura Hern\u00e1ndez","twitter_card":"summary_large_image","twitter_creator":"@FutbolHoyCol","twitter_site":"@FutbolHoyCol","twitter_misc":{"Escrito por":"Laura Hern\u00e1ndez","Tiempo de lectura":"1 minuto"},"schema":{"@context":"https:\/\/schema.org","@graph":[{"@type":"Article","@id":"https:\/\/futbolhoy.co\/index.php\/2020\/05\/04\/atletico-el-beneficiado-con-santos-borre\/#article","isPartOf":{"@id":"https:\/\/futbolhoy.co\/index.php\/2020\/05\/04\/atletico-el-beneficiado-con-santos-borre\/"},"author":{"name":"Laura Hern\u00e1ndez","@id":"https:\/\/futbolhoy.co\/#\/schema\/person\/c4a353a512b127643723a34bb1812f7d"},"headline":"Atl\u00e9tico, el beneficiado con Santos Borr\u00e9","datePublished":"2020-05-04T14:02:36+00:00","dateModified":"2020-05-05T12:59:29+00:00","mainEntityOfPage":{"@id":"https:\/\/futbolhoy.co\/index.php\/2020\/05\/04\/atletico-el-beneficiado-con-santos-borre\/"},"wordCount":200,"commentCount":0,"publisher":{"@id":"https:\/\/futbolhoy.co\/#organization"},"image":{"@id":"https:\/\/futbolhoy.co\/index.php\/2020\/05\/04\/atletico-el-beneficiado-con-santos-borre\/#primaryimage"},"thumbnailUrl":"https:\/\/futbolhoy.co\/wp-content\/uploads\/2019\/10\/Borr\u00e9-q.jpg","keywords":["Atl\u00e9tico Madrid","Rafael Santos Borr\u00e9","River Plate"],"articleSection":["Selecci\u00f3n Colombia"],"inLanguage":"es","potentialAction":[{"@type":"CommentAction","name":"Comment","target":["https:\/\/futbolhoy.co\/index.php\/2020\/05\/04\/atletico-el-beneficiado-con-santos-borre\/#respond"]}]},{"@type":"WebPage","@id":"https:\/\/futbolhoy.co\/index.php\/2020\/05\/04\/atletico-el-beneficiado-con-santos-borre\/","url":"https:\/\/futbolhoy.co\/index.php\/2020\/05\/04\/atletico-el-beneficiado-con-santos-borre\/","name":"Atl\u00e9tico, el beneficiado con Santos Borr\u00e9 -","isPartOf":{"@id":"https:\/\/futbolhoy.co\/#website"},"primaryImageOfPage":{"@id":"https:\/\/futbolhoy.co\/index.php\/2020\/05\/04\/atletico-el-beneficiado-con-santos-borre\/#primaryimage"},"image":{"@id":"https:\/\/futbolhoy.co\/index.php\/2020\/05\/04\/atletico-el-beneficiado-con-santos-borre\/#primaryimage"},"thumbnailUrl":"https:\/\/futbolhoy.co\/wp-content\/uploads\/2019\/10\/Borr\u00e9-q.jpg","datePublished":"2020-05-04T14:02:36+00:00","dateModified":"2020-05-05T12:59:29+00:00","breadcrumb":{"@id":"https:\/\/futbolhoy.co\/index.php\/2020\/05\/04\/atletico-el-beneficiado-con-santos-borre\/#breadcrumb"},"inLanguage":"es","potentialAction":[{"@type":"ReadAction","target":["https:\/\/futbolhoy.co\/index.php\/2020\/05\/04\/atletico-el-beneficiado-con-santos-borre\/"]}]},{"@type":"ImageObject","inLanguage":"es","@id":"https:\/\/futbolhoy.co\/index.php\/2020\/05\/04\/atletico-el-beneficiado-con-santos-borre\/#primaryimage","url":"https:\/\/futbolhoy.co\/wp-content\/uploads\/2019\/10\/Borr\u00e9-q.jpg","contentUrl":"https:\/\/futbolhoy.co\/wp-content\/uploads\/2019\/10\/Borr\u00e9-q.jpg","width":1280,"height":853},{"@type":"BreadcrumbList","@id":"https:\/\/futbolhoy.co\/index.php\/2020\/05\/04\/atletico-el-beneficiado-con-santos-borre\/#breadcrumb","itemListElement":[{"@type":"ListItem","position":1,"name":"Portada","item":"https:\/\/futbolhoy.co\/"},{"@type":"ListItem","position":2,"name":"Atl\u00e9tico, el beneficiado con Santos Borr\u00e9"}]},{"@type":"WebSite","@id":"https:\/\/futbolhoy.co\/#website","url":"https:\/\/futbolhoy.co\/","name":"FutbolHoy","description":"","publisher":{"@id":"https:\/\/futbolhoy.co\/#organization"},"potentialAction":[{"@type":"SearchAction","target":{"@type":"EntryPoint","urlTemplate":"https:\/\/futbolhoy.co\/?s={search_term_string}"},"query-input":{"@type":"PropertyValueSpecification","valueRequired":true,"valueName":"search_term_string"}}],"inLanguage":"es"},{"@type":"Organization","@id":"https:\/\/futbolhoy.co\/#organization","name":"Futbolhoy.co","url":"https:\/\/futbolhoy.co\/","logo":{"@type":"ImageObject","inLanguage":"es","@id":"https:\/\/futbolhoy.co\/#\/schema\/logo\/image\/","url":"https:\/\/futbolhoy.co\/wp-content\/uploads\/2018\/08\/17426380_1906371736249227_6326180412931521141_n.jpg","contentUrl":"https:\/\/futbolhoy.co\/wp-content\/uploads\/2018\/08\/17426380_1906371736249227_6326180412931521141_n.jpg","width":960,"height":960,"caption":"Futbolhoy.co"},"image":{"@id":"https:\/\/futbolhoy.co\/#\/schema\/logo\/image\/"},"sameAs":["https:\/\/www.facebook.com\/FutbolHoyCol\/","https:\/\/x.com\/FutbolHoyCol","https:\/\/www.instagram.com\/futbolhoycol\/"]},{"@type":"Person","@id":"https:\/\/futbolhoy.co\/#\/schema\/person\/c4a353a512b127643723a34bb1812f7d","name":"Laura Hern\u00e1ndez","image":{"@type":"ImageObject","inLanguage":"es","@id":"https:\/\/futbolhoy.co\/#\/schema\/person\/image\/","url":"https:\/\/secure.gravatar.com\/avatar\/d25959a15b9b293a743f99181c7cfd01?s=96&d=mm&r=g","contentUrl":"https:\/\/secure.gravatar.com\/avatar\/d25959a15b9b293a743f99181c7cfd01?s=96&d=mm&r=g","caption":"Laura Hern\u00e1ndez"}}]}},"publishpress_future_action":{"enabled":false,"date":"2026-05-04 23:18:38","action":"change-status","newStatus":"draft","terms":[],"taxonomy":"category","extraData":[]},"publishpress_future_workflow_manual_trigger":{"enabledWorkflows":[]},"_links":{"self":[{"href":"https:\/\/futbolhoy.co\/index.php\/wp-json\/wp\/v2\/posts\/50762","targetHints":{"allow":["GET"]}}],"collection":[{"href":"https:\/\/futbolhoy.co\/index.php\/wp-json\/wp\/v2\/posts"}],"about":[{"href":"https:\/\/futbolhoy.co\/index.php\/wp-json\/wp\/v2\/types\/post"}],"author":[{"embeddable":true,"href":"https:\/\/futbolhoy.co\/index.php\/wp-json\/wp\/v2\/users\/5"}],"replies":[{"embeddable":true,"href":"https:\/\/futbolhoy.co\/index.php\/wp-json\/wp\/v2\/comments?post=50762"}],"version-history":[{"count":1,"href":"https:\/\/futbolhoy.co\/index.php\/wp-json\/wp\/v2\/posts\/50762\/revisions"}],"predecessor-version":[{"id":50763,"href":"https:\/\/futbolhoy.co\/index.php\/wp-json\/wp\/v2\/posts\/50762\/revisions\/50763"}],"wp:featuredmedia":[{"embeddable":true,"href":"https:\/\/futbolhoy.co\/index.php\/wp-json\/wp\/v2\/media\/42283"}],"wp:attachment":[{"href":"https:\/\/futbolhoy.co\/index.php\/wp-json\/wp\/v2\/media?parent=50762"}],"wp:term":[{"taxonomy":"category","embeddable":true,"href":"https:\/\/futbolhoy.co\/index.php\/wp-json\/wp\/v2\/categories?post=50762"},{"taxonomy":"post_tag","embeddable":true,"href":"https:\/\/futbolhoy.co\/index.php\/wp-json\/wp\/v2\/tags?post=50762"}],"curies":[{"name":"wp","href":"https:\/\/api.w.org\/{rel}","templated":true}]}}