{"id":50769,"date":"2020-05-04T17:48:04","date_gmt":"2020-05-04T22:48:04","guid":{"rendered":"https:\/\/futbolhoy.co\/?p=50769"},"modified":"2020-05-05T08:17:05","modified_gmt":"2020-05-05T13:17:05","slug":"suspendido-kalou-por-violar-normas-de-salubridad","status":"publish","type":"post","link":"https:\/\/futbolhoy.co\/index.php\/2020\/05\/04\/suspendido-kalou-por-violar-normas-de-salubridad\/","title":{"rendered":"Suspendido Kalou por violar normas de salubridad"},"content":{"rendered":"<p style=\"text-align: justify\"><span style=\"font-family: helvetica, arial, sans-serif\">El\u00a0<strong>Hertha Berl\u00edn<\/strong>\u00a0suspendi\u00f3 al delantero marfile\u00f1o\u00a0<strong>Salom\u00f3n Kalou<\/strong>, de 34 a\u00f1os, por comportamiento indebido mientras se realizaban los test del coronavirus en ese club de la\u00a0<strong>Bundesliga<\/strong>, como parte de los preparativos para una posible reanudaci\u00f3n de la temporada.<\/span><\/p>\n<p style=\"text-align: justify\"><span style=\"font-family: helvetica, arial, sans-serif\"><strong>Hertha\u00a0<\/strong>comunic\u00f3 su decisi\u00f3n a ra\u00edz del revuelo causado por el v\u00eddeo colgado por el jugador en internet en que adem\u00e1s de saludar a sus colegas con un apret\u00f3n de manos grab\u00f3 im\u00e1genes del vestuario durante el test.<\/span><\/p>\n<p style=\"text-align: justify\"><span style=\"font-family: helvetica, arial, sans-serif\">\"Salomon Kalou ha vulnerado las reglas de los vestuarios y su comportamiento no es adecuado ni con las medidas adoptadas ni con las normas del club\", apunt\u00f3 el club capitalino.<\/span><\/p>\n<p style=\"text-align: justify\"><span style=\"font-family: helvetica, arial, sans-serif\">El jugador ofreci\u00f3 disculpas por su comportamiento, pero\u00a0su caso gener\u00f3 dudas en torno a una pronta reanudaci\u00f3n de la temporada.<\/span><\/p>\n","protected":false},"excerpt":{"rendered":"<p>El\u00a0Hertha Berl\u00edn\u00a0suspendi\u00f3 al delantero marfile\u00f1o\u00a0Salom\u00f3n Kalou, de 34 a\u00f1os, por comportamiento indebido mientras se realizaban los test del coronavirus en ese club de la\u00a0Bundesliga, como parte de los preparativos para una posible reanudaci\u00f3n de la temporada. Hertha\u00a0comunic\u00f3 su decisi\u00f3n a ra\u00edz del revuelo causado por el v\u00eddeo colgado por el jugador en internet en que [&hellip;]<\/p>\n","protected":false},"author":5,"featured_media":50772,"comment_status":"open","ping_status":"open","sticky":false,"template":"","format":"standard","meta":{"_acf_changed":false,"footnotes":""},"categories":[152],"tags":[],"class_list":{"0":"post-50769","1":"post","2":"type-post","3":"status-publish","4":"format-standard","5":"has-post-thumbnail","7":"category-mundo-futbol"},"acf":[],"yoast_head":"<!-- This site is optimized with the Yoast SEO plugin v26.8 - https:\/\/yoast.com\/product\/yoast-seo-wordpress\/ -->\n<title>Suspendido Kalou por violar normas de salubridad -<\/title>\n<meta name=\"robots\" content=\"index, follow, max-snippet:-1, max-image-preview:large, max-video-preview:-1\" \/>\n<link rel=\"canonical\" href=\"https:\/\/futbolhoy.co\/index.php\/2020\/05\/04\/suspendido-kalou-por-violar-normas-de-salubridad\/\" \/>\n<meta property=\"og:locale\" content=\"es_ES\" \/>\n<meta property=\"og:type\" content=\"article\" \/>\n<meta property=\"og:title\" content=\"Suspendido Kalou por violar normas de salubridad -\" \/>\n<meta property=\"og:description\" content=\"El\u00a0Hertha Berl\u00edn\u00a0suspendi\u00f3 al delantero marfile\u00f1o\u00a0Salom\u00f3n Kalou, de 34 a\u00f1os, por comportamiento indebido mientras se realizaban los test del coronavirus en ese club de la\u00a0Bundesliga, como parte de los preparativos para una posible reanudaci\u00f3n de la temporada. Hertha\u00a0comunic\u00f3 su decisi\u00f3n a ra\u00edz del revuelo causado por el v\u00eddeo colgado por el jugador en internet en que [&hellip;]\" \/>\n<meta property=\"og:url\" content=\"https:\/\/futbolhoy.co\/index.php\/2020\/05\/04\/suspendido-kalou-por-violar-normas-de-salubridad\/\" \/>\n<meta property=\"article:publisher\" content=\"https:\/\/www.facebook.com\/FutbolHoyCol\/\" \/>\n<meta property=\"article:published_time\" content=\"2020-05-04T22:48:04+00:00\" \/>\n<meta property=\"article:modified_time\" content=\"2020-05-05T13:17:05+00:00\" \/>\n<meta property=\"og:image\" content=\"https:\/\/futbolhoy.co\/wp-content\/uploads\/2020\/05\/EXMEn-RX0AA3wGk.jpg\" \/>\n\t<meta property=\"og:image:width\" content=\"679\" \/>\n\t<meta property=\"og:image:height\" content=\"426\" \/>\n\t<meta property=\"og:image:type\" content=\"image\/jpeg\" \/>\n<meta name=\"author\" content=\"Laura Hern\u00e1ndez\" \/>\n<meta name=\"twitter:card\" content=\"summary_large_image\" \/>\n<meta name=\"twitter:creator\" content=\"@FutbolHoyCol\" \/>\n<meta name=\"twitter:site\" content=\"@FutbolHoyCol\" \/>\n<meta name=\"twitter:label1\" content=\"Escrito por\" \/>\n\t<meta name=\"twitter:data1\" content=\"Laura Hern\u00e1ndez\" \/>\n\t<meta name=\"twitter:label2\" content=\"Tiempo de lectura\" \/>\n\t<meta name=\"twitter:data2\" content=\"1 minuto\" \/>\n<script type=\"application\/ld+json\" class=\"yoast-schema-graph\">{\"@context\":\"https:\/\/schema.org\",\"@graph\":[{\"@type\":\"Article\",\"@id\":\"https:\/\/futbolhoy.co\/index.php\/2020\/05\/04\/suspendido-kalou-por-violar-normas-de-salubridad\/#article\",\"isPartOf\":{\"@id\":\"https:\/\/futbolhoy.co\/index.php\/2020\/05\/04\/suspendido-kalou-por-violar-normas-de-salubridad\/\"},\"author\":{\"name\":\"Laura Hern\u00e1ndez\",\"@id\":\"https:\/\/futbolhoy.co\/#\/schema\/person\/c4a353a512b127643723a34bb1812f7d\"},\"headline\":\"Suspendido Kalou por violar normas de salubridad\",\"datePublished\":\"2020-05-04T22:48:04+00:00\",\"dateModified\":\"2020-05-05T13:17:05+00:00\",\"mainEntityOfPage\":{\"@id\":\"https:\/\/futbolhoy.co\/index.php\/2020\/05\/04\/suspendido-kalou-por-violar-normas-de-salubridad\/\"},\"wordCount\":147,\"commentCount\":0,\"publisher\":{\"@id\":\"https:\/\/futbolhoy.co\/#organization\"},\"image\":{\"@id\":\"https:\/\/futbolhoy.co\/index.php\/2020\/05\/04\/suspendido-kalou-por-violar-normas-de-salubridad\/#primaryimage\"},\"thumbnailUrl\":\"https:\/\/futbolhoy.co\/wp-content\/uploads\/2020\/05\/EXMEn-RX0AA3wGk.jpg\",\"articleSection\":[\"Mundo Futbol\"],\"inLanguage\":\"es\",\"potentialAction\":[{\"@type\":\"CommentAction\",\"name\":\"Comment\",\"target\":[\"https:\/\/futbolhoy.co\/index.php\/2020\/05\/04\/suspendido-kalou-por-violar-normas-de-salubridad\/#respond\"]}]},{\"@type\":\"WebPage\",\"@id\":\"https:\/\/futbolhoy.co\/index.php\/2020\/05\/04\/suspendido-kalou-por-violar-normas-de-salubridad\/\",\"url\":\"https:\/\/futbolhoy.co\/index.php\/2020\/05\/04\/suspendido-kalou-por-violar-normas-de-salubridad\/\",\"name\":\"Suspendido Kalou por violar normas de salubridad -\",\"isPartOf\":{\"@id\":\"https:\/\/futbolhoy.co\/#website\"},\"primaryImageOfPage\":{\"@id\":\"https:\/\/futbolhoy.co\/index.php\/2020\/05\/04\/suspendido-kalou-por-violar-normas-de-salubridad\/#primaryimage\"},\"image\":{\"@id\":\"https:\/\/futbolhoy.co\/index.php\/2020\/05\/04\/suspendido-kalou-por-violar-normas-de-salubridad\/#primaryimage\"},\"thumbnailUrl\":\"https:\/\/futbolhoy.co\/wp-content\/uploads\/2020\/05\/EXMEn-RX0AA3wGk.jpg\",\"datePublished\":\"2020-05-04T22:48:04+00:00\",\"dateModified\":\"2020-05-05T13:17:05+00:00\",\"breadcrumb\":{\"@id\":\"https:\/\/futbolhoy.co\/index.php\/2020\/05\/04\/suspendido-kalou-por-violar-normas-de-salubridad\/#breadcrumb\"},\"inLanguage\":\"es\",\"potentialAction\":[{\"@type\":\"ReadAction\",\"target\":[\"https:\/\/futbolhoy.co\/index.php\/2020\/05\/04\/suspendido-kalou-por-violar-normas-de-salubridad\/\"]}]},{\"@type\":\"ImageObject\",\"inLanguage\":\"es\",\"@id\":\"https:\/\/futbolhoy.co\/index.php\/2020\/05\/04\/suspendido-kalou-por-violar-normas-de-salubridad\/#primaryimage\",\"url\":\"https:\/\/futbolhoy.co\/wp-content\/uploads\/2020\/05\/EXMEn-RX0AA3wGk.jpg\",\"contentUrl\":\"https:\/\/futbolhoy.co\/wp-content\/uploads\/2020\/05\/EXMEn-RX0AA3wGk.jpg\",\"width\":679,\"height\":426},{\"@type\":\"BreadcrumbList\",\"@id\":\"https:\/\/futbolhoy.co\/index.php\/2020\/05\/04\/suspendido-kalou-por-violar-normas-de-salubridad\/#breadcrumb\",\"itemListElement\":[{\"@type\":\"ListItem\",\"position\":1,\"name\":\"Portada\",\"item\":\"https:\/\/futbolhoy.co\/\"},{\"@type\":\"ListItem\",\"position\":2,\"name\":\"Suspendido Kalou por violar normas de salubridad\"}]},{\"@type\":\"WebSite\",\"@id\":\"https:\/\/futbolhoy.co\/#website\",\"url\":\"https:\/\/futbolhoy.co\/\",\"name\":\"FutbolHoy\",\"description\":\"\",\"publisher\":{\"@id\":\"https:\/\/futbolhoy.co\/#organization\"},\"potentialAction\":[{\"@type\":\"SearchAction\",\"target\":{\"@type\":\"EntryPoint\",\"urlTemplate\":\"https:\/\/futbolhoy.co\/?s={search_term_string}\"},\"query-input\":{\"@type\":\"PropertyValueSpecification\",\"valueRequired\":true,\"valueName\":\"search_term_string\"}}],\"inLanguage\":\"es\"},{\"@type\":\"Organization\",\"@id\":\"https:\/\/futbolhoy.co\/#organization\",\"name\":\"Futbolhoy.co\",\"url\":\"https:\/\/futbolhoy.co\/\",\"logo\":{\"@type\":\"ImageObject\",\"inLanguage\":\"es\",\"@id\":\"https:\/\/futbolhoy.co\/#\/schema\/logo\/image\/\",\"url\":\"https:\/\/futbolhoy.co\/wp-content\/uploads\/2018\/08\/17426380_1906371736249227_6326180412931521141_n.jpg\",\"contentUrl\":\"https:\/\/futbolhoy.co\/wp-content\/uploads\/2018\/08\/17426380_1906371736249227_6326180412931521141_n.jpg\",\"width\":960,\"height\":960,\"caption\":\"Futbolhoy.co\"},\"image\":{\"@id\":\"https:\/\/futbolhoy.co\/#\/schema\/logo\/image\/\"},\"sameAs\":[\"https:\/\/www.facebook.com\/FutbolHoyCol\/\",\"https:\/\/x.com\/FutbolHoyCol\",\"https:\/\/www.instagram.com\/futbolhoycol\/\"]},{\"@type\":\"Person\",\"@id\":\"https:\/\/futbolhoy.co\/#\/schema\/person\/c4a353a512b127643723a34bb1812f7d\",\"name\":\"Laura Hern\u00e1ndez\",\"image\":{\"@type\":\"ImageObject\",\"inLanguage\":\"es\",\"@id\":\"https:\/\/futbolhoy.co\/#\/schema\/person\/image\/\",\"url\":\"https:\/\/secure.gravatar.com\/avatar\/d25959a15b9b293a743f99181c7cfd01?s=96&d=mm&r=g\",\"contentUrl\":\"https:\/\/secure.gravatar.com\/avatar\/d25959a15b9b293a743f99181c7cfd01?s=96&d=mm&r=g\",\"caption\":\"Laura Hern\u00e1ndez\"}}]}<\/script>\n<!-- \/ Yoast SEO plugin. -->","yoast_head_json":{"title":"Suspendido Kalou por violar normas de salubridad -","robots":{"index":"index","follow":"follow","max-snippet":"max-snippet:-1","max-image-preview":"max-image-preview:large","max-video-preview":"max-video-preview:-1"},"canonical":"https:\/\/futbolhoy.co\/index.php\/2020\/05\/04\/suspendido-kalou-por-violar-normas-de-salubridad\/","og_locale":"es_ES","og_type":"article","og_title":"Suspendido Kalou por violar normas de salubridad -","og_description":"El\u00a0Hertha Berl\u00edn\u00a0suspendi\u00f3 al delantero marfile\u00f1o\u00a0Salom\u00f3n Kalou, de 34 a\u00f1os, por comportamiento indebido mientras se realizaban los test del coronavirus en ese club de la\u00a0Bundesliga, como parte de los preparativos para una posible reanudaci\u00f3n de la temporada. Hertha\u00a0comunic\u00f3 su decisi\u00f3n a ra\u00edz del revuelo causado por el v\u00eddeo colgado por el jugador en internet en que [&hellip;]","og_url":"https:\/\/futbolhoy.co\/index.php\/2020\/05\/04\/suspendido-kalou-por-violar-normas-de-salubridad\/","article_publisher":"https:\/\/www.facebook.com\/FutbolHoyCol\/","article_published_time":"2020-05-04T22:48:04+00:00","article_modified_time":"2020-05-05T13:17:05+00:00","og_image":[{"width":679,"height":426,"url":"https:\/\/futbolhoy.co\/wp-content\/uploads\/2020\/05\/EXMEn-RX0AA3wGk.jpg","type":"image\/jpeg"}],"author":"Laura Hern\u00e1ndez","twitter_card":"summary_large_image","twitter_creator":"@FutbolHoyCol","twitter_site":"@FutbolHoyCol","twitter_misc":{"Escrito por":"Laura Hern\u00e1ndez","Tiempo de lectura":"1 minuto"},"schema":{"@context":"https:\/\/schema.org","@graph":[{"@type":"Article","@id":"https:\/\/futbolhoy.co\/index.php\/2020\/05\/04\/suspendido-kalou-por-violar-normas-de-salubridad\/#article","isPartOf":{"@id":"https:\/\/futbolhoy.co\/index.php\/2020\/05\/04\/suspendido-kalou-por-violar-normas-de-salubridad\/"},"author":{"name":"Laura Hern\u00e1ndez","@id":"https:\/\/futbolhoy.co\/#\/schema\/person\/c4a353a512b127643723a34bb1812f7d"},"headline":"Suspendido Kalou por violar normas de salubridad","datePublished":"2020-05-04T22:48:04+00:00","dateModified":"2020-05-05T13:17:05+00:00","mainEntityOfPage":{"@id":"https:\/\/futbolhoy.co\/index.php\/2020\/05\/04\/suspendido-kalou-por-violar-normas-de-salubridad\/"},"wordCount":147,"commentCount":0,"publisher":{"@id":"https:\/\/futbolhoy.co\/#organization"},"image":{"@id":"https:\/\/futbolhoy.co\/index.php\/2020\/05\/04\/suspendido-kalou-por-violar-normas-de-salubridad\/#primaryimage"},"thumbnailUrl":"https:\/\/futbolhoy.co\/wp-content\/uploads\/2020\/05\/EXMEn-RX0AA3wGk.jpg","articleSection":["Mundo Futbol"],"inLanguage":"es","potentialAction":[{"@type":"CommentAction","name":"Comment","target":["https:\/\/futbolhoy.co\/index.php\/2020\/05\/04\/suspendido-kalou-por-violar-normas-de-salubridad\/#respond"]}]},{"@type":"WebPage","@id":"https:\/\/futbolhoy.co\/index.php\/2020\/05\/04\/suspendido-kalou-por-violar-normas-de-salubridad\/","url":"https:\/\/futbolhoy.co\/index.php\/2020\/05\/04\/suspendido-kalou-por-violar-normas-de-salubridad\/","name":"Suspendido Kalou por violar normas de salubridad -","isPartOf":{"@id":"https:\/\/futbolhoy.co\/#website"},"primaryImageOfPage":{"@id":"https:\/\/futbolhoy.co\/index.php\/2020\/05\/04\/suspendido-kalou-por-violar-normas-de-salubridad\/#primaryimage"},"image":{"@id":"https:\/\/futbolhoy.co\/index.php\/2020\/05\/04\/suspendido-kalou-por-violar-normas-de-salubridad\/#primaryimage"},"thumbnailUrl":"https:\/\/futbolhoy.co\/wp-content\/uploads\/2020\/05\/EXMEn-RX0AA3wGk.jpg","datePublished":"2020-05-04T22:48:04+00:00","dateModified":"2020-05-05T13:17:05+00:00","breadcrumb":{"@id":"https:\/\/futbolhoy.co\/index.php\/2020\/05\/04\/suspendido-kalou-por-violar-normas-de-salubridad\/#breadcrumb"},"inLanguage":"es","potentialAction":[{"@type":"ReadAction","target":["https:\/\/futbolhoy.co\/index.php\/2020\/05\/04\/suspendido-kalou-por-violar-normas-de-salubridad\/"]}]},{"@type":"ImageObject","inLanguage":"es","@id":"https:\/\/futbolhoy.co\/index.php\/2020\/05\/04\/suspendido-kalou-por-violar-normas-de-salubridad\/#primaryimage","url":"https:\/\/futbolhoy.co\/wp-content\/uploads\/2020\/05\/EXMEn-RX0AA3wGk.jpg","contentUrl":"https:\/\/futbolhoy.co\/wp-content\/uploads\/2020\/05\/EXMEn-RX0AA3wGk.jpg","width":679,"height":426},{"@type":"BreadcrumbList","@id":"https:\/\/futbolhoy.co\/index.php\/2020\/05\/04\/suspendido-kalou-por-violar-normas-de-salubridad\/#breadcrumb","itemListElement":[{"@type":"ListItem","position":1,"name":"Portada","item":"https:\/\/futbolhoy.co\/"},{"@type":"ListItem","position":2,"name":"Suspendido Kalou por violar normas de salubridad"}]},{"@type":"WebSite","@id":"https:\/\/futbolhoy.co\/#website","url":"https:\/\/futbolhoy.co\/","name":"FutbolHoy","description":"","publisher":{"@id":"https:\/\/futbolhoy.co\/#organization"},"potentialAction":[{"@type":"SearchAction","target":{"@type":"EntryPoint","urlTemplate":"https:\/\/futbolhoy.co\/?s={search_term_string}"},"query-input":{"@type":"PropertyValueSpecification","valueRequired":true,"valueName":"search_term_string"}}],"inLanguage":"es"},{"@type":"Organization","@id":"https:\/\/futbolhoy.co\/#organization","name":"Futbolhoy.co","url":"https:\/\/futbolhoy.co\/","logo":{"@type":"ImageObject","inLanguage":"es","@id":"https:\/\/futbolhoy.co\/#\/schema\/logo\/image\/","url":"https:\/\/futbolhoy.co\/wp-content\/uploads\/2018\/08\/17426380_1906371736249227_6326180412931521141_n.jpg","contentUrl":"https:\/\/futbolhoy.co\/wp-content\/uploads\/2018\/08\/17426380_1906371736249227_6326180412931521141_n.jpg","width":960,"height":960,"caption":"Futbolhoy.co"},"image":{"@id":"https:\/\/futbolhoy.co\/#\/schema\/logo\/image\/"},"sameAs":["https:\/\/www.facebook.com\/FutbolHoyCol\/","https:\/\/x.com\/FutbolHoyCol","https:\/\/www.instagram.com\/futbolhoycol\/"]},{"@type":"Person","@id":"https:\/\/futbolhoy.co\/#\/schema\/person\/c4a353a512b127643723a34bb1812f7d","name":"Laura Hern\u00e1ndez","image":{"@type":"ImageObject","inLanguage":"es","@id":"https:\/\/futbolhoy.co\/#\/schema\/person\/image\/","url":"https:\/\/secure.gravatar.com\/avatar\/d25959a15b9b293a743f99181c7cfd01?s=96&d=mm&r=g","contentUrl":"https:\/\/secure.gravatar.com\/avatar\/d25959a15b9b293a743f99181c7cfd01?s=96&d=mm&r=g","caption":"Laura Hern\u00e1ndez"}}]}},"publishpress_future_action":{"enabled":false,"date":"2026-05-04 18:26:56","action":"change-status","newStatus":"draft","terms":[],"taxonomy":"category","extraData":[]},"publishpress_future_workflow_manual_trigger":{"enabledWorkflows":[]},"_links":{"self":[{"href":"https:\/\/futbolhoy.co\/index.php\/wp-json\/wp\/v2\/posts\/50769","targetHints":{"allow":["GET"]}}],"collection":[{"href":"https:\/\/futbolhoy.co\/index.php\/wp-json\/wp\/v2\/posts"}],"about":[{"href":"https:\/\/futbolhoy.co\/index.php\/wp-json\/wp\/v2\/types\/post"}],"author":[{"embeddable":true,"href":"https:\/\/futbolhoy.co\/index.php\/wp-json\/wp\/v2\/users\/5"}],"replies":[{"embeddable":true,"href":"https:\/\/futbolhoy.co\/index.php\/wp-json\/wp\/v2\/comments?post=50769"}],"version-history":[{"count":1,"href":"https:\/\/futbolhoy.co\/index.php\/wp-json\/wp\/v2\/posts\/50769\/revisions"}],"predecessor-version":[{"id":50773,"href":"https:\/\/futbolhoy.co\/index.php\/wp-json\/wp\/v2\/posts\/50769\/revisions\/50773"}],"wp:featuredmedia":[{"embeddable":true,"href":"https:\/\/futbolhoy.co\/index.php\/wp-json\/wp\/v2\/media\/50772"}],"wp:attachment":[{"href":"https:\/\/futbolhoy.co\/index.php\/wp-json\/wp\/v2\/media?parent=50769"}],"wp:term":[{"taxonomy":"category","embeddable":true,"href":"https:\/\/futbolhoy.co\/index.php\/wp-json\/wp\/v2\/categories?post=50769"},{"taxonomy":"post_tag","embeddable":true,"href":"https:\/\/futbolhoy.co\/index.php\/wp-json\/wp\/v2\/tags?post=50769"}],"curies":[{"name":"wp","href":"https:\/\/api.w.org\/{rel}","templated":true}]}}