{"id":50841,"date":"2020-05-06T07:59:28","date_gmt":"2020-05-06T12:59:28","guid":{"rendered":"https:\/\/futbolhoy.co\/?p=50841"},"modified":"2020-05-06T19:24:26","modified_gmt":"2020-05-07T00:24:26","slug":"duvan-y-muriel-entrenaron-en-italia","status":"publish","type":"post","link":"https:\/\/futbolhoy.co\/index.php\/2020\/05\/06\/duvan-y-muriel-entrenaron-en-italia\/","title":{"rendered":"Duv\u00e1n y Muriel entrenaron en Italia"},"content":{"rendered":"<p style=\"text-align: justify\"><span style=\"font-family: helvetica, arial, sans-serif\">Los delanteros colombianos <strong>Duv\u00e1n Zapata<\/strong> y<strong> Luis Fernando Muriel,<\/strong> del Atalanta italiano, volvieron a practicar de manera individual en la sede del club, despu\u00e9s de casi dos meses de para por el <strong>coronavirus.<\/strong><\/span><\/p>\n<p style=\"text-align: justify\"><span style=\"font-family: helvetica, arial, sans-serif\">Los dos jugadores empezaron sus entrenamientos en la sede de <strong>Zingonia<\/strong> este martes y seguir\u00e1n asistiendo a lo largo de la semana, despu\u00e9s de recibir la autorizaci\u00f3n del Ministerio del Interior para que los futbolistas puedan ejercitarse de forma individual.<\/span><\/p>\n<p style=\"text-align: justify\"><span style=\"font-family: helvetica, arial, sans-serif\">Zapata y Muriel adelantaron trabajos f\u00edsicos cumpliendo con las medidas de seguridad sanitaria para contener el riesgo de contagio del <strong>COVID-19.<\/strong><\/span><\/p>\n<p style=\"text-align: justify\"><span style=\"font-family: helvetica, arial, sans-serif\">Adem\u00e1s del Atalanta, ya reanudaron a entrenamientos, la <strong>Juventus,<\/strong> con <strong>Juan Guillermo Cuadrado<\/strong>, el <strong>Sassuolo<\/strong> y el <strong>Bolonia.<\/strong><\/span><\/p>\n","protected":false},"excerpt":{"rendered":"<p>Los delanteros colombianos Duv\u00e1n Zapata y Luis Fernando Muriel, del Atalanta italiano, volvieron a practicar de manera individual en la sede del club, despu\u00e9s de casi dos meses de para por el coronavirus. Los dos jugadores empezaron sus entrenamientos en la sede de Zingonia este martes y seguir\u00e1n asistiendo a lo largo de la semana, [&hellip;]<\/p>\n","protected":false},"author":5,"featured_media":41930,"comment_status":"open","ping_status":"open","sticky":false,"template":"","format":"standard","meta":{"_acf_changed":false,"footnotes":""},"categories":[418],"tags":[889,154,526],"class_list":{"0":"post-50841","1":"post","2":"type-post","3":"status-publish","4":"format-standard","5":"has-post-thumbnail","7":"category-colombia","8":"tag-atalanta","9":"tag-duvan-zapata","10":"tag-luis-muriel"},"acf":[],"yoast_head":"<!-- This site is optimized with the Yoast SEO plugin v26.8 - https:\/\/yoast.com\/product\/yoast-seo-wordpress\/ -->\n<title>Duv\u00e1n y Muriel entrenaron en Italia -<\/title>\n<meta name=\"robots\" content=\"index, follow, max-snippet:-1, max-image-preview:large, max-video-preview:-1\" \/>\n<link rel=\"canonical\" href=\"https:\/\/futbolhoy.co\/index.php\/2020\/05\/06\/duvan-y-muriel-entrenaron-en-italia\/\" \/>\n<meta property=\"og:locale\" content=\"es_ES\" \/>\n<meta property=\"og:type\" content=\"article\" \/>\n<meta property=\"og:title\" content=\"Duv\u00e1n y Muriel entrenaron en Italia -\" \/>\n<meta property=\"og:description\" content=\"Los delanteros colombianos Duv\u00e1n Zapata y Luis Fernando Muriel, del Atalanta italiano, volvieron a practicar de manera individual en la sede del club, despu\u00e9s de casi dos meses de para por el coronavirus. Los dos jugadores empezaron sus entrenamientos en la sede de Zingonia este martes y seguir\u00e1n asistiendo a lo largo de la semana, [&hellip;]\" \/>\n<meta property=\"og:url\" content=\"https:\/\/futbolhoy.co\/index.php\/2020\/05\/06\/duvan-y-muriel-entrenaron-en-italia\/\" \/>\n<meta property=\"article:publisher\" content=\"https:\/\/www.facebook.com\/FutbolHoyCol\/\" \/>\n<meta property=\"article:published_time\" content=\"2020-05-06T12:59:28+00:00\" \/>\n<meta property=\"article:modified_time\" content=\"2020-05-07T00:24:26+00:00\" \/>\n<meta property=\"og:image\" content=\"https:\/\/futbolhoy.co\/wp-content\/uploads\/2019\/10\/Duvanz.jpg\" \/>\n\t<meta property=\"og:image:width\" content=\"1600\" \/>\n\t<meta property=\"og:image:height\" content=\"1200\" \/>\n\t<meta property=\"og:image:type\" content=\"image\/jpeg\" \/>\n<meta name=\"author\" content=\"Laura Hern\u00e1ndez\" \/>\n<meta name=\"twitter:card\" content=\"summary_large_image\" \/>\n<meta name=\"twitter:creator\" content=\"@FutbolHoyCol\" \/>\n<meta name=\"twitter:site\" content=\"@FutbolHoyCol\" \/>\n<meta name=\"twitter:label1\" content=\"Escrito por\" \/>\n\t<meta name=\"twitter:data1\" content=\"Laura Hern\u00e1ndez\" \/>\n\t<meta name=\"twitter:label2\" content=\"Tiempo de lectura\" \/>\n\t<meta name=\"twitter:data2\" content=\"1 minuto\" \/>\n<script type=\"application\/ld+json\" class=\"yoast-schema-graph\">{\"@context\":\"https:\/\/schema.org\",\"@graph\":[{\"@type\":\"Article\",\"@id\":\"https:\/\/futbolhoy.co\/index.php\/2020\/05\/06\/duvan-y-muriel-entrenaron-en-italia\/#article\",\"isPartOf\":{\"@id\":\"https:\/\/futbolhoy.co\/index.php\/2020\/05\/06\/duvan-y-muriel-entrenaron-en-italia\/\"},\"author\":{\"name\":\"Laura Hern\u00e1ndez\",\"@id\":\"https:\/\/futbolhoy.co\/#\/schema\/person\/c4a353a512b127643723a34bb1812f7d\"},\"headline\":\"Duv\u00e1n y Muriel entrenaron en Italia\",\"datePublished\":\"2020-05-06T12:59:28+00:00\",\"dateModified\":\"2020-05-07T00:24:26+00:00\",\"mainEntityOfPage\":{\"@id\":\"https:\/\/futbolhoy.co\/index.php\/2020\/05\/06\/duvan-y-muriel-entrenaron-en-italia\/\"},\"wordCount\":126,\"commentCount\":0,\"publisher\":{\"@id\":\"https:\/\/futbolhoy.co\/#organization\"},\"image\":{\"@id\":\"https:\/\/futbolhoy.co\/index.php\/2020\/05\/06\/duvan-y-muriel-entrenaron-en-italia\/#primaryimage\"},\"thumbnailUrl\":\"https:\/\/futbolhoy.co\/wp-content\/uploads\/2019\/10\/Duvanz.jpg\",\"keywords\":[\"Atalanta\",\"Duv\u00e1n Zapata\",\"luis muriel\"],\"articleSection\":[\"Colombia\"],\"inLanguage\":\"es\",\"potentialAction\":[{\"@type\":\"CommentAction\",\"name\":\"Comment\",\"target\":[\"https:\/\/futbolhoy.co\/index.php\/2020\/05\/06\/duvan-y-muriel-entrenaron-en-italia\/#respond\"]}]},{\"@type\":\"WebPage\",\"@id\":\"https:\/\/futbolhoy.co\/index.php\/2020\/05\/06\/duvan-y-muriel-entrenaron-en-italia\/\",\"url\":\"https:\/\/futbolhoy.co\/index.php\/2020\/05\/06\/duvan-y-muriel-entrenaron-en-italia\/\",\"name\":\"Duv\u00e1n y Muriel entrenaron en Italia -\",\"isPartOf\":{\"@id\":\"https:\/\/futbolhoy.co\/#website\"},\"primaryImageOfPage\":{\"@id\":\"https:\/\/futbolhoy.co\/index.php\/2020\/05\/06\/duvan-y-muriel-entrenaron-en-italia\/#primaryimage\"},\"image\":{\"@id\":\"https:\/\/futbolhoy.co\/index.php\/2020\/05\/06\/duvan-y-muriel-entrenaron-en-italia\/#primaryimage\"},\"thumbnailUrl\":\"https:\/\/futbolhoy.co\/wp-content\/uploads\/2019\/10\/Duvanz.jpg\",\"datePublished\":\"2020-05-06T12:59:28+00:00\",\"dateModified\":\"2020-05-07T00:24:26+00:00\",\"breadcrumb\":{\"@id\":\"https:\/\/futbolhoy.co\/index.php\/2020\/05\/06\/duvan-y-muriel-entrenaron-en-italia\/#breadcrumb\"},\"inLanguage\":\"es\",\"potentialAction\":[{\"@type\":\"ReadAction\",\"target\":[\"https:\/\/futbolhoy.co\/index.php\/2020\/05\/06\/duvan-y-muriel-entrenaron-en-italia\/\"]}]},{\"@type\":\"ImageObject\",\"inLanguage\":\"es\",\"@id\":\"https:\/\/futbolhoy.co\/index.php\/2020\/05\/06\/duvan-y-muriel-entrenaron-en-italia\/#primaryimage\",\"url\":\"https:\/\/futbolhoy.co\/wp-content\/uploads\/2019\/10\/Duvanz.jpg\",\"contentUrl\":\"https:\/\/futbolhoy.co\/wp-content\/uploads\/2019\/10\/Duvanz.jpg\",\"width\":1600,\"height\":1200,\"caption\":\"@Atalanta_BC\"},{\"@type\":\"BreadcrumbList\",\"@id\":\"https:\/\/futbolhoy.co\/index.php\/2020\/05\/06\/duvan-y-muriel-entrenaron-en-italia\/#breadcrumb\",\"itemListElement\":[{\"@type\":\"ListItem\",\"position\":1,\"name\":\"Portada\",\"item\":\"https:\/\/futbolhoy.co\/\"},{\"@type\":\"ListItem\",\"position\":2,\"name\":\"Duv\u00e1n y Muriel entrenaron en Italia\"}]},{\"@type\":\"WebSite\",\"@id\":\"https:\/\/futbolhoy.co\/#website\",\"url\":\"https:\/\/futbolhoy.co\/\",\"name\":\"FutbolHoy\",\"description\":\"\",\"publisher\":{\"@id\":\"https:\/\/futbolhoy.co\/#organization\"},\"potentialAction\":[{\"@type\":\"SearchAction\",\"target\":{\"@type\":\"EntryPoint\",\"urlTemplate\":\"https:\/\/futbolhoy.co\/?s={search_term_string}\"},\"query-input\":{\"@type\":\"PropertyValueSpecification\",\"valueRequired\":true,\"valueName\":\"search_term_string\"}}],\"inLanguage\":\"es\"},{\"@type\":\"Organization\",\"@id\":\"https:\/\/futbolhoy.co\/#organization\",\"name\":\"Futbolhoy.co\",\"url\":\"https:\/\/futbolhoy.co\/\",\"logo\":{\"@type\":\"ImageObject\",\"inLanguage\":\"es\",\"@id\":\"https:\/\/futbolhoy.co\/#\/schema\/logo\/image\/\",\"url\":\"https:\/\/futbolhoy.co\/wp-content\/uploads\/2018\/08\/17426380_1906371736249227_6326180412931521141_n.jpg\",\"contentUrl\":\"https:\/\/futbolhoy.co\/wp-content\/uploads\/2018\/08\/17426380_1906371736249227_6326180412931521141_n.jpg\",\"width\":960,\"height\":960,\"caption\":\"Futbolhoy.co\"},\"image\":{\"@id\":\"https:\/\/futbolhoy.co\/#\/schema\/logo\/image\/\"},\"sameAs\":[\"https:\/\/www.facebook.com\/FutbolHoyCol\/\",\"https:\/\/x.com\/FutbolHoyCol\",\"https:\/\/www.instagram.com\/futbolhoycol\/\"]},{\"@type\":\"Person\",\"@id\":\"https:\/\/futbolhoy.co\/#\/schema\/person\/c4a353a512b127643723a34bb1812f7d\",\"name\":\"Laura Hern\u00e1ndez\",\"image\":{\"@type\":\"ImageObject\",\"inLanguage\":\"es\",\"@id\":\"https:\/\/futbolhoy.co\/#\/schema\/person\/image\/\",\"url\":\"https:\/\/secure.gravatar.com\/avatar\/d25959a15b9b293a743f99181c7cfd01?s=96&d=mm&r=g\",\"contentUrl\":\"https:\/\/secure.gravatar.com\/avatar\/d25959a15b9b293a743f99181c7cfd01?s=96&d=mm&r=g\",\"caption\":\"Laura Hern\u00e1ndez\"}}]}<\/script>\n<!-- \/ Yoast SEO plugin. -->","yoast_head_json":{"title":"Duv\u00e1n y Muriel entrenaron en Italia -","robots":{"index":"index","follow":"follow","max-snippet":"max-snippet:-1","max-image-preview":"max-image-preview:large","max-video-preview":"max-video-preview:-1"},"canonical":"https:\/\/futbolhoy.co\/index.php\/2020\/05\/06\/duvan-y-muriel-entrenaron-en-italia\/","og_locale":"es_ES","og_type":"article","og_title":"Duv\u00e1n y Muriel entrenaron en Italia -","og_description":"Los delanteros colombianos Duv\u00e1n Zapata y Luis Fernando Muriel, del Atalanta italiano, volvieron a practicar de manera individual en la sede del club, despu\u00e9s de casi dos meses de para por el coronavirus. Los dos jugadores empezaron sus entrenamientos en la sede de Zingonia este martes y seguir\u00e1n asistiendo a lo largo de la semana, [&hellip;]","og_url":"https:\/\/futbolhoy.co\/index.php\/2020\/05\/06\/duvan-y-muriel-entrenaron-en-italia\/","article_publisher":"https:\/\/www.facebook.com\/FutbolHoyCol\/","article_published_time":"2020-05-06T12:59:28+00:00","article_modified_time":"2020-05-07T00:24:26+00:00","og_image":[{"width":1600,"height":1200,"url":"https:\/\/futbolhoy.co\/wp-content\/uploads\/2019\/10\/Duvanz.jpg","type":"image\/jpeg"}],"author":"Laura Hern\u00e1ndez","twitter_card":"summary_large_image","twitter_creator":"@FutbolHoyCol","twitter_site":"@FutbolHoyCol","twitter_misc":{"Escrito por":"Laura Hern\u00e1ndez","Tiempo de lectura":"1 minuto"},"schema":{"@context":"https:\/\/schema.org","@graph":[{"@type":"Article","@id":"https:\/\/futbolhoy.co\/index.php\/2020\/05\/06\/duvan-y-muriel-entrenaron-en-italia\/#article","isPartOf":{"@id":"https:\/\/futbolhoy.co\/index.php\/2020\/05\/06\/duvan-y-muriel-entrenaron-en-italia\/"},"author":{"name":"Laura Hern\u00e1ndez","@id":"https:\/\/futbolhoy.co\/#\/schema\/person\/c4a353a512b127643723a34bb1812f7d"},"headline":"Duv\u00e1n y Muriel entrenaron en Italia","datePublished":"2020-05-06T12:59:28+00:00","dateModified":"2020-05-07T00:24:26+00:00","mainEntityOfPage":{"@id":"https:\/\/futbolhoy.co\/index.php\/2020\/05\/06\/duvan-y-muriel-entrenaron-en-italia\/"},"wordCount":126,"commentCount":0,"publisher":{"@id":"https:\/\/futbolhoy.co\/#organization"},"image":{"@id":"https:\/\/futbolhoy.co\/index.php\/2020\/05\/06\/duvan-y-muriel-entrenaron-en-italia\/#primaryimage"},"thumbnailUrl":"https:\/\/futbolhoy.co\/wp-content\/uploads\/2019\/10\/Duvanz.jpg","keywords":["Atalanta","Duv\u00e1n Zapata","luis muriel"],"articleSection":["Colombia"],"inLanguage":"es","potentialAction":[{"@type":"CommentAction","name":"Comment","target":["https:\/\/futbolhoy.co\/index.php\/2020\/05\/06\/duvan-y-muriel-entrenaron-en-italia\/#respond"]}]},{"@type":"WebPage","@id":"https:\/\/futbolhoy.co\/index.php\/2020\/05\/06\/duvan-y-muriel-entrenaron-en-italia\/","url":"https:\/\/futbolhoy.co\/index.php\/2020\/05\/06\/duvan-y-muriel-entrenaron-en-italia\/","name":"Duv\u00e1n y Muriel entrenaron en Italia -","isPartOf":{"@id":"https:\/\/futbolhoy.co\/#website"},"primaryImageOfPage":{"@id":"https:\/\/futbolhoy.co\/index.php\/2020\/05\/06\/duvan-y-muriel-entrenaron-en-italia\/#primaryimage"},"image":{"@id":"https:\/\/futbolhoy.co\/index.php\/2020\/05\/06\/duvan-y-muriel-entrenaron-en-italia\/#primaryimage"},"thumbnailUrl":"https:\/\/futbolhoy.co\/wp-content\/uploads\/2019\/10\/Duvanz.jpg","datePublished":"2020-05-06T12:59:28+00:00","dateModified":"2020-05-07T00:24:26+00:00","breadcrumb":{"@id":"https:\/\/futbolhoy.co\/index.php\/2020\/05\/06\/duvan-y-muriel-entrenaron-en-italia\/#breadcrumb"},"inLanguage":"es","potentialAction":[{"@type":"ReadAction","target":["https:\/\/futbolhoy.co\/index.php\/2020\/05\/06\/duvan-y-muriel-entrenaron-en-italia\/"]}]},{"@type":"ImageObject","inLanguage":"es","@id":"https:\/\/futbolhoy.co\/index.php\/2020\/05\/06\/duvan-y-muriel-entrenaron-en-italia\/#primaryimage","url":"https:\/\/futbolhoy.co\/wp-content\/uploads\/2019\/10\/Duvanz.jpg","contentUrl":"https:\/\/futbolhoy.co\/wp-content\/uploads\/2019\/10\/Duvanz.jpg","width":1600,"height":1200,"caption":"@Atalanta_BC"},{"@type":"BreadcrumbList","@id":"https:\/\/futbolhoy.co\/index.php\/2020\/05\/06\/duvan-y-muriel-entrenaron-en-italia\/#breadcrumb","itemListElement":[{"@type":"ListItem","position":1,"name":"Portada","item":"https:\/\/futbolhoy.co\/"},{"@type":"ListItem","position":2,"name":"Duv\u00e1n y Muriel entrenaron en Italia"}]},{"@type":"WebSite","@id":"https:\/\/futbolhoy.co\/#website","url":"https:\/\/futbolhoy.co\/","name":"FutbolHoy","description":"","publisher":{"@id":"https:\/\/futbolhoy.co\/#organization"},"potentialAction":[{"@type":"SearchAction","target":{"@type":"EntryPoint","urlTemplate":"https:\/\/futbolhoy.co\/?s={search_term_string}"},"query-input":{"@type":"PropertyValueSpecification","valueRequired":true,"valueName":"search_term_string"}}],"inLanguage":"es"},{"@type":"Organization","@id":"https:\/\/futbolhoy.co\/#organization","name":"Futbolhoy.co","url":"https:\/\/futbolhoy.co\/","logo":{"@type":"ImageObject","inLanguage":"es","@id":"https:\/\/futbolhoy.co\/#\/schema\/logo\/image\/","url":"https:\/\/futbolhoy.co\/wp-content\/uploads\/2018\/08\/17426380_1906371736249227_6326180412931521141_n.jpg","contentUrl":"https:\/\/futbolhoy.co\/wp-content\/uploads\/2018\/08\/17426380_1906371736249227_6326180412931521141_n.jpg","width":960,"height":960,"caption":"Futbolhoy.co"},"image":{"@id":"https:\/\/futbolhoy.co\/#\/schema\/logo\/image\/"},"sameAs":["https:\/\/www.facebook.com\/FutbolHoyCol\/","https:\/\/x.com\/FutbolHoyCol","https:\/\/www.instagram.com\/futbolhoycol\/"]},{"@type":"Person","@id":"https:\/\/futbolhoy.co\/#\/schema\/person\/c4a353a512b127643723a34bb1812f7d","name":"Laura Hern\u00e1ndez","image":{"@type":"ImageObject","inLanguage":"es","@id":"https:\/\/futbolhoy.co\/#\/schema\/person\/image\/","url":"https:\/\/secure.gravatar.com\/avatar\/d25959a15b9b293a743f99181c7cfd01?s=96&d=mm&r=g","contentUrl":"https:\/\/secure.gravatar.com\/avatar\/d25959a15b9b293a743f99181c7cfd01?s=96&d=mm&r=g","caption":"Laura Hern\u00e1ndez"}}]}},"publishpress_future_action":{"enabled":false,"date":"2026-05-04 23:32:26","action":"change-status","newStatus":"draft","terms":[],"taxonomy":"category","extraData":[]},"publishpress_future_workflow_manual_trigger":{"enabledWorkflows":[]},"_links":{"self":[{"href":"https:\/\/futbolhoy.co\/index.php\/wp-json\/wp\/v2\/posts\/50841","targetHints":{"allow":["GET"]}}],"collection":[{"href":"https:\/\/futbolhoy.co\/index.php\/wp-json\/wp\/v2\/posts"}],"about":[{"href":"https:\/\/futbolhoy.co\/index.php\/wp-json\/wp\/v2\/types\/post"}],"author":[{"embeddable":true,"href":"https:\/\/futbolhoy.co\/index.php\/wp-json\/wp\/v2\/users\/5"}],"replies":[{"embeddable":true,"href":"https:\/\/futbolhoy.co\/index.php\/wp-json\/wp\/v2\/comments?post=50841"}],"version-history":[{"count":1,"href":"https:\/\/futbolhoy.co\/index.php\/wp-json\/wp\/v2\/posts\/50841\/revisions"}],"predecessor-version":[{"id":50843,"href":"https:\/\/futbolhoy.co\/index.php\/wp-json\/wp\/v2\/posts\/50841\/revisions\/50843"}],"wp:featuredmedia":[{"embeddable":true,"href":"https:\/\/futbolhoy.co\/index.php\/wp-json\/wp\/v2\/media\/41930"}],"wp:attachment":[{"href":"https:\/\/futbolhoy.co\/index.php\/wp-json\/wp\/v2\/media?parent=50841"}],"wp:term":[{"taxonomy":"category","embeddable":true,"href":"https:\/\/futbolhoy.co\/index.php\/wp-json\/wp\/v2\/categories?post=50841"},{"taxonomy":"post_tag","embeddable":true,"href":"https:\/\/futbolhoy.co\/index.php\/wp-json\/wp\/v2\/tags?post=50841"}],"curies":[{"name":"wp","href":"https:\/\/api.w.org\/{rel}","templated":true}]}}