{"id":50844,"date":"2020-05-06T11:37:39","date_gmt":"2020-05-06T16:37:39","guid":{"rendered":"https:\/\/futbolhoy.co\/?p=50844"},"modified":"2020-05-07T07:48:53","modified_gmt":"2020-05-07T12:48:53","slug":"futbol-hoy-y-los-lectores-escogen-el-mejor-equipo-de-colombia","status":"publish","type":"post","link":"https:\/\/futbolhoy.co\/index.php\/2020\/05\/06\/futbol-hoy-y-los-lectores-escogen-el-mejor-equipo-de-colombia\/","title":{"rendered":"F\u00fatbol Hoy y los lectores escogen el mejor equipo de Colombia"},"content":{"rendered":"<p style=\"text-align: justify\"><span style=\"font-family: helvetica, arial, sans-serif\">Los 72 a\u00f1os de historia de f\u00fatbol profesional en <strong>Colombia<\/strong> tienen muchos clubes destacados a lo largo de los 90 campeonatos disputados, otros que han tenido gran figuraci\u00f3n en el campo internacional y algunos que han marcado \u00e9poca, ya sea por su estilo de juego desplegado o por la herencia dejada.<\/span><\/p>\n<p style=\"text-align: justify\"><span style=\"font-family: helvetica, arial, sans-serif\"><em><strong>F\u00fatbol Hoy<\/strong><\/em> hizo una selecci\u00f3n de los m\u00e1s destacados equipos de nuestra <strong>Liga<\/strong> y pone a la consideraci\u00f3n de nuestros lectores y seguidores los cuatro m\u00e1s importantes de la historia.<\/span><\/p>\n<p style=\"text-align: justify\"><span style=\"font-family: helvetica, arial, sans-serif\"><strong>Millonarios,<\/strong> bajo la direcci\u00f3n del argentino <strong>Adolfo Pedernera,<\/strong> logr\u00f3 los t\u00edtulos nacionales de 1951, 1952 y 1953, en la \u00e9poca de <strong>El Dorad<\/strong>o, teniendo como figura relevante a<strong> Alfredo Di St\u00e9fano.<\/strong><\/span><\/p>\n<p style=\"text-align: justify\"><span style=\"font-family: helvetica, arial, sans-serif\">Pedernera, a\u00f1os despu\u00e9s, llevar\u00eda a Colombia a su primera <strong>Copa del Mundo<\/strong> en <strong>Chile 1962.<\/strong><\/span><\/p>\n<p style=\"text-align: justify\"><span style=\"font-family: helvetica, arial, sans-serif\"><strong>Deportivo Cali<\/strong> de cierre de los 70\u2019s, con la conducci\u00f3n de <strong>Carlos Salvador Bilardo<\/strong>, fue subcampe\u00f3n tres a\u00f1os consecutivos entre 1976 y 1978, alcanzando esta \u00faltima temporada la final de la <strong>Copa Libertadores,<\/strong> siendo el primer club colombiano en lograr la haza\u00f1a.<\/span><\/p>\n<p style=\"text-align: justify\"><span style=\"font-family: helvetica, arial, sans-serif\">Bilardo inici\u00f3 en Colombia la pr\u00e1ctica del l\u00edbero y stopper en defensa, que despu\u00e9s aplicar\u00eda para ser campe\u00f3n mundial con <strong>Argentina<\/strong> en <strong>M\u00e9xico 1986.<\/strong><\/span><\/p>\n<p style=\"text-align: justify\"><span style=\"font-family: helvetica, arial, sans-serif\">El m\u00e9dico <strong>Gabriel Ochoa Uribe<\/strong> lider\u00f3 el Am\u00e9rica que alcanz\u00f3 5 t\u00edtulos seguidos en campeonatos largos, entre 1982 y 1986, llegando a las finales de<strong> Copa Libertadores<\/strong> en 1985, 1986 y 1987.<\/span><\/p>\n<p style=\"text-align: justify\"><span style=\"font-family: helvetica, arial, sans-serif\"><strong>Atl\u00e9tico Nacional<\/strong>, el equipo de los \u2018puros criollos\u2019, con la orientaci\u00f3n de <strong>Francisco Maturana,<\/strong> fue subcampe\u00f3n de Liga en 1988 y 1990, alcanzando la primera <strong>Copa Libertadores<\/strong> del pa\u00eds en 1989; y convirti\u00e9ndose en la base de la <strong>Selecci\u00f3n<\/strong> que volvi\u00f3 a un <strong>Mundial,<\/strong> 28 a\u00f1os despu\u00e9s, en <strong>Italia 1990.<\/strong><\/span><\/p>\n<p style=\"text-align: justify\"><span style=\"font-family: helvetica, arial, sans-serif\">En el historial del rentado nacional tambi\u00e9n se han destacado el <strong>Am\u00e9rica<\/strong> de <strong>Jaime de la Pava,<\/strong> tricampe\u00f3n entre 2000 y 2002, <strong>Nacional<\/strong> con <strong>Juan Carlos Osorio<\/strong>, ganador de los torneos 2013 I y II y 2014 I o el \u2018verde antioque\u00f1o\u2019 de <strong>Reinaldo Rueda,<\/strong> campe\u00f3n en 2015 II y 2017 I, adem\u00e1s de la <strong>Libertadores 2016.<\/strong><\/span><\/p>\n<p style=\"text-align: justify\"><span style=\"font-family: helvetica, arial, sans-serif\">El<strong> Once Caldas,<\/strong> con <strong>Luis Fernando Montoya<\/strong>, fue campe\u00f3n de <strong>Copa Libertadores en 2004<\/strong>, con un f\u00fatbol de control defensivo, que le sirvi\u00f3 para dejar en el camino a la corona a gigantes como<strong> Santos, Sao Paulo y Boca Juniors.<\/strong><\/span><\/p>\n<p style=\"text-align: justify\"><span style=\"font-family: helvetica, arial, sans-serif\"><strong>Santa Fe<\/strong>, con el uruguayo <strong>Gerardo Pelusso<\/strong> al mando, se llev\u00f3 la <strong>Copa Sudamericana<\/strong> en 2015, \u00fanico t\u00edtulo colombiano en este torneo.<\/span><\/p>\n<p style=\"text-align: justify\"><span style=\"font-family: helvetica, arial, sans-serif\">Adem\u00e1s, se destac\u00f3 el <strong>Junior,<\/strong> cuando tuvo como t\u00e9cnico al argentino <strong>Jos\u00e9 \u2018Puchero\u2019 Varacka,<\/strong> que fue campe\u00f3n en 1980, pero estuvo al frente del \u2018tibur\u00f3n\u2019 entre 1975 y 1977 y 1980-1981.<\/span><\/p>\n<p style=\"text-align: justify\"><span style=\"font-family: helvetica, arial, sans-serif\">Los invitamos a escoger el equipo que m\u00e1s le gust\u00f3 en la historia de Colombia en <em>@FutbolHoyCol<\/em> y <em>@cesaralo<\/em><\/span><\/p>\n","protected":false},"excerpt":{"rendered":"<p>Los 72 a\u00f1os de historia de f\u00fatbol profesional en Colombia tienen muchos clubes destacados a lo largo de los 90 campeonatos disputados, otros que han tenido gran figuraci\u00f3n en el campo internacional y algunos que han marcado \u00e9poca, ya sea por su estilo de juego desplegado o por la herencia dejada. F\u00fatbol Hoy hizo una [&hellip;]<\/p>\n","protected":false},"author":5,"featured_media":50846,"comment_status":"open","ping_status":"open","sticky":false,"template":"","format":"standard","meta":{"_acf_changed":false,"footnotes":""},"categories":[7],"tags":[150,230,90,148,147,232,118],"class_list":{"0":"post-50844","1":"post","2":"type-post","3":"status-publish","4":"format-standard","5":"has-post-thumbnail","7":"category-liga-betplay","8":"tag-america","9":"tag-cali","10":"tag-junior","11":"tag-millonarios","12":"tag-nacional","13":"tag-once-caldas","14":"tag-santa-fe"},"acf":[],"yoast_head":"<!-- This site is optimized with the Yoast SEO plugin v26.8 - https:\/\/yoast.com\/product\/yoast-seo-wordpress\/ -->\n<title>F\u00fatbol Hoy y los lectores escogen el mejor equipo de Colombia -<\/title>\n<meta name=\"robots\" content=\"index, follow, max-snippet:-1, max-image-preview:large, max-video-preview:-1\" \/>\n<link rel=\"canonical\" href=\"https:\/\/futbolhoy.co\/index.php\/2020\/05\/06\/futbol-hoy-y-los-lectores-escogen-el-mejor-equipo-de-colombia\/\" \/>\n<meta property=\"og:locale\" content=\"es_ES\" \/>\n<meta property=\"og:type\" content=\"article\" \/>\n<meta property=\"og:title\" content=\"F\u00fatbol Hoy y los lectores escogen el mejor equipo de Colombia -\" \/>\n<meta property=\"og:description\" content=\"Los 72 a\u00f1os de historia de f\u00fatbol profesional en Colombia tienen muchos clubes destacados a lo largo de los 90 campeonatos disputados, otros que han tenido gran figuraci\u00f3n en el campo internacional y algunos que han marcado \u00e9poca, ya sea por su estilo de juego desplegado o por la herencia dejada. F\u00fatbol Hoy hizo una [&hellip;]\" \/>\n<meta property=\"og:url\" content=\"https:\/\/futbolhoy.co\/index.php\/2020\/05\/06\/futbol-hoy-y-los-lectores-escogen-el-mejor-equipo-de-colombia\/\" \/>\n<meta property=\"article:publisher\" content=\"https:\/\/www.facebook.com\/FutbolHoyCol\/\" \/>\n<meta property=\"article:published_time\" content=\"2020-05-06T16:37:39+00:00\" \/>\n<meta property=\"article:modified_time\" content=\"2020-05-07T12:48:53+00:00\" \/>\n<meta property=\"og:image\" content=\"https:\/\/futbolhoy.co\/wp-content\/uploads\/2020\/05\/adolfo_pedernera23432_0.jpg\" \/>\n\t<meta property=\"og:image:width\" content=\"984\" \/>\n\t<meta property=\"og:image:height\" content=\"655\" \/>\n\t<meta property=\"og:image:type\" content=\"image\/jpeg\" \/>\n<meta name=\"author\" content=\"Laura Hern\u00e1ndez\" \/>\n<meta name=\"twitter:card\" content=\"summary_large_image\" \/>\n<meta name=\"twitter:creator\" content=\"@FutbolHoyCol\" \/>\n<meta name=\"twitter:site\" content=\"@FutbolHoyCol\" \/>\n<meta name=\"twitter:label1\" content=\"Escrito por\" \/>\n\t<meta name=\"twitter:data1\" content=\"Laura Hern\u00e1ndez\" \/>\n\t<meta name=\"twitter:label2\" content=\"Tiempo de lectura\" \/>\n\t<meta name=\"twitter:data2\" content=\"2 minutos\" \/>\n<script type=\"application\/ld+json\" class=\"yoast-schema-graph\">{\"@context\":\"https:\/\/schema.org\",\"@graph\":[{\"@type\":\"Article\",\"@id\":\"https:\/\/futbolhoy.co\/index.php\/2020\/05\/06\/futbol-hoy-y-los-lectores-escogen-el-mejor-equipo-de-colombia\/#article\",\"isPartOf\":{\"@id\":\"https:\/\/futbolhoy.co\/index.php\/2020\/05\/06\/futbol-hoy-y-los-lectores-escogen-el-mejor-equipo-de-colombia\/\"},\"author\":{\"name\":\"Laura Hern\u00e1ndez\",\"@id\":\"https:\/\/futbolhoy.co\/#\/schema\/person\/c4a353a512b127643723a34bb1812f7d\"},\"headline\":\"F\u00fatbol Hoy y los lectores escogen el mejor equipo de Colombia\",\"datePublished\":\"2020-05-06T16:37:39+00:00\",\"dateModified\":\"2020-05-07T12:48:53+00:00\",\"mainEntityOfPage\":{\"@id\":\"https:\/\/futbolhoy.co\/index.php\/2020\/05\/06\/futbol-hoy-y-los-lectores-escogen-el-mejor-equipo-de-colombia\/\"},\"wordCount\":473,\"commentCount\":0,\"publisher\":{\"@id\":\"https:\/\/futbolhoy.co\/#organization\"},\"image\":{\"@id\":\"https:\/\/futbolhoy.co\/index.php\/2020\/05\/06\/futbol-hoy-y-los-lectores-escogen-el-mejor-equipo-de-colombia\/#primaryimage\"},\"thumbnailUrl\":\"https:\/\/futbolhoy.co\/wp-content\/uploads\/2020\/05\/adolfo_pedernera23432_0.jpg\",\"keywords\":[\"Am\u00e9rica\",\"Cali\",\"Junior\",\"Millonarios\",\"Nacional\",\"once caldas\",\"Santa Fe\"],\"articleSection\":[\"Liga BetPlay\"],\"inLanguage\":\"es\",\"potentialAction\":[{\"@type\":\"CommentAction\",\"name\":\"Comment\",\"target\":[\"https:\/\/futbolhoy.co\/index.php\/2020\/05\/06\/futbol-hoy-y-los-lectores-escogen-el-mejor-equipo-de-colombia\/#respond\"]}]},{\"@type\":\"WebPage\",\"@id\":\"https:\/\/futbolhoy.co\/index.php\/2020\/05\/06\/futbol-hoy-y-los-lectores-escogen-el-mejor-equipo-de-colombia\/\",\"url\":\"https:\/\/futbolhoy.co\/index.php\/2020\/05\/06\/futbol-hoy-y-los-lectores-escogen-el-mejor-equipo-de-colombia\/\",\"name\":\"F\u00fatbol Hoy y los lectores escogen el mejor equipo de Colombia -\",\"isPartOf\":{\"@id\":\"https:\/\/futbolhoy.co\/#website\"},\"primaryImageOfPage\":{\"@id\":\"https:\/\/futbolhoy.co\/index.php\/2020\/05\/06\/futbol-hoy-y-los-lectores-escogen-el-mejor-equipo-de-colombia\/#primaryimage\"},\"image\":{\"@id\":\"https:\/\/futbolhoy.co\/index.php\/2020\/05\/06\/futbol-hoy-y-los-lectores-escogen-el-mejor-equipo-de-colombia\/#primaryimage\"},\"thumbnailUrl\":\"https:\/\/futbolhoy.co\/wp-content\/uploads\/2020\/05\/adolfo_pedernera23432_0.jpg\",\"datePublished\":\"2020-05-06T16:37:39+00:00\",\"dateModified\":\"2020-05-07T12:48:53+00:00\",\"breadcrumb\":{\"@id\":\"https:\/\/futbolhoy.co\/index.php\/2020\/05\/06\/futbol-hoy-y-los-lectores-escogen-el-mejor-equipo-de-colombia\/#breadcrumb\"},\"inLanguage\":\"es\",\"potentialAction\":[{\"@type\":\"ReadAction\",\"target\":[\"https:\/\/futbolhoy.co\/index.php\/2020\/05\/06\/futbol-hoy-y-los-lectores-escogen-el-mejor-equipo-de-colombia\/\"]}]},{\"@type\":\"ImageObject\",\"inLanguage\":\"es\",\"@id\":\"https:\/\/futbolhoy.co\/index.php\/2020\/05\/06\/futbol-hoy-y-los-lectores-escogen-el-mejor-equipo-de-colombia\/#primaryimage\",\"url\":\"https:\/\/futbolhoy.co\/wp-content\/uploads\/2020\/05\/adolfo_pedernera23432_0.jpg\",\"contentUrl\":\"https:\/\/futbolhoy.co\/wp-content\/uploads\/2020\/05\/adolfo_pedernera23432_0.jpg\",\"width\":984,\"height\":655},{\"@type\":\"BreadcrumbList\",\"@id\":\"https:\/\/futbolhoy.co\/index.php\/2020\/05\/06\/futbol-hoy-y-los-lectores-escogen-el-mejor-equipo-de-colombia\/#breadcrumb\",\"itemListElement\":[{\"@type\":\"ListItem\",\"position\":1,\"name\":\"Portada\",\"item\":\"https:\/\/futbolhoy.co\/\"},{\"@type\":\"ListItem\",\"position\":2,\"name\":\"F\u00fatbol Hoy y los lectores escogen el mejor equipo de Colombia\"}]},{\"@type\":\"WebSite\",\"@id\":\"https:\/\/futbolhoy.co\/#website\",\"url\":\"https:\/\/futbolhoy.co\/\",\"name\":\"FutbolHoy\",\"description\":\"\",\"publisher\":{\"@id\":\"https:\/\/futbolhoy.co\/#organization\"},\"potentialAction\":[{\"@type\":\"SearchAction\",\"target\":{\"@type\":\"EntryPoint\",\"urlTemplate\":\"https:\/\/futbolhoy.co\/?s={search_term_string}\"},\"query-input\":{\"@type\":\"PropertyValueSpecification\",\"valueRequired\":true,\"valueName\":\"search_term_string\"}}],\"inLanguage\":\"es\"},{\"@type\":\"Organization\",\"@id\":\"https:\/\/futbolhoy.co\/#organization\",\"name\":\"Futbolhoy.co\",\"url\":\"https:\/\/futbolhoy.co\/\",\"logo\":{\"@type\":\"ImageObject\",\"inLanguage\":\"es\",\"@id\":\"https:\/\/futbolhoy.co\/#\/schema\/logo\/image\/\",\"url\":\"https:\/\/futbolhoy.co\/wp-content\/uploads\/2018\/08\/17426380_1906371736249227_6326180412931521141_n.jpg\",\"contentUrl\":\"https:\/\/futbolhoy.co\/wp-content\/uploads\/2018\/08\/17426380_1906371736249227_6326180412931521141_n.jpg\",\"width\":960,\"height\":960,\"caption\":\"Futbolhoy.co\"},\"image\":{\"@id\":\"https:\/\/futbolhoy.co\/#\/schema\/logo\/image\/\"},\"sameAs\":[\"https:\/\/www.facebook.com\/FutbolHoyCol\/\",\"https:\/\/x.com\/FutbolHoyCol\",\"https:\/\/www.instagram.com\/futbolhoycol\/\"]},{\"@type\":\"Person\",\"@id\":\"https:\/\/futbolhoy.co\/#\/schema\/person\/c4a353a512b127643723a34bb1812f7d\",\"name\":\"Laura Hern\u00e1ndez\",\"image\":{\"@type\":\"ImageObject\",\"inLanguage\":\"es\",\"@id\":\"https:\/\/futbolhoy.co\/#\/schema\/person\/image\/\",\"url\":\"https:\/\/secure.gravatar.com\/avatar\/d25959a15b9b293a743f99181c7cfd01?s=96&d=mm&r=g\",\"contentUrl\":\"https:\/\/secure.gravatar.com\/avatar\/d25959a15b9b293a743f99181c7cfd01?s=96&d=mm&r=g\",\"caption\":\"Laura Hern\u00e1ndez\"}}]}<\/script>\n<!-- \/ Yoast SEO plugin. -->","yoast_head_json":{"title":"F\u00fatbol Hoy y los lectores escogen el mejor equipo de Colombia -","robots":{"index":"index","follow":"follow","max-snippet":"max-snippet:-1","max-image-preview":"max-image-preview:large","max-video-preview":"max-video-preview:-1"},"canonical":"https:\/\/futbolhoy.co\/index.php\/2020\/05\/06\/futbol-hoy-y-los-lectores-escogen-el-mejor-equipo-de-colombia\/","og_locale":"es_ES","og_type":"article","og_title":"F\u00fatbol Hoy y los lectores escogen el mejor equipo de Colombia -","og_description":"Los 72 a\u00f1os de historia de f\u00fatbol profesional en Colombia tienen muchos clubes destacados a lo largo de los 90 campeonatos disputados, otros que han tenido gran figuraci\u00f3n en el campo internacional y algunos que han marcado \u00e9poca, ya sea por su estilo de juego desplegado o por la herencia dejada. F\u00fatbol Hoy hizo una [&hellip;]","og_url":"https:\/\/futbolhoy.co\/index.php\/2020\/05\/06\/futbol-hoy-y-los-lectores-escogen-el-mejor-equipo-de-colombia\/","article_publisher":"https:\/\/www.facebook.com\/FutbolHoyCol\/","article_published_time":"2020-05-06T16:37:39+00:00","article_modified_time":"2020-05-07T12:48:53+00:00","og_image":[{"width":984,"height":655,"url":"https:\/\/futbolhoy.co\/wp-content\/uploads\/2020\/05\/adolfo_pedernera23432_0.jpg","type":"image\/jpeg"}],"author":"Laura Hern\u00e1ndez","twitter_card":"summary_large_image","twitter_creator":"@FutbolHoyCol","twitter_site":"@FutbolHoyCol","twitter_misc":{"Escrito por":"Laura Hern\u00e1ndez","Tiempo de lectura":"2 minutos"},"schema":{"@context":"https:\/\/schema.org","@graph":[{"@type":"Article","@id":"https:\/\/futbolhoy.co\/index.php\/2020\/05\/06\/futbol-hoy-y-los-lectores-escogen-el-mejor-equipo-de-colombia\/#article","isPartOf":{"@id":"https:\/\/futbolhoy.co\/index.php\/2020\/05\/06\/futbol-hoy-y-los-lectores-escogen-el-mejor-equipo-de-colombia\/"},"author":{"name":"Laura Hern\u00e1ndez","@id":"https:\/\/futbolhoy.co\/#\/schema\/person\/c4a353a512b127643723a34bb1812f7d"},"headline":"F\u00fatbol Hoy y los lectores escogen el mejor equipo de Colombia","datePublished":"2020-05-06T16:37:39+00:00","dateModified":"2020-05-07T12:48:53+00:00","mainEntityOfPage":{"@id":"https:\/\/futbolhoy.co\/index.php\/2020\/05\/06\/futbol-hoy-y-los-lectores-escogen-el-mejor-equipo-de-colombia\/"},"wordCount":473,"commentCount":0,"publisher":{"@id":"https:\/\/futbolhoy.co\/#organization"},"image":{"@id":"https:\/\/futbolhoy.co\/index.php\/2020\/05\/06\/futbol-hoy-y-los-lectores-escogen-el-mejor-equipo-de-colombia\/#primaryimage"},"thumbnailUrl":"https:\/\/futbolhoy.co\/wp-content\/uploads\/2020\/05\/adolfo_pedernera23432_0.jpg","keywords":["Am\u00e9rica","Cali","Junior","Millonarios","Nacional","once caldas","Santa Fe"],"articleSection":["Liga BetPlay"],"inLanguage":"es","potentialAction":[{"@type":"CommentAction","name":"Comment","target":["https:\/\/futbolhoy.co\/index.php\/2020\/05\/06\/futbol-hoy-y-los-lectores-escogen-el-mejor-equipo-de-colombia\/#respond"]}]},{"@type":"WebPage","@id":"https:\/\/futbolhoy.co\/index.php\/2020\/05\/06\/futbol-hoy-y-los-lectores-escogen-el-mejor-equipo-de-colombia\/","url":"https:\/\/futbolhoy.co\/index.php\/2020\/05\/06\/futbol-hoy-y-los-lectores-escogen-el-mejor-equipo-de-colombia\/","name":"F\u00fatbol Hoy y los lectores escogen el mejor equipo de Colombia -","isPartOf":{"@id":"https:\/\/futbolhoy.co\/#website"},"primaryImageOfPage":{"@id":"https:\/\/futbolhoy.co\/index.php\/2020\/05\/06\/futbol-hoy-y-los-lectores-escogen-el-mejor-equipo-de-colombia\/#primaryimage"},"image":{"@id":"https:\/\/futbolhoy.co\/index.php\/2020\/05\/06\/futbol-hoy-y-los-lectores-escogen-el-mejor-equipo-de-colombia\/#primaryimage"},"thumbnailUrl":"https:\/\/futbolhoy.co\/wp-content\/uploads\/2020\/05\/adolfo_pedernera23432_0.jpg","datePublished":"2020-05-06T16:37:39+00:00","dateModified":"2020-05-07T12:48:53+00:00","breadcrumb":{"@id":"https:\/\/futbolhoy.co\/index.php\/2020\/05\/06\/futbol-hoy-y-los-lectores-escogen-el-mejor-equipo-de-colombia\/#breadcrumb"},"inLanguage":"es","potentialAction":[{"@type":"ReadAction","target":["https:\/\/futbolhoy.co\/index.php\/2020\/05\/06\/futbol-hoy-y-los-lectores-escogen-el-mejor-equipo-de-colombia\/"]}]},{"@type":"ImageObject","inLanguage":"es","@id":"https:\/\/futbolhoy.co\/index.php\/2020\/05\/06\/futbol-hoy-y-los-lectores-escogen-el-mejor-equipo-de-colombia\/#primaryimage","url":"https:\/\/futbolhoy.co\/wp-content\/uploads\/2020\/05\/adolfo_pedernera23432_0.jpg","contentUrl":"https:\/\/futbolhoy.co\/wp-content\/uploads\/2020\/05\/adolfo_pedernera23432_0.jpg","width":984,"height":655},{"@type":"BreadcrumbList","@id":"https:\/\/futbolhoy.co\/index.php\/2020\/05\/06\/futbol-hoy-y-los-lectores-escogen-el-mejor-equipo-de-colombia\/#breadcrumb","itemListElement":[{"@type":"ListItem","position":1,"name":"Portada","item":"https:\/\/futbolhoy.co\/"},{"@type":"ListItem","position":2,"name":"F\u00fatbol Hoy y los lectores escogen el mejor equipo de Colombia"}]},{"@type":"WebSite","@id":"https:\/\/futbolhoy.co\/#website","url":"https:\/\/futbolhoy.co\/","name":"FutbolHoy","description":"","publisher":{"@id":"https:\/\/futbolhoy.co\/#organization"},"potentialAction":[{"@type":"SearchAction","target":{"@type":"EntryPoint","urlTemplate":"https:\/\/futbolhoy.co\/?s={search_term_string}"},"query-input":{"@type":"PropertyValueSpecification","valueRequired":true,"valueName":"search_term_string"}}],"inLanguage":"es"},{"@type":"Organization","@id":"https:\/\/futbolhoy.co\/#organization","name":"Futbolhoy.co","url":"https:\/\/futbolhoy.co\/","logo":{"@type":"ImageObject","inLanguage":"es","@id":"https:\/\/futbolhoy.co\/#\/schema\/logo\/image\/","url":"https:\/\/futbolhoy.co\/wp-content\/uploads\/2018\/08\/17426380_1906371736249227_6326180412931521141_n.jpg","contentUrl":"https:\/\/futbolhoy.co\/wp-content\/uploads\/2018\/08\/17426380_1906371736249227_6326180412931521141_n.jpg","width":960,"height":960,"caption":"Futbolhoy.co"},"image":{"@id":"https:\/\/futbolhoy.co\/#\/schema\/logo\/image\/"},"sameAs":["https:\/\/www.facebook.com\/FutbolHoyCol\/","https:\/\/x.com\/FutbolHoyCol","https:\/\/www.instagram.com\/futbolhoycol\/"]},{"@type":"Person","@id":"https:\/\/futbolhoy.co\/#\/schema\/person\/c4a353a512b127643723a34bb1812f7d","name":"Laura Hern\u00e1ndez","image":{"@type":"ImageObject","inLanguage":"es","@id":"https:\/\/futbolhoy.co\/#\/schema\/person\/image\/","url":"https:\/\/secure.gravatar.com\/avatar\/d25959a15b9b293a743f99181c7cfd01?s=96&d=mm&r=g","contentUrl":"https:\/\/secure.gravatar.com\/avatar\/d25959a15b9b293a743f99181c7cfd01?s=96&d=mm&r=g","caption":"Laura Hern\u00e1ndez"}}]}},"publishpress_future_action":{"enabled":false,"date":"2026-05-05 01:01:59","action":"change-status","newStatus":"draft","terms":[],"taxonomy":"category","extraData":[]},"publishpress_future_workflow_manual_trigger":{"enabledWorkflows":[]},"_links":{"self":[{"href":"https:\/\/futbolhoy.co\/index.php\/wp-json\/wp\/v2\/posts\/50844","targetHints":{"allow":["GET"]}}],"collection":[{"href":"https:\/\/futbolhoy.co\/index.php\/wp-json\/wp\/v2\/posts"}],"about":[{"href":"https:\/\/futbolhoy.co\/index.php\/wp-json\/wp\/v2\/types\/post"}],"author":[{"embeddable":true,"href":"https:\/\/futbolhoy.co\/index.php\/wp-json\/wp\/v2\/users\/5"}],"replies":[{"embeddable":true,"href":"https:\/\/futbolhoy.co\/index.php\/wp-json\/wp\/v2\/comments?post=50844"}],"version-history":[{"count":1,"href":"https:\/\/futbolhoy.co\/index.php\/wp-json\/wp\/v2\/posts\/50844\/revisions"}],"predecessor-version":[{"id":50845,"href":"https:\/\/futbolhoy.co\/index.php\/wp-json\/wp\/v2\/posts\/50844\/revisions\/50845"}],"wp:featuredmedia":[{"embeddable":true,"href":"https:\/\/futbolhoy.co\/index.php\/wp-json\/wp\/v2\/media\/50846"}],"wp:attachment":[{"href":"https:\/\/futbolhoy.co\/index.php\/wp-json\/wp\/v2\/media?parent=50844"}],"wp:term":[{"taxonomy":"category","embeddable":true,"href":"https:\/\/futbolhoy.co\/index.php\/wp-json\/wp\/v2\/categories?post=50844"},{"taxonomy":"post_tag","embeddable":true,"href":"https:\/\/futbolhoy.co\/index.php\/wp-json\/wp\/v2\/tags?post=50844"}],"curies":[{"name":"wp","href":"https:\/\/api.w.org\/{rel}","templated":true}]}}