{"id":50856,"date":"2020-05-06T19:17:26","date_gmt":"2020-05-07T00:17:26","guid":{"rendered":"https:\/\/futbolhoy.co\/?p=50856"},"modified":"2020-05-07T19:10:06","modified_gmt":"2020-05-08T00:10:06","slug":"50856","status":"publish","type":"post","link":"https:\/\/futbolhoy.co\/index.php\/2020\/05\/06\/50856\/","title":{"rendered":"Inter Miami insiste en James"},"content":{"rendered":"<!--[if lt IE 9]><script>document.createElement('audio');<\/script><![endif]-->\n<audio class=\"wp-audio-shortcode\" id=\"audio-50856-1\" preload=\"none\" style=\"width: 100%;\" controls=\"controls\"><source type=\"audio\/mpeg\" src=\"https:\/\/futbolhoy.co\/wp-content\/uploads\/2020\/05\/Paul-McDogough-director-deportivo-Inter-Miami-1.mp3?_=1\" \/><a href=\"https:\/\/futbolhoy.co\/wp-content\/uploads\/2020\/05\/Paul-McDogough-director-deportivo-Inter-Miami-1.mp3\">https:\/\/futbolhoy.co\/wp-content\/uploads\/2020\/05\/Paul-McDogough-director-deportivo-Inter-Miami-1.mp3<\/a><\/audio>\n<p>(<span style=\"font-family: helvetica, arial, sans-serif;\">Paul McDonough, director deportivo del Inter Miami<\/span>)<\/p>\n<p style=\"text-align: justify;\"><span style=\"font-family: helvetica, arial, sans-serif;\">La posibilidad de la vinculaci\u00f3n de<strong> James Rodr\u00edguez<\/strong> a la <strong>MLS<\/strong> tom\u00f3 fuerza en las \u00faltimas horas, luego de las declaraciones del director deportivo del <strong>Inter Miami, Paul McDonough<\/strong>.<\/span><\/p>\n<p style=\"text-align: justify;\"><span style=\"font-family: helvetica, arial, sans-serif;\">El dirigente dijo que su equipo sigue buscando dos jugadores del m\u00e1s de alto nivel, incluso durante la suspensi\u00f3n del torneo por el coronavirus, y habl\u00f3 de la posibilidad de contratar a James.<\/span><\/p>\n<p style=\"text-align: justify;\"><span style=\"font-family: helvetica, arial, sans-serif;\"><strong>McDonough<\/strong>, en el programa semanal <strong>OnSide<\/strong> que se transmite en el portal del club, explic\u00f3 lo que buscan para su entidad y las posibilidades de contratar al colombiano, que tiene contrato con el <strong>Real Madrid<\/strong> hasta mediados del 2021.<\/span><\/p>\n<p style=\"text-align: justify;\"><span style=\"font-family: helvetica, arial, sans-serif;\">El equipo propiedad del astro del f\u00fatbol brit\u00e1nico,<strong> David Beckham<\/strong>, y del empresario cubano-estadounidense<strong> Jorge Mas<\/strong>, baraja la posibilidad de vincular futbolistas de primera categor\u00eda.<\/span><\/p>\n<p style=\"text-align: justify;\"><span style=\"font-family: helvetica, arial, sans-serif;\">El portal <strong>Goal<\/strong> hab\u00eda asegurado recientemente que <strong>Beckham<\/strong> contact\u00f3 al presidente del <strong>Real Madrid<\/strong>, <strong>Florentino P\u00e9rez<\/strong>, explorando la posibilidad de contratar a <strong>James<\/strong> para su nueva franquicia.<\/span><\/p>\n<p style=\"text-align: justify;\"><span style=\"font-family: helvetica, arial, sans-serif;\">El Inter Miami, que debut\u00f3 en la <strong>MLS<\/strong> el pasado 1 de marzo en la casa de <strong>Los \u00c1ngeles<\/strong>, cuenta en sus filas con el tambi\u00e9n colombiano <strong>Andr\u00e9s Reyes<\/strong>, quien juega como defensa y lleg\u00f3 desde <strong>Atl\u00e9tico Nacional.<\/strong><\/span><\/p>\n","protected":false},"excerpt":{"rendered":"<p>(Paul McDonough, director deportivo del Inter Miami) La posibilidad de la vinculaci\u00f3n de James Rodr\u00edguez a la MLS tom\u00f3 fuerza en las \u00faltimas horas, luego de las declaraciones del director deportivo del Inter Miami, Paul McDonough. El dirigente dijo que su equipo sigue buscando dos jugadores del m\u00e1s de alto nivel, incluso durante la suspensi\u00f3n [&hellip;]<\/p>\n","protected":false},"author":5,"featured_media":50859,"comment_status":"open","ping_status":"open","sticky":false,"template":"","format":"video","meta":{"_acf_changed":false,"footnotes":""},"categories":[152],"tags":[],"class_list":{"0":"post-50856","1":"post","2":"type-post","3":"status-publish","4":"format-video","5":"has-post-thumbnail","7":"category-mundo-futbol","8":"post_format-post-format-video"},"acf":[],"yoast_head":"<!-- This site is optimized with the Yoast SEO plugin v26.8 - https:\/\/yoast.com\/product\/yoast-seo-wordpress\/ -->\n<title>Inter Miami insiste en James -<\/title>\n<meta name=\"robots\" content=\"index, follow, max-snippet:-1, max-image-preview:large, max-video-preview:-1\" \/>\n<link rel=\"canonical\" href=\"https:\/\/futbolhoy.co\/index.php\/2020\/05\/06\/50856\/\" \/>\n<meta property=\"og:locale\" content=\"es_ES\" \/>\n<meta property=\"og:type\" content=\"article\" \/>\n<meta property=\"og:title\" content=\"Inter Miami insiste en James -\" \/>\n<meta property=\"og:description\" content=\"(Paul McDonough, director deportivo del Inter Miami) La posibilidad de la vinculaci\u00f3n de James Rodr\u00edguez a la MLS tom\u00f3 fuerza en las \u00faltimas horas, luego de las declaraciones del director deportivo del Inter Miami, Paul McDonough. El dirigente dijo que su equipo sigue buscando dos jugadores del m\u00e1s de alto nivel, incluso durante la suspensi\u00f3n [&hellip;]\" \/>\n<meta property=\"og:url\" content=\"https:\/\/futbolhoy.co\/index.php\/2020\/05\/06\/50856\/\" \/>\n<meta property=\"article:publisher\" content=\"https:\/\/www.facebook.com\/FutbolHoyCol\/\" \/>\n<meta property=\"article:published_time\" content=\"2020-05-07T00:17:26+00:00\" \/>\n<meta property=\"article:modified_time\" content=\"2020-05-08T00:10:06+00:00\" \/>\n<meta property=\"og:image\" content=\"https:\/\/futbolhoy.co\/wp-content\/uploads\/2020\/05\/EWs2IxEUMAMmKtN.jpg\" \/>\n\t<meta property=\"og:image:width\" content=\"1029\" \/>\n\t<meta property=\"og:image:height\" content=\"900\" \/>\n\t<meta property=\"og:image:type\" content=\"image\/jpeg\" \/>\n<meta name=\"author\" content=\"Laura Hern\u00e1ndez\" \/>\n<meta name=\"twitter:card\" content=\"summary_large_image\" \/>\n<meta name=\"twitter:creator\" content=\"@FutbolHoyCol\" \/>\n<meta name=\"twitter:site\" content=\"@FutbolHoyCol\" \/>\n<meta name=\"twitter:label1\" content=\"Escrito por\" \/>\n\t<meta name=\"twitter:data1\" content=\"Laura Hern\u00e1ndez\" \/>\n\t<meta name=\"twitter:label2\" content=\"Tiempo de lectura\" \/>\n\t<meta name=\"twitter:data2\" content=\"1 minuto\" \/>\n<script type=\"application\/ld+json\" class=\"yoast-schema-graph\">{\"@context\":\"https:\/\/schema.org\",\"@graph\":[{\"@type\":\"Article\",\"@id\":\"https:\/\/futbolhoy.co\/index.php\/2020\/05\/06\/50856\/#article\",\"isPartOf\":{\"@id\":\"https:\/\/futbolhoy.co\/index.php\/2020\/05\/06\/50856\/\"},\"author\":{\"name\":\"Laura Hern\u00e1ndez\",\"@id\":\"https:\/\/futbolhoy.co\/#\/schema\/person\/c4a353a512b127643723a34bb1812f7d\"},\"headline\":\"Inter Miami insiste en James\",\"datePublished\":\"2020-05-07T00:17:26+00:00\",\"dateModified\":\"2020-05-08T00:10:06+00:00\",\"mainEntityOfPage\":{\"@id\":\"https:\/\/futbolhoy.co\/index.php\/2020\/05\/06\/50856\/\"},\"wordCount\":223,\"commentCount\":0,\"publisher\":{\"@id\":\"https:\/\/futbolhoy.co\/#organization\"},\"image\":{\"@id\":\"https:\/\/futbolhoy.co\/index.php\/2020\/05\/06\/50856\/#primaryimage\"},\"thumbnailUrl\":\"https:\/\/futbolhoy.co\/wp-content\/uploads\/2020\/05\/EWs2IxEUMAMmKtN.jpg\",\"articleSection\":[\"Mundo Futbol\"],\"inLanguage\":\"es\",\"potentialAction\":[{\"@type\":\"CommentAction\",\"name\":\"Comment\",\"target\":[\"https:\/\/futbolhoy.co\/index.php\/2020\/05\/06\/50856\/#respond\"]}]},{\"@type\":\"WebPage\",\"@id\":\"https:\/\/futbolhoy.co\/index.php\/2020\/05\/06\/50856\/\",\"url\":\"https:\/\/futbolhoy.co\/index.php\/2020\/05\/06\/50856\/\",\"name\":\"Inter Miami insiste en James -\",\"isPartOf\":{\"@id\":\"https:\/\/futbolhoy.co\/#website\"},\"primaryImageOfPage\":{\"@id\":\"https:\/\/futbolhoy.co\/index.php\/2020\/05\/06\/50856\/#primaryimage\"},\"image\":{\"@id\":\"https:\/\/futbolhoy.co\/index.php\/2020\/05\/06\/50856\/#primaryimage\"},\"thumbnailUrl\":\"https:\/\/futbolhoy.co\/wp-content\/uploads\/2020\/05\/EWs2IxEUMAMmKtN.jpg\",\"datePublished\":\"2020-05-07T00:17:26+00:00\",\"dateModified\":\"2020-05-08T00:10:06+00:00\",\"breadcrumb\":{\"@id\":\"https:\/\/futbolhoy.co\/index.php\/2020\/05\/06\/50856\/#breadcrumb\"},\"inLanguage\":\"es\",\"potentialAction\":[{\"@type\":\"ReadAction\",\"target\":[\"https:\/\/futbolhoy.co\/index.php\/2020\/05\/06\/50856\/\"]}]},{\"@type\":\"ImageObject\",\"inLanguage\":\"es\",\"@id\":\"https:\/\/futbolhoy.co\/index.php\/2020\/05\/06\/50856\/#primaryimage\",\"url\":\"https:\/\/futbolhoy.co\/wp-content\/uploads\/2020\/05\/EWs2IxEUMAMmKtN.jpg\",\"contentUrl\":\"https:\/\/futbolhoy.co\/wp-content\/uploads\/2020\/05\/EWs2IxEUMAMmKtN.jpg\",\"width\":1029,\"height\":900},{\"@type\":\"BreadcrumbList\",\"@id\":\"https:\/\/futbolhoy.co\/index.php\/2020\/05\/06\/50856\/#breadcrumb\",\"itemListElement\":[{\"@type\":\"ListItem\",\"position\":1,\"name\":\"Portada\",\"item\":\"https:\/\/futbolhoy.co\/\"},{\"@type\":\"ListItem\",\"position\":2,\"name\":\"Inter Miami insiste en James\"}]},{\"@type\":\"WebSite\",\"@id\":\"https:\/\/futbolhoy.co\/#website\",\"url\":\"https:\/\/futbolhoy.co\/\",\"name\":\"FutbolHoy\",\"description\":\"\",\"publisher\":{\"@id\":\"https:\/\/futbolhoy.co\/#organization\"},\"potentialAction\":[{\"@type\":\"SearchAction\",\"target\":{\"@type\":\"EntryPoint\",\"urlTemplate\":\"https:\/\/futbolhoy.co\/?s={search_term_string}\"},\"query-input\":{\"@type\":\"PropertyValueSpecification\",\"valueRequired\":true,\"valueName\":\"search_term_string\"}}],\"inLanguage\":\"es\"},{\"@type\":\"Organization\",\"@id\":\"https:\/\/futbolhoy.co\/#organization\",\"name\":\"Futbolhoy.co\",\"url\":\"https:\/\/futbolhoy.co\/\",\"logo\":{\"@type\":\"ImageObject\",\"inLanguage\":\"es\",\"@id\":\"https:\/\/futbolhoy.co\/#\/schema\/logo\/image\/\",\"url\":\"https:\/\/futbolhoy.co\/wp-content\/uploads\/2018\/08\/17426380_1906371736249227_6326180412931521141_n.jpg\",\"contentUrl\":\"https:\/\/futbolhoy.co\/wp-content\/uploads\/2018\/08\/17426380_1906371736249227_6326180412931521141_n.jpg\",\"width\":960,\"height\":960,\"caption\":\"Futbolhoy.co\"},\"image\":{\"@id\":\"https:\/\/futbolhoy.co\/#\/schema\/logo\/image\/\"},\"sameAs\":[\"https:\/\/www.facebook.com\/FutbolHoyCol\/\",\"https:\/\/x.com\/FutbolHoyCol\",\"https:\/\/www.instagram.com\/futbolhoycol\/\"]},{\"@type\":\"Person\",\"@id\":\"https:\/\/futbolhoy.co\/#\/schema\/person\/c4a353a512b127643723a34bb1812f7d\",\"name\":\"Laura Hern\u00e1ndez\",\"image\":{\"@type\":\"ImageObject\",\"inLanguage\":\"es\",\"@id\":\"https:\/\/futbolhoy.co\/#\/schema\/person\/image\/\",\"url\":\"https:\/\/secure.gravatar.com\/avatar\/d25959a15b9b293a743f99181c7cfd01?s=96&d=mm&r=g\",\"contentUrl\":\"https:\/\/secure.gravatar.com\/avatar\/d25959a15b9b293a743f99181c7cfd01?s=96&d=mm&r=g\",\"caption\":\"Laura Hern\u00e1ndez\"}}]}<\/script>\n<!-- \/ Yoast SEO plugin. -->","yoast_head_json":{"title":"Inter Miami insiste en James -","robots":{"index":"index","follow":"follow","max-snippet":"max-snippet:-1","max-image-preview":"max-image-preview:large","max-video-preview":"max-video-preview:-1"},"canonical":"https:\/\/futbolhoy.co\/index.php\/2020\/05\/06\/50856\/","og_locale":"es_ES","og_type":"article","og_title":"Inter Miami insiste en James -","og_description":"(Paul McDonough, director deportivo del Inter Miami) La posibilidad de la vinculaci\u00f3n de James Rodr\u00edguez a la MLS tom\u00f3 fuerza en las \u00faltimas horas, luego de las declaraciones del director deportivo del Inter Miami, Paul McDonough. El dirigente dijo que su equipo sigue buscando dos jugadores del m\u00e1s de alto nivel, incluso durante la suspensi\u00f3n [&hellip;]","og_url":"https:\/\/futbolhoy.co\/index.php\/2020\/05\/06\/50856\/","article_publisher":"https:\/\/www.facebook.com\/FutbolHoyCol\/","article_published_time":"2020-05-07T00:17:26+00:00","article_modified_time":"2020-05-08T00:10:06+00:00","og_image":[{"width":1029,"height":900,"url":"https:\/\/futbolhoy.co\/wp-content\/uploads\/2020\/05\/EWs2IxEUMAMmKtN.jpg","type":"image\/jpeg"}],"author":"Laura Hern\u00e1ndez","twitter_card":"summary_large_image","twitter_creator":"@FutbolHoyCol","twitter_site":"@FutbolHoyCol","twitter_misc":{"Escrito por":"Laura Hern\u00e1ndez","Tiempo de lectura":"1 minuto"},"schema":{"@context":"https:\/\/schema.org","@graph":[{"@type":"Article","@id":"https:\/\/futbolhoy.co\/index.php\/2020\/05\/06\/50856\/#article","isPartOf":{"@id":"https:\/\/futbolhoy.co\/index.php\/2020\/05\/06\/50856\/"},"author":{"name":"Laura Hern\u00e1ndez","@id":"https:\/\/futbolhoy.co\/#\/schema\/person\/c4a353a512b127643723a34bb1812f7d"},"headline":"Inter Miami insiste en James","datePublished":"2020-05-07T00:17:26+00:00","dateModified":"2020-05-08T00:10:06+00:00","mainEntityOfPage":{"@id":"https:\/\/futbolhoy.co\/index.php\/2020\/05\/06\/50856\/"},"wordCount":223,"commentCount":0,"publisher":{"@id":"https:\/\/futbolhoy.co\/#organization"},"image":{"@id":"https:\/\/futbolhoy.co\/index.php\/2020\/05\/06\/50856\/#primaryimage"},"thumbnailUrl":"https:\/\/futbolhoy.co\/wp-content\/uploads\/2020\/05\/EWs2IxEUMAMmKtN.jpg","articleSection":["Mundo Futbol"],"inLanguage":"es","potentialAction":[{"@type":"CommentAction","name":"Comment","target":["https:\/\/futbolhoy.co\/index.php\/2020\/05\/06\/50856\/#respond"]}]},{"@type":"WebPage","@id":"https:\/\/futbolhoy.co\/index.php\/2020\/05\/06\/50856\/","url":"https:\/\/futbolhoy.co\/index.php\/2020\/05\/06\/50856\/","name":"Inter Miami insiste en James -","isPartOf":{"@id":"https:\/\/futbolhoy.co\/#website"},"primaryImageOfPage":{"@id":"https:\/\/futbolhoy.co\/index.php\/2020\/05\/06\/50856\/#primaryimage"},"image":{"@id":"https:\/\/futbolhoy.co\/index.php\/2020\/05\/06\/50856\/#primaryimage"},"thumbnailUrl":"https:\/\/futbolhoy.co\/wp-content\/uploads\/2020\/05\/EWs2IxEUMAMmKtN.jpg","datePublished":"2020-05-07T00:17:26+00:00","dateModified":"2020-05-08T00:10:06+00:00","breadcrumb":{"@id":"https:\/\/futbolhoy.co\/index.php\/2020\/05\/06\/50856\/#breadcrumb"},"inLanguage":"es","potentialAction":[{"@type":"ReadAction","target":["https:\/\/futbolhoy.co\/index.php\/2020\/05\/06\/50856\/"]}]},{"@type":"ImageObject","inLanguage":"es","@id":"https:\/\/futbolhoy.co\/index.php\/2020\/05\/06\/50856\/#primaryimage","url":"https:\/\/futbolhoy.co\/wp-content\/uploads\/2020\/05\/EWs2IxEUMAMmKtN.jpg","contentUrl":"https:\/\/futbolhoy.co\/wp-content\/uploads\/2020\/05\/EWs2IxEUMAMmKtN.jpg","width":1029,"height":900},{"@type":"BreadcrumbList","@id":"https:\/\/futbolhoy.co\/index.php\/2020\/05\/06\/50856\/#breadcrumb","itemListElement":[{"@type":"ListItem","position":1,"name":"Portada","item":"https:\/\/futbolhoy.co\/"},{"@type":"ListItem","position":2,"name":"Inter Miami insiste en James"}]},{"@type":"WebSite","@id":"https:\/\/futbolhoy.co\/#website","url":"https:\/\/futbolhoy.co\/","name":"FutbolHoy","description":"","publisher":{"@id":"https:\/\/futbolhoy.co\/#organization"},"potentialAction":[{"@type":"SearchAction","target":{"@type":"EntryPoint","urlTemplate":"https:\/\/futbolhoy.co\/?s={search_term_string}"},"query-input":{"@type":"PropertyValueSpecification","valueRequired":true,"valueName":"search_term_string"}}],"inLanguage":"es"},{"@type":"Organization","@id":"https:\/\/futbolhoy.co\/#organization","name":"Futbolhoy.co","url":"https:\/\/futbolhoy.co\/","logo":{"@type":"ImageObject","inLanguage":"es","@id":"https:\/\/futbolhoy.co\/#\/schema\/logo\/image\/","url":"https:\/\/futbolhoy.co\/wp-content\/uploads\/2018\/08\/17426380_1906371736249227_6326180412931521141_n.jpg","contentUrl":"https:\/\/futbolhoy.co\/wp-content\/uploads\/2018\/08\/17426380_1906371736249227_6326180412931521141_n.jpg","width":960,"height":960,"caption":"Futbolhoy.co"},"image":{"@id":"https:\/\/futbolhoy.co\/#\/schema\/logo\/image\/"},"sameAs":["https:\/\/www.facebook.com\/FutbolHoyCol\/","https:\/\/x.com\/FutbolHoyCol","https:\/\/www.instagram.com\/futbolhoycol\/"]},{"@type":"Person","@id":"https:\/\/futbolhoy.co\/#\/schema\/person\/c4a353a512b127643723a34bb1812f7d","name":"Laura Hern\u00e1ndez","image":{"@type":"ImageObject","inLanguage":"es","@id":"https:\/\/futbolhoy.co\/#\/schema\/person\/image\/","url":"https:\/\/secure.gravatar.com\/avatar\/d25959a15b9b293a743f99181c7cfd01?s=96&d=mm&r=g","contentUrl":"https:\/\/secure.gravatar.com\/avatar\/d25959a15b9b293a743f99181c7cfd01?s=96&d=mm&r=g","caption":"Laura Hern\u00e1ndez"}}]}},"publishpress_future_action":{"enabled":false,"date":"2026-05-04 20:01:42","action":"change-status","newStatus":"draft","terms":[],"taxonomy":"category","extraData":[]},"publishpress_future_workflow_manual_trigger":{"enabledWorkflows":[]},"_links":{"self":[{"href":"https:\/\/futbolhoy.co\/index.php\/wp-json\/wp\/v2\/posts\/50856","targetHints":{"allow":["GET"]}}],"collection":[{"href":"https:\/\/futbolhoy.co\/index.php\/wp-json\/wp\/v2\/posts"}],"about":[{"href":"https:\/\/futbolhoy.co\/index.php\/wp-json\/wp\/v2\/types\/post"}],"author":[{"embeddable":true,"href":"https:\/\/futbolhoy.co\/index.php\/wp-json\/wp\/v2\/users\/5"}],"replies":[{"embeddable":true,"href":"https:\/\/futbolhoy.co\/index.php\/wp-json\/wp\/v2\/comments?post=50856"}],"version-history":[{"count":6,"href":"https:\/\/futbolhoy.co\/index.php\/wp-json\/wp\/v2\/posts\/50856\/revisions"}],"predecessor-version":[{"id":50910,"href":"https:\/\/futbolhoy.co\/index.php\/wp-json\/wp\/v2\/posts\/50856\/revisions\/50910"}],"wp:featuredmedia":[{"embeddable":true,"href":"https:\/\/futbolhoy.co\/index.php\/wp-json\/wp\/v2\/media\/50859"}],"wp:attachment":[{"href":"https:\/\/futbolhoy.co\/index.php\/wp-json\/wp\/v2\/media?parent=50856"}],"wp:term":[{"taxonomy":"category","embeddable":true,"href":"https:\/\/futbolhoy.co\/index.php\/wp-json\/wp\/v2\/categories?post=50856"},{"taxonomy":"post_tag","embeddable":true,"href":"https:\/\/futbolhoy.co\/index.php\/wp-json\/wp\/v2\/tags?post=50856"}],"curies":[{"name":"wp","href":"https:\/\/api.w.org\/{rel}","templated":true}]}}