{"id":50866,"date":"2020-05-07T01:18:55","date_gmt":"2020-05-07T06:18:55","guid":{"rendered":"https:\/\/futbolhoy.co\/?p=50866"},"modified":"2020-05-07T19:08:19","modified_gmt":"2020-05-08T00:08:19","slug":"un-dia-como-hoy-la-remontada-de-liverpool-que-dejo-sin-champions-a-barcelona","status":"publish","type":"post","link":"https:\/\/futbolhoy.co\/index.php\/2020\/05\/07\/un-dia-como-hoy-la-remontada-de-liverpool-que-dejo-sin-champions-a-barcelona\/","title":{"rendered":"Un d\u00eda como hoy: La hist\u00f3rica remontada del Liverpool al Barcelona"},"content":{"rendered":"<p style=\"text-align: justify;\"><span style=\"font-family: helvetica, arial, sans-serif;\">El 7 de mayo de 2019, hace apenas un a\u00f1o, <strong>Liverpool<\/strong> protagoniz\u00f3 una remontada hist\u00f3rica en <strong>Anfield<\/strong> frente a <strong>Barcelona<\/strong>, por las semifinales de la <strong>Liga de Campeones.<\/strong><\/span><\/p>\n<p style=\"text-align: justify;\"><span style=\"font-family: helvetica, arial, sans-serif;\">El cuadro de <strong>J\u00fcrgen Klopp<\/strong> ven\u00eda de caer 3-0 en su visita al <strong>Camp Nou<\/strong> apenas una semana atr\u00e1s, por lo que estaba obligado a vencer por m\u00ednimo cuatro goles al equipo de <strong>Lionel Messi.<\/strong><\/span><\/p>\n<p style=\"text-align: justify;\"><span style=\"font-family: helvetica, arial, sans-serif;\">Muy temprano, con apenas 7 minutos, el belga <strong>Divock Origi<\/strong> abri\u00f3 el camino a la esperanza; mientras que la utop\u00eda termin\u00f3 de lograrse en la etapa complentaria. Un doblete del holand\u00e9s Georginio Wijnaldum, a los 54 y 56 minutos, empat\u00f3 la serie.<\/span><\/p>\n<p style=\"text-align: justify;\"><span style=\"font-family: helvetica, arial, sans-serif;\">El belga Origi, a los 79 minutos, se visti\u00f3 de h\u00e9roe en la noche de Anfield con el gol de la clasificaci\u00f3n tras un tiro de esquina ejecutado inteligentemente por<strong> Alexander-Arnold.<\/strong><\/span><\/p>\n<blockquote class=\"twitter-tweet\" data-width=\"550\" data-dnt=\"true\">\n<p lang=\"en\" dir=\"ltr\"><a href=\"https:\/\/twitter.com\/hashtag\/OnThisDay?src=hash&amp;ref_src=twsrc%5Etfw\">#OnThisDay<\/a> last year... a performance we&#39;ll never forget \ud83d\ude0d<\/p>\n<p>Start your day with EVERY angle of Divock&#39;s iconic strike \u26bd\ufe0f <a href=\"https:\/\/t.co\/S2VAGgzoxz\">pic.twitter.com\/S2VAGgzoxz<\/a><\/p>\n<p>&mdash; Liverpool FC (at \ud83c\udfe0) (@LFC) <a href=\"https:\/\/twitter.com\/LFC\/status\/1258271593903554560?ref_src=twsrc%5Etfw\">May 7, 2020<\/a><\/p><\/blockquote>\n<p><script async src=\"https:\/\/platform.twitter.com\/widgets.js\" charset=\"utf-8\"><\/script><\/p>\n<p style=\"text-align: justify;\"><span style=\"font-family: helvetica, arial, sans-serif;\">Barcelona no encontr\u00f3 la forma de reponerse en el partido y finalmente se despidi\u00f3 del torneo.<\/span><\/p>\n<p style=\"text-align: justify;\"><span style=\"font-family: helvetica, arial, sans-serif;\">Tras la clasificaci\u00f3n, Liverpool venci\u00f3 a <strong>Tottenham<\/strong> 0-2 en el <strong>Wanda Metropolitano<\/strong> en la gran final de la Champions.<\/span><\/p>\n\r\n                <style type=\"text\/css\">\r\n                    \r\n                    #tdi_1  .td-doubleSlider-2 .td-item1 {\r\n                        background: url(https:\/\/futbolhoy.co\/wp-content\/uploads\/2020\/05\/20200507_005917-80x60.jpg) 0 0 no-repeat;\r\n                    }\r\n                    #tdi_1  .td-doubleSlider-2 .td-item2 {\r\n                        background: url(https:\/\/futbolhoy.co\/wp-content\/uploads\/2020\/05\/20200507_005855-80x60.jpg) 0 0 no-repeat;\r\n                    }\r\n                    #tdi_1  .td-doubleSlider-2 .td-item3 {\r\n                        background: url(https:\/\/futbolhoy.co\/wp-content\/uploads\/2020\/05\/20200507_005850-80x60.jpg) 0 0 no-repeat;\r\n                    }\r\n                    #tdi_1  .td-doubleSlider-2 .td-item4 {\r\n                        background: url(https:\/\/futbolhoy.co\/wp-content\/uploads\/2020\/05\/20200507_005833-1-80x60.jpg) 0 0 no-repeat;\r\n                    }\r\n                <\/style>\r\n\r\n                <div id=\"tdi_1\" class=\"td-gallery td-slide-on-2-columns\">\r\n                    <div class=\"post_td_gallery\">\r\n                        <div class=\"td-gallery-slide-top\">\r\n                           <div class=\"td-gallery-title\"><\/div>\r\n\r\n                            <div class=\"td-gallery-controls-wrapper\">\r\n                                <div class=\"td-gallery-slide-count\"><span class=\"td-gallery-slide-item-focus\">1<\/span> de 4<\/div>\r\n                                <div class=\"td-gallery-slide-prev-next-but\">\r\n                                    <i class = \"td-icon-left doubleSliderPrevButton\"><\/i>\r\n                                    <i class = \"td-icon-right doubleSliderNextButton\"><\/i>\r\n                                <\/div>\r\n                            <\/div>\r\n                        <\/div>\r\n\r\n                        <div class = \"td-doubleSlider-1 \">\r\n                            <div class = \"td-slider\">\r\n                                \r\n                    <div class = \"td-slide-item td-item1\">\r\n                        <figure class=\"td-slide-galery-figure td-slide-popup-gallery\">\r\n                            <a class=\"slide-gallery-image-link\" href=\"https:\/\/futbolhoy.co\/wp-content\/uploads\/2020\/05\/20200507_005917.jpg\" title=\"20200507_005917\"  data-caption=\"\"  data-description=\"\">\r\n                                <img decoding=\"async\" src=\"https:\/\/futbolhoy.co\/wp-content\/uploads\/2020\/05\/20200507_005917-794x420.jpg\" srcset=\"https:\/\/futbolhoy.co\/wp-content\/uploads\/2020\/05\/20200507_005917-794x420.jpg 794w, https:\/\/futbolhoy.co\/wp-content\/uploads\/2020\/05\/20200507_005917-300x159.jpg 300w, https:\/\/futbolhoy.co\/wp-content\/uploads\/2020\/05\/20200507_005917-1024x541.jpg 1024w, https:\/\/futbolhoy.co\/wp-content\/uploads\/2020\/05\/20200507_005917-768x406.jpg 768w, https:\/\/futbolhoy.co\/wp-content\/uploads\/2020\/05\/20200507_005917-696x368.jpg 696w, https:\/\/futbolhoy.co\/wp-content\/uploads\/2020\/05\/20200507_005917-1068x565.jpg 1068w, https:\/\/futbolhoy.co\/wp-content\/uploads\/2020\/05\/20200507_005917-128x68.jpg 128w, https:\/\/futbolhoy.co\/wp-content\/uploads\/2020\/05\/20200507_005917-32x17.jpg 32w, https:\/\/futbolhoy.co\/wp-content\/uploads\/2020\/05\/20200507_005917.jpg 1080w\" sizes=\"(max-width: 794px) 100vw, 794px\" alt=\"\">\r\n                            <\/a>\r\n                            \r\n                        <\/figure>\r\n                    <\/div>\r\n                    <div class = \"td-slide-item td-item2\">\r\n                        <figure class=\"td-slide-galery-figure td-slide-popup-gallery\">\r\n                            <a class=\"slide-gallery-image-link\" href=\"https:\/\/futbolhoy.co\/wp-content\/uploads\/2020\/05\/20200507_005855.jpg\" title=\"20200507_005855\"  data-caption=\"\"  data-description=\"\">\r\n                                <img decoding=\"async\" src=\"https:\/\/futbolhoy.co\/wp-content\/uploads\/2020\/05\/20200507_005855-630x420.jpg\" srcset=\"https:\/\/futbolhoy.co\/wp-content\/uploads\/2020\/05\/20200507_005855-630x420.jpg 630w, https:\/\/futbolhoy.co\/wp-content\/uploads\/2020\/05\/20200507_005855-300x200.jpg 300w, https:\/\/futbolhoy.co\/wp-content\/uploads\/2020\/05\/20200507_005855-1024x683.jpg 1024w, https:\/\/futbolhoy.co\/wp-content\/uploads\/2020\/05\/20200507_005855-768x512.jpg 768w, https:\/\/futbolhoy.co\/wp-content\/uploads\/2020\/05\/20200507_005855-1536x1025.jpg 1536w, https:\/\/futbolhoy.co\/wp-content\/uploads\/2020\/05\/20200507_005855-696x464.jpg 696w, https:\/\/futbolhoy.co\/wp-content\/uploads\/2020\/05\/20200507_005855-1068x712.jpg 1068w, https:\/\/futbolhoy.co\/wp-content\/uploads\/2020\/05\/20200507_005855-1920x1281.jpg 1920w, https:\/\/futbolhoy.co\/wp-content\/uploads\/2020\/05\/20200507_005855-128x85.jpg 128w, https:\/\/futbolhoy.co\/wp-content\/uploads\/2020\/05\/20200507_005855-32x21.jpg 32w, https:\/\/futbolhoy.co\/wp-content\/uploads\/2020\/05\/20200507_005855.jpg 2048w\" sizes=\"(max-width: 630px) 100vw, 630px\" alt=\"\">\r\n                            <\/a>\r\n                            \r\n                        <\/figure>\r\n                    <\/div>\r\n                    <div class = \"td-slide-item td-item3\">\r\n                        <figure class=\"td-slide-galery-figure td-slide-popup-gallery\">\r\n                            <a class=\"slide-gallery-image-link\" href=\"https:\/\/futbolhoy.co\/wp-content\/uploads\/2020\/05\/20200507_005850.jpg\" title=\"20200507_005850\"  data-caption=\"\"  data-description=\"\">\r\n                                <img decoding=\"async\" src=\"https:\/\/futbolhoy.co\/wp-content\/uploads\/2020\/05\/20200507_005850-631x420.jpg\" srcset=\"https:\/\/futbolhoy.co\/wp-content\/uploads\/2020\/05\/20200507_005850-631x420.jpg 631w, https:\/\/futbolhoy.co\/wp-content\/uploads\/2020\/05\/20200507_005850-300x200.jpg 300w, https:\/\/futbolhoy.co\/wp-content\/uploads\/2020\/05\/20200507_005850-1024x682.jpg 1024w, https:\/\/futbolhoy.co\/wp-content\/uploads\/2020\/05\/20200507_005850-768x512.jpg 768w, https:\/\/futbolhoy.co\/wp-content\/uploads\/2020\/05\/20200507_005850-1536x1023.jpg 1536w, https:\/\/futbolhoy.co\/wp-content\/uploads\/2020\/05\/20200507_005850-696x464.jpg 696w, https:\/\/futbolhoy.co\/wp-content\/uploads\/2020\/05\/20200507_005850-1068x711.jpg 1068w, https:\/\/futbolhoy.co\/wp-content\/uploads\/2020\/05\/20200507_005850-1920x1279.jpg 1920w, https:\/\/futbolhoy.co\/wp-content\/uploads\/2020\/05\/20200507_005850-128x85.jpg 128w, https:\/\/futbolhoy.co\/wp-content\/uploads\/2020\/05\/20200507_005850-32x21.jpg 32w, https:\/\/futbolhoy.co\/wp-content\/uploads\/2020\/05\/20200507_005850.jpg 2048w\" sizes=\"(max-width: 631px) 100vw, 631px\" alt=\"\">\r\n                            <\/a>\r\n                            \r\n                        <\/figure>\r\n                    <\/div>\r\n                    <div class = \"td-slide-item td-item4\">\r\n                        <figure class=\"td-slide-galery-figure td-slide-popup-gallery\">\r\n                            <a class=\"slide-gallery-image-link\" href=\"https:\/\/futbolhoy.co\/wp-content\/uploads\/2020\/05\/20200507_005833-1.jpg\" title=\"20200507_005833\"  data-caption=\"\"  data-description=\"\">\r\n                                <img decoding=\"async\" src=\"https:\/\/futbolhoy.co\/wp-content\/uploads\/2020\/05\/20200507_005833-1-840x420.jpg\" srcset=\"https:\/\/futbolhoy.co\/wp-content\/uploads\/2020\/05\/20200507_005833-1-840x420.jpg 840w, https:\/\/futbolhoy.co\/wp-content\/uploads\/2020\/05\/20200507_005833-1-300x150.jpg 300w, https:\/\/futbolhoy.co\/wp-content\/uploads\/2020\/05\/20200507_005833-1-768x384.jpg 768w, https:\/\/futbolhoy.co\/wp-content\/uploads\/2020\/05\/20200507_005833-1-696x348.jpg 696w, https:\/\/futbolhoy.co\/wp-content\/uploads\/2020\/05\/20200507_005833-1-128x64.jpg 128w, https:\/\/futbolhoy.co\/wp-content\/uploads\/2020\/05\/20200507_005833-1-32x16.jpg 32w, https:\/\/futbolhoy.co\/wp-content\/uploads\/2020\/05\/20200507_005833-1.jpg 996w\" sizes=\"(max-width: 840px) 100vw, 840px\" alt=\"\">\r\n                            <\/a>\r\n                            \r\n                        <\/figure>\r\n                    <\/div>\r\n                            <\/div>\r\n                        <\/div>\r\n\r\n                        <div class = \"td-doubleSlider-2\">\r\n                            <div class = \"td-slider\">\r\n                                \r\n                    <div class = \"td-button td-item1\">\r\n                        <div class = \"td-border\"><\/div>\r\n                    <\/div>\r\n                    <div class = \"td-button td-item2\">\r\n                        <div class = \"td-border\"><\/div>\r\n                    <\/div>\r\n                    <div class = \"td-button td-item3\">\r\n                        <div class = \"td-border\"><\/div>\r\n                    <\/div>\r\n                    <div class = \"td-button td-item4\">\r\n                        <div class = \"td-border\"><\/div>\r\n                    <\/div>\r\n                            <\/div>\r\n                        <\/div>\r\n\r\n                    <\/div>\r\n\r\n                <\/div>\r\n                \n","protected":false},"excerpt":{"rendered":"<p>El 7 de mayo de 2019, hace apenas un a\u00f1o, Liverpool protagoniz\u00f3 una remontada hist\u00f3rica en Anfield frente a Barcelona, por las semifinales de la Liga de Campeones. El cuadro de J\u00fcrgen Klopp ven\u00eda de caer 3-0 en su visita al Camp Nou apenas una semana atr\u00e1s, por lo que estaba obligado a vencer por [&hellip;]<\/p>\n","protected":false},"author":5,"featured_media":50870,"comment_status":"open","ping_status":"open","sticky":false,"template":"","format":"standard","meta":{"_acf_changed":false,"footnotes":""},"categories":[152],"tags":[],"class_list":{"0":"post-50866","1":"post","2":"type-post","3":"status-publish","4":"format-standard","5":"has-post-thumbnail","7":"category-mundo-futbol"},"acf":[],"yoast_head":"<!-- This site is optimized with the Yoast SEO plugin v26.8 - https:\/\/yoast.com\/product\/yoast-seo-wordpress\/ -->\n<title>Un d\u00eda como hoy: La hist\u00f3rica remontada del Liverpool al Barcelona -<\/title>\n<meta name=\"robots\" content=\"index, follow, max-snippet:-1, max-image-preview:large, max-video-preview:-1\" \/>\n<link rel=\"canonical\" href=\"https:\/\/futbolhoy.co\/index.php\/2020\/05\/07\/un-dia-como-hoy-la-remontada-de-liverpool-que-dejo-sin-champions-a-barcelona\/\" \/>\n<meta property=\"og:locale\" content=\"es_ES\" \/>\n<meta property=\"og:type\" content=\"article\" \/>\n<meta property=\"og:title\" content=\"Un d\u00eda como hoy: La hist\u00f3rica remontada del Liverpool al Barcelona -\" \/>\n<meta property=\"og:description\" content=\"El 7 de mayo de 2019, hace apenas un a\u00f1o, Liverpool protagoniz\u00f3 una remontada hist\u00f3rica en Anfield frente a Barcelona, por las semifinales de la Liga de Campeones. El cuadro de J\u00fcrgen Klopp ven\u00eda de caer 3-0 en su visita al Camp Nou apenas una semana atr\u00e1s, por lo que estaba obligado a vencer por [&hellip;]\" \/>\n<meta property=\"og:url\" content=\"https:\/\/futbolhoy.co\/index.php\/2020\/05\/07\/un-dia-como-hoy-la-remontada-de-liverpool-que-dejo-sin-champions-a-barcelona\/\" \/>\n<meta property=\"article:publisher\" content=\"https:\/\/www.facebook.com\/FutbolHoyCol\/\" \/>\n<meta property=\"article:published_time\" content=\"2020-05-07T06:18:55+00:00\" \/>\n<meta property=\"article:modified_time\" content=\"2020-05-08T00:08:19+00:00\" \/>\n<meta property=\"og:image\" content=\"https:\/\/futbolhoy.co\/wp-content\/uploads\/2020\/05\/20200507_005833.jpg\" \/>\n\t<meta property=\"og:image:width\" content=\"996\" \/>\n\t<meta property=\"og:image:height\" content=\"498\" \/>\n\t<meta property=\"og:image:type\" content=\"image\/jpeg\" \/>\n<meta name=\"author\" content=\"Laura Hern\u00e1ndez\" \/>\n<meta name=\"twitter:card\" content=\"summary_large_image\" \/>\n<meta name=\"twitter:creator\" content=\"@FutbolHoyCol\" \/>\n<meta name=\"twitter:site\" content=\"@FutbolHoyCol\" \/>\n<meta name=\"twitter:label1\" content=\"Escrito por\" \/>\n\t<meta name=\"twitter:data1\" content=\"Laura Hern\u00e1ndez\" \/>\n\t<meta name=\"twitter:label2\" content=\"Tiempo de lectura\" \/>\n\t<meta name=\"twitter:data2\" content=\"1 minuto\" \/>\n<script type=\"application\/ld+json\" class=\"yoast-schema-graph\">{\"@context\":\"https:\/\/schema.org\",\"@graph\":[{\"@type\":\"Article\",\"@id\":\"https:\/\/futbolhoy.co\/index.php\/2020\/05\/07\/un-dia-como-hoy-la-remontada-de-liverpool-que-dejo-sin-champions-a-barcelona\/#article\",\"isPartOf\":{\"@id\":\"https:\/\/futbolhoy.co\/index.php\/2020\/05\/07\/un-dia-como-hoy-la-remontada-de-liverpool-que-dejo-sin-champions-a-barcelona\/\"},\"author\":{\"name\":\"Laura Hern\u00e1ndez\",\"@id\":\"https:\/\/futbolhoy.co\/#\/schema\/person\/c4a353a512b127643723a34bb1812f7d\"},\"headline\":\"Un d\u00eda como hoy: La hist\u00f3rica remontada del Liverpool al Barcelona\",\"datePublished\":\"2020-05-07T06:18:55+00:00\",\"dateModified\":\"2020-05-08T00:08:19+00:00\",\"mainEntityOfPage\":{\"@id\":\"https:\/\/futbolhoy.co\/index.php\/2020\/05\/07\/un-dia-como-hoy-la-remontada-de-liverpool-que-dejo-sin-champions-a-barcelona\/\"},\"wordCount\":207,\"commentCount\":0,\"publisher\":{\"@id\":\"https:\/\/futbolhoy.co\/#organization\"},\"image\":{\"@id\":\"https:\/\/futbolhoy.co\/index.php\/2020\/05\/07\/un-dia-como-hoy-la-remontada-de-liverpool-que-dejo-sin-champions-a-barcelona\/#primaryimage\"},\"thumbnailUrl\":\"https:\/\/futbolhoy.co\/wp-content\/uploads\/2020\/05\/20200507_005833.jpg\",\"articleSection\":[\"Mundo Futbol\"],\"inLanguage\":\"es\",\"potentialAction\":[{\"@type\":\"CommentAction\",\"name\":\"Comment\",\"target\":[\"https:\/\/futbolhoy.co\/index.php\/2020\/05\/07\/un-dia-como-hoy-la-remontada-de-liverpool-que-dejo-sin-champions-a-barcelona\/#respond\"]}]},{\"@type\":\"WebPage\",\"@id\":\"https:\/\/futbolhoy.co\/index.php\/2020\/05\/07\/un-dia-como-hoy-la-remontada-de-liverpool-que-dejo-sin-champions-a-barcelona\/\",\"url\":\"https:\/\/futbolhoy.co\/index.php\/2020\/05\/07\/un-dia-como-hoy-la-remontada-de-liverpool-que-dejo-sin-champions-a-barcelona\/\",\"name\":\"Un d\u00eda como hoy: La hist\u00f3rica remontada del Liverpool al Barcelona -\",\"isPartOf\":{\"@id\":\"https:\/\/futbolhoy.co\/#website\"},\"primaryImageOfPage\":{\"@id\":\"https:\/\/futbolhoy.co\/index.php\/2020\/05\/07\/un-dia-como-hoy-la-remontada-de-liverpool-que-dejo-sin-champions-a-barcelona\/#primaryimage\"},\"image\":{\"@id\":\"https:\/\/futbolhoy.co\/index.php\/2020\/05\/07\/un-dia-como-hoy-la-remontada-de-liverpool-que-dejo-sin-champions-a-barcelona\/#primaryimage\"},\"thumbnailUrl\":\"https:\/\/futbolhoy.co\/wp-content\/uploads\/2020\/05\/20200507_005833.jpg\",\"datePublished\":\"2020-05-07T06:18:55+00:00\",\"dateModified\":\"2020-05-08T00:08:19+00:00\",\"breadcrumb\":{\"@id\":\"https:\/\/futbolhoy.co\/index.php\/2020\/05\/07\/un-dia-como-hoy-la-remontada-de-liverpool-que-dejo-sin-champions-a-barcelona\/#breadcrumb\"},\"inLanguage\":\"es\",\"potentialAction\":[{\"@type\":\"ReadAction\",\"target\":[\"https:\/\/futbolhoy.co\/index.php\/2020\/05\/07\/un-dia-como-hoy-la-remontada-de-liverpool-que-dejo-sin-champions-a-barcelona\/\"]}]},{\"@type\":\"ImageObject\",\"inLanguage\":\"es\",\"@id\":\"https:\/\/futbolhoy.co\/index.php\/2020\/05\/07\/un-dia-como-hoy-la-remontada-de-liverpool-que-dejo-sin-champions-a-barcelona\/#primaryimage\",\"url\":\"https:\/\/futbolhoy.co\/wp-content\/uploads\/2020\/05\/20200507_005833.jpg\",\"contentUrl\":\"https:\/\/futbolhoy.co\/wp-content\/uploads\/2020\/05\/20200507_005833.jpg\",\"width\":996,\"height\":498},{\"@type\":\"BreadcrumbList\",\"@id\":\"https:\/\/futbolhoy.co\/index.php\/2020\/05\/07\/un-dia-como-hoy-la-remontada-de-liverpool-que-dejo-sin-champions-a-barcelona\/#breadcrumb\",\"itemListElement\":[{\"@type\":\"ListItem\",\"position\":1,\"name\":\"Portada\",\"item\":\"https:\/\/futbolhoy.co\/\"},{\"@type\":\"ListItem\",\"position\":2,\"name\":\"Un d\u00eda como hoy: La hist\u00f3rica remontada del Liverpool al Barcelona\"}]},{\"@type\":\"WebSite\",\"@id\":\"https:\/\/futbolhoy.co\/#website\",\"url\":\"https:\/\/futbolhoy.co\/\",\"name\":\"FutbolHoy\",\"description\":\"\",\"publisher\":{\"@id\":\"https:\/\/futbolhoy.co\/#organization\"},\"potentialAction\":[{\"@type\":\"SearchAction\",\"target\":{\"@type\":\"EntryPoint\",\"urlTemplate\":\"https:\/\/futbolhoy.co\/?s={search_term_string}\"},\"query-input\":{\"@type\":\"PropertyValueSpecification\",\"valueRequired\":true,\"valueName\":\"search_term_string\"}}],\"inLanguage\":\"es\"},{\"@type\":\"Organization\",\"@id\":\"https:\/\/futbolhoy.co\/#organization\",\"name\":\"Futbolhoy.co\",\"url\":\"https:\/\/futbolhoy.co\/\",\"logo\":{\"@type\":\"ImageObject\",\"inLanguage\":\"es\",\"@id\":\"https:\/\/futbolhoy.co\/#\/schema\/logo\/image\/\",\"url\":\"https:\/\/futbolhoy.co\/wp-content\/uploads\/2018\/08\/17426380_1906371736249227_6326180412931521141_n.jpg\",\"contentUrl\":\"https:\/\/futbolhoy.co\/wp-content\/uploads\/2018\/08\/17426380_1906371736249227_6326180412931521141_n.jpg\",\"width\":960,\"height\":960,\"caption\":\"Futbolhoy.co\"},\"image\":{\"@id\":\"https:\/\/futbolhoy.co\/#\/schema\/logo\/image\/\"},\"sameAs\":[\"https:\/\/www.facebook.com\/FutbolHoyCol\/\",\"https:\/\/x.com\/FutbolHoyCol\",\"https:\/\/www.instagram.com\/futbolhoycol\/\"]},{\"@type\":\"Person\",\"@id\":\"https:\/\/futbolhoy.co\/#\/schema\/person\/c4a353a512b127643723a34bb1812f7d\",\"name\":\"Laura Hern\u00e1ndez\",\"image\":{\"@type\":\"ImageObject\",\"inLanguage\":\"es\",\"@id\":\"https:\/\/futbolhoy.co\/#\/schema\/person\/image\/\",\"url\":\"https:\/\/secure.gravatar.com\/avatar\/d25959a15b9b293a743f99181c7cfd01?s=96&d=mm&r=g\",\"contentUrl\":\"https:\/\/secure.gravatar.com\/avatar\/d25959a15b9b293a743f99181c7cfd01?s=96&d=mm&r=g\",\"caption\":\"Laura Hern\u00e1ndez\"}}]}<\/script>\n<!-- \/ Yoast SEO plugin. -->","yoast_head_json":{"title":"Un d\u00eda como hoy: La hist\u00f3rica remontada del Liverpool al Barcelona -","robots":{"index":"index","follow":"follow","max-snippet":"max-snippet:-1","max-image-preview":"max-image-preview:large","max-video-preview":"max-video-preview:-1"},"canonical":"https:\/\/futbolhoy.co\/index.php\/2020\/05\/07\/un-dia-como-hoy-la-remontada-de-liverpool-que-dejo-sin-champions-a-barcelona\/","og_locale":"es_ES","og_type":"article","og_title":"Un d\u00eda como hoy: La hist\u00f3rica remontada del Liverpool al Barcelona -","og_description":"El 7 de mayo de 2019, hace apenas un a\u00f1o, Liverpool protagoniz\u00f3 una remontada hist\u00f3rica en Anfield frente a Barcelona, por las semifinales de la Liga de Campeones. El cuadro de J\u00fcrgen Klopp ven\u00eda de caer 3-0 en su visita al Camp Nou apenas una semana atr\u00e1s, por lo que estaba obligado a vencer por [&hellip;]","og_url":"https:\/\/futbolhoy.co\/index.php\/2020\/05\/07\/un-dia-como-hoy-la-remontada-de-liverpool-que-dejo-sin-champions-a-barcelona\/","article_publisher":"https:\/\/www.facebook.com\/FutbolHoyCol\/","article_published_time":"2020-05-07T06:18:55+00:00","article_modified_time":"2020-05-08T00:08:19+00:00","og_image":[{"width":996,"height":498,"url":"https:\/\/futbolhoy.co\/wp-content\/uploads\/2020\/05\/20200507_005833.jpg","type":"image\/jpeg"}],"author":"Laura Hern\u00e1ndez","twitter_card":"summary_large_image","twitter_creator":"@FutbolHoyCol","twitter_site":"@FutbolHoyCol","twitter_misc":{"Escrito por":"Laura Hern\u00e1ndez","Tiempo de lectura":"1 minuto"},"schema":{"@context":"https:\/\/schema.org","@graph":[{"@type":"Article","@id":"https:\/\/futbolhoy.co\/index.php\/2020\/05\/07\/un-dia-como-hoy-la-remontada-de-liverpool-que-dejo-sin-champions-a-barcelona\/#article","isPartOf":{"@id":"https:\/\/futbolhoy.co\/index.php\/2020\/05\/07\/un-dia-como-hoy-la-remontada-de-liverpool-que-dejo-sin-champions-a-barcelona\/"},"author":{"name":"Laura Hern\u00e1ndez","@id":"https:\/\/futbolhoy.co\/#\/schema\/person\/c4a353a512b127643723a34bb1812f7d"},"headline":"Un d\u00eda como hoy: La hist\u00f3rica remontada del Liverpool al Barcelona","datePublished":"2020-05-07T06:18:55+00:00","dateModified":"2020-05-08T00:08:19+00:00","mainEntityOfPage":{"@id":"https:\/\/futbolhoy.co\/index.php\/2020\/05\/07\/un-dia-como-hoy-la-remontada-de-liverpool-que-dejo-sin-champions-a-barcelona\/"},"wordCount":207,"commentCount":0,"publisher":{"@id":"https:\/\/futbolhoy.co\/#organization"},"image":{"@id":"https:\/\/futbolhoy.co\/index.php\/2020\/05\/07\/un-dia-como-hoy-la-remontada-de-liverpool-que-dejo-sin-champions-a-barcelona\/#primaryimage"},"thumbnailUrl":"https:\/\/futbolhoy.co\/wp-content\/uploads\/2020\/05\/20200507_005833.jpg","articleSection":["Mundo Futbol"],"inLanguage":"es","potentialAction":[{"@type":"CommentAction","name":"Comment","target":["https:\/\/futbolhoy.co\/index.php\/2020\/05\/07\/un-dia-como-hoy-la-remontada-de-liverpool-que-dejo-sin-champions-a-barcelona\/#respond"]}]},{"@type":"WebPage","@id":"https:\/\/futbolhoy.co\/index.php\/2020\/05\/07\/un-dia-como-hoy-la-remontada-de-liverpool-que-dejo-sin-champions-a-barcelona\/","url":"https:\/\/futbolhoy.co\/index.php\/2020\/05\/07\/un-dia-como-hoy-la-remontada-de-liverpool-que-dejo-sin-champions-a-barcelona\/","name":"Un d\u00eda como hoy: La hist\u00f3rica remontada del Liverpool al Barcelona -","isPartOf":{"@id":"https:\/\/futbolhoy.co\/#website"},"primaryImageOfPage":{"@id":"https:\/\/futbolhoy.co\/index.php\/2020\/05\/07\/un-dia-como-hoy-la-remontada-de-liverpool-que-dejo-sin-champions-a-barcelona\/#primaryimage"},"image":{"@id":"https:\/\/futbolhoy.co\/index.php\/2020\/05\/07\/un-dia-como-hoy-la-remontada-de-liverpool-que-dejo-sin-champions-a-barcelona\/#primaryimage"},"thumbnailUrl":"https:\/\/futbolhoy.co\/wp-content\/uploads\/2020\/05\/20200507_005833.jpg","datePublished":"2020-05-07T06:18:55+00:00","dateModified":"2020-05-08T00:08:19+00:00","breadcrumb":{"@id":"https:\/\/futbolhoy.co\/index.php\/2020\/05\/07\/un-dia-como-hoy-la-remontada-de-liverpool-que-dejo-sin-champions-a-barcelona\/#breadcrumb"},"inLanguage":"es","potentialAction":[{"@type":"ReadAction","target":["https:\/\/futbolhoy.co\/index.php\/2020\/05\/07\/un-dia-como-hoy-la-remontada-de-liverpool-que-dejo-sin-champions-a-barcelona\/"]}]},{"@type":"ImageObject","inLanguage":"es","@id":"https:\/\/futbolhoy.co\/index.php\/2020\/05\/07\/un-dia-como-hoy-la-remontada-de-liverpool-que-dejo-sin-champions-a-barcelona\/#primaryimage","url":"https:\/\/futbolhoy.co\/wp-content\/uploads\/2020\/05\/20200507_005833.jpg","contentUrl":"https:\/\/futbolhoy.co\/wp-content\/uploads\/2020\/05\/20200507_005833.jpg","width":996,"height":498},{"@type":"BreadcrumbList","@id":"https:\/\/futbolhoy.co\/index.php\/2020\/05\/07\/un-dia-como-hoy-la-remontada-de-liverpool-que-dejo-sin-champions-a-barcelona\/#breadcrumb","itemListElement":[{"@type":"ListItem","position":1,"name":"Portada","item":"https:\/\/futbolhoy.co\/"},{"@type":"ListItem","position":2,"name":"Un d\u00eda como hoy: La hist\u00f3rica remontada del Liverpool al Barcelona"}]},{"@type":"WebSite","@id":"https:\/\/futbolhoy.co\/#website","url":"https:\/\/futbolhoy.co\/","name":"FutbolHoy","description":"","publisher":{"@id":"https:\/\/futbolhoy.co\/#organization"},"potentialAction":[{"@type":"SearchAction","target":{"@type":"EntryPoint","urlTemplate":"https:\/\/futbolhoy.co\/?s={search_term_string}"},"query-input":{"@type":"PropertyValueSpecification","valueRequired":true,"valueName":"search_term_string"}}],"inLanguage":"es"},{"@type":"Organization","@id":"https:\/\/futbolhoy.co\/#organization","name":"Futbolhoy.co","url":"https:\/\/futbolhoy.co\/","logo":{"@type":"ImageObject","inLanguage":"es","@id":"https:\/\/futbolhoy.co\/#\/schema\/logo\/image\/","url":"https:\/\/futbolhoy.co\/wp-content\/uploads\/2018\/08\/17426380_1906371736249227_6326180412931521141_n.jpg","contentUrl":"https:\/\/futbolhoy.co\/wp-content\/uploads\/2018\/08\/17426380_1906371736249227_6326180412931521141_n.jpg","width":960,"height":960,"caption":"Futbolhoy.co"},"image":{"@id":"https:\/\/futbolhoy.co\/#\/schema\/logo\/image\/"},"sameAs":["https:\/\/www.facebook.com\/FutbolHoyCol\/","https:\/\/x.com\/FutbolHoyCol","https:\/\/www.instagram.com\/futbolhoycol\/"]},{"@type":"Person","@id":"https:\/\/futbolhoy.co\/#\/schema\/person\/c4a353a512b127643723a34bb1812f7d","name":"Laura Hern\u00e1ndez","image":{"@type":"ImageObject","inLanguage":"es","@id":"https:\/\/futbolhoy.co\/#\/schema\/person\/image\/","url":"https:\/\/secure.gravatar.com\/avatar\/d25959a15b9b293a743f99181c7cfd01?s=96&d=mm&r=g","contentUrl":"https:\/\/secure.gravatar.com\/avatar\/d25959a15b9b293a743f99181c7cfd01?s=96&d=mm&r=g","caption":"Laura Hern\u00e1ndez"}}]}},"publishpress_future_action":{"enabled":false,"date":"2026-05-04 21:40:25","action":"change-status","newStatus":"draft","terms":[],"taxonomy":"category","extraData":[]},"publishpress_future_workflow_manual_trigger":{"enabledWorkflows":[]},"_links":{"self":[{"href":"https:\/\/futbolhoy.co\/index.php\/wp-json\/wp\/v2\/posts\/50866","targetHints":{"allow":["GET"]}}],"collection":[{"href":"https:\/\/futbolhoy.co\/index.php\/wp-json\/wp\/v2\/posts"}],"about":[{"href":"https:\/\/futbolhoy.co\/index.php\/wp-json\/wp\/v2\/types\/post"}],"author":[{"embeddable":true,"href":"https:\/\/futbolhoy.co\/index.php\/wp-json\/wp\/v2\/users\/5"}],"replies":[{"embeddable":true,"href":"https:\/\/futbolhoy.co\/index.php\/wp-json\/wp\/v2\/comments?post=50866"}],"version-history":[{"count":6,"href":"https:\/\/futbolhoy.co\/index.php\/wp-json\/wp\/v2\/posts\/50866\/revisions"}],"predecessor-version":[{"id":50911,"href":"https:\/\/futbolhoy.co\/index.php\/wp-json\/wp\/v2\/posts\/50866\/revisions\/50911"}],"wp:featuredmedia":[{"embeddable":true,"href":"https:\/\/futbolhoy.co\/index.php\/wp-json\/wp\/v2\/media\/50870"}],"wp:attachment":[{"href":"https:\/\/futbolhoy.co\/index.php\/wp-json\/wp\/v2\/media?parent=50866"}],"wp:term":[{"taxonomy":"category","embeddable":true,"href":"https:\/\/futbolhoy.co\/index.php\/wp-json\/wp\/v2\/categories?post=50866"},{"taxonomy":"post_tag","embeddable":true,"href":"https:\/\/futbolhoy.co\/index.php\/wp-json\/wp\/v2\/tags?post=50866"}],"curies":[{"name":"wp","href":"https:\/\/api.w.org\/{rel}","templated":true}]}}