{"id":50903,"date":"2020-05-07T16:20:59","date_gmt":"2020-05-07T21:20:59","guid":{"rendered":"https:\/\/futbolhoy.co\/?p=50903"},"modified":"2020-05-08T08:49:40","modified_gmt":"2020-05-08T13:49:40","slug":"futbolistas-solicitan-autorizacion-para-entrenar","status":"publish","type":"post","link":"https:\/\/futbolhoy.co\/index.php\/2020\/05\/07\/futbolistas-solicitan-autorizacion-para-entrenar\/","title":{"rendered":"Futbolistas solicitan autorizaci\u00f3n para entrenar"},"content":{"rendered":"<p style=\"text-align: justify;\"><span style=\"font-family: helvetica, arial, sans-serif;\">La Asociaci\u00f3n Colombiana de Futbolistas Profesionales, <strong>Acolfutpro<\/strong>, solicit\u00f3 al Gobierno una autorizaci\u00f3n para que los jugadores puedan reiniciar sus entrenamientos desde\u00a0el 25 de mayo, bajo estrictas medidas sanitarias por la pandemia.<\/span><\/p>\n<p style=\"text-align: justify;\"><span style=\"font-family: helvetica, arial, sans-serif;\">El ministro del Deporte, <strong>Ernesto Lucena<\/strong>, le entregar\u00e1 la solicitud al presidente, <strong>Iv\u00e1n Duque<\/strong>, para su an\u00e1lisis.<\/span><\/p>\n<p style=\"text-align: justify;\"><span style=\"font-family: helvetica, arial, sans-serif;\">Lucena les aclar\u00f3 a los deportistas que en este momento es cuando el gremio del f\u00fatbol debe estar m\u00e1s unido que nunca y que solo as\u00ed saldr\u00e1 fortalecido de la crisis.<\/span><\/p>\n<p style=\"text-align: justify;\"><span style=\"font-family: helvetica, arial, sans-serif;\">La <strong>Federaci\u00f3n Colombiana de F\u00fatbol<\/strong> y la <strong>Dimayor<\/strong> presentaron a principios de semana un protocolo de salubridad para la reactivaci\u00f3n de este deporte a puerta cerrada.<\/span><\/p>\n<p style=\"text-align: justify;\"><span style=\"font-family: helvetica, arial, sans-serif;\">El Gobierno posteriormente descart\u00f3 un pronto regreso de la Liga, tras considerar que en este momento no hay condiciones para hacerlo debido a la situaci\u00f3n sanitaria<\/span><\/p>\n","protected":false},"excerpt":{"rendered":"<p>La Asociaci\u00f3n Colombiana de Futbolistas Profesionales, Acolfutpro, solicit\u00f3 al Gobierno una autorizaci\u00f3n para que los jugadores puedan reiniciar sus entrenamientos desde\u00a0el 25 de mayo, bajo estrictas medidas sanitarias por la pandemia. El ministro del Deporte, Ernesto Lucena, le entregar\u00e1 la solicitud al presidente, Iv\u00e1n Duque, para su an\u00e1lisis. Lucena les aclar\u00f3 a los deportistas que [&hellip;]<\/p>\n","protected":false},"author":5,"featured_media":46596,"comment_status":"open","ping_status":"open","sticky":false,"template":"","format":"standard","meta":{"_acf_changed":false,"footnotes":""},"categories":[7],"tags":[],"class_list":{"0":"post-50903","1":"post","2":"type-post","3":"status-publish","4":"format-standard","5":"has-post-thumbnail","7":"category-liga-betplay"},"acf":[],"yoast_head":"<!-- This site is optimized with the Yoast SEO plugin v26.8 - https:\/\/yoast.com\/product\/yoast-seo-wordpress\/ -->\n<title>Futbolistas solicitan autorizaci\u00f3n para entrenar -<\/title>\n<meta name=\"robots\" content=\"index, follow, max-snippet:-1, max-image-preview:large, max-video-preview:-1\" \/>\n<link rel=\"canonical\" href=\"https:\/\/futbolhoy.co\/index.php\/2020\/05\/07\/futbolistas-solicitan-autorizacion-para-entrenar\/\" \/>\n<meta property=\"og:locale\" content=\"es_ES\" \/>\n<meta property=\"og:type\" content=\"article\" \/>\n<meta property=\"og:title\" content=\"Futbolistas solicitan autorizaci\u00f3n para entrenar -\" \/>\n<meta property=\"og:description\" content=\"La Asociaci\u00f3n Colombiana de Futbolistas Profesionales, Acolfutpro, solicit\u00f3 al Gobierno una autorizaci\u00f3n para que los jugadores puedan reiniciar sus entrenamientos desde\u00a0el 25 de mayo, bajo estrictas medidas sanitarias por la pandemia. El ministro del Deporte, Ernesto Lucena, le entregar\u00e1 la solicitud al presidente, Iv\u00e1n Duque, para su an\u00e1lisis. Lucena les aclar\u00f3 a los deportistas que [&hellip;]\" \/>\n<meta property=\"og:url\" content=\"https:\/\/futbolhoy.co\/index.php\/2020\/05\/07\/futbolistas-solicitan-autorizacion-para-entrenar\/\" \/>\n<meta property=\"article:publisher\" content=\"https:\/\/www.facebook.com\/FutbolHoyCol\/\" \/>\n<meta property=\"article:published_time\" content=\"2020-05-07T21:20:59+00:00\" \/>\n<meta property=\"article:modified_time\" content=\"2020-05-08T13:49:40+00:00\" \/>\n<meta property=\"og:image\" content=\"https:\/\/futbolhoy.co\/wp-content\/uploads\/2020\/01\/Captura-11.jpg\" \/>\n\t<meta property=\"og:image:width\" content=\"916\" \/>\n\t<meta property=\"og:image:height\" content=\"584\" \/>\n\t<meta property=\"og:image:type\" content=\"image\/jpeg\" \/>\n<meta name=\"author\" content=\"Laura Hern\u00e1ndez\" \/>\n<meta name=\"twitter:card\" content=\"summary_large_image\" \/>\n<meta name=\"twitter:creator\" content=\"@FutbolHoyCol\" \/>\n<meta name=\"twitter:site\" content=\"@FutbolHoyCol\" \/>\n<meta name=\"twitter:label1\" content=\"Escrito por\" \/>\n\t<meta name=\"twitter:data1\" content=\"Laura Hern\u00e1ndez\" \/>\n\t<meta name=\"twitter:label2\" content=\"Tiempo de lectura\" \/>\n\t<meta name=\"twitter:data2\" content=\"1 minuto\" \/>\n<script type=\"application\/ld+json\" class=\"yoast-schema-graph\">{\"@context\":\"https:\/\/schema.org\",\"@graph\":[{\"@type\":\"Article\",\"@id\":\"https:\/\/futbolhoy.co\/index.php\/2020\/05\/07\/futbolistas-solicitan-autorizacion-para-entrenar\/#article\",\"isPartOf\":{\"@id\":\"https:\/\/futbolhoy.co\/index.php\/2020\/05\/07\/futbolistas-solicitan-autorizacion-para-entrenar\/\"},\"author\":{\"name\":\"Laura Hern\u00e1ndez\",\"@id\":\"https:\/\/futbolhoy.co\/#\/schema\/person\/c4a353a512b127643723a34bb1812f7d\"},\"headline\":\"Futbolistas solicitan autorizaci\u00f3n para entrenar\",\"datePublished\":\"2020-05-07T21:20:59+00:00\",\"dateModified\":\"2020-05-08T13:49:40+00:00\",\"mainEntityOfPage\":{\"@id\":\"https:\/\/futbolhoy.co\/index.php\/2020\/05\/07\/futbolistas-solicitan-autorizacion-para-entrenar\/\"},\"wordCount\":147,\"commentCount\":0,\"publisher\":{\"@id\":\"https:\/\/futbolhoy.co\/#organization\"},\"image\":{\"@id\":\"https:\/\/futbolhoy.co\/index.php\/2020\/05\/07\/futbolistas-solicitan-autorizacion-para-entrenar\/#primaryimage\"},\"thumbnailUrl\":\"https:\/\/futbolhoy.co\/wp-content\/uploads\/2020\/01\/Captura-11.jpg\",\"articleSection\":[\"Liga BetPlay\"],\"inLanguage\":\"es\",\"potentialAction\":[{\"@type\":\"CommentAction\",\"name\":\"Comment\",\"target\":[\"https:\/\/futbolhoy.co\/index.php\/2020\/05\/07\/futbolistas-solicitan-autorizacion-para-entrenar\/#respond\"]}]},{\"@type\":\"WebPage\",\"@id\":\"https:\/\/futbolhoy.co\/index.php\/2020\/05\/07\/futbolistas-solicitan-autorizacion-para-entrenar\/\",\"url\":\"https:\/\/futbolhoy.co\/index.php\/2020\/05\/07\/futbolistas-solicitan-autorizacion-para-entrenar\/\",\"name\":\"Futbolistas solicitan autorizaci\u00f3n para entrenar -\",\"isPartOf\":{\"@id\":\"https:\/\/futbolhoy.co\/#website\"},\"primaryImageOfPage\":{\"@id\":\"https:\/\/futbolhoy.co\/index.php\/2020\/05\/07\/futbolistas-solicitan-autorizacion-para-entrenar\/#primaryimage\"},\"image\":{\"@id\":\"https:\/\/futbolhoy.co\/index.php\/2020\/05\/07\/futbolistas-solicitan-autorizacion-para-entrenar\/#primaryimage\"},\"thumbnailUrl\":\"https:\/\/futbolhoy.co\/wp-content\/uploads\/2020\/01\/Captura-11.jpg\",\"datePublished\":\"2020-05-07T21:20:59+00:00\",\"dateModified\":\"2020-05-08T13:49:40+00:00\",\"breadcrumb\":{\"@id\":\"https:\/\/futbolhoy.co\/index.php\/2020\/05\/07\/futbolistas-solicitan-autorizacion-para-entrenar\/#breadcrumb\"},\"inLanguage\":\"es\",\"potentialAction\":[{\"@type\":\"ReadAction\",\"target\":[\"https:\/\/futbolhoy.co\/index.php\/2020\/05\/07\/futbolistas-solicitan-autorizacion-para-entrenar\/\"]}]},{\"@type\":\"ImageObject\",\"inLanguage\":\"es\",\"@id\":\"https:\/\/futbolhoy.co\/index.php\/2020\/05\/07\/futbolistas-solicitan-autorizacion-para-entrenar\/#primaryimage\",\"url\":\"https:\/\/futbolhoy.co\/wp-content\/uploads\/2020\/01\/Captura-11.jpg\",\"contentUrl\":\"https:\/\/futbolhoy.co\/wp-content\/uploads\/2020\/01\/Captura-11.jpg\",\"width\":916,\"height\":584},{\"@type\":\"BreadcrumbList\",\"@id\":\"https:\/\/futbolhoy.co\/index.php\/2020\/05\/07\/futbolistas-solicitan-autorizacion-para-entrenar\/#breadcrumb\",\"itemListElement\":[{\"@type\":\"ListItem\",\"position\":1,\"name\":\"Portada\",\"item\":\"https:\/\/futbolhoy.co\/\"},{\"@type\":\"ListItem\",\"position\":2,\"name\":\"Futbolistas solicitan autorizaci\u00f3n para entrenar\"}]},{\"@type\":\"WebSite\",\"@id\":\"https:\/\/futbolhoy.co\/#website\",\"url\":\"https:\/\/futbolhoy.co\/\",\"name\":\"FutbolHoy\",\"description\":\"\",\"publisher\":{\"@id\":\"https:\/\/futbolhoy.co\/#organization\"},\"potentialAction\":[{\"@type\":\"SearchAction\",\"target\":{\"@type\":\"EntryPoint\",\"urlTemplate\":\"https:\/\/futbolhoy.co\/?s={search_term_string}\"},\"query-input\":{\"@type\":\"PropertyValueSpecification\",\"valueRequired\":true,\"valueName\":\"search_term_string\"}}],\"inLanguage\":\"es\"},{\"@type\":\"Organization\",\"@id\":\"https:\/\/futbolhoy.co\/#organization\",\"name\":\"Futbolhoy.co\",\"url\":\"https:\/\/futbolhoy.co\/\",\"logo\":{\"@type\":\"ImageObject\",\"inLanguage\":\"es\",\"@id\":\"https:\/\/futbolhoy.co\/#\/schema\/logo\/image\/\",\"url\":\"https:\/\/futbolhoy.co\/wp-content\/uploads\/2018\/08\/17426380_1906371736249227_6326180412931521141_n.jpg\",\"contentUrl\":\"https:\/\/futbolhoy.co\/wp-content\/uploads\/2018\/08\/17426380_1906371736249227_6326180412931521141_n.jpg\",\"width\":960,\"height\":960,\"caption\":\"Futbolhoy.co\"},\"image\":{\"@id\":\"https:\/\/futbolhoy.co\/#\/schema\/logo\/image\/\"},\"sameAs\":[\"https:\/\/www.facebook.com\/FutbolHoyCol\/\",\"https:\/\/x.com\/FutbolHoyCol\",\"https:\/\/www.instagram.com\/futbolhoycol\/\"]},{\"@type\":\"Person\",\"@id\":\"https:\/\/futbolhoy.co\/#\/schema\/person\/c4a353a512b127643723a34bb1812f7d\",\"name\":\"Laura Hern\u00e1ndez\",\"image\":{\"@type\":\"ImageObject\",\"inLanguage\":\"es\",\"@id\":\"https:\/\/futbolhoy.co\/#\/schema\/person\/image\/\",\"url\":\"https:\/\/secure.gravatar.com\/avatar\/d25959a15b9b293a743f99181c7cfd01?s=96&d=mm&r=g\",\"contentUrl\":\"https:\/\/secure.gravatar.com\/avatar\/d25959a15b9b293a743f99181c7cfd01?s=96&d=mm&r=g\",\"caption\":\"Laura Hern\u00e1ndez\"}}]}<\/script>\n<!-- \/ Yoast SEO plugin. -->","yoast_head_json":{"title":"Futbolistas solicitan autorizaci\u00f3n para entrenar -","robots":{"index":"index","follow":"follow","max-snippet":"max-snippet:-1","max-image-preview":"max-image-preview:large","max-video-preview":"max-video-preview:-1"},"canonical":"https:\/\/futbolhoy.co\/index.php\/2020\/05\/07\/futbolistas-solicitan-autorizacion-para-entrenar\/","og_locale":"es_ES","og_type":"article","og_title":"Futbolistas solicitan autorizaci\u00f3n para entrenar -","og_description":"La Asociaci\u00f3n Colombiana de Futbolistas Profesionales, Acolfutpro, solicit\u00f3 al Gobierno una autorizaci\u00f3n para que los jugadores puedan reiniciar sus entrenamientos desde\u00a0el 25 de mayo, bajo estrictas medidas sanitarias por la pandemia. El ministro del Deporte, Ernesto Lucena, le entregar\u00e1 la solicitud al presidente, Iv\u00e1n Duque, para su an\u00e1lisis. Lucena les aclar\u00f3 a los deportistas que [&hellip;]","og_url":"https:\/\/futbolhoy.co\/index.php\/2020\/05\/07\/futbolistas-solicitan-autorizacion-para-entrenar\/","article_publisher":"https:\/\/www.facebook.com\/FutbolHoyCol\/","article_published_time":"2020-05-07T21:20:59+00:00","article_modified_time":"2020-05-08T13:49:40+00:00","og_image":[{"width":916,"height":584,"url":"https:\/\/futbolhoy.co\/wp-content\/uploads\/2020\/01\/Captura-11.jpg","type":"image\/jpeg"}],"author":"Laura Hern\u00e1ndez","twitter_card":"summary_large_image","twitter_creator":"@FutbolHoyCol","twitter_site":"@FutbolHoyCol","twitter_misc":{"Escrito por":"Laura Hern\u00e1ndez","Tiempo de lectura":"1 minuto"},"schema":{"@context":"https:\/\/schema.org","@graph":[{"@type":"Article","@id":"https:\/\/futbolhoy.co\/index.php\/2020\/05\/07\/futbolistas-solicitan-autorizacion-para-entrenar\/#article","isPartOf":{"@id":"https:\/\/futbolhoy.co\/index.php\/2020\/05\/07\/futbolistas-solicitan-autorizacion-para-entrenar\/"},"author":{"name":"Laura Hern\u00e1ndez","@id":"https:\/\/futbolhoy.co\/#\/schema\/person\/c4a353a512b127643723a34bb1812f7d"},"headline":"Futbolistas solicitan autorizaci\u00f3n para entrenar","datePublished":"2020-05-07T21:20:59+00:00","dateModified":"2020-05-08T13:49:40+00:00","mainEntityOfPage":{"@id":"https:\/\/futbolhoy.co\/index.php\/2020\/05\/07\/futbolistas-solicitan-autorizacion-para-entrenar\/"},"wordCount":147,"commentCount":0,"publisher":{"@id":"https:\/\/futbolhoy.co\/#organization"},"image":{"@id":"https:\/\/futbolhoy.co\/index.php\/2020\/05\/07\/futbolistas-solicitan-autorizacion-para-entrenar\/#primaryimage"},"thumbnailUrl":"https:\/\/futbolhoy.co\/wp-content\/uploads\/2020\/01\/Captura-11.jpg","articleSection":["Liga BetPlay"],"inLanguage":"es","potentialAction":[{"@type":"CommentAction","name":"Comment","target":["https:\/\/futbolhoy.co\/index.php\/2020\/05\/07\/futbolistas-solicitan-autorizacion-para-entrenar\/#respond"]}]},{"@type":"WebPage","@id":"https:\/\/futbolhoy.co\/index.php\/2020\/05\/07\/futbolistas-solicitan-autorizacion-para-entrenar\/","url":"https:\/\/futbolhoy.co\/index.php\/2020\/05\/07\/futbolistas-solicitan-autorizacion-para-entrenar\/","name":"Futbolistas solicitan autorizaci\u00f3n para entrenar -","isPartOf":{"@id":"https:\/\/futbolhoy.co\/#website"},"primaryImageOfPage":{"@id":"https:\/\/futbolhoy.co\/index.php\/2020\/05\/07\/futbolistas-solicitan-autorizacion-para-entrenar\/#primaryimage"},"image":{"@id":"https:\/\/futbolhoy.co\/index.php\/2020\/05\/07\/futbolistas-solicitan-autorizacion-para-entrenar\/#primaryimage"},"thumbnailUrl":"https:\/\/futbolhoy.co\/wp-content\/uploads\/2020\/01\/Captura-11.jpg","datePublished":"2020-05-07T21:20:59+00:00","dateModified":"2020-05-08T13:49:40+00:00","breadcrumb":{"@id":"https:\/\/futbolhoy.co\/index.php\/2020\/05\/07\/futbolistas-solicitan-autorizacion-para-entrenar\/#breadcrumb"},"inLanguage":"es","potentialAction":[{"@type":"ReadAction","target":["https:\/\/futbolhoy.co\/index.php\/2020\/05\/07\/futbolistas-solicitan-autorizacion-para-entrenar\/"]}]},{"@type":"ImageObject","inLanguage":"es","@id":"https:\/\/futbolhoy.co\/index.php\/2020\/05\/07\/futbolistas-solicitan-autorizacion-para-entrenar\/#primaryimage","url":"https:\/\/futbolhoy.co\/wp-content\/uploads\/2020\/01\/Captura-11.jpg","contentUrl":"https:\/\/futbolhoy.co\/wp-content\/uploads\/2020\/01\/Captura-11.jpg","width":916,"height":584},{"@type":"BreadcrumbList","@id":"https:\/\/futbolhoy.co\/index.php\/2020\/05\/07\/futbolistas-solicitan-autorizacion-para-entrenar\/#breadcrumb","itemListElement":[{"@type":"ListItem","position":1,"name":"Portada","item":"https:\/\/futbolhoy.co\/"},{"@type":"ListItem","position":2,"name":"Futbolistas solicitan autorizaci\u00f3n para entrenar"}]},{"@type":"WebSite","@id":"https:\/\/futbolhoy.co\/#website","url":"https:\/\/futbolhoy.co\/","name":"FutbolHoy","description":"","publisher":{"@id":"https:\/\/futbolhoy.co\/#organization"},"potentialAction":[{"@type":"SearchAction","target":{"@type":"EntryPoint","urlTemplate":"https:\/\/futbolhoy.co\/?s={search_term_string}"},"query-input":{"@type":"PropertyValueSpecification","valueRequired":true,"valueName":"search_term_string"}}],"inLanguage":"es"},{"@type":"Organization","@id":"https:\/\/futbolhoy.co\/#organization","name":"Futbolhoy.co","url":"https:\/\/futbolhoy.co\/","logo":{"@type":"ImageObject","inLanguage":"es","@id":"https:\/\/futbolhoy.co\/#\/schema\/logo\/image\/","url":"https:\/\/futbolhoy.co\/wp-content\/uploads\/2018\/08\/17426380_1906371736249227_6326180412931521141_n.jpg","contentUrl":"https:\/\/futbolhoy.co\/wp-content\/uploads\/2018\/08\/17426380_1906371736249227_6326180412931521141_n.jpg","width":960,"height":960,"caption":"Futbolhoy.co"},"image":{"@id":"https:\/\/futbolhoy.co\/#\/schema\/logo\/image\/"},"sameAs":["https:\/\/www.facebook.com\/FutbolHoyCol\/","https:\/\/x.com\/FutbolHoyCol","https:\/\/www.instagram.com\/futbolhoycol\/"]},{"@type":"Person","@id":"https:\/\/futbolhoy.co\/#\/schema\/person\/c4a353a512b127643723a34bb1812f7d","name":"Laura Hern\u00e1ndez","image":{"@type":"ImageObject","inLanguage":"es","@id":"https:\/\/futbolhoy.co\/#\/schema\/person\/image\/","url":"https:\/\/secure.gravatar.com\/avatar\/d25959a15b9b293a743f99181c7cfd01?s=96&d=mm&r=g","contentUrl":"https:\/\/secure.gravatar.com\/avatar\/d25959a15b9b293a743f99181c7cfd01?s=96&d=mm&r=g","caption":"Laura Hern\u00e1ndez"}}]}},"publishpress_future_action":{"enabled":false,"date":"2026-05-05 02:14:05","action":"change-status","newStatus":"draft","terms":[],"taxonomy":"category","extraData":[]},"publishpress_future_workflow_manual_trigger":{"enabledWorkflows":[]},"_links":{"self":[{"href":"https:\/\/futbolhoy.co\/index.php\/wp-json\/wp\/v2\/posts\/50903","targetHints":{"allow":["GET"]}}],"collection":[{"href":"https:\/\/futbolhoy.co\/index.php\/wp-json\/wp\/v2\/posts"}],"about":[{"href":"https:\/\/futbolhoy.co\/index.php\/wp-json\/wp\/v2\/types\/post"}],"author":[{"embeddable":true,"href":"https:\/\/futbolhoy.co\/index.php\/wp-json\/wp\/v2\/users\/5"}],"replies":[{"embeddable":true,"href":"https:\/\/futbolhoy.co\/index.php\/wp-json\/wp\/v2\/comments?post=50903"}],"version-history":[{"count":1,"href":"https:\/\/futbolhoy.co\/index.php\/wp-json\/wp\/v2\/posts\/50903\/revisions"}],"predecessor-version":[{"id":50909,"href":"https:\/\/futbolhoy.co\/index.php\/wp-json\/wp\/v2\/posts\/50903\/revisions\/50909"}],"wp:featuredmedia":[{"embeddable":true,"href":"https:\/\/futbolhoy.co\/index.php\/wp-json\/wp\/v2\/media\/46596"}],"wp:attachment":[{"href":"https:\/\/futbolhoy.co\/index.php\/wp-json\/wp\/v2\/media?parent=50903"}],"wp:term":[{"taxonomy":"category","embeddable":true,"href":"https:\/\/futbolhoy.co\/index.php\/wp-json\/wp\/v2\/categories?post=50903"},{"taxonomy":"post_tag","embeddable":true,"href":"https:\/\/futbolhoy.co\/index.php\/wp-json\/wp\/v2\/tags?post=50903"}],"curies":[{"name":"wp","href":"https:\/\/api.w.org\/{rel}","templated":true}]}}