{"id":51005,"date":"2020-05-07T18:27:39","date_gmt":"2020-05-07T23:27:39","guid":{"rendered":"https:\/\/futbolhoy.co\/?p=51005"},"modified":"2020-05-11T18:26:08","modified_gmt":"2020-05-11T23:26:08","slug":"heynckes-potencio-a-james-rummenigge","status":"publish","type":"post","link":"https:\/\/futbolhoy.co\/index.php\/2020\/05\/07\/heynckes-potencio-a-james-rummenigge\/","title":{"rendered":"\u201cHeynckes potenci\u00f3 a James\u201d, Rummenigge"},"content":{"rendered":"<p style=\"text-align: justify;\"><span lang=\"ES\" style=\"font-family: helvetica, arial, sans-serif;\">El director ejecutivo del\u00a0<b>Bayern M\u00fanich<\/b>,\u00a0<b>Karl Heinz Rummenigge<\/b>, elogi\u00f3 la labor que adelant\u00f3 el t\u00e9cnico\u00a0<b>Jupp Heynckes<\/b>\u00a0con el volante colombiano\u00a0<b>James Rodr\u00edguez<\/b>\u00a0en el equipo.<\/span><\/p>\n<p style=\"text-align: justify;\"><span lang=\"ES\" style=\"font-family: helvetica, arial, sans-serif;\">De acuerdo con el dirigente, el entrenador potenci\u00f3 a\u00a0<b>James<\/b>\u00a0cuando hab\u00eda perdido la confianza en su juego, \u201cJupp pas\u00f3 mucho tiempo hablando con los jugadores, de f\u00fatbol y otros temas, porque su conexi\u00f3n iba m\u00e1s all\u00e1 del deporte. James es un buen ejemplo. Sab\u00edamos que es un jugador de gran calidad, pero no pudo trasladarlo al campo de juego durante mucho tiempo\u201d.<\/span><\/p>\n<p style=\"text-align: justify;\"><span lang=\"ES\" style=\"font-family: helvetica, arial, sans-serif;\">\u201cJupp lo cuid\u00f3 y vimos a un gran James, se convirti\u00f3 en parte importante del equipo. Ten\u00eda el don de hacer equipo, los jugadores le cre\u00edan\u201d, agreg\u00f3 Rummenigge al diario\u00a0<i>Abendzeitung<\/i>.<\/span><\/p>\n<p style=\"text-align: justify;\"><span lang=\"ES\" style=\"font-family: helvetica, arial, sans-serif;\">James disput\u00f3 75 partidos y convirti\u00f3 15 goles entre 2017 y 2019; mientras que permaneci\u00f3 en el club b\u00e1varo.<\/span><\/p>\n","protected":false},"excerpt":{"rendered":"<p>El director ejecutivo del\u00a0Bayern M\u00fanich,\u00a0Karl Heinz Rummenigge, elogi\u00f3 la labor que adelant\u00f3 el t\u00e9cnico\u00a0Jupp Heynckes\u00a0con el volante colombiano\u00a0James Rodr\u00edguez\u00a0en el equipo. De acuerdo con el dirigente, el entrenador potenci\u00f3 a\u00a0James\u00a0cuando hab\u00eda perdido la confianza en su juego, \u201cJupp pas\u00f3 mucho tiempo hablando con los jugadores, de f\u00fatbol y otros temas, porque su conexi\u00f3n iba m\u00e1s [&hellip;]<\/p>\n","protected":false},"author":5,"featured_media":51007,"comment_status":"open","ping_status":"open","sticky":false,"template":"","format":"standard","meta":{"_acf_changed":false,"footnotes":""},"categories":[418],"tags":[],"class_list":{"0":"post-51005","1":"post","2":"type-post","3":"status-publish","4":"format-standard","5":"has-post-thumbnail","7":"category-colombia"},"acf":[],"yoast_head":"<!-- This site is optimized with the Yoast SEO plugin v26.8 - https:\/\/yoast.com\/product\/yoast-seo-wordpress\/ -->\n<title>\u201cHeynckes potenci\u00f3 a James\u201d, Rummenigge -<\/title>\n<meta name=\"robots\" content=\"index, follow, max-snippet:-1, max-image-preview:large, max-video-preview:-1\" \/>\n<link rel=\"canonical\" href=\"https:\/\/futbolhoy.co\/index.php\/2020\/05\/07\/heynckes-potencio-a-james-rummenigge\/\" \/>\n<meta property=\"og:locale\" content=\"es_ES\" \/>\n<meta property=\"og:type\" content=\"article\" \/>\n<meta property=\"og:title\" content=\"\u201cHeynckes potenci\u00f3 a James\u201d, Rummenigge -\" \/>\n<meta property=\"og:description\" content=\"El director ejecutivo del\u00a0Bayern M\u00fanich,\u00a0Karl Heinz Rummenigge, elogi\u00f3 la labor que adelant\u00f3 el t\u00e9cnico\u00a0Jupp Heynckes\u00a0con el volante colombiano\u00a0James Rodr\u00edguez\u00a0en el equipo. De acuerdo con el dirigente, el entrenador potenci\u00f3 a\u00a0James\u00a0cuando hab\u00eda perdido la confianza en su juego, \u201cJupp pas\u00f3 mucho tiempo hablando con los jugadores, de f\u00fatbol y otros temas, porque su conexi\u00f3n iba m\u00e1s [&hellip;]\" \/>\n<meta property=\"og:url\" content=\"https:\/\/futbolhoy.co\/index.php\/2020\/05\/07\/heynckes-potencio-a-james-rummenigge\/\" \/>\n<meta property=\"article:publisher\" content=\"https:\/\/www.facebook.com\/FutbolHoyCol\/\" \/>\n<meta property=\"article:published_time\" content=\"2020-05-07T23:27:39+00:00\" \/>\n<meta property=\"article:modified_time\" content=\"2020-05-11T23:26:08+00:00\" \/>\n<meta property=\"og:image\" content=\"https:\/\/futbolhoy.co\/wp-content\/uploads\/2020\/05\/20200510_182219.jpg\" \/>\n\t<meta property=\"og:image:width\" content=\"640\" \/>\n\t<meta property=\"og:image:height\" content=\"425\" \/>\n\t<meta property=\"og:image:type\" content=\"image\/jpeg\" \/>\n<meta name=\"author\" content=\"Laura Hern\u00e1ndez\" \/>\n<meta name=\"twitter:card\" content=\"summary_large_image\" \/>\n<meta name=\"twitter:creator\" content=\"@FutbolHoyCol\" \/>\n<meta name=\"twitter:site\" content=\"@FutbolHoyCol\" \/>\n<meta name=\"twitter:label1\" content=\"Escrito por\" \/>\n\t<meta name=\"twitter:data1\" content=\"Laura Hern\u00e1ndez\" \/>\n\t<meta name=\"twitter:label2\" content=\"Tiempo de lectura\" \/>\n\t<meta name=\"twitter:data2\" content=\"1 minuto\" \/>\n<script type=\"application\/ld+json\" class=\"yoast-schema-graph\">{\"@context\":\"https:\/\/schema.org\",\"@graph\":[{\"@type\":\"Article\",\"@id\":\"https:\/\/futbolhoy.co\/index.php\/2020\/05\/07\/heynckes-potencio-a-james-rummenigge\/#article\",\"isPartOf\":{\"@id\":\"https:\/\/futbolhoy.co\/index.php\/2020\/05\/07\/heynckes-potencio-a-james-rummenigge\/\"},\"author\":{\"name\":\"Laura Hern\u00e1ndez\",\"@id\":\"https:\/\/futbolhoy.co\/#\/schema\/person\/c4a353a512b127643723a34bb1812f7d\"},\"headline\":\"\u201cHeynckes potenci\u00f3 a James\u201d, Rummenigge\",\"datePublished\":\"2020-05-07T23:27:39+00:00\",\"dateModified\":\"2020-05-11T23:26:08+00:00\",\"mainEntityOfPage\":{\"@id\":\"https:\/\/futbolhoy.co\/index.php\/2020\/05\/07\/heynckes-potencio-a-james-rummenigge\/\"},\"wordCount\":152,\"commentCount\":0,\"publisher\":{\"@id\":\"https:\/\/futbolhoy.co\/#organization\"},\"image\":{\"@id\":\"https:\/\/futbolhoy.co\/index.php\/2020\/05\/07\/heynckes-potencio-a-james-rummenigge\/#primaryimage\"},\"thumbnailUrl\":\"https:\/\/futbolhoy.co\/wp-content\/uploads\/2020\/05\/20200510_182219.jpg\",\"articleSection\":[\"Colombia\"],\"inLanguage\":\"es\",\"potentialAction\":[{\"@type\":\"CommentAction\",\"name\":\"Comment\",\"target\":[\"https:\/\/futbolhoy.co\/index.php\/2020\/05\/07\/heynckes-potencio-a-james-rummenigge\/#respond\"]}]},{\"@type\":\"WebPage\",\"@id\":\"https:\/\/futbolhoy.co\/index.php\/2020\/05\/07\/heynckes-potencio-a-james-rummenigge\/\",\"url\":\"https:\/\/futbolhoy.co\/index.php\/2020\/05\/07\/heynckes-potencio-a-james-rummenigge\/\",\"name\":\"\u201cHeynckes potenci\u00f3 a James\u201d, Rummenigge -\",\"isPartOf\":{\"@id\":\"https:\/\/futbolhoy.co\/#website\"},\"primaryImageOfPage\":{\"@id\":\"https:\/\/futbolhoy.co\/index.php\/2020\/05\/07\/heynckes-potencio-a-james-rummenigge\/#primaryimage\"},\"image\":{\"@id\":\"https:\/\/futbolhoy.co\/index.php\/2020\/05\/07\/heynckes-potencio-a-james-rummenigge\/#primaryimage\"},\"thumbnailUrl\":\"https:\/\/futbolhoy.co\/wp-content\/uploads\/2020\/05\/20200510_182219.jpg\",\"datePublished\":\"2020-05-07T23:27:39+00:00\",\"dateModified\":\"2020-05-11T23:26:08+00:00\",\"breadcrumb\":{\"@id\":\"https:\/\/futbolhoy.co\/index.php\/2020\/05\/07\/heynckes-potencio-a-james-rummenigge\/#breadcrumb\"},\"inLanguage\":\"es\",\"potentialAction\":[{\"@type\":\"ReadAction\",\"target\":[\"https:\/\/futbolhoy.co\/index.php\/2020\/05\/07\/heynckes-potencio-a-james-rummenigge\/\"]}]},{\"@type\":\"ImageObject\",\"inLanguage\":\"es\",\"@id\":\"https:\/\/futbolhoy.co\/index.php\/2020\/05\/07\/heynckes-potencio-a-james-rummenigge\/#primaryimage\",\"url\":\"https:\/\/futbolhoy.co\/wp-content\/uploads\/2020\/05\/20200510_182219.jpg\",\"contentUrl\":\"https:\/\/futbolhoy.co\/wp-content\/uploads\/2020\/05\/20200510_182219.jpg\",\"width\":640,\"height\":425},{\"@type\":\"BreadcrumbList\",\"@id\":\"https:\/\/futbolhoy.co\/index.php\/2020\/05\/07\/heynckes-potencio-a-james-rummenigge\/#breadcrumb\",\"itemListElement\":[{\"@type\":\"ListItem\",\"position\":1,\"name\":\"Portada\",\"item\":\"https:\/\/futbolhoy.co\/\"},{\"@type\":\"ListItem\",\"position\":2,\"name\":\"\u201cHeynckes potenci\u00f3 a James\u201d, Rummenigge\"}]},{\"@type\":\"WebSite\",\"@id\":\"https:\/\/futbolhoy.co\/#website\",\"url\":\"https:\/\/futbolhoy.co\/\",\"name\":\"FutbolHoy\",\"description\":\"\",\"publisher\":{\"@id\":\"https:\/\/futbolhoy.co\/#organization\"},\"potentialAction\":[{\"@type\":\"SearchAction\",\"target\":{\"@type\":\"EntryPoint\",\"urlTemplate\":\"https:\/\/futbolhoy.co\/?s={search_term_string}\"},\"query-input\":{\"@type\":\"PropertyValueSpecification\",\"valueRequired\":true,\"valueName\":\"search_term_string\"}}],\"inLanguage\":\"es\"},{\"@type\":\"Organization\",\"@id\":\"https:\/\/futbolhoy.co\/#organization\",\"name\":\"Futbolhoy.co\",\"url\":\"https:\/\/futbolhoy.co\/\",\"logo\":{\"@type\":\"ImageObject\",\"inLanguage\":\"es\",\"@id\":\"https:\/\/futbolhoy.co\/#\/schema\/logo\/image\/\",\"url\":\"https:\/\/futbolhoy.co\/wp-content\/uploads\/2018\/08\/17426380_1906371736249227_6326180412931521141_n.jpg\",\"contentUrl\":\"https:\/\/futbolhoy.co\/wp-content\/uploads\/2018\/08\/17426380_1906371736249227_6326180412931521141_n.jpg\",\"width\":960,\"height\":960,\"caption\":\"Futbolhoy.co\"},\"image\":{\"@id\":\"https:\/\/futbolhoy.co\/#\/schema\/logo\/image\/\"},\"sameAs\":[\"https:\/\/www.facebook.com\/FutbolHoyCol\/\",\"https:\/\/x.com\/FutbolHoyCol\",\"https:\/\/www.instagram.com\/futbolhoycol\/\"]},{\"@type\":\"Person\",\"@id\":\"https:\/\/futbolhoy.co\/#\/schema\/person\/c4a353a512b127643723a34bb1812f7d\",\"name\":\"Laura Hern\u00e1ndez\",\"image\":{\"@type\":\"ImageObject\",\"inLanguage\":\"es\",\"@id\":\"https:\/\/futbolhoy.co\/#\/schema\/person\/image\/\",\"url\":\"https:\/\/secure.gravatar.com\/avatar\/d25959a15b9b293a743f99181c7cfd01?s=96&d=mm&r=g\",\"contentUrl\":\"https:\/\/secure.gravatar.com\/avatar\/d25959a15b9b293a743f99181c7cfd01?s=96&d=mm&r=g\",\"caption\":\"Laura Hern\u00e1ndez\"}}]}<\/script>\n<!-- \/ Yoast SEO plugin. -->","yoast_head_json":{"title":"\u201cHeynckes potenci\u00f3 a James\u201d, Rummenigge -","robots":{"index":"index","follow":"follow","max-snippet":"max-snippet:-1","max-image-preview":"max-image-preview:large","max-video-preview":"max-video-preview:-1"},"canonical":"https:\/\/futbolhoy.co\/index.php\/2020\/05\/07\/heynckes-potencio-a-james-rummenigge\/","og_locale":"es_ES","og_type":"article","og_title":"\u201cHeynckes potenci\u00f3 a James\u201d, Rummenigge -","og_description":"El director ejecutivo del\u00a0Bayern M\u00fanich,\u00a0Karl Heinz Rummenigge, elogi\u00f3 la labor que adelant\u00f3 el t\u00e9cnico\u00a0Jupp Heynckes\u00a0con el volante colombiano\u00a0James Rodr\u00edguez\u00a0en el equipo. De acuerdo con el dirigente, el entrenador potenci\u00f3 a\u00a0James\u00a0cuando hab\u00eda perdido la confianza en su juego, \u201cJupp pas\u00f3 mucho tiempo hablando con los jugadores, de f\u00fatbol y otros temas, porque su conexi\u00f3n iba m\u00e1s [&hellip;]","og_url":"https:\/\/futbolhoy.co\/index.php\/2020\/05\/07\/heynckes-potencio-a-james-rummenigge\/","article_publisher":"https:\/\/www.facebook.com\/FutbolHoyCol\/","article_published_time":"2020-05-07T23:27:39+00:00","article_modified_time":"2020-05-11T23:26:08+00:00","og_image":[{"width":640,"height":425,"url":"https:\/\/futbolhoy.co\/wp-content\/uploads\/2020\/05\/20200510_182219.jpg","type":"image\/jpeg"}],"author":"Laura Hern\u00e1ndez","twitter_card":"summary_large_image","twitter_creator":"@FutbolHoyCol","twitter_site":"@FutbolHoyCol","twitter_misc":{"Escrito por":"Laura Hern\u00e1ndez","Tiempo de lectura":"1 minuto"},"schema":{"@context":"https:\/\/schema.org","@graph":[{"@type":"Article","@id":"https:\/\/futbolhoy.co\/index.php\/2020\/05\/07\/heynckes-potencio-a-james-rummenigge\/#article","isPartOf":{"@id":"https:\/\/futbolhoy.co\/index.php\/2020\/05\/07\/heynckes-potencio-a-james-rummenigge\/"},"author":{"name":"Laura Hern\u00e1ndez","@id":"https:\/\/futbolhoy.co\/#\/schema\/person\/c4a353a512b127643723a34bb1812f7d"},"headline":"\u201cHeynckes potenci\u00f3 a James\u201d, Rummenigge","datePublished":"2020-05-07T23:27:39+00:00","dateModified":"2020-05-11T23:26:08+00:00","mainEntityOfPage":{"@id":"https:\/\/futbolhoy.co\/index.php\/2020\/05\/07\/heynckes-potencio-a-james-rummenigge\/"},"wordCount":152,"commentCount":0,"publisher":{"@id":"https:\/\/futbolhoy.co\/#organization"},"image":{"@id":"https:\/\/futbolhoy.co\/index.php\/2020\/05\/07\/heynckes-potencio-a-james-rummenigge\/#primaryimage"},"thumbnailUrl":"https:\/\/futbolhoy.co\/wp-content\/uploads\/2020\/05\/20200510_182219.jpg","articleSection":["Colombia"],"inLanguage":"es","potentialAction":[{"@type":"CommentAction","name":"Comment","target":["https:\/\/futbolhoy.co\/index.php\/2020\/05\/07\/heynckes-potencio-a-james-rummenigge\/#respond"]}]},{"@type":"WebPage","@id":"https:\/\/futbolhoy.co\/index.php\/2020\/05\/07\/heynckes-potencio-a-james-rummenigge\/","url":"https:\/\/futbolhoy.co\/index.php\/2020\/05\/07\/heynckes-potencio-a-james-rummenigge\/","name":"\u201cHeynckes potenci\u00f3 a James\u201d, Rummenigge -","isPartOf":{"@id":"https:\/\/futbolhoy.co\/#website"},"primaryImageOfPage":{"@id":"https:\/\/futbolhoy.co\/index.php\/2020\/05\/07\/heynckes-potencio-a-james-rummenigge\/#primaryimage"},"image":{"@id":"https:\/\/futbolhoy.co\/index.php\/2020\/05\/07\/heynckes-potencio-a-james-rummenigge\/#primaryimage"},"thumbnailUrl":"https:\/\/futbolhoy.co\/wp-content\/uploads\/2020\/05\/20200510_182219.jpg","datePublished":"2020-05-07T23:27:39+00:00","dateModified":"2020-05-11T23:26:08+00:00","breadcrumb":{"@id":"https:\/\/futbolhoy.co\/index.php\/2020\/05\/07\/heynckes-potencio-a-james-rummenigge\/#breadcrumb"},"inLanguage":"es","potentialAction":[{"@type":"ReadAction","target":["https:\/\/futbolhoy.co\/index.php\/2020\/05\/07\/heynckes-potencio-a-james-rummenigge\/"]}]},{"@type":"ImageObject","inLanguage":"es","@id":"https:\/\/futbolhoy.co\/index.php\/2020\/05\/07\/heynckes-potencio-a-james-rummenigge\/#primaryimage","url":"https:\/\/futbolhoy.co\/wp-content\/uploads\/2020\/05\/20200510_182219.jpg","contentUrl":"https:\/\/futbolhoy.co\/wp-content\/uploads\/2020\/05\/20200510_182219.jpg","width":640,"height":425},{"@type":"BreadcrumbList","@id":"https:\/\/futbolhoy.co\/index.php\/2020\/05\/07\/heynckes-potencio-a-james-rummenigge\/#breadcrumb","itemListElement":[{"@type":"ListItem","position":1,"name":"Portada","item":"https:\/\/futbolhoy.co\/"},{"@type":"ListItem","position":2,"name":"\u201cHeynckes potenci\u00f3 a James\u201d, Rummenigge"}]},{"@type":"WebSite","@id":"https:\/\/futbolhoy.co\/#website","url":"https:\/\/futbolhoy.co\/","name":"FutbolHoy","description":"","publisher":{"@id":"https:\/\/futbolhoy.co\/#organization"},"potentialAction":[{"@type":"SearchAction","target":{"@type":"EntryPoint","urlTemplate":"https:\/\/futbolhoy.co\/?s={search_term_string}"},"query-input":{"@type":"PropertyValueSpecification","valueRequired":true,"valueName":"search_term_string"}}],"inLanguage":"es"},{"@type":"Organization","@id":"https:\/\/futbolhoy.co\/#organization","name":"Futbolhoy.co","url":"https:\/\/futbolhoy.co\/","logo":{"@type":"ImageObject","inLanguage":"es","@id":"https:\/\/futbolhoy.co\/#\/schema\/logo\/image\/","url":"https:\/\/futbolhoy.co\/wp-content\/uploads\/2018\/08\/17426380_1906371736249227_6326180412931521141_n.jpg","contentUrl":"https:\/\/futbolhoy.co\/wp-content\/uploads\/2018\/08\/17426380_1906371736249227_6326180412931521141_n.jpg","width":960,"height":960,"caption":"Futbolhoy.co"},"image":{"@id":"https:\/\/futbolhoy.co\/#\/schema\/logo\/image\/"},"sameAs":["https:\/\/www.facebook.com\/FutbolHoyCol\/","https:\/\/x.com\/FutbolHoyCol","https:\/\/www.instagram.com\/futbolhoycol\/"]},{"@type":"Person","@id":"https:\/\/futbolhoy.co\/#\/schema\/person\/c4a353a512b127643723a34bb1812f7d","name":"Laura Hern\u00e1ndez","image":{"@type":"ImageObject","inLanguage":"es","@id":"https:\/\/futbolhoy.co\/#\/schema\/person\/image\/","url":"https:\/\/secure.gravatar.com\/avatar\/d25959a15b9b293a743f99181c7cfd01?s=96&d=mm&r=g","contentUrl":"https:\/\/secure.gravatar.com\/avatar\/d25959a15b9b293a743f99181c7cfd01?s=96&d=mm&r=g","caption":"Laura Hern\u00e1ndez"}}]}},"publishpress_future_action":{"enabled":false,"date":"2026-05-05 00:56:33","action":"change-status","newStatus":"draft","terms":[],"taxonomy":"category","extraData":[]},"publishpress_future_workflow_manual_trigger":{"enabledWorkflows":[]},"_links":{"self":[{"href":"https:\/\/futbolhoy.co\/index.php\/wp-json\/wp\/v2\/posts\/51005","targetHints":{"allow":["GET"]}}],"collection":[{"href":"https:\/\/futbolhoy.co\/index.php\/wp-json\/wp\/v2\/posts"}],"about":[{"href":"https:\/\/futbolhoy.co\/index.php\/wp-json\/wp\/v2\/types\/post"}],"author":[{"embeddable":true,"href":"https:\/\/futbolhoy.co\/index.php\/wp-json\/wp\/v2\/users\/5"}],"replies":[{"embeddable":true,"href":"https:\/\/futbolhoy.co\/index.php\/wp-json\/wp\/v2\/comments?post=51005"}],"version-history":[{"count":1,"href":"https:\/\/futbolhoy.co\/index.php\/wp-json\/wp\/v2\/posts\/51005\/revisions"}],"predecessor-version":[{"id":51010,"href":"https:\/\/futbolhoy.co\/index.php\/wp-json\/wp\/v2\/posts\/51005\/revisions\/51010"}],"wp:featuredmedia":[{"embeddable":true,"href":"https:\/\/futbolhoy.co\/index.php\/wp-json\/wp\/v2\/media\/51007"}],"wp:attachment":[{"href":"https:\/\/futbolhoy.co\/index.php\/wp-json\/wp\/v2\/media?parent=51005"}],"wp:term":[{"taxonomy":"category","embeddable":true,"href":"https:\/\/futbolhoy.co\/index.php\/wp-json\/wp\/v2\/categories?post=51005"},{"taxonomy":"post_tag","embeddable":true,"href":"https:\/\/futbolhoy.co\/index.php\/wp-json\/wp\/v2\/tags?post=51005"}],"curies":[{"name":"wp","href":"https:\/\/api.w.org\/{rel}","templated":true}]}}