{"id":51091,"date":"2020-05-13T17:39:03","date_gmt":"2020-05-13T22:39:03","guid":{"rendered":"https:\/\/futbolhoy.co\/?p=51091"},"modified":"2020-05-14T10:14:11","modified_gmt":"2020-05-14T15:14:11","slug":"septiembre-el-mes-del-futbol-en-sudamerica","status":"publish","type":"post","link":"https:\/\/futbolhoy.co\/index.php\/2020\/05\/13\/septiembre-el-mes-del-futbol-en-sudamerica\/","title":{"rendered":"Septiembre, el mes del f\u00fatbol en Sudam\u00e9rica"},"content":{"rendered":"<p style=\"text-align: justify;\"><span style=\"font-family: helvetica, arial, sans-serif;\"><strong>Sudam\u00e9rica<\/strong> volver\u00e1 a sus competiciones de f\u00fatbol cuando las condiciones sanitarias lo permitan, resolvi\u00f3 la\u00a0<strong>Conmebol\u00a0<\/strong>en reuni\u00f3n ejecutiva por videoconferencia, anunciando permanente seguimiento a la situaci\u00f3n del \u00e1rea.<\/span><\/p>\n<p style=\"text-align: justify;\"><span style=\"font-family: helvetica, arial, sans-serif;\">El informe final resalt\u00f3 que la reciente ayuda de 14 millones de d\u00f3lares distribuida en forma proporcional a las\u00a010 asociaciones miembro para paliar el paro de actividades, beneficiar\u00e1 a m\u00e1s de 400 clubes.<\/span><\/p>\n<p style=\"text-align: justify;\"><span style=\"font-family: helvetica, arial, sans-serif;\">Con respecto a las eliminatorias al\u00a0<strong>Mundial Qatar 2022<\/strong>, el comunicado refiere que se mantienen sin cambios seg\u00fan el calendario de la\u00a0<strong>FIFA<\/strong>, que las ha trasladado para septiembre de forma provisional; mientras que la reanudaci\u00f3n de la\u00a0Copa Libertadores\u00a0y\u00a0Copa Sudamericana\u00a0tambi\u00e9n se dar\u00eda ese mes.<\/span><\/p>\n<p style=\"text-align: justify;\"><span style=\"font-family: helvetica, arial, sans-serif;\">El paraguayo\u00a0<strong>Alejandro Dom\u00ednguez<\/strong>, presidente de la\u00a0Confederaci\u00f3n Sudamericana de F\u00fatbol, asegur\u00f3: \"El Consejo volver\u00e1 a reunirse en las pr\u00f3ximas semanas para analizar de nuevo la situaci\u00f3n del f\u00fatbol sudamericano. Estas reuniones de seguimiento nos permiten tener el pulso real y actualizado de la situaci\u00f3n en cada una de las federaciones\".<\/span><\/p>\n","protected":false},"excerpt":{"rendered":"<p>Sudam\u00e9rica volver\u00e1 a sus competiciones de f\u00fatbol cuando las condiciones sanitarias lo permitan, resolvi\u00f3 la\u00a0Conmebol\u00a0en reuni\u00f3n ejecutiva por videoconferencia, anunciando permanente seguimiento a la situaci\u00f3n del \u00e1rea. El informe final resalt\u00f3 que la reciente ayuda de 14 millones de d\u00f3lares distribuida en forma proporcional a las\u00a010 asociaciones miembro para paliar el paro de actividades, beneficiar\u00e1 [&hellip;]<\/p>\n","protected":false},"author":5,"featured_media":51097,"comment_status":"open","ping_status":"open","sticky":false,"template":"","format":"standard","meta":{"_acf_changed":false,"footnotes":""},"categories":[152],"tags":[],"class_list":{"0":"post-51091","1":"post","2":"type-post","3":"status-publish","4":"format-standard","5":"has-post-thumbnail","7":"category-mundo-futbol"},"acf":[],"yoast_head":"<!-- This site is optimized with the Yoast SEO plugin v26.8 - https:\/\/yoast.com\/product\/yoast-seo-wordpress\/ -->\n<title>Septiembre, el mes del f\u00fatbol en Sudam\u00e9rica -<\/title>\n<meta name=\"robots\" content=\"index, follow, max-snippet:-1, max-image-preview:large, max-video-preview:-1\" \/>\n<link rel=\"canonical\" href=\"https:\/\/futbolhoy.co\/index.php\/2020\/05\/13\/septiembre-el-mes-del-futbol-en-sudamerica\/\" \/>\n<meta property=\"og:locale\" content=\"es_ES\" \/>\n<meta property=\"og:type\" content=\"article\" \/>\n<meta property=\"og:title\" content=\"Septiembre, el mes del f\u00fatbol en Sudam\u00e9rica -\" \/>\n<meta property=\"og:description\" content=\"Sudam\u00e9rica volver\u00e1 a sus competiciones de f\u00fatbol cuando las condiciones sanitarias lo permitan, resolvi\u00f3 la\u00a0Conmebol\u00a0en reuni\u00f3n ejecutiva por videoconferencia, anunciando permanente seguimiento a la situaci\u00f3n del \u00e1rea. El informe final resalt\u00f3 que la reciente ayuda de 14 millones de d\u00f3lares distribuida en forma proporcional a las\u00a010 asociaciones miembro para paliar el paro de actividades, beneficiar\u00e1 [&hellip;]\" \/>\n<meta property=\"og:url\" content=\"https:\/\/futbolhoy.co\/index.php\/2020\/05\/13\/septiembre-el-mes-del-futbol-en-sudamerica\/\" \/>\n<meta property=\"article:publisher\" content=\"https:\/\/www.facebook.com\/FutbolHoyCol\/\" \/>\n<meta property=\"article:published_time\" content=\"2020-05-13T22:39:03+00:00\" \/>\n<meta property=\"article:modified_time\" content=\"2020-05-14T15:14:11+00:00\" \/>\n<meta property=\"og:image\" content=\"https:\/\/futbolhoy.co\/wp-content\/uploads\/2020\/05\/EX1GVIVWsAAhGkR.jpg\" \/>\n\t<meta property=\"og:image:width\" content=\"680\" \/>\n\t<meta property=\"og:image:height\" content=\"382\" \/>\n\t<meta property=\"og:image:type\" content=\"image\/jpeg\" \/>\n<meta name=\"author\" content=\"Laura Hern\u00e1ndez\" \/>\n<meta name=\"twitter:card\" content=\"summary_large_image\" \/>\n<meta name=\"twitter:creator\" content=\"@FutbolHoyCol\" \/>\n<meta name=\"twitter:site\" content=\"@FutbolHoyCol\" \/>\n<meta name=\"twitter:label1\" content=\"Escrito por\" \/>\n\t<meta name=\"twitter:data1\" content=\"Laura Hern\u00e1ndez\" \/>\n\t<meta name=\"twitter:label2\" content=\"Tiempo de lectura\" \/>\n\t<meta name=\"twitter:data2\" content=\"1 minuto\" \/>\n<script type=\"application\/ld+json\" class=\"yoast-schema-graph\">{\"@context\":\"https:\/\/schema.org\",\"@graph\":[{\"@type\":\"Article\",\"@id\":\"https:\/\/futbolhoy.co\/index.php\/2020\/05\/13\/septiembre-el-mes-del-futbol-en-sudamerica\/#article\",\"isPartOf\":{\"@id\":\"https:\/\/futbolhoy.co\/index.php\/2020\/05\/13\/septiembre-el-mes-del-futbol-en-sudamerica\/\"},\"author\":{\"name\":\"Laura Hern\u00e1ndez\",\"@id\":\"https:\/\/futbolhoy.co\/#\/schema\/person\/c4a353a512b127643723a34bb1812f7d\"},\"headline\":\"Septiembre, el mes del f\u00fatbol en Sudam\u00e9rica\",\"datePublished\":\"2020-05-13T22:39:03+00:00\",\"dateModified\":\"2020-05-14T15:14:11+00:00\",\"mainEntityOfPage\":{\"@id\":\"https:\/\/futbolhoy.co\/index.php\/2020\/05\/13\/septiembre-el-mes-del-futbol-en-sudamerica\/\"},\"wordCount\":184,\"commentCount\":0,\"publisher\":{\"@id\":\"https:\/\/futbolhoy.co\/#organization\"},\"image\":{\"@id\":\"https:\/\/futbolhoy.co\/index.php\/2020\/05\/13\/septiembre-el-mes-del-futbol-en-sudamerica\/#primaryimage\"},\"thumbnailUrl\":\"https:\/\/futbolhoy.co\/wp-content\/uploads\/2020\/05\/EX1GVIVWsAAhGkR.jpg\",\"articleSection\":[\"Mundo Futbol\"],\"inLanguage\":\"es\",\"potentialAction\":[{\"@type\":\"CommentAction\",\"name\":\"Comment\",\"target\":[\"https:\/\/futbolhoy.co\/index.php\/2020\/05\/13\/septiembre-el-mes-del-futbol-en-sudamerica\/#respond\"]}]},{\"@type\":\"WebPage\",\"@id\":\"https:\/\/futbolhoy.co\/index.php\/2020\/05\/13\/septiembre-el-mes-del-futbol-en-sudamerica\/\",\"url\":\"https:\/\/futbolhoy.co\/index.php\/2020\/05\/13\/septiembre-el-mes-del-futbol-en-sudamerica\/\",\"name\":\"Septiembre, el mes del f\u00fatbol en Sudam\u00e9rica -\",\"isPartOf\":{\"@id\":\"https:\/\/futbolhoy.co\/#website\"},\"primaryImageOfPage\":{\"@id\":\"https:\/\/futbolhoy.co\/index.php\/2020\/05\/13\/septiembre-el-mes-del-futbol-en-sudamerica\/#primaryimage\"},\"image\":{\"@id\":\"https:\/\/futbolhoy.co\/index.php\/2020\/05\/13\/septiembre-el-mes-del-futbol-en-sudamerica\/#primaryimage\"},\"thumbnailUrl\":\"https:\/\/futbolhoy.co\/wp-content\/uploads\/2020\/05\/EX1GVIVWsAAhGkR.jpg\",\"datePublished\":\"2020-05-13T22:39:03+00:00\",\"dateModified\":\"2020-05-14T15:14:11+00:00\",\"breadcrumb\":{\"@id\":\"https:\/\/futbolhoy.co\/index.php\/2020\/05\/13\/septiembre-el-mes-del-futbol-en-sudamerica\/#breadcrumb\"},\"inLanguage\":\"es\",\"potentialAction\":[{\"@type\":\"ReadAction\",\"target\":[\"https:\/\/futbolhoy.co\/index.php\/2020\/05\/13\/septiembre-el-mes-del-futbol-en-sudamerica\/\"]}]},{\"@type\":\"ImageObject\",\"inLanguage\":\"es\",\"@id\":\"https:\/\/futbolhoy.co\/index.php\/2020\/05\/13\/septiembre-el-mes-del-futbol-en-sudamerica\/#primaryimage\",\"url\":\"https:\/\/futbolhoy.co\/wp-content\/uploads\/2020\/05\/EX1GVIVWsAAhGkR.jpg\",\"contentUrl\":\"https:\/\/futbolhoy.co\/wp-content\/uploads\/2020\/05\/EX1GVIVWsAAhGkR.jpg\",\"width\":680,\"height\":382},{\"@type\":\"BreadcrumbList\",\"@id\":\"https:\/\/futbolhoy.co\/index.php\/2020\/05\/13\/septiembre-el-mes-del-futbol-en-sudamerica\/#breadcrumb\",\"itemListElement\":[{\"@type\":\"ListItem\",\"position\":1,\"name\":\"Portada\",\"item\":\"https:\/\/futbolhoy.co\/\"},{\"@type\":\"ListItem\",\"position\":2,\"name\":\"Septiembre, el mes del f\u00fatbol en Sudam\u00e9rica\"}]},{\"@type\":\"WebSite\",\"@id\":\"https:\/\/futbolhoy.co\/#website\",\"url\":\"https:\/\/futbolhoy.co\/\",\"name\":\"FutbolHoy\",\"description\":\"\",\"publisher\":{\"@id\":\"https:\/\/futbolhoy.co\/#organization\"},\"potentialAction\":[{\"@type\":\"SearchAction\",\"target\":{\"@type\":\"EntryPoint\",\"urlTemplate\":\"https:\/\/futbolhoy.co\/?s={search_term_string}\"},\"query-input\":{\"@type\":\"PropertyValueSpecification\",\"valueRequired\":true,\"valueName\":\"search_term_string\"}}],\"inLanguage\":\"es\"},{\"@type\":\"Organization\",\"@id\":\"https:\/\/futbolhoy.co\/#organization\",\"name\":\"Futbolhoy.co\",\"url\":\"https:\/\/futbolhoy.co\/\",\"logo\":{\"@type\":\"ImageObject\",\"inLanguage\":\"es\",\"@id\":\"https:\/\/futbolhoy.co\/#\/schema\/logo\/image\/\",\"url\":\"https:\/\/futbolhoy.co\/wp-content\/uploads\/2018\/08\/17426380_1906371736249227_6326180412931521141_n.jpg\",\"contentUrl\":\"https:\/\/futbolhoy.co\/wp-content\/uploads\/2018\/08\/17426380_1906371736249227_6326180412931521141_n.jpg\",\"width\":960,\"height\":960,\"caption\":\"Futbolhoy.co\"},\"image\":{\"@id\":\"https:\/\/futbolhoy.co\/#\/schema\/logo\/image\/\"},\"sameAs\":[\"https:\/\/www.facebook.com\/FutbolHoyCol\/\",\"https:\/\/x.com\/FutbolHoyCol\",\"https:\/\/www.instagram.com\/futbolhoycol\/\"]},{\"@type\":\"Person\",\"@id\":\"https:\/\/futbolhoy.co\/#\/schema\/person\/c4a353a512b127643723a34bb1812f7d\",\"name\":\"Laura Hern\u00e1ndez\",\"image\":{\"@type\":\"ImageObject\",\"inLanguage\":\"es\",\"@id\":\"https:\/\/futbolhoy.co\/#\/schema\/person\/image\/\",\"url\":\"https:\/\/secure.gravatar.com\/avatar\/d25959a15b9b293a743f99181c7cfd01?s=96&d=mm&r=g\",\"contentUrl\":\"https:\/\/secure.gravatar.com\/avatar\/d25959a15b9b293a743f99181c7cfd01?s=96&d=mm&r=g\",\"caption\":\"Laura Hern\u00e1ndez\"}}]}<\/script>\n<!-- \/ Yoast SEO plugin. -->","yoast_head_json":{"title":"Septiembre, el mes del f\u00fatbol en Sudam\u00e9rica -","robots":{"index":"index","follow":"follow","max-snippet":"max-snippet:-1","max-image-preview":"max-image-preview:large","max-video-preview":"max-video-preview:-1"},"canonical":"https:\/\/futbolhoy.co\/index.php\/2020\/05\/13\/septiembre-el-mes-del-futbol-en-sudamerica\/","og_locale":"es_ES","og_type":"article","og_title":"Septiembre, el mes del f\u00fatbol en Sudam\u00e9rica -","og_description":"Sudam\u00e9rica volver\u00e1 a sus competiciones de f\u00fatbol cuando las condiciones sanitarias lo permitan, resolvi\u00f3 la\u00a0Conmebol\u00a0en reuni\u00f3n ejecutiva por videoconferencia, anunciando permanente seguimiento a la situaci\u00f3n del \u00e1rea. El informe final resalt\u00f3 que la reciente ayuda de 14 millones de d\u00f3lares distribuida en forma proporcional a las\u00a010 asociaciones miembro para paliar el paro de actividades, beneficiar\u00e1 [&hellip;]","og_url":"https:\/\/futbolhoy.co\/index.php\/2020\/05\/13\/septiembre-el-mes-del-futbol-en-sudamerica\/","article_publisher":"https:\/\/www.facebook.com\/FutbolHoyCol\/","article_published_time":"2020-05-13T22:39:03+00:00","article_modified_time":"2020-05-14T15:14:11+00:00","og_image":[{"width":680,"height":382,"url":"https:\/\/futbolhoy.co\/wp-content\/uploads\/2020\/05\/EX1GVIVWsAAhGkR.jpg","type":"image\/jpeg"}],"author":"Laura Hern\u00e1ndez","twitter_card":"summary_large_image","twitter_creator":"@FutbolHoyCol","twitter_site":"@FutbolHoyCol","twitter_misc":{"Escrito por":"Laura Hern\u00e1ndez","Tiempo de lectura":"1 minuto"},"schema":{"@context":"https:\/\/schema.org","@graph":[{"@type":"Article","@id":"https:\/\/futbolhoy.co\/index.php\/2020\/05\/13\/septiembre-el-mes-del-futbol-en-sudamerica\/#article","isPartOf":{"@id":"https:\/\/futbolhoy.co\/index.php\/2020\/05\/13\/septiembre-el-mes-del-futbol-en-sudamerica\/"},"author":{"name":"Laura Hern\u00e1ndez","@id":"https:\/\/futbolhoy.co\/#\/schema\/person\/c4a353a512b127643723a34bb1812f7d"},"headline":"Septiembre, el mes del f\u00fatbol en Sudam\u00e9rica","datePublished":"2020-05-13T22:39:03+00:00","dateModified":"2020-05-14T15:14:11+00:00","mainEntityOfPage":{"@id":"https:\/\/futbolhoy.co\/index.php\/2020\/05\/13\/septiembre-el-mes-del-futbol-en-sudamerica\/"},"wordCount":184,"commentCount":0,"publisher":{"@id":"https:\/\/futbolhoy.co\/#organization"},"image":{"@id":"https:\/\/futbolhoy.co\/index.php\/2020\/05\/13\/septiembre-el-mes-del-futbol-en-sudamerica\/#primaryimage"},"thumbnailUrl":"https:\/\/futbolhoy.co\/wp-content\/uploads\/2020\/05\/EX1GVIVWsAAhGkR.jpg","articleSection":["Mundo Futbol"],"inLanguage":"es","potentialAction":[{"@type":"CommentAction","name":"Comment","target":["https:\/\/futbolhoy.co\/index.php\/2020\/05\/13\/septiembre-el-mes-del-futbol-en-sudamerica\/#respond"]}]},{"@type":"WebPage","@id":"https:\/\/futbolhoy.co\/index.php\/2020\/05\/13\/septiembre-el-mes-del-futbol-en-sudamerica\/","url":"https:\/\/futbolhoy.co\/index.php\/2020\/05\/13\/septiembre-el-mes-del-futbol-en-sudamerica\/","name":"Septiembre, el mes del f\u00fatbol en Sudam\u00e9rica -","isPartOf":{"@id":"https:\/\/futbolhoy.co\/#website"},"primaryImageOfPage":{"@id":"https:\/\/futbolhoy.co\/index.php\/2020\/05\/13\/septiembre-el-mes-del-futbol-en-sudamerica\/#primaryimage"},"image":{"@id":"https:\/\/futbolhoy.co\/index.php\/2020\/05\/13\/septiembre-el-mes-del-futbol-en-sudamerica\/#primaryimage"},"thumbnailUrl":"https:\/\/futbolhoy.co\/wp-content\/uploads\/2020\/05\/EX1GVIVWsAAhGkR.jpg","datePublished":"2020-05-13T22:39:03+00:00","dateModified":"2020-05-14T15:14:11+00:00","breadcrumb":{"@id":"https:\/\/futbolhoy.co\/index.php\/2020\/05\/13\/septiembre-el-mes-del-futbol-en-sudamerica\/#breadcrumb"},"inLanguage":"es","potentialAction":[{"@type":"ReadAction","target":["https:\/\/futbolhoy.co\/index.php\/2020\/05\/13\/septiembre-el-mes-del-futbol-en-sudamerica\/"]}]},{"@type":"ImageObject","inLanguage":"es","@id":"https:\/\/futbolhoy.co\/index.php\/2020\/05\/13\/septiembre-el-mes-del-futbol-en-sudamerica\/#primaryimage","url":"https:\/\/futbolhoy.co\/wp-content\/uploads\/2020\/05\/EX1GVIVWsAAhGkR.jpg","contentUrl":"https:\/\/futbolhoy.co\/wp-content\/uploads\/2020\/05\/EX1GVIVWsAAhGkR.jpg","width":680,"height":382},{"@type":"BreadcrumbList","@id":"https:\/\/futbolhoy.co\/index.php\/2020\/05\/13\/septiembre-el-mes-del-futbol-en-sudamerica\/#breadcrumb","itemListElement":[{"@type":"ListItem","position":1,"name":"Portada","item":"https:\/\/futbolhoy.co\/"},{"@type":"ListItem","position":2,"name":"Septiembre, el mes del f\u00fatbol en Sudam\u00e9rica"}]},{"@type":"WebSite","@id":"https:\/\/futbolhoy.co\/#website","url":"https:\/\/futbolhoy.co\/","name":"FutbolHoy","description":"","publisher":{"@id":"https:\/\/futbolhoy.co\/#organization"},"potentialAction":[{"@type":"SearchAction","target":{"@type":"EntryPoint","urlTemplate":"https:\/\/futbolhoy.co\/?s={search_term_string}"},"query-input":{"@type":"PropertyValueSpecification","valueRequired":true,"valueName":"search_term_string"}}],"inLanguage":"es"},{"@type":"Organization","@id":"https:\/\/futbolhoy.co\/#organization","name":"Futbolhoy.co","url":"https:\/\/futbolhoy.co\/","logo":{"@type":"ImageObject","inLanguage":"es","@id":"https:\/\/futbolhoy.co\/#\/schema\/logo\/image\/","url":"https:\/\/futbolhoy.co\/wp-content\/uploads\/2018\/08\/17426380_1906371736249227_6326180412931521141_n.jpg","contentUrl":"https:\/\/futbolhoy.co\/wp-content\/uploads\/2018\/08\/17426380_1906371736249227_6326180412931521141_n.jpg","width":960,"height":960,"caption":"Futbolhoy.co"},"image":{"@id":"https:\/\/futbolhoy.co\/#\/schema\/logo\/image\/"},"sameAs":["https:\/\/www.facebook.com\/FutbolHoyCol\/","https:\/\/x.com\/FutbolHoyCol","https:\/\/www.instagram.com\/futbolhoycol\/"]},{"@type":"Person","@id":"https:\/\/futbolhoy.co\/#\/schema\/person\/c4a353a512b127643723a34bb1812f7d","name":"Laura Hern\u00e1ndez","image":{"@type":"ImageObject","inLanguage":"es","@id":"https:\/\/futbolhoy.co\/#\/schema\/person\/image\/","url":"https:\/\/secure.gravatar.com\/avatar\/d25959a15b9b293a743f99181c7cfd01?s=96&d=mm&r=g","contentUrl":"https:\/\/secure.gravatar.com\/avatar\/d25959a15b9b293a743f99181c7cfd01?s=96&d=mm&r=g","caption":"Laura Hern\u00e1ndez"}}]}},"publishpress_future_action":{"enabled":false,"date":"2026-05-05 01:03:26","action":"change-status","newStatus":"draft","terms":[],"taxonomy":"category","extraData":[]},"publishpress_future_workflow_manual_trigger":{"enabledWorkflows":[]},"_links":{"self":[{"href":"https:\/\/futbolhoy.co\/index.php\/wp-json\/wp\/v2\/posts\/51091","targetHints":{"allow":["GET"]}}],"collection":[{"href":"https:\/\/futbolhoy.co\/index.php\/wp-json\/wp\/v2\/posts"}],"about":[{"href":"https:\/\/futbolhoy.co\/index.php\/wp-json\/wp\/v2\/types\/post"}],"author":[{"embeddable":true,"href":"https:\/\/futbolhoy.co\/index.php\/wp-json\/wp\/v2\/users\/5"}],"replies":[{"embeddable":true,"href":"https:\/\/futbolhoy.co\/index.php\/wp-json\/wp\/v2\/comments?post=51091"}],"version-history":[{"count":1,"href":"https:\/\/futbolhoy.co\/index.php\/wp-json\/wp\/v2\/posts\/51091\/revisions"}],"predecessor-version":[{"id":51100,"href":"https:\/\/futbolhoy.co\/index.php\/wp-json\/wp\/v2\/posts\/51091\/revisions\/51100"}],"wp:featuredmedia":[{"embeddable":true,"href":"https:\/\/futbolhoy.co\/index.php\/wp-json\/wp\/v2\/media\/51097"}],"wp:attachment":[{"href":"https:\/\/futbolhoy.co\/index.php\/wp-json\/wp\/v2\/media?parent=51091"}],"wp:term":[{"taxonomy":"category","embeddable":true,"href":"https:\/\/futbolhoy.co\/index.php\/wp-json\/wp\/v2\/categories?post=51091"},{"taxonomy":"post_tag","embeddable":true,"href":"https:\/\/futbolhoy.co\/index.php\/wp-json\/wp\/v2\/tags?post=51091"}],"curies":[{"name":"wp","href":"https:\/\/api.w.org\/{rel}","templated":true}]}}