{"id":51155,"date":"2020-05-15T06:59:40","date_gmt":"2020-05-15T11:59:40","guid":{"rendered":"https:\/\/futbolhoy.co\/?p=51155"},"modified":"2020-05-15T19:28:30","modified_gmt":"2020-05-16T00:28:30","slug":"un-dia-como-hoy-110-anos-desde-el-primer-partido-de-la-seleccion-italiana","status":"publish","type":"post","link":"https:\/\/futbolhoy.co\/index.php\/2020\/05\/15\/un-dia-como-hoy-110-anos-desde-el-primer-partido-de-la-seleccion-italiana\/","title":{"rendered":"Un d\u00eda como hoy: 110 a\u00f1os del primer partido de la selecci\u00f3n Italia"},"content":{"rendered":"<p style=\"text-align: justify;\"><span style=\"font-family: helvetica, arial, sans-serif;\">Un d\u00eda como hoy, el 15 de mayo de 1910, la selecci\u00f3n de <strong>Italia<\/strong> disput\u00f3 su primer partido, el que ser\u00eda el nacimiento de uno de los combinados nacionales m\u00e1s laureados y seguidos por fan\u00e1ticos alrededor del mundo.<\/span><\/p>\n<p style=\"text-align: justify;\"><span style=\"font-family: helvetica, arial, sans-serif;\">Su primer rival fue la selecci\u00f3n de <strong>Francia,<\/strong> la \"azzurri\" gan\u00f3 6-2, un partido que se llev\u00f3 a cabo en la <strong>Arena C\u00edvica<\/strong> de <strong>Mil\u00e1n<\/strong> con 4000 espectadores. Los goles\u00a0 fueron obra de <strong>Pietro Lana,<\/strong> con un triplete (13',59',89'), <strong>Virgilio Fossati<\/strong> (20'), <strong>Giuseppe Rizzi<\/strong> (69') y <strong>Enrico Debernardi<\/strong> (82'); el entrenador de los italianos era <strong>Umberto Meazza.<\/strong><\/span><\/p>\n<blockquote class=\"twitter-tweet\">\n<p dir=\"ltr\" lang=\"it\"><a href=\"https:\/\/twitter.com\/hashtag\/Nazionale110?src=hash&amp;ref_src=twsrc%5Etfw\">#Nazionale110<\/a>\ud83c\uddee\ud83c\uddf9<br \/>\n\ud83c\udfa5 Il 15 maggio 1910 l\u2019<a href=\"https:\/\/twitter.com\/hashtag\/Italia?src=hash&amp;ref_src=twsrc%5Etfw\">#Italia<\/a> gioc\u00f2 la sua prima partita all\u2019<a href=\"https:\/\/twitter.com\/hashtag\/ArenaCivica?src=hash&amp;ref_src=twsrc%5Etfw\">#ArenaCivica<\/a> di <a href=\"https:\/\/twitter.com\/hashtag\/Milano?src=hash&amp;ref_src=twsrc%5Etfw\">#Milano<\/a>. Avversaria la <a href=\"https:\/\/twitter.com\/hashtag\/Francia?src=hash&amp;ref_src=twsrc%5Etfw\">#Francia<\/a> \ud83c\uddeb\ud83c\uddf7, che venne sconfitta 6-2 con la tripletta di Lana e i gol di Fossati, Rizzi e Debernardi.<a href=\"https:\/\/twitter.com\/hashtag\/Azzurri?src=hash&amp;ref_src=twsrc%5Etfw\">#Azzurri<\/a> <a href=\"https:\/\/twitter.com\/hashtag\/VivoAzzurro?src=hash&amp;ref_src=twsrc%5Etfw\">#VivoAzzurro<\/a> <a href=\"https:\/\/twitter.com\/equipedefrance?ref_src=twsrc%5Etfw\">@EquipeDeFrance<\/a> <a href=\"https:\/\/t.co\/Xskxs5znl9\">pic.twitter.com\/Xskxs5znl9<\/a><\/p>\n<p>\u2014 Nazionale Italiana (@Vivo_Azzurro) <a href=\"https:\/\/twitter.com\/Vivo_Azzurro\/status\/1261249972219109377?ref_src=twsrc%5Etfw\">May 15, 2020<\/a><\/p><\/blockquote>\n<p><script async src=\"https:\/\/platform.twitter.com\/widgets.js\" charset=\"utf-8\"><\/script><\/p>\n<p style=\"text-align: justify;\"><span style=\"font-family: helvetica, arial, sans-serif;\"><strong>Palmar\u00e9s:<\/strong><\/span><\/p>\n<ul>\n<li style=\"text-align: justify;\"><span style=\"font-family: helvetica, arial, sans-serif;\"><strong>4 Mundiales:<\/strong> Italia 1934, Francia 1938, Espa\u00f1a 1982 y Alemania 2006 (18 participaciones)<\/span><\/li>\n<li style=\"text-align: justify;\"><span style=\"font-family: helvetica, arial, sans-serif;\"><strong>1 Eurocopa<\/strong>: 1968<\/span><\/li>\n<li style=\"text-align: justify;\"><span style=\"font-family: helvetica, arial, sans-serif;\"><strong>1 Medalla de oro:<\/strong> Juegos ol\u00edmpicos Berl\u00edn 1936<\/span><\/li>\n<\/ul>\n<p>&nbsp;<\/p>\n<blockquote class=\"twitter-tweet\">\n<p dir=\"ltr\" lang=\"und\">\ud83c\uddee\ud83c\uddf9\ud83e\udd1d\ud83c\uddeb\ud83c\uddf7<\/p>\n<p>\u2014 Equipe de France \u2b50\u2b50 (@equipedefrance) <a href=\"https:\/\/twitter.com\/equipedefrance\/status\/1261219529516093442?ref_src=twsrc%5Etfw\">May 15, 2020<\/a><\/p><\/blockquote>\n<p><script async src=\"https:\/\/platform.twitter.com\/widgets.js\" charset=\"utf-8\"><\/script><\/p>\n<p>&nbsp;<\/p>\n<p><a href=\"https:\/\/futbolhoy.co\/wp-content\/uploads\/2020\/05\/anniversario-110-anni-nazionale-calcio-1.jpg\"><img fetchpriority=\"high\" decoding=\"async\" class=\"aligncenter size-large wp-image-51156\" src=\"https:\/\/futbolhoy.co\/wp-content\/uploads\/2020\/05\/anniversario-110-anni-nazionale-calcio-1-691x1024.jpg\" alt=\"\" width=\"691\" height=\"1024\" srcset=\"https:\/\/futbolhoy.co\/wp-content\/uploads\/2020\/05\/anniversario-110-anni-nazionale-calcio-1-691x1024.jpg 691w, https:\/\/futbolhoy.co\/wp-content\/uploads\/2020\/05\/anniversario-110-anni-nazionale-calcio-1-203x300.jpg 203w, https:\/\/futbolhoy.co\/wp-content\/uploads\/2020\/05\/anniversario-110-anni-nazionale-calcio-1-696x1031.jpg 696w, https:\/\/futbolhoy.co\/wp-content\/uploads\/2020\/05\/anniversario-110-anni-nazionale-calcio-1-284x420.jpg 284w, https:\/\/futbolhoy.co\/wp-content\/uploads\/2020\/05\/anniversario-110-anni-nazionale-calcio-1-86x128.jpg 86w, https:\/\/futbolhoy.co\/wp-content\/uploads\/2020\/05\/anniversario-110-anni-nazionale-calcio-1-22x32.jpg 22w, https:\/\/futbolhoy.co\/wp-content\/uploads\/2020\/05\/anniversario-110-anni-nazionale-calcio-1.jpg 765w\" sizes=\"(max-width: 691px) 100vw, 691px\" \/><\/a><\/p>\n","protected":false},"excerpt":{"rendered":"<p>Un d\u00eda como hoy, el 15 de mayo de 1910, la selecci\u00f3n de Italia disput\u00f3 su primer partido, el que ser\u00eda el nacimiento de uno de los combinados nacionales m\u00e1s laureados y seguidos por fan\u00e1ticos alrededor del mundo. Su primer rival fue la selecci\u00f3n de Francia, la \"azzurri\" gan\u00f3 6-2, un partido que se llev\u00f3 [&hellip;]<\/p>\n","protected":false},"author":5,"featured_media":51157,"comment_status":"open","ping_status":"open","sticky":false,"template":"","format":"video","meta":{"_acf_changed":false,"footnotes":""},"categories":[152],"tags":[428],"class_list":{"0":"post-51155","1":"post","2":"type-post","3":"status-publish","4":"format-video","5":"has-post-thumbnail","7":"category-mundo-futbol","8":"tag-seleccion-italia","9":"post_format-post-format-video"},"acf":[],"yoast_head":"<!-- This site is optimized with the Yoast SEO plugin v26.8 - https:\/\/yoast.com\/product\/yoast-seo-wordpress\/ -->\n<title>Un d\u00eda como hoy: 110 a\u00f1os del primer partido de la selecci\u00f3n Italia -<\/title>\n<meta name=\"robots\" content=\"index, follow, max-snippet:-1, max-image-preview:large, max-video-preview:-1\" \/>\n<link rel=\"canonical\" href=\"https:\/\/futbolhoy.co\/index.php\/2020\/05\/15\/un-dia-como-hoy-110-anos-desde-el-primer-partido-de-la-seleccion-italiana\/\" \/>\n<meta property=\"og:locale\" content=\"es_ES\" \/>\n<meta property=\"og:type\" content=\"article\" \/>\n<meta property=\"og:title\" content=\"Un d\u00eda como hoy: 110 a\u00f1os del primer partido de la selecci\u00f3n Italia -\" \/>\n<meta property=\"og:description\" content=\"Un d\u00eda como hoy, el 15 de mayo de 1910, la selecci\u00f3n de Italia disput\u00f3 su primer partido, el que ser\u00eda el nacimiento de uno de los combinados nacionales m\u00e1s laureados y seguidos por fan\u00e1ticos alrededor del mundo. Su primer rival fue la selecci\u00f3n de Francia, la &quot;azzurri&quot; gan\u00f3 6-2, un partido que se llev\u00f3 [&hellip;]\" \/>\n<meta property=\"og:url\" content=\"https:\/\/futbolhoy.co\/index.php\/2020\/05\/15\/un-dia-como-hoy-110-anos-desde-el-primer-partido-de-la-seleccion-italiana\/\" \/>\n<meta property=\"article:publisher\" content=\"https:\/\/www.facebook.com\/FutbolHoyCol\/\" \/>\n<meta property=\"article:published_time\" content=\"2020-05-15T11:59:40+00:00\" \/>\n<meta property=\"article:modified_time\" content=\"2020-05-16T00:28:30+00:00\" \/>\n<meta property=\"og:image\" content=\"https:\/\/futbolhoy.co\/wp-content\/uploads\/2020\/05\/EYDxwlWXQAIdTaV.jpg\" \/>\n\t<meta property=\"og:image:width\" content=\"680\" \/>\n\t<meta property=\"og:image:height\" content=\"383\" \/>\n\t<meta property=\"og:image:type\" content=\"image\/jpeg\" \/>\n<meta name=\"author\" content=\"Laura Hern\u00e1ndez\" \/>\n<meta name=\"twitter:card\" content=\"summary_large_image\" \/>\n<meta name=\"twitter:creator\" content=\"@FutbolHoyCol\" \/>\n<meta name=\"twitter:site\" content=\"@FutbolHoyCol\" \/>\n<meta name=\"twitter:label1\" content=\"Escrito por\" \/>\n\t<meta name=\"twitter:data1\" content=\"Laura Hern\u00e1ndez\" \/>\n\t<meta name=\"twitter:label2\" content=\"Tiempo de lectura\" \/>\n\t<meta name=\"twitter:data2\" content=\"1 minuto\" \/>\n<script type=\"application\/ld+json\" class=\"yoast-schema-graph\">{\"@context\":\"https:\/\/schema.org\",\"@graph\":[{\"@type\":\"Article\",\"@id\":\"https:\/\/futbolhoy.co\/index.php\/2020\/05\/15\/un-dia-como-hoy-110-anos-desde-el-primer-partido-de-la-seleccion-italiana\/#article\",\"isPartOf\":{\"@id\":\"https:\/\/futbolhoy.co\/index.php\/2020\/05\/15\/un-dia-como-hoy-110-anos-desde-el-primer-partido-de-la-seleccion-italiana\/\"},\"author\":{\"name\":\"Laura Hern\u00e1ndez\",\"@id\":\"https:\/\/futbolhoy.co\/#\/schema\/person\/c4a353a512b127643723a34bb1812f7d\"},\"headline\":\"Un d\u00eda como hoy: 110 a\u00f1os del primer partido de la selecci\u00f3n Italia\",\"datePublished\":\"2020-05-15T11:59:40+00:00\",\"dateModified\":\"2020-05-16T00:28:30+00:00\",\"mainEntityOfPage\":{\"@id\":\"https:\/\/futbolhoy.co\/index.php\/2020\/05\/15\/un-dia-como-hoy-110-anos-desde-el-primer-partido-de-la-seleccion-italiana\/\"},\"wordCount\":190,\"commentCount\":0,\"publisher\":{\"@id\":\"https:\/\/futbolhoy.co\/#organization\"},\"image\":{\"@id\":\"https:\/\/futbolhoy.co\/index.php\/2020\/05\/15\/un-dia-como-hoy-110-anos-desde-el-primer-partido-de-la-seleccion-italiana\/#primaryimage\"},\"thumbnailUrl\":\"https:\/\/futbolhoy.co\/wp-content\/uploads\/2020\/05\/EYDxwlWXQAIdTaV.jpg\",\"keywords\":[\"Selecci\u00f3n italia\"],\"articleSection\":[\"Mundo Futbol\"],\"inLanguage\":\"es\",\"potentialAction\":[{\"@type\":\"CommentAction\",\"name\":\"Comment\",\"target\":[\"https:\/\/futbolhoy.co\/index.php\/2020\/05\/15\/un-dia-como-hoy-110-anos-desde-el-primer-partido-de-la-seleccion-italiana\/#respond\"]}]},{\"@type\":\"WebPage\",\"@id\":\"https:\/\/futbolhoy.co\/index.php\/2020\/05\/15\/un-dia-como-hoy-110-anos-desde-el-primer-partido-de-la-seleccion-italiana\/\",\"url\":\"https:\/\/futbolhoy.co\/index.php\/2020\/05\/15\/un-dia-como-hoy-110-anos-desde-el-primer-partido-de-la-seleccion-italiana\/\",\"name\":\"Un d\u00eda como hoy: 110 a\u00f1os del primer partido de la selecci\u00f3n Italia -\",\"isPartOf\":{\"@id\":\"https:\/\/futbolhoy.co\/#website\"},\"primaryImageOfPage\":{\"@id\":\"https:\/\/futbolhoy.co\/index.php\/2020\/05\/15\/un-dia-como-hoy-110-anos-desde-el-primer-partido-de-la-seleccion-italiana\/#primaryimage\"},\"image\":{\"@id\":\"https:\/\/futbolhoy.co\/index.php\/2020\/05\/15\/un-dia-como-hoy-110-anos-desde-el-primer-partido-de-la-seleccion-italiana\/#primaryimage\"},\"thumbnailUrl\":\"https:\/\/futbolhoy.co\/wp-content\/uploads\/2020\/05\/EYDxwlWXQAIdTaV.jpg\",\"datePublished\":\"2020-05-15T11:59:40+00:00\",\"dateModified\":\"2020-05-16T00:28:30+00:00\",\"breadcrumb\":{\"@id\":\"https:\/\/futbolhoy.co\/index.php\/2020\/05\/15\/un-dia-como-hoy-110-anos-desde-el-primer-partido-de-la-seleccion-italiana\/#breadcrumb\"},\"inLanguage\":\"es\",\"potentialAction\":[{\"@type\":\"ReadAction\",\"target\":[\"https:\/\/futbolhoy.co\/index.php\/2020\/05\/15\/un-dia-como-hoy-110-anos-desde-el-primer-partido-de-la-seleccion-italiana\/\"]}]},{\"@type\":\"ImageObject\",\"inLanguage\":\"es\",\"@id\":\"https:\/\/futbolhoy.co\/index.php\/2020\/05\/15\/un-dia-como-hoy-110-anos-desde-el-primer-partido-de-la-seleccion-italiana\/#primaryimage\",\"url\":\"https:\/\/futbolhoy.co\/wp-content\/uploads\/2020\/05\/EYDxwlWXQAIdTaV.jpg\",\"contentUrl\":\"https:\/\/futbolhoy.co\/wp-content\/uploads\/2020\/05\/EYDxwlWXQAIdTaV.jpg\",\"width\":680,\"height\":383},{\"@type\":\"BreadcrumbList\",\"@id\":\"https:\/\/futbolhoy.co\/index.php\/2020\/05\/15\/un-dia-como-hoy-110-anos-desde-el-primer-partido-de-la-seleccion-italiana\/#breadcrumb\",\"itemListElement\":[{\"@type\":\"ListItem\",\"position\":1,\"name\":\"Portada\",\"item\":\"https:\/\/futbolhoy.co\/\"},{\"@type\":\"ListItem\",\"position\":2,\"name\":\"Un d\u00eda como hoy: 110 a\u00f1os del primer partido de la selecci\u00f3n Italia\"}]},{\"@type\":\"WebSite\",\"@id\":\"https:\/\/futbolhoy.co\/#website\",\"url\":\"https:\/\/futbolhoy.co\/\",\"name\":\"FutbolHoy\",\"description\":\"\",\"publisher\":{\"@id\":\"https:\/\/futbolhoy.co\/#organization\"},\"potentialAction\":[{\"@type\":\"SearchAction\",\"target\":{\"@type\":\"EntryPoint\",\"urlTemplate\":\"https:\/\/futbolhoy.co\/?s={search_term_string}\"},\"query-input\":{\"@type\":\"PropertyValueSpecification\",\"valueRequired\":true,\"valueName\":\"search_term_string\"}}],\"inLanguage\":\"es\"},{\"@type\":\"Organization\",\"@id\":\"https:\/\/futbolhoy.co\/#organization\",\"name\":\"Futbolhoy.co\",\"url\":\"https:\/\/futbolhoy.co\/\",\"logo\":{\"@type\":\"ImageObject\",\"inLanguage\":\"es\",\"@id\":\"https:\/\/futbolhoy.co\/#\/schema\/logo\/image\/\",\"url\":\"https:\/\/futbolhoy.co\/wp-content\/uploads\/2018\/08\/17426380_1906371736249227_6326180412931521141_n.jpg\",\"contentUrl\":\"https:\/\/futbolhoy.co\/wp-content\/uploads\/2018\/08\/17426380_1906371736249227_6326180412931521141_n.jpg\",\"width\":960,\"height\":960,\"caption\":\"Futbolhoy.co\"},\"image\":{\"@id\":\"https:\/\/futbolhoy.co\/#\/schema\/logo\/image\/\"},\"sameAs\":[\"https:\/\/www.facebook.com\/FutbolHoyCol\/\",\"https:\/\/x.com\/FutbolHoyCol\",\"https:\/\/www.instagram.com\/futbolhoycol\/\"]},{\"@type\":\"Person\",\"@id\":\"https:\/\/futbolhoy.co\/#\/schema\/person\/c4a353a512b127643723a34bb1812f7d\",\"name\":\"Laura Hern\u00e1ndez\",\"image\":{\"@type\":\"ImageObject\",\"inLanguage\":\"es\",\"@id\":\"https:\/\/futbolhoy.co\/#\/schema\/person\/image\/\",\"url\":\"https:\/\/secure.gravatar.com\/avatar\/d25959a15b9b293a743f99181c7cfd01?s=96&d=mm&r=g\",\"contentUrl\":\"https:\/\/secure.gravatar.com\/avatar\/d25959a15b9b293a743f99181c7cfd01?s=96&d=mm&r=g\",\"caption\":\"Laura Hern\u00e1ndez\"}}]}<\/script>\n<!-- \/ Yoast SEO plugin. -->","yoast_head_json":{"title":"Un d\u00eda como hoy: 110 a\u00f1os del primer partido de la selecci\u00f3n Italia -","robots":{"index":"index","follow":"follow","max-snippet":"max-snippet:-1","max-image-preview":"max-image-preview:large","max-video-preview":"max-video-preview:-1"},"canonical":"https:\/\/futbolhoy.co\/index.php\/2020\/05\/15\/un-dia-como-hoy-110-anos-desde-el-primer-partido-de-la-seleccion-italiana\/","og_locale":"es_ES","og_type":"article","og_title":"Un d\u00eda como hoy: 110 a\u00f1os del primer partido de la selecci\u00f3n Italia -","og_description":"Un d\u00eda como hoy, el 15 de mayo de 1910, la selecci\u00f3n de Italia disput\u00f3 su primer partido, el que ser\u00eda el nacimiento de uno de los combinados nacionales m\u00e1s laureados y seguidos por fan\u00e1ticos alrededor del mundo. Su primer rival fue la selecci\u00f3n de Francia, la \"azzurri\" gan\u00f3 6-2, un partido que se llev\u00f3 [&hellip;]","og_url":"https:\/\/futbolhoy.co\/index.php\/2020\/05\/15\/un-dia-como-hoy-110-anos-desde-el-primer-partido-de-la-seleccion-italiana\/","article_publisher":"https:\/\/www.facebook.com\/FutbolHoyCol\/","article_published_time":"2020-05-15T11:59:40+00:00","article_modified_time":"2020-05-16T00:28:30+00:00","og_image":[{"width":680,"height":383,"url":"https:\/\/futbolhoy.co\/wp-content\/uploads\/2020\/05\/EYDxwlWXQAIdTaV.jpg","type":"image\/jpeg"}],"author":"Laura Hern\u00e1ndez","twitter_card":"summary_large_image","twitter_creator":"@FutbolHoyCol","twitter_site":"@FutbolHoyCol","twitter_misc":{"Escrito por":"Laura Hern\u00e1ndez","Tiempo de lectura":"1 minuto"},"schema":{"@context":"https:\/\/schema.org","@graph":[{"@type":"Article","@id":"https:\/\/futbolhoy.co\/index.php\/2020\/05\/15\/un-dia-como-hoy-110-anos-desde-el-primer-partido-de-la-seleccion-italiana\/#article","isPartOf":{"@id":"https:\/\/futbolhoy.co\/index.php\/2020\/05\/15\/un-dia-como-hoy-110-anos-desde-el-primer-partido-de-la-seleccion-italiana\/"},"author":{"name":"Laura Hern\u00e1ndez","@id":"https:\/\/futbolhoy.co\/#\/schema\/person\/c4a353a512b127643723a34bb1812f7d"},"headline":"Un d\u00eda como hoy: 110 a\u00f1os del primer partido de la selecci\u00f3n Italia","datePublished":"2020-05-15T11:59:40+00:00","dateModified":"2020-05-16T00:28:30+00:00","mainEntityOfPage":{"@id":"https:\/\/futbolhoy.co\/index.php\/2020\/05\/15\/un-dia-como-hoy-110-anos-desde-el-primer-partido-de-la-seleccion-italiana\/"},"wordCount":190,"commentCount":0,"publisher":{"@id":"https:\/\/futbolhoy.co\/#organization"},"image":{"@id":"https:\/\/futbolhoy.co\/index.php\/2020\/05\/15\/un-dia-como-hoy-110-anos-desde-el-primer-partido-de-la-seleccion-italiana\/#primaryimage"},"thumbnailUrl":"https:\/\/futbolhoy.co\/wp-content\/uploads\/2020\/05\/EYDxwlWXQAIdTaV.jpg","keywords":["Selecci\u00f3n italia"],"articleSection":["Mundo Futbol"],"inLanguage":"es","potentialAction":[{"@type":"CommentAction","name":"Comment","target":["https:\/\/futbolhoy.co\/index.php\/2020\/05\/15\/un-dia-como-hoy-110-anos-desde-el-primer-partido-de-la-seleccion-italiana\/#respond"]}]},{"@type":"WebPage","@id":"https:\/\/futbolhoy.co\/index.php\/2020\/05\/15\/un-dia-como-hoy-110-anos-desde-el-primer-partido-de-la-seleccion-italiana\/","url":"https:\/\/futbolhoy.co\/index.php\/2020\/05\/15\/un-dia-como-hoy-110-anos-desde-el-primer-partido-de-la-seleccion-italiana\/","name":"Un d\u00eda como hoy: 110 a\u00f1os del primer partido de la selecci\u00f3n Italia -","isPartOf":{"@id":"https:\/\/futbolhoy.co\/#website"},"primaryImageOfPage":{"@id":"https:\/\/futbolhoy.co\/index.php\/2020\/05\/15\/un-dia-como-hoy-110-anos-desde-el-primer-partido-de-la-seleccion-italiana\/#primaryimage"},"image":{"@id":"https:\/\/futbolhoy.co\/index.php\/2020\/05\/15\/un-dia-como-hoy-110-anos-desde-el-primer-partido-de-la-seleccion-italiana\/#primaryimage"},"thumbnailUrl":"https:\/\/futbolhoy.co\/wp-content\/uploads\/2020\/05\/EYDxwlWXQAIdTaV.jpg","datePublished":"2020-05-15T11:59:40+00:00","dateModified":"2020-05-16T00:28:30+00:00","breadcrumb":{"@id":"https:\/\/futbolhoy.co\/index.php\/2020\/05\/15\/un-dia-como-hoy-110-anos-desde-el-primer-partido-de-la-seleccion-italiana\/#breadcrumb"},"inLanguage":"es","potentialAction":[{"@type":"ReadAction","target":["https:\/\/futbolhoy.co\/index.php\/2020\/05\/15\/un-dia-como-hoy-110-anos-desde-el-primer-partido-de-la-seleccion-italiana\/"]}]},{"@type":"ImageObject","inLanguage":"es","@id":"https:\/\/futbolhoy.co\/index.php\/2020\/05\/15\/un-dia-como-hoy-110-anos-desde-el-primer-partido-de-la-seleccion-italiana\/#primaryimage","url":"https:\/\/futbolhoy.co\/wp-content\/uploads\/2020\/05\/EYDxwlWXQAIdTaV.jpg","contentUrl":"https:\/\/futbolhoy.co\/wp-content\/uploads\/2020\/05\/EYDxwlWXQAIdTaV.jpg","width":680,"height":383},{"@type":"BreadcrumbList","@id":"https:\/\/futbolhoy.co\/index.php\/2020\/05\/15\/un-dia-como-hoy-110-anos-desde-el-primer-partido-de-la-seleccion-italiana\/#breadcrumb","itemListElement":[{"@type":"ListItem","position":1,"name":"Portada","item":"https:\/\/futbolhoy.co\/"},{"@type":"ListItem","position":2,"name":"Un d\u00eda como hoy: 110 a\u00f1os del primer partido de la selecci\u00f3n Italia"}]},{"@type":"WebSite","@id":"https:\/\/futbolhoy.co\/#website","url":"https:\/\/futbolhoy.co\/","name":"FutbolHoy","description":"","publisher":{"@id":"https:\/\/futbolhoy.co\/#organization"},"potentialAction":[{"@type":"SearchAction","target":{"@type":"EntryPoint","urlTemplate":"https:\/\/futbolhoy.co\/?s={search_term_string}"},"query-input":{"@type":"PropertyValueSpecification","valueRequired":true,"valueName":"search_term_string"}}],"inLanguage":"es"},{"@type":"Organization","@id":"https:\/\/futbolhoy.co\/#organization","name":"Futbolhoy.co","url":"https:\/\/futbolhoy.co\/","logo":{"@type":"ImageObject","inLanguage":"es","@id":"https:\/\/futbolhoy.co\/#\/schema\/logo\/image\/","url":"https:\/\/futbolhoy.co\/wp-content\/uploads\/2018\/08\/17426380_1906371736249227_6326180412931521141_n.jpg","contentUrl":"https:\/\/futbolhoy.co\/wp-content\/uploads\/2018\/08\/17426380_1906371736249227_6326180412931521141_n.jpg","width":960,"height":960,"caption":"Futbolhoy.co"},"image":{"@id":"https:\/\/futbolhoy.co\/#\/schema\/logo\/image\/"},"sameAs":["https:\/\/www.facebook.com\/FutbolHoyCol\/","https:\/\/x.com\/FutbolHoyCol","https:\/\/www.instagram.com\/futbolhoycol\/"]},{"@type":"Person","@id":"https:\/\/futbolhoy.co\/#\/schema\/person\/c4a353a512b127643723a34bb1812f7d","name":"Laura Hern\u00e1ndez","image":{"@type":"ImageObject","inLanguage":"es","@id":"https:\/\/futbolhoy.co\/#\/schema\/person\/image\/","url":"https:\/\/secure.gravatar.com\/avatar\/d25959a15b9b293a743f99181c7cfd01?s=96&d=mm&r=g","contentUrl":"https:\/\/secure.gravatar.com\/avatar\/d25959a15b9b293a743f99181c7cfd01?s=96&d=mm&r=g","caption":"Laura Hern\u00e1ndez"}}]}},"publishpress_future_action":{"enabled":false,"date":"2026-05-05 03:44:01","action":"change-status","newStatus":"draft","terms":[],"taxonomy":"category","extraData":[]},"publishpress_future_workflow_manual_trigger":{"enabledWorkflows":[]},"_links":{"self":[{"href":"https:\/\/futbolhoy.co\/index.php\/wp-json\/wp\/v2\/posts\/51155","targetHints":{"allow":["GET"]}}],"collection":[{"href":"https:\/\/futbolhoy.co\/index.php\/wp-json\/wp\/v2\/posts"}],"about":[{"href":"https:\/\/futbolhoy.co\/index.php\/wp-json\/wp\/v2\/types\/post"}],"author":[{"embeddable":true,"href":"https:\/\/futbolhoy.co\/index.php\/wp-json\/wp\/v2\/users\/5"}],"replies":[{"embeddable":true,"href":"https:\/\/futbolhoy.co\/index.php\/wp-json\/wp\/v2\/comments?post=51155"}],"version-history":[{"count":4,"href":"https:\/\/futbolhoy.co\/index.php\/wp-json\/wp\/v2\/posts\/51155\/revisions"}],"predecessor-version":[{"id":51168,"href":"https:\/\/futbolhoy.co\/index.php\/wp-json\/wp\/v2\/posts\/51155\/revisions\/51168"}],"wp:featuredmedia":[{"embeddable":true,"href":"https:\/\/futbolhoy.co\/index.php\/wp-json\/wp\/v2\/media\/51157"}],"wp:attachment":[{"href":"https:\/\/futbolhoy.co\/index.php\/wp-json\/wp\/v2\/media?parent=51155"}],"wp:term":[{"taxonomy":"category","embeddable":true,"href":"https:\/\/futbolhoy.co\/index.php\/wp-json\/wp\/v2\/categories?post=51155"},{"taxonomy":"post_tag","embeddable":true,"href":"https:\/\/futbolhoy.co\/index.php\/wp-json\/wp\/v2\/tags?post=51155"}],"curies":[{"name":"wp","href":"https:\/\/api.w.org\/{rel}","templated":true}]}}