{"id":51218,"date":"2020-05-15T16:05:34","date_gmt":"2020-05-15T21:05:34","guid":{"rendered":"https:\/\/futbolhoy.co\/?p=51218"},"modified":"2020-05-16T10:44:54","modified_gmt":"2020-05-16T15:44:54","slug":"lazio-en-el-horizonte-de-suarez","status":"publish","type":"post","link":"https:\/\/futbolhoy.co\/index.php\/2020\/05\/15\/lazio-en-el-horizonte-de-suarez\/","title":{"rendered":"Lazio, en el horizonte de Su\u00e1rez"},"content":{"rendered":"<p style=\"text-align: justify;\"><span style=\"font-family: helvetica, arial, sans-serif;\">El delantero colombiano\u00a0<b>Luis Su\u00e1rez<\/b>, actualmente en el\u00a0<b>Zaragoza<\/b>\u00a0de Espa\u00f1a, tendr\u00eda un principio de acuerdo para jugar la pr\u00f3xima temporada en la\u00a0<b>Lazio<\/b>\u00a0de la\u00a0<b>Serie A<\/b>\u00a0de Italia,<\/span><\/p>\n<p style=\"text-align: justify;\"><span style=\"font-family: helvetica, arial, sans-serif;\">Su\u00e1rez, de 22 a\u00f1os, cuyos derechos deportivos pertenecen al\u00a0<b>Watford<\/b>\u00a0de\u00a0<b>Inglaterra<\/b>, ha tenido una destacada temporada en la segunda divisi\u00f3n ib\u00e9rica, despertando el inter\u00e9s de varios clubes del continente.<\/span><\/p>\n<p style=\"text-align: justify;\"><span style=\"font-family: helvetica, arial, sans-serif;\">El club del\u00a0<b>Calcio<\/b>\u00a0habr\u00eda ofrecido a los brit\u00e1nicos 15 millones de euros, cifra muy lejana a los 50 millones que espera recibir el club de la\u00a0<b>Liga Premier<\/b>, pero con un salario de 1,5 millones por temporada y contrato de cinco a\u00f1os, tendr\u00eda convencido al samario.<\/span><\/p>\n<p style=\"text-align: justify;\"><span style=\"font-family: helvetica, arial, sans-serif;\">El jugador marcha como segundo m\u00e1ximo artillero en el torneo de ascenso en\u00a0<b>Espa\u00f1a<\/b>, con 17 goles en 29 partidos disputados y aspira completar el calendario para lograr su cupo en\u00a0<b>LaLiga<\/b>.<\/span><\/p>\n<p style=\"text-align: justify;\"><span style=\"font-family: helvetica, arial, sans-serif;\">El diario la\u00a0<i>Gazzetta dello Sport<\/i>\u00a0asegur\u00f3 que si Su\u00e1rez no llega al conjunto romano, se buscar\u00e1 al juvenil argentino\u00a0<b>Adolfo Gaich<\/b>, de\u00a0<b>San Lorenzo de Almagro<\/b>.<\/span><\/p>\n","protected":false},"excerpt":{"rendered":"<p>El delantero colombiano\u00a0Luis Su\u00e1rez, actualmente en el\u00a0Zaragoza\u00a0de Espa\u00f1a, tendr\u00eda un principio de acuerdo para jugar la pr\u00f3xima temporada en la\u00a0Lazio\u00a0de la\u00a0Serie A\u00a0de Italia, Su\u00e1rez, de 22 a\u00f1os, cuyos derechos deportivos pertenecen al\u00a0Watford\u00a0de\u00a0Inglaterra, ha tenido una destacada temporada en la segunda divisi\u00f3n ib\u00e9rica, despertando el inter\u00e9s de varios clubes del continente. El club del\u00a0Calcio\u00a0habr\u00eda ofrecido a [&hellip;]<\/p>\n","protected":false},"author":5,"featured_media":51219,"comment_status":"open","ping_status":"open","sticky":false,"template":"","format":"standard","meta":{"_acf_changed":false,"footnotes":""},"categories":[152],"tags":[],"class_list":{"0":"post-51218","1":"post","2":"type-post","3":"status-publish","4":"format-standard","5":"has-post-thumbnail","7":"category-mundo-futbol"},"acf":[],"yoast_head":"<!-- This site is optimized with the Yoast SEO plugin v26.8 - https:\/\/yoast.com\/product\/yoast-seo-wordpress\/ -->\n<title>Lazio, en el horizonte de Su\u00e1rez -<\/title>\n<meta name=\"robots\" content=\"index, follow, max-snippet:-1, max-image-preview:large, max-video-preview:-1\" \/>\n<link rel=\"canonical\" href=\"https:\/\/futbolhoy.co\/index.php\/2020\/05\/15\/lazio-en-el-horizonte-de-suarez\/\" \/>\n<meta property=\"og:locale\" content=\"es_ES\" \/>\n<meta property=\"og:type\" content=\"article\" \/>\n<meta property=\"og:title\" content=\"Lazio, en el horizonte de Su\u00e1rez -\" \/>\n<meta property=\"og:description\" content=\"El delantero colombiano\u00a0Luis Su\u00e1rez, actualmente en el\u00a0Zaragoza\u00a0de Espa\u00f1a, tendr\u00eda un principio de acuerdo para jugar la pr\u00f3xima temporada en la\u00a0Lazio\u00a0de la\u00a0Serie A\u00a0de Italia, Su\u00e1rez, de 22 a\u00f1os, cuyos derechos deportivos pertenecen al\u00a0Watford\u00a0de\u00a0Inglaterra, ha tenido una destacada temporada en la segunda divisi\u00f3n ib\u00e9rica, despertando el inter\u00e9s de varios clubes del continente. El club del\u00a0Calcio\u00a0habr\u00eda ofrecido a [&hellip;]\" \/>\n<meta property=\"og:url\" content=\"https:\/\/futbolhoy.co\/index.php\/2020\/05\/15\/lazio-en-el-horizonte-de-suarez\/\" \/>\n<meta property=\"article:publisher\" content=\"https:\/\/www.facebook.com\/FutbolHoyCol\/\" \/>\n<meta property=\"article:published_time\" content=\"2020-05-15T21:05:34+00:00\" \/>\n<meta property=\"article:modified_time\" content=\"2020-05-16T15:44:54+00:00\" \/>\n<meta property=\"og:image\" content=\"https:\/\/futbolhoy.co\/wp-content\/uploads\/2020\/05\/20200515_192650.jpg\" \/>\n\t<meta property=\"og:image:width\" content=\"640\" \/>\n\t<meta property=\"og:image:height\" content=\"355\" \/>\n\t<meta property=\"og:image:type\" content=\"image\/jpeg\" \/>\n<meta name=\"author\" content=\"Laura Hern\u00e1ndez\" \/>\n<meta name=\"twitter:card\" content=\"summary_large_image\" \/>\n<meta name=\"twitter:creator\" content=\"@FutbolHoyCol\" \/>\n<meta name=\"twitter:site\" content=\"@FutbolHoyCol\" \/>\n<meta name=\"twitter:label1\" content=\"Escrito por\" \/>\n\t<meta name=\"twitter:data1\" content=\"Laura Hern\u00e1ndez\" \/>\n\t<meta name=\"twitter:label2\" content=\"Tiempo de lectura\" \/>\n\t<meta name=\"twitter:data2\" content=\"1 minuto\" \/>\n<script type=\"application\/ld+json\" class=\"yoast-schema-graph\">{\"@context\":\"https:\/\/schema.org\",\"@graph\":[{\"@type\":\"Article\",\"@id\":\"https:\/\/futbolhoy.co\/index.php\/2020\/05\/15\/lazio-en-el-horizonte-de-suarez\/#article\",\"isPartOf\":{\"@id\":\"https:\/\/futbolhoy.co\/index.php\/2020\/05\/15\/lazio-en-el-horizonte-de-suarez\/\"},\"author\":{\"name\":\"Laura Hern\u00e1ndez\",\"@id\":\"https:\/\/futbolhoy.co\/#\/schema\/person\/c4a353a512b127643723a34bb1812f7d\"},\"headline\":\"Lazio, en el horizonte de Su\u00e1rez\",\"datePublished\":\"2020-05-15T21:05:34+00:00\",\"dateModified\":\"2020-05-16T15:44:54+00:00\",\"mainEntityOfPage\":{\"@id\":\"https:\/\/futbolhoy.co\/index.php\/2020\/05\/15\/lazio-en-el-horizonte-de-suarez\/\"},\"wordCount\":183,\"commentCount\":0,\"publisher\":{\"@id\":\"https:\/\/futbolhoy.co\/#organization\"},\"image\":{\"@id\":\"https:\/\/futbolhoy.co\/index.php\/2020\/05\/15\/lazio-en-el-horizonte-de-suarez\/#primaryimage\"},\"thumbnailUrl\":\"https:\/\/futbolhoy.co\/wp-content\/uploads\/2020\/05\/20200515_192650.jpg\",\"articleSection\":[\"Mundo Futbol\"],\"inLanguage\":\"es\",\"potentialAction\":[{\"@type\":\"CommentAction\",\"name\":\"Comment\",\"target\":[\"https:\/\/futbolhoy.co\/index.php\/2020\/05\/15\/lazio-en-el-horizonte-de-suarez\/#respond\"]}]},{\"@type\":\"WebPage\",\"@id\":\"https:\/\/futbolhoy.co\/index.php\/2020\/05\/15\/lazio-en-el-horizonte-de-suarez\/\",\"url\":\"https:\/\/futbolhoy.co\/index.php\/2020\/05\/15\/lazio-en-el-horizonte-de-suarez\/\",\"name\":\"Lazio, en el horizonte de Su\u00e1rez -\",\"isPartOf\":{\"@id\":\"https:\/\/futbolhoy.co\/#website\"},\"primaryImageOfPage\":{\"@id\":\"https:\/\/futbolhoy.co\/index.php\/2020\/05\/15\/lazio-en-el-horizonte-de-suarez\/#primaryimage\"},\"image\":{\"@id\":\"https:\/\/futbolhoy.co\/index.php\/2020\/05\/15\/lazio-en-el-horizonte-de-suarez\/#primaryimage\"},\"thumbnailUrl\":\"https:\/\/futbolhoy.co\/wp-content\/uploads\/2020\/05\/20200515_192650.jpg\",\"datePublished\":\"2020-05-15T21:05:34+00:00\",\"dateModified\":\"2020-05-16T15:44:54+00:00\",\"breadcrumb\":{\"@id\":\"https:\/\/futbolhoy.co\/index.php\/2020\/05\/15\/lazio-en-el-horizonte-de-suarez\/#breadcrumb\"},\"inLanguage\":\"es\",\"potentialAction\":[{\"@type\":\"ReadAction\",\"target\":[\"https:\/\/futbolhoy.co\/index.php\/2020\/05\/15\/lazio-en-el-horizonte-de-suarez\/\"]}]},{\"@type\":\"ImageObject\",\"inLanguage\":\"es\",\"@id\":\"https:\/\/futbolhoy.co\/index.php\/2020\/05\/15\/lazio-en-el-horizonte-de-suarez\/#primaryimage\",\"url\":\"https:\/\/futbolhoy.co\/wp-content\/uploads\/2020\/05\/20200515_192650.jpg\",\"contentUrl\":\"https:\/\/futbolhoy.co\/wp-content\/uploads\/2020\/05\/20200515_192650.jpg\",\"width\":640,\"height\":355},{\"@type\":\"BreadcrumbList\",\"@id\":\"https:\/\/futbolhoy.co\/index.php\/2020\/05\/15\/lazio-en-el-horizonte-de-suarez\/#breadcrumb\",\"itemListElement\":[{\"@type\":\"ListItem\",\"position\":1,\"name\":\"Portada\",\"item\":\"https:\/\/futbolhoy.co\/\"},{\"@type\":\"ListItem\",\"position\":2,\"name\":\"Lazio, en el horizonte de Su\u00e1rez\"}]},{\"@type\":\"WebSite\",\"@id\":\"https:\/\/futbolhoy.co\/#website\",\"url\":\"https:\/\/futbolhoy.co\/\",\"name\":\"FutbolHoy\",\"description\":\"\",\"publisher\":{\"@id\":\"https:\/\/futbolhoy.co\/#organization\"},\"potentialAction\":[{\"@type\":\"SearchAction\",\"target\":{\"@type\":\"EntryPoint\",\"urlTemplate\":\"https:\/\/futbolhoy.co\/?s={search_term_string}\"},\"query-input\":{\"@type\":\"PropertyValueSpecification\",\"valueRequired\":true,\"valueName\":\"search_term_string\"}}],\"inLanguage\":\"es\"},{\"@type\":\"Organization\",\"@id\":\"https:\/\/futbolhoy.co\/#organization\",\"name\":\"Futbolhoy.co\",\"url\":\"https:\/\/futbolhoy.co\/\",\"logo\":{\"@type\":\"ImageObject\",\"inLanguage\":\"es\",\"@id\":\"https:\/\/futbolhoy.co\/#\/schema\/logo\/image\/\",\"url\":\"https:\/\/futbolhoy.co\/wp-content\/uploads\/2018\/08\/17426380_1906371736249227_6326180412931521141_n.jpg\",\"contentUrl\":\"https:\/\/futbolhoy.co\/wp-content\/uploads\/2018\/08\/17426380_1906371736249227_6326180412931521141_n.jpg\",\"width\":960,\"height\":960,\"caption\":\"Futbolhoy.co\"},\"image\":{\"@id\":\"https:\/\/futbolhoy.co\/#\/schema\/logo\/image\/\"},\"sameAs\":[\"https:\/\/www.facebook.com\/FutbolHoyCol\/\",\"https:\/\/x.com\/FutbolHoyCol\",\"https:\/\/www.instagram.com\/futbolhoycol\/\"]},{\"@type\":\"Person\",\"@id\":\"https:\/\/futbolhoy.co\/#\/schema\/person\/c4a353a512b127643723a34bb1812f7d\",\"name\":\"Laura Hern\u00e1ndez\",\"image\":{\"@type\":\"ImageObject\",\"inLanguage\":\"es\",\"@id\":\"https:\/\/futbolhoy.co\/#\/schema\/person\/image\/\",\"url\":\"https:\/\/secure.gravatar.com\/avatar\/d25959a15b9b293a743f99181c7cfd01?s=96&d=mm&r=g\",\"contentUrl\":\"https:\/\/secure.gravatar.com\/avatar\/d25959a15b9b293a743f99181c7cfd01?s=96&d=mm&r=g\",\"caption\":\"Laura Hern\u00e1ndez\"}}]}<\/script>\n<!-- \/ Yoast SEO plugin. -->","yoast_head_json":{"title":"Lazio, en el horizonte de Su\u00e1rez -","robots":{"index":"index","follow":"follow","max-snippet":"max-snippet:-1","max-image-preview":"max-image-preview:large","max-video-preview":"max-video-preview:-1"},"canonical":"https:\/\/futbolhoy.co\/index.php\/2020\/05\/15\/lazio-en-el-horizonte-de-suarez\/","og_locale":"es_ES","og_type":"article","og_title":"Lazio, en el horizonte de Su\u00e1rez -","og_description":"El delantero colombiano\u00a0Luis Su\u00e1rez, actualmente en el\u00a0Zaragoza\u00a0de Espa\u00f1a, tendr\u00eda un principio de acuerdo para jugar la pr\u00f3xima temporada en la\u00a0Lazio\u00a0de la\u00a0Serie A\u00a0de Italia, Su\u00e1rez, de 22 a\u00f1os, cuyos derechos deportivos pertenecen al\u00a0Watford\u00a0de\u00a0Inglaterra, ha tenido una destacada temporada en la segunda divisi\u00f3n ib\u00e9rica, despertando el inter\u00e9s de varios clubes del continente. El club del\u00a0Calcio\u00a0habr\u00eda ofrecido a [&hellip;]","og_url":"https:\/\/futbolhoy.co\/index.php\/2020\/05\/15\/lazio-en-el-horizonte-de-suarez\/","article_publisher":"https:\/\/www.facebook.com\/FutbolHoyCol\/","article_published_time":"2020-05-15T21:05:34+00:00","article_modified_time":"2020-05-16T15:44:54+00:00","og_image":[{"width":640,"height":355,"url":"https:\/\/futbolhoy.co\/wp-content\/uploads\/2020\/05\/20200515_192650.jpg","type":"image\/jpeg"}],"author":"Laura Hern\u00e1ndez","twitter_card":"summary_large_image","twitter_creator":"@FutbolHoyCol","twitter_site":"@FutbolHoyCol","twitter_misc":{"Escrito por":"Laura Hern\u00e1ndez","Tiempo de lectura":"1 minuto"},"schema":{"@context":"https:\/\/schema.org","@graph":[{"@type":"Article","@id":"https:\/\/futbolhoy.co\/index.php\/2020\/05\/15\/lazio-en-el-horizonte-de-suarez\/#article","isPartOf":{"@id":"https:\/\/futbolhoy.co\/index.php\/2020\/05\/15\/lazio-en-el-horizonte-de-suarez\/"},"author":{"name":"Laura Hern\u00e1ndez","@id":"https:\/\/futbolhoy.co\/#\/schema\/person\/c4a353a512b127643723a34bb1812f7d"},"headline":"Lazio, en el horizonte de Su\u00e1rez","datePublished":"2020-05-15T21:05:34+00:00","dateModified":"2020-05-16T15:44:54+00:00","mainEntityOfPage":{"@id":"https:\/\/futbolhoy.co\/index.php\/2020\/05\/15\/lazio-en-el-horizonte-de-suarez\/"},"wordCount":183,"commentCount":0,"publisher":{"@id":"https:\/\/futbolhoy.co\/#organization"},"image":{"@id":"https:\/\/futbolhoy.co\/index.php\/2020\/05\/15\/lazio-en-el-horizonte-de-suarez\/#primaryimage"},"thumbnailUrl":"https:\/\/futbolhoy.co\/wp-content\/uploads\/2020\/05\/20200515_192650.jpg","articleSection":["Mundo Futbol"],"inLanguage":"es","potentialAction":[{"@type":"CommentAction","name":"Comment","target":["https:\/\/futbolhoy.co\/index.php\/2020\/05\/15\/lazio-en-el-horizonte-de-suarez\/#respond"]}]},{"@type":"WebPage","@id":"https:\/\/futbolhoy.co\/index.php\/2020\/05\/15\/lazio-en-el-horizonte-de-suarez\/","url":"https:\/\/futbolhoy.co\/index.php\/2020\/05\/15\/lazio-en-el-horizonte-de-suarez\/","name":"Lazio, en el horizonte de Su\u00e1rez -","isPartOf":{"@id":"https:\/\/futbolhoy.co\/#website"},"primaryImageOfPage":{"@id":"https:\/\/futbolhoy.co\/index.php\/2020\/05\/15\/lazio-en-el-horizonte-de-suarez\/#primaryimage"},"image":{"@id":"https:\/\/futbolhoy.co\/index.php\/2020\/05\/15\/lazio-en-el-horizonte-de-suarez\/#primaryimage"},"thumbnailUrl":"https:\/\/futbolhoy.co\/wp-content\/uploads\/2020\/05\/20200515_192650.jpg","datePublished":"2020-05-15T21:05:34+00:00","dateModified":"2020-05-16T15:44:54+00:00","breadcrumb":{"@id":"https:\/\/futbolhoy.co\/index.php\/2020\/05\/15\/lazio-en-el-horizonte-de-suarez\/#breadcrumb"},"inLanguage":"es","potentialAction":[{"@type":"ReadAction","target":["https:\/\/futbolhoy.co\/index.php\/2020\/05\/15\/lazio-en-el-horizonte-de-suarez\/"]}]},{"@type":"ImageObject","inLanguage":"es","@id":"https:\/\/futbolhoy.co\/index.php\/2020\/05\/15\/lazio-en-el-horizonte-de-suarez\/#primaryimage","url":"https:\/\/futbolhoy.co\/wp-content\/uploads\/2020\/05\/20200515_192650.jpg","contentUrl":"https:\/\/futbolhoy.co\/wp-content\/uploads\/2020\/05\/20200515_192650.jpg","width":640,"height":355},{"@type":"BreadcrumbList","@id":"https:\/\/futbolhoy.co\/index.php\/2020\/05\/15\/lazio-en-el-horizonte-de-suarez\/#breadcrumb","itemListElement":[{"@type":"ListItem","position":1,"name":"Portada","item":"https:\/\/futbolhoy.co\/"},{"@type":"ListItem","position":2,"name":"Lazio, en el horizonte de Su\u00e1rez"}]},{"@type":"WebSite","@id":"https:\/\/futbolhoy.co\/#website","url":"https:\/\/futbolhoy.co\/","name":"FutbolHoy","description":"","publisher":{"@id":"https:\/\/futbolhoy.co\/#organization"},"potentialAction":[{"@type":"SearchAction","target":{"@type":"EntryPoint","urlTemplate":"https:\/\/futbolhoy.co\/?s={search_term_string}"},"query-input":{"@type":"PropertyValueSpecification","valueRequired":true,"valueName":"search_term_string"}}],"inLanguage":"es"},{"@type":"Organization","@id":"https:\/\/futbolhoy.co\/#organization","name":"Futbolhoy.co","url":"https:\/\/futbolhoy.co\/","logo":{"@type":"ImageObject","inLanguage":"es","@id":"https:\/\/futbolhoy.co\/#\/schema\/logo\/image\/","url":"https:\/\/futbolhoy.co\/wp-content\/uploads\/2018\/08\/17426380_1906371736249227_6326180412931521141_n.jpg","contentUrl":"https:\/\/futbolhoy.co\/wp-content\/uploads\/2018\/08\/17426380_1906371736249227_6326180412931521141_n.jpg","width":960,"height":960,"caption":"Futbolhoy.co"},"image":{"@id":"https:\/\/futbolhoy.co\/#\/schema\/logo\/image\/"},"sameAs":["https:\/\/www.facebook.com\/FutbolHoyCol\/","https:\/\/x.com\/FutbolHoyCol","https:\/\/www.instagram.com\/futbolhoycol\/"]},{"@type":"Person","@id":"https:\/\/futbolhoy.co\/#\/schema\/person\/c4a353a512b127643723a34bb1812f7d","name":"Laura Hern\u00e1ndez","image":{"@type":"ImageObject","inLanguage":"es","@id":"https:\/\/futbolhoy.co\/#\/schema\/person\/image\/","url":"https:\/\/secure.gravatar.com\/avatar\/d25959a15b9b293a743f99181c7cfd01?s=96&d=mm&r=g","contentUrl":"https:\/\/secure.gravatar.com\/avatar\/d25959a15b9b293a743f99181c7cfd01?s=96&d=mm&r=g","caption":"Laura Hern\u00e1ndez"}}]}},"publishpress_future_action":{"enabled":false,"date":"2026-05-05 03:56:51","action":"change-status","newStatus":"draft","terms":[],"taxonomy":"category","extraData":[]},"publishpress_future_workflow_manual_trigger":{"enabledWorkflows":[]},"_links":{"self":[{"href":"https:\/\/futbolhoy.co\/index.php\/wp-json\/wp\/v2\/posts\/51218","targetHints":{"allow":["GET"]}}],"collection":[{"href":"https:\/\/futbolhoy.co\/index.php\/wp-json\/wp\/v2\/posts"}],"about":[{"href":"https:\/\/futbolhoy.co\/index.php\/wp-json\/wp\/v2\/types\/post"}],"author":[{"embeddable":true,"href":"https:\/\/futbolhoy.co\/index.php\/wp-json\/wp\/v2\/users\/5"}],"replies":[{"embeddable":true,"href":"https:\/\/futbolhoy.co\/index.php\/wp-json\/wp\/v2\/comments?post=51218"}],"version-history":[{"count":1,"href":"https:\/\/futbolhoy.co\/index.php\/wp-json\/wp\/v2\/posts\/51218\/revisions"}],"predecessor-version":[{"id":51220,"href":"https:\/\/futbolhoy.co\/index.php\/wp-json\/wp\/v2\/posts\/51218\/revisions\/51220"}],"wp:featuredmedia":[{"embeddable":true,"href":"https:\/\/futbolhoy.co\/index.php\/wp-json\/wp\/v2\/media\/51219"}],"wp:attachment":[{"href":"https:\/\/futbolhoy.co\/index.php\/wp-json\/wp\/v2\/media?parent=51218"}],"wp:term":[{"taxonomy":"category","embeddable":true,"href":"https:\/\/futbolhoy.co\/index.php\/wp-json\/wp\/v2\/categories?post=51218"},{"taxonomy":"post_tag","embeddable":true,"href":"https:\/\/futbolhoy.co\/index.php\/wp-json\/wp\/v2\/tags?post=51218"}],"curies":[{"name":"wp","href":"https:\/\/api.w.org\/{rel}","templated":true}]}}