{"id":51276,"date":"2020-05-17T07:47:17","date_gmt":"2020-05-17T12:47:17","guid":{"rendered":"https:\/\/futbolhoy.co\/?p=51276"},"modified":"2020-05-17T17:25:20","modified_gmt":"2020-05-17T22:25:20","slug":"feliz-cumpleanos-35-teo","status":"publish","type":"post","link":"https:\/\/futbolhoy.co\/index.php\/2020\/05\/17\/feliz-cumpleanos-35-teo\/","title":{"rendered":"\u00a1Feliz cumplea\u00f1os 35, 'Teo'!"},"content":{"rendered":"<p style=\"text-align: justify;\"><span style=\"font-family: helvetica, arial, sans-serif;\">El 17 de mayo de 1985 naci\u00f3 en <strong>Barranquilla<\/strong>\u00a0<strong>Te\u00f3filo Guti\u00e9rrez,<\/strong> uno de los principales referentes del <strong>Junior<\/strong> en el presente siglo y con un paso importante por el f\u00fatbol internacional, especialmente por <strong>River Plate.<\/strong><\/span><\/p>\n<p style=\"text-align: justify;\"><span style=\"font-family: helvetica, arial, sans-serif;\">'Teo' comenz\u00f3 su trayectoria por el <strong>Barranquilla FC<\/strong> en 2006, equipo del cual fue transferido al Junior al a\u00f1o siguiente, jugando ininterrumpidamente hasta el 2009, donde march\u00f3 a <strong>Turqu\u00eda<\/strong> para tener su primera experiencia en el 'Viejo continente' con el <strong>Trabzonspor,<\/strong> donde conquist\u00f3 sus primeros t\u00edtulos, una <strong>Copa<\/strong> y una <strong>Supercopa<\/strong> de dicho pa\u00eds.<\/span><\/p>\n<p style=\"text-align: justify;\"><span style=\"font-family: helvetica, arial, sans-serif;\">De all\u00ed se march\u00f3 a <strong>Racing<\/strong> en 2011, donde tuvo un paso pol\u00e9mico dejando el club en el 2012, teniendo una breve experiencia en <strong>Lan\u00fas<\/strong> y finalmente regresando un semestre al Junior.<\/span><\/p>\n<p style=\"text-align: justify;\"><span style=\"font-family: helvetica, arial, sans-serif;\">Para el a\u00f1o siguiente se march\u00f3 al <strong>Cruz<\/strong> Azul de <strong>M\u00e9xico<\/strong>, donde nuevamente volvi\u00f3 a ser campe\u00f3n, ganando la <strong>Copa MX. <\/strong><\/span><\/p>\n<p style=\"text-align: justify;\"><span style=\"font-family: helvetica, arial, sans-serif;\">Su paso por el f\u00fatbol 'Azteca' le abri\u00f3 las puertas de River Plate, donde tuvo una mayor estabilidad entre el 2013 y el 2015. Con el equipo de la 'Banda cruzada' logr\u00f3 una estrecha relaci\u00f3n, principalmente con sus aficionados, celebrando cinco t\u00edtulos: una <strong>Liga, una Copa, una Sudamericana, ganada a Atl\u00e9tico Nacional, una Recopa Sudamericana y una Libertadores<\/strong>, pese a haberse marchado del club antes de las semifinales en 2015.<\/span><\/p>\n<p style=\"text-align: justify;\"><span style=\"font-family: helvetica, arial, sans-serif;\">Volvi\u00f3 a <strong>Europa<\/strong> para la temporada 2015-2016, sumando un t\u00edtulo m\u00e1s, esta vez una <strong>Supercopa de Portugal<\/strong> con <strong>Sporting Lisboa.<\/strong> Regres\u00f3 a <strong>Argentina<\/strong> entre 2016 y 2017, vistiendo los colores de <strong>Rosario Central.<\/strong><\/span><\/p>\n<p style=\"text-align: justify;\"><span style=\"font-family: helvetica, arial, sans-serif;\">Para el segundo semestre de ese a\u00f1o retorn\u00f3 al equipo de sus amores, donde por fin pudo saldar su asignatura pendiente y celebrar campeonatos como 'Tibur\u00f3n'.<\/span><\/p>\n<p style=\"text-align: justify;\"><span style=\"font-family: helvetica, arial, sans-serif;\">Ese mismo a\u00f1o gan\u00f3 la <strong>Copa Colombia,<\/strong> en 2018 gan\u00f3 una <strong>Liga<\/strong> ante el <strong>Medell\u00edn<\/strong> y en 2019 fue bicamp\u00e9on, celebrando otra Liga ante el <strong>Pasto<\/strong> y sumando una <strong>Superliga<\/strong> frente al <strong>Deportes Tolima.<\/strong><\/span><\/p>\n<blockquote class=\"twitter-tweet\">\n<p dir=\"ltr\" lang=\"es\">\ud83c\udf82| <a href=\"https:\/\/twitter.com\/hashtag\/CumpleTibur%C3%B3n?src=hash&amp;ref_src=twsrc%5Etfw\">#CumpleTibur\u00f3n<\/a>| Una estrella. \u00cddolo indiscutible del equipo que lleg\u00f3 en alg\u00fan momento a darnos alegr\u00edas. El goleador del barrio La Chinita y mejor jugador del FPC.<\/p>\n<p>\u00a1Felices 35, <a href=\"https:\/\/twitter.com\/teogol_?ref_src=twsrc%5Etfw\">@teogol_<\/a>! \ud83d\udc4f\ud83c\udffc<a href=\"https:\/\/twitter.com\/hashtag\/VamosJunior?src=hash&amp;ref_src=twsrc%5Etfw\">#VamosJunior<\/a>\ud83d\udd34\u26aa\ud83d\udd35 <a href=\"https:\/\/t.co\/fxwUIi67rr\">pic.twitter.com\/fxwUIi67rr<\/a><\/p>\n<p>\u2014 Club Junior FC - Desde casa \ud83c\udfe1 (@JuniorClubSA) <a href=\"https:\/\/twitter.com\/JuniorClubSA\/status\/1262016755121217537?ref_src=twsrc%5Etfw\">May 17, 2020<\/a><\/p><\/blockquote>\n<p><script async src=\"https:\/\/platform.twitter.com\/widgets.js\" charset=\"utf-8\"><\/script><\/p>\n<p style=\"text-align: justify;\"><span style=\"font-family: helvetica, arial, sans-serif;\">Con la <strong>Selecci\u00f3n Colombia<\/strong> su paso no ha sido menor, registrando 52 presentaciones y 15 anotaciones. Integr\u00f3 el equipo que logr\u00f3 el hist\u00f3rico quinto puesto en <strong>Brasil 2014<\/strong>, marcando un gol; mientras que tambi\u00e9n hizo parte de la n\u00f3mina que particip\u00f3 en los <strong>Juegos Ol\u00edmpicos de R\u00edo<\/strong> en 2016, logrando acceder hasta cuartos de final y anotando tres tantos en cuatro compromisos.<\/span><\/p>\n","protected":false},"excerpt":{"rendered":"<p>El 17 de mayo de 1985 naci\u00f3 en Barranquilla\u00a0Te\u00f3filo Guti\u00e9rrez, uno de los principales referentes del Junior en el presente siglo y con un paso importante por el f\u00fatbol internacional, especialmente por River Plate. 'Teo' comenz\u00f3 su trayectoria por el Barranquilla FC en 2006, equipo del cual fue transferido al Junior al a\u00f1o siguiente, jugando [&hellip;]<\/p>\n","protected":false},"author":5,"featured_media":51277,"comment_status":"open","ping_status":"open","sticky":false,"template":"","format":"standard","meta":{"_acf_changed":false,"footnotes":""},"categories":[418],"tags":[689],"class_list":{"0":"post-51276","1":"post","2":"type-post","3":"status-publish","4":"format-standard","5":"has-post-thumbnail","7":"category-colombia","8":"tag-teofilo-gutierrez"},"acf":[],"yoast_head":"<!-- This site is optimized with the Yoast SEO plugin v26.8 - https:\/\/yoast.com\/product\/yoast-seo-wordpress\/ -->\n<title>\u00a1Feliz cumplea\u00f1os 35, &#039;Teo&#039;! -<\/title>\n<meta name=\"robots\" content=\"index, follow, max-snippet:-1, max-image-preview:large, max-video-preview:-1\" \/>\n<link rel=\"canonical\" href=\"https:\/\/futbolhoy.co\/index.php\/2020\/05\/17\/feliz-cumpleanos-35-teo\/\" \/>\n<meta property=\"og:locale\" content=\"es_ES\" \/>\n<meta property=\"og:type\" content=\"article\" \/>\n<meta property=\"og:title\" content=\"\u00a1Feliz cumplea\u00f1os 35, &#039;Teo&#039;! -\" \/>\n<meta property=\"og:description\" content=\"El 17 de mayo de 1985 naci\u00f3 en Barranquilla\u00a0Te\u00f3filo Guti\u00e9rrez, uno de los principales referentes del Junior en el presente siglo y con un paso importante por el f\u00fatbol internacional, especialmente por River Plate. &#039;Teo&#039; comenz\u00f3 su trayectoria por el Barranquilla FC en 2006, equipo del cual fue transferido al Junior al a\u00f1o siguiente, jugando [&hellip;]\" \/>\n<meta property=\"og:url\" content=\"https:\/\/futbolhoy.co\/index.php\/2020\/05\/17\/feliz-cumpleanos-35-teo\/\" \/>\n<meta property=\"article:publisher\" content=\"https:\/\/www.facebook.com\/FutbolHoyCol\/\" \/>\n<meta property=\"article:published_time\" content=\"2020-05-17T12:47:17+00:00\" \/>\n<meta property=\"article:modified_time\" content=\"2020-05-17T22:25:20+00:00\" \/>\n<meta property=\"og:image\" content=\"https:\/\/futbolhoy.co\/wp-content\/uploads\/2020\/05\/EYOOL4IX0AESvog.jpg\" \/>\n\t<meta property=\"og:image:width\" content=\"1080\" \/>\n\t<meta property=\"og:image:height\" content=\"1350\" \/>\n\t<meta property=\"og:image:type\" content=\"image\/jpeg\" \/>\n<meta name=\"author\" content=\"Laura Hern\u00e1ndez\" \/>\n<meta name=\"twitter:card\" content=\"summary_large_image\" \/>\n<meta name=\"twitter:creator\" content=\"@FutbolHoyCol\" \/>\n<meta name=\"twitter:site\" content=\"@FutbolHoyCol\" \/>\n<meta name=\"twitter:label1\" content=\"Escrito por\" \/>\n\t<meta name=\"twitter:data1\" content=\"Laura Hern\u00e1ndez\" \/>\n\t<meta name=\"twitter:label2\" content=\"Tiempo de lectura\" \/>\n\t<meta name=\"twitter:data2\" content=\"2 minutos\" \/>\n<script type=\"application\/ld+json\" class=\"yoast-schema-graph\">{\"@context\":\"https:\/\/schema.org\",\"@graph\":[{\"@type\":\"Article\",\"@id\":\"https:\/\/futbolhoy.co\/index.php\/2020\/05\/17\/feliz-cumpleanos-35-teo\/#article\",\"isPartOf\":{\"@id\":\"https:\/\/futbolhoy.co\/index.php\/2020\/05\/17\/feliz-cumpleanos-35-teo\/\"},\"author\":{\"name\":\"Laura Hern\u00e1ndez\",\"@id\":\"https:\/\/futbolhoy.co\/#\/schema\/person\/c4a353a512b127643723a34bb1812f7d\"},\"headline\":\"\u00a1Feliz cumplea\u00f1os 35, 'Teo'!\",\"datePublished\":\"2020-05-17T12:47:17+00:00\",\"dateModified\":\"2020-05-17T22:25:20+00:00\",\"mainEntityOfPage\":{\"@id\":\"https:\/\/futbolhoy.co\/index.php\/2020\/05\/17\/feliz-cumpleanos-35-teo\/\"},\"wordCount\":428,\"commentCount\":0,\"publisher\":{\"@id\":\"https:\/\/futbolhoy.co\/#organization\"},\"image\":{\"@id\":\"https:\/\/futbolhoy.co\/index.php\/2020\/05\/17\/feliz-cumpleanos-35-teo\/#primaryimage\"},\"thumbnailUrl\":\"https:\/\/futbolhoy.co\/wp-content\/uploads\/2020\/05\/EYOOL4IX0AESvog.jpg\",\"keywords\":[\"Te\u00f3filo Guti\u00e9rrez\"],\"articleSection\":[\"Colombia\"],\"inLanguage\":\"es\",\"potentialAction\":[{\"@type\":\"CommentAction\",\"name\":\"Comment\",\"target\":[\"https:\/\/futbolhoy.co\/index.php\/2020\/05\/17\/feliz-cumpleanos-35-teo\/#respond\"]}]},{\"@type\":\"WebPage\",\"@id\":\"https:\/\/futbolhoy.co\/index.php\/2020\/05\/17\/feliz-cumpleanos-35-teo\/\",\"url\":\"https:\/\/futbolhoy.co\/index.php\/2020\/05\/17\/feliz-cumpleanos-35-teo\/\",\"name\":\"\u00a1Feliz cumplea\u00f1os 35, 'Teo'! -\",\"isPartOf\":{\"@id\":\"https:\/\/futbolhoy.co\/#website\"},\"primaryImageOfPage\":{\"@id\":\"https:\/\/futbolhoy.co\/index.php\/2020\/05\/17\/feliz-cumpleanos-35-teo\/#primaryimage\"},\"image\":{\"@id\":\"https:\/\/futbolhoy.co\/index.php\/2020\/05\/17\/feliz-cumpleanos-35-teo\/#primaryimage\"},\"thumbnailUrl\":\"https:\/\/futbolhoy.co\/wp-content\/uploads\/2020\/05\/EYOOL4IX0AESvog.jpg\",\"datePublished\":\"2020-05-17T12:47:17+00:00\",\"dateModified\":\"2020-05-17T22:25:20+00:00\",\"breadcrumb\":{\"@id\":\"https:\/\/futbolhoy.co\/index.php\/2020\/05\/17\/feliz-cumpleanos-35-teo\/#breadcrumb\"},\"inLanguage\":\"es\",\"potentialAction\":[{\"@type\":\"ReadAction\",\"target\":[\"https:\/\/futbolhoy.co\/index.php\/2020\/05\/17\/feliz-cumpleanos-35-teo\/\"]}]},{\"@type\":\"ImageObject\",\"inLanguage\":\"es\",\"@id\":\"https:\/\/futbolhoy.co\/index.php\/2020\/05\/17\/feliz-cumpleanos-35-teo\/#primaryimage\",\"url\":\"https:\/\/futbolhoy.co\/wp-content\/uploads\/2020\/05\/EYOOL4IX0AESvog.jpg\",\"contentUrl\":\"https:\/\/futbolhoy.co\/wp-content\/uploads\/2020\/05\/EYOOL4IX0AESvog.jpg\",\"width\":1080,\"height\":1350},{\"@type\":\"BreadcrumbList\",\"@id\":\"https:\/\/futbolhoy.co\/index.php\/2020\/05\/17\/feliz-cumpleanos-35-teo\/#breadcrumb\",\"itemListElement\":[{\"@type\":\"ListItem\",\"position\":1,\"name\":\"Portada\",\"item\":\"https:\/\/futbolhoy.co\/\"},{\"@type\":\"ListItem\",\"position\":2,\"name\":\"\u00a1Feliz cumplea\u00f1os 35, &#8216;Teo&#8217;!\"}]},{\"@type\":\"WebSite\",\"@id\":\"https:\/\/futbolhoy.co\/#website\",\"url\":\"https:\/\/futbolhoy.co\/\",\"name\":\"FutbolHoy\",\"description\":\"\",\"publisher\":{\"@id\":\"https:\/\/futbolhoy.co\/#organization\"},\"potentialAction\":[{\"@type\":\"SearchAction\",\"target\":{\"@type\":\"EntryPoint\",\"urlTemplate\":\"https:\/\/futbolhoy.co\/?s={search_term_string}\"},\"query-input\":{\"@type\":\"PropertyValueSpecification\",\"valueRequired\":true,\"valueName\":\"search_term_string\"}}],\"inLanguage\":\"es\"},{\"@type\":\"Organization\",\"@id\":\"https:\/\/futbolhoy.co\/#organization\",\"name\":\"Futbolhoy.co\",\"url\":\"https:\/\/futbolhoy.co\/\",\"logo\":{\"@type\":\"ImageObject\",\"inLanguage\":\"es\",\"@id\":\"https:\/\/futbolhoy.co\/#\/schema\/logo\/image\/\",\"url\":\"https:\/\/futbolhoy.co\/wp-content\/uploads\/2018\/08\/17426380_1906371736249227_6326180412931521141_n.jpg\",\"contentUrl\":\"https:\/\/futbolhoy.co\/wp-content\/uploads\/2018\/08\/17426380_1906371736249227_6326180412931521141_n.jpg\",\"width\":960,\"height\":960,\"caption\":\"Futbolhoy.co\"},\"image\":{\"@id\":\"https:\/\/futbolhoy.co\/#\/schema\/logo\/image\/\"},\"sameAs\":[\"https:\/\/www.facebook.com\/FutbolHoyCol\/\",\"https:\/\/x.com\/FutbolHoyCol\",\"https:\/\/www.instagram.com\/futbolhoycol\/\"]},{\"@type\":\"Person\",\"@id\":\"https:\/\/futbolhoy.co\/#\/schema\/person\/c4a353a512b127643723a34bb1812f7d\",\"name\":\"Laura Hern\u00e1ndez\",\"image\":{\"@type\":\"ImageObject\",\"inLanguage\":\"es\",\"@id\":\"https:\/\/futbolhoy.co\/#\/schema\/person\/image\/\",\"url\":\"https:\/\/secure.gravatar.com\/avatar\/d25959a15b9b293a743f99181c7cfd01?s=96&d=mm&r=g\",\"contentUrl\":\"https:\/\/secure.gravatar.com\/avatar\/d25959a15b9b293a743f99181c7cfd01?s=96&d=mm&r=g\",\"caption\":\"Laura Hern\u00e1ndez\"}}]}<\/script>\n<!-- \/ Yoast SEO plugin. -->","yoast_head_json":{"title":"\u00a1Feliz cumplea\u00f1os 35, 'Teo'! -","robots":{"index":"index","follow":"follow","max-snippet":"max-snippet:-1","max-image-preview":"max-image-preview:large","max-video-preview":"max-video-preview:-1"},"canonical":"https:\/\/futbolhoy.co\/index.php\/2020\/05\/17\/feliz-cumpleanos-35-teo\/","og_locale":"es_ES","og_type":"article","og_title":"\u00a1Feliz cumplea\u00f1os 35, 'Teo'! -","og_description":"El 17 de mayo de 1985 naci\u00f3 en Barranquilla\u00a0Te\u00f3filo Guti\u00e9rrez, uno de los principales referentes del Junior en el presente siglo y con un paso importante por el f\u00fatbol internacional, especialmente por River Plate. 'Teo' comenz\u00f3 su trayectoria por el Barranquilla FC en 2006, equipo del cual fue transferido al Junior al a\u00f1o siguiente, jugando [&hellip;]","og_url":"https:\/\/futbolhoy.co\/index.php\/2020\/05\/17\/feliz-cumpleanos-35-teo\/","article_publisher":"https:\/\/www.facebook.com\/FutbolHoyCol\/","article_published_time":"2020-05-17T12:47:17+00:00","article_modified_time":"2020-05-17T22:25:20+00:00","og_image":[{"width":1080,"height":1350,"url":"https:\/\/futbolhoy.co\/wp-content\/uploads\/2020\/05\/EYOOL4IX0AESvog.jpg","type":"image\/jpeg"}],"author":"Laura Hern\u00e1ndez","twitter_card":"summary_large_image","twitter_creator":"@FutbolHoyCol","twitter_site":"@FutbolHoyCol","twitter_misc":{"Escrito por":"Laura Hern\u00e1ndez","Tiempo de lectura":"2 minutos"},"schema":{"@context":"https:\/\/schema.org","@graph":[{"@type":"Article","@id":"https:\/\/futbolhoy.co\/index.php\/2020\/05\/17\/feliz-cumpleanos-35-teo\/#article","isPartOf":{"@id":"https:\/\/futbolhoy.co\/index.php\/2020\/05\/17\/feliz-cumpleanos-35-teo\/"},"author":{"name":"Laura Hern\u00e1ndez","@id":"https:\/\/futbolhoy.co\/#\/schema\/person\/c4a353a512b127643723a34bb1812f7d"},"headline":"\u00a1Feliz cumplea\u00f1os 35, 'Teo'!","datePublished":"2020-05-17T12:47:17+00:00","dateModified":"2020-05-17T22:25:20+00:00","mainEntityOfPage":{"@id":"https:\/\/futbolhoy.co\/index.php\/2020\/05\/17\/feliz-cumpleanos-35-teo\/"},"wordCount":428,"commentCount":0,"publisher":{"@id":"https:\/\/futbolhoy.co\/#organization"},"image":{"@id":"https:\/\/futbolhoy.co\/index.php\/2020\/05\/17\/feliz-cumpleanos-35-teo\/#primaryimage"},"thumbnailUrl":"https:\/\/futbolhoy.co\/wp-content\/uploads\/2020\/05\/EYOOL4IX0AESvog.jpg","keywords":["Te\u00f3filo Guti\u00e9rrez"],"articleSection":["Colombia"],"inLanguage":"es","potentialAction":[{"@type":"CommentAction","name":"Comment","target":["https:\/\/futbolhoy.co\/index.php\/2020\/05\/17\/feliz-cumpleanos-35-teo\/#respond"]}]},{"@type":"WebPage","@id":"https:\/\/futbolhoy.co\/index.php\/2020\/05\/17\/feliz-cumpleanos-35-teo\/","url":"https:\/\/futbolhoy.co\/index.php\/2020\/05\/17\/feliz-cumpleanos-35-teo\/","name":"\u00a1Feliz cumplea\u00f1os 35, 'Teo'! -","isPartOf":{"@id":"https:\/\/futbolhoy.co\/#website"},"primaryImageOfPage":{"@id":"https:\/\/futbolhoy.co\/index.php\/2020\/05\/17\/feliz-cumpleanos-35-teo\/#primaryimage"},"image":{"@id":"https:\/\/futbolhoy.co\/index.php\/2020\/05\/17\/feliz-cumpleanos-35-teo\/#primaryimage"},"thumbnailUrl":"https:\/\/futbolhoy.co\/wp-content\/uploads\/2020\/05\/EYOOL4IX0AESvog.jpg","datePublished":"2020-05-17T12:47:17+00:00","dateModified":"2020-05-17T22:25:20+00:00","breadcrumb":{"@id":"https:\/\/futbolhoy.co\/index.php\/2020\/05\/17\/feliz-cumpleanos-35-teo\/#breadcrumb"},"inLanguage":"es","potentialAction":[{"@type":"ReadAction","target":["https:\/\/futbolhoy.co\/index.php\/2020\/05\/17\/feliz-cumpleanos-35-teo\/"]}]},{"@type":"ImageObject","inLanguage":"es","@id":"https:\/\/futbolhoy.co\/index.php\/2020\/05\/17\/feliz-cumpleanos-35-teo\/#primaryimage","url":"https:\/\/futbolhoy.co\/wp-content\/uploads\/2020\/05\/EYOOL4IX0AESvog.jpg","contentUrl":"https:\/\/futbolhoy.co\/wp-content\/uploads\/2020\/05\/EYOOL4IX0AESvog.jpg","width":1080,"height":1350},{"@type":"BreadcrumbList","@id":"https:\/\/futbolhoy.co\/index.php\/2020\/05\/17\/feliz-cumpleanos-35-teo\/#breadcrumb","itemListElement":[{"@type":"ListItem","position":1,"name":"Portada","item":"https:\/\/futbolhoy.co\/"},{"@type":"ListItem","position":2,"name":"\u00a1Feliz cumplea\u00f1os 35, &#8216;Teo&#8217;!"}]},{"@type":"WebSite","@id":"https:\/\/futbolhoy.co\/#website","url":"https:\/\/futbolhoy.co\/","name":"FutbolHoy","description":"","publisher":{"@id":"https:\/\/futbolhoy.co\/#organization"},"potentialAction":[{"@type":"SearchAction","target":{"@type":"EntryPoint","urlTemplate":"https:\/\/futbolhoy.co\/?s={search_term_string}"},"query-input":{"@type":"PropertyValueSpecification","valueRequired":true,"valueName":"search_term_string"}}],"inLanguage":"es"},{"@type":"Organization","@id":"https:\/\/futbolhoy.co\/#organization","name":"Futbolhoy.co","url":"https:\/\/futbolhoy.co\/","logo":{"@type":"ImageObject","inLanguage":"es","@id":"https:\/\/futbolhoy.co\/#\/schema\/logo\/image\/","url":"https:\/\/futbolhoy.co\/wp-content\/uploads\/2018\/08\/17426380_1906371736249227_6326180412931521141_n.jpg","contentUrl":"https:\/\/futbolhoy.co\/wp-content\/uploads\/2018\/08\/17426380_1906371736249227_6326180412931521141_n.jpg","width":960,"height":960,"caption":"Futbolhoy.co"},"image":{"@id":"https:\/\/futbolhoy.co\/#\/schema\/logo\/image\/"},"sameAs":["https:\/\/www.facebook.com\/FutbolHoyCol\/","https:\/\/x.com\/FutbolHoyCol","https:\/\/www.instagram.com\/futbolhoycol\/"]},{"@type":"Person","@id":"https:\/\/futbolhoy.co\/#\/schema\/person\/c4a353a512b127643723a34bb1812f7d","name":"Laura Hern\u00e1ndez","image":{"@type":"ImageObject","inLanguage":"es","@id":"https:\/\/futbolhoy.co\/#\/schema\/person\/image\/","url":"https:\/\/secure.gravatar.com\/avatar\/d25959a15b9b293a743f99181c7cfd01?s=96&d=mm&r=g","contentUrl":"https:\/\/secure.gravatar.com\/avatar\/d25959a15b9b293a743f99181c7cfd01?s=96&d=mm&r=g","caption":"Laura Hern\u00e1ndez"}}]}},"publishpress_future_action":{"enabled":false,"date":"2026-05-04 09:45:11","action":"change-status","newStatus":"draft","terms":[],"taxonomy":"category","extraData":[]},"publishpress_future_workflow_manual_trigger":{"enabledWorkflows":[]},"_links":{"self":[{"href":"https:\/\/futbolhoy.co\/index.php\/wp-json\/wp\/v2\/posts\/51276","targetHints":{"allow":["GET"]}}],"collection":[{"href":"https:\/\/futbolhoy.co\/index.php\/wp-json\/wp\/v2\/posts"}],"about":[{"href":"https:\/\/futbolhoy.co\/index.php\/wp-json\/wp\/v2\/types\/post"}],"author":[{"embeddable":true,"href":"https:\/\/futbolhoy.co\/index.php\/wp-json\/wp\/v2\/users\/5"}],"replies":[{"embeddable":true,"href":"https:\/\/futbolhoy.co\/index.php\/wp-json\/wp\/v2\/comments?post=51276"}],"version-history":[{"count":1,"href":"https:\/\/futbolhoy.co\/index.php\/wp-json\/wp\/v2\/posts\/51276\/revisions"}],"predecessor-version":[{"id":51278,"href":"https:\/\/futbolhoy.co\/index.php\/wp-json\/wp\/v2\/posts\/51276\/revisions\/51278"}],"wp:featuredmedia":[{"embeddable":true,"href":"https:\/\/futbolhoy.co\/index.php\/wp-json\/wp\/v2\/media\/51277"}],"wp:attachment":[{"href":"https:\/\/futbolhoy.co\/index.php\/wp-json\/wp\/v2\/media?parent=51276"}],"wp:term":[{"taxonomy":"category","embeddable":true,"href":"https:\/\/futbolhoy.co\/index.php\/wp-json\/wp\/v2\/categories?post=51276"},{"taxonomy":"post_tag","embeddable":true,"href":"https:\/\/futbolhoy.co\/index.php\/wp-json\/wp\/v2\/tags?post=51276"}],"curies":[{"name":"wp","href":"https:\/\/api.w.org\/{rel}","templated":true}]}}