{"id":51312,"date":"2020-05-18T16:58:16","date_gmt":"2020-05-18T21:58:16","guid":{"rendered":"https:\/\/futbolhoy.co\/?p=51312"},"modified":"2020-05-19T19:35:39","modified_gmt":"2020-05-20T00:35:39","slug":"van-gaal-estuvo-cerca-de-reemplazar-a-osorio","status":"publish","type":"post","link":"https:\/\/futbolhoy.co\/index.php\/2020\/05\/18\/van-gaal-estuvo-cerca-de-reemplazar-a-osorio\/","title":{"rendered":"Van Gaal estuvo cerca de reemplazar a Osorio"},"content":{"rendered":"<p style=\"text-align: justify;\"><span style=\"font-family: helvetica, arial, sans-serif;\">El t\u00e9cnico holand\u00e9s <strong>Louis van Gaal<\/strong> reconoci\u00f3 que recibi\u00f3 una oferta hace 2 a\u00f1os para reemplazar al pereirano <strong>Juan Carlos Osorio<\/strong> como seleccionador de <strong>M\u00e9xico,<\/strong> propuesta que finalmente rechaz\u00f3.<\/span><\/p>\n<p style=\"text-align: justify;\"><span style=\"font-family: helvetica, arial, sans-serif;\">\u201cPens\u00e9 que ser\u00eda un pa\u00eds adecuado para m\u00ed. Hablo el idioma, creo que son prometedores y tienen una buena selecci\u00f3n\u201d, sostuvo el ex t\u00e9cnico del <strong>Barcelona<\/strong> y <strong>Manchester United.<\/strong><\/span><\/p>\n<p style=\"text-align: justify;\"><span style=\"font-family: helvetica, arial, sans-serif;\">Van Gaal agreg\u00f3 que le hubiera gustado convertir a M\u00e9xico en \u201cla Holanda de Am\u00e9rica\u201d, pero a\u00f1adi\u00f3 que cuando recibi\u00f3 la propuesta ten\u00eda otros compromisos.<\/span><\/p>\n<p style=\"text-align: justify;\"><span style=\"font-family: helvetica, arial, sans-serif;\">Osorio dej\u00f3 el cargo en M\u00e9xico a mediados del 2018, cargo donde fue sustituido por el argentino <strong>Gerardo Martino.<\/strong><\/span><\/p>\n","protected":false},"excerpt":{"rendered":"<p>El t\u00e9cnico holand\u00e9s Louis van Gaal reconoci\u00f3 que recibi\u00f3 una oferta hace 2 a\u00f1os para reemplazar al pereirano Juan Carlos Osorio como seleccionador de M\u00e9xico, propuesta que finalmente rechaz\u00f3. \u201cPens\u00e9 que ser\u00eda un pa\u00eds adecuado para m\u00ed. Hablo el idioma, creo que son prometedores y tienen una buena selecci\u00f3n\u201d, sostuvo el ex t\u00e9cnico del Barcelona [&hellip;]<\/p>\n","protected":false},"author":5,"featured_media":51313,"comment_status":"open","ping_status":"open","sticky":false,"template":"","format":"standard","meta":{"_acf_changed":false,"footnotes":""},"categories":[152],"tags":[308,425,1858],"class_list":{"0":"post-51312","1":"post","2":"type-post","3":"status-publish","4":"format-standard","5":"has-post-thumbnail","7":"category-mundo-futbol","8":"tag-juan-carlos-osorio","9":"tag-seleccion-mexico","10":"tag-van-gaal"},"acf":[],"yoast_head":"<!-- This site is optimized with the Yoast SEO plugin v26.8 - https:\/\/yoast.com\/product\/yoast-seo-wordpress\/ -->\n<title>Van Gaal estuvo cerca de reemplazar a Osorio -<\/title>\n<meta name=\"robots\" content=\"index, follow, max-snippet:-1, max-image-preview:large, max-video-preview:-1\" \/>\n<link rel=\"canonical\" href=\"https:\/\/futbolhoy.co\/index.php\/2020\/05\/18\/van-gaal-estuvo-cerca-de-reemplazar-a-osorio\/\" \/>\n<meta property=\"og:locale\" content=\"es_ES\" \/>\n<meta property=\"og:type\" content=\"article\" \/>\n<meta property=\"og:title\" content=\"Van Gaal estuvo cerca de reemplazar a Osorio -\" \/>\n<meta property=\"og:description\" content=\"El t\u00e9cnico holand\u00e9s Louis van Gaal reconoci\u00f3 que recibi\u00f3 una oferta hace 2 a\u00f1os para reemplazar al pereirano Juan Carlos Osorio como seleccionador de M\u00e9xico, propuesta que finalmente rechaz\u00f3. \u201cPens\u00e9 que ser\u00eda un pa\u00eds adecuado para m\u00ed. Hablo el idioma, creo que son prometedores y tienen una buena selecci\u00f3n\u201d, sostuvo el ex t\u00e9cnico del Barcelona [&hellip;]\" \/>\n<meta property=\"og:url\" content=\"https:\/\/futbolhoy.co\/index.php\/2020\/05\/18\/van-gaal-estuvo-cerca-de-reemplazar-a-osorio\/\" \/>\n<meta property=\"article:publisher\" content=\"https:\/\/www.facebook.com\/FutbolHoyCol\/\" \/>\n<meta property=\"article:published_time\" content=\"2020-05-18T21:58:16+00:00\" \/>\n<meta property=\"article:modified_time\" content=\"2020-05-20T00:35:39+00:00\" \/>\n<meta property=\"og:image\" content=\"https:\/\/futbolhoy.co\/wp-content\/uploads\/2020\/05\/van-gaal.jpg\" \/>\n\t<meta property=\"og:image:width\" content=\"600\" \/>\n\t<meta property=\"og:image:height\" content=\"337\" \/>\n\t<meta property=\"og:image:type\" content=\"image\/jpeg\" \/>\n<meta name=\"author\" content=\"Laura Hern\u00e1ndez\" \/>\n<meta name=\"twitter:card\" content=\"summary_large_image\" \/>\n<meta name=\"twitter:creator\" content=\"@FutbolHoyCol\" \/>\n<meta name=\"twitter:site\" content=\"@FutbolHoyCol\" \/>\n<meta name=\"twitter:label1\" content=\"Escrito por\" \/>\n\t<meta name=\"twitter:data1\" content=\"Laura Hern\u00e1ndez\" \/>\n\t<meta name=\"twitter:label2\" content=\"Tiempo de lectura\" \/>\n\t<meta name=\"twitter:data2\" content=\"1 minuto\" \/>\n<script type=\"application\/ld+json\" class=\"yoast-schema-graph\">{\"@context\":\"https:\/\/schema.org\",\"@graph\":[{\"@type\":\"Article\",\"@id\":\"https:\/\/futbolhoy.co\/index.php\/2020\/05\/18\/van-gaal-estuvo-cerca-de-reemplazar-a-osorio\/#article\",\"isPartOf\":{\"@id\":\"https:\/\/futbolhoy.co\/index.php\/2020\/05\/18\/van-gaal-estuvo-cerca-de-reemplazar-a-osorio\/\"},\"author\":{\"name\":\"Laura Hern\u00e1ndez\",\"@id\":\"https:\/\/futbolhoy.co\/#\/schema\/person\/c4a353a512b127643723a34bb1812f7d\"},\"headline\":\"Van Gaal estuvo cerca de reemplazar a Osorio\",\"datePublished\":\"2020-05-18T21:58:16+00:00\",\"dateModified\":\"2020-05-20T00:35:39+00:00\",\"mainEntityOfPage\":{\"@id\":\"https:\/\/futbolhoy.co\/index.php\/2020\/05\/18\/van-gaal-estuvo-cerca-de-reemplazar-a-osorio\/\"},\"wordCount\":121,\"commentCount\":0,\"publisher\":{\"@id\":\"https:\/\/futbolhoy.co\/#organization\"},\"image\":{\"@id\":\"https:\/\/futbolhoy.co\/index.php\/2020\/05\/18\/van-gaal-estuvo-cerca-de-reemplazar-a-osorio\/#primaryimage\"},\"thumbnailUrl\":\"https:\/\/futbolhoy.co\/wp-content\/uploads\/2020\/05\/van-gaal.jpg\",\"keywords\":[\"Juan Carlos Osorio\",\"seleccion mexico\",\"Van Gaal\"],\"articleSection\":[\"Mundo Futbol\"],\"inLanguage\":\"es\",\"potentialAction\":[{\"@type\":\"CommentAction\",\"name\":\"Comment\",\"target\":[\"https:\/\/futbolhoy.co\/index.php\/2020\/05\/18\/van-gaal-estuvo-cerca-de-reemplazar-a-osorio\/#respond\"]}]},{\"@type\":\"WebPage\",\"@id\":\"https:\/\/futbolhoy.co\/index.php\/2020\/05\/18\/van-gaal-estuvo-cerca-de-reemplazar-a-osorio\/\",\"url\":\"https:\/\/futbolhoy.co\/index.php\/2020\/05\/18\/van-gaal-estuvo-cerca-de-reemplazar-a-osorio\/\",\"name\":\"Van Gaal estuvo cerca de reemplazar a Osorio -\",\"isPartOf\":{\"@id\":\"https:\/\/futbolhoy.co\/#website\"},\"primaryImageOfPage\":{\"@id\":\"https:\/\/futbolhoy.co\/index.php\/2020\/05\/18\/van-gaal-estuvo-cerca-de-reemplazar-a-osorio\/#primaryimage\"},\"image\":{\"@id\":\"https:\/\/futbolhoy.co\/index.php\/2020\/05\/18\/van-gaal-estuvo-cerca-de-reemplazar-a-osorio\/#primaryimage\"},\"thumbnailUrl\":\"https:\/\/futbolhoy.co\/wp-content\/uploads\/2020\/05\/van-gaal.jpg\",\"datePublished\":\"2020-05-18T21:58:16+00:00\",\"dateModified\":\"2020-05-20T00:35:39+00:00\",\"breadcrumb\":{\"@id\":\"https:\/\/futbolhoy.co\/index.php\/2020\/05\/18\/van-gaal-estuvo-cerca-de-reemplazar-a-osorio\/#breadcrumb\"},\"inLanguage\":\"es\",\"potentialAction\":[{\"@type\":\"ReadAction\",\"target\":[\"https:\/\/futbolhoy.co\/index.php\/2020\/05\/18\/van-gaal-estuvo-cerca-de-reemplazar-a-osorio\/\"]}]},{\"@type\":\"ImageObject\",\"inLanguage\":\"es\",\"@id\":\"https:\/\/futbolhoy.co\/index.php\/2020\/05\/18\/van-gaal-estuvo-cerca-de-reemplazar-a-osorio\/#primaryimage\",\"url\":\"https:\/\/futbolhoy.co\/wp-content\/uploads\/2020\/05\/van-gaal.jpg\",\"contentUrl\":\"https:\/\/futbolhoy.co\/wp-content\/uploads\/2020\/05\/van-gaal.jpg\",\"width\":600,\"height\":337},{\"@type\":\"BreadcrumbList\",\"@id\":\"https:\/\/futbolhoy.co\/index.php\/2020\/05\/18\/van-gaal-estuvo-cerca-de-reemplazar-a-osorio\/#breadcrumb\",\"itemListElement\":[{\"@type\":\"ListItem\",\"position\":1,\"name\":\"Portada\",\"item\":\"https:\/\/futbolhoy.co\/\"},{\"@type\":\"ListItem\",\"position\":2,\"name\":\"Van Gaal estuvo cerca de reemplazar a Osorio\"}]},{\"@type\":\"WebSite\",\"@id\":\"https:\/\/futbolhoy.co\/#website\",\"url\":\"https:\/\/futbolhoy.co\/\",\"name\":\"FutbolHoy\",\"description\":\"\",\"publisher\":{\"@id\":\"https:\/\/futbolhoy.co\/#organization\"},\"potentialAction\":[{\"@type\":\"SearchAction\",\"target\":{\"@type\":\"EntryPoint\",\"urlTemplate\":\"https:\/\/futbolhoy.co\/?s={search_term_string}\"},\"query-input\":{\"@type\":\"PropertyValueSpecification\",\"valueRequired\":true,\"valueName\":\"search_term_string\"}}],\"inLanguage\":\"es\"},{\"@type\":\"Organization\",\"@id\":\"https:\/\/futbolhoy.co\/#organization\",\"name\":\"Futbolhoy.co\",\"url\":\"https:\/\/futbolhoy.co\/\",\"logo\":{\"@type\":\"ImageObject\",\"inLanguage\":\"es\",\"@id\":\"https:\/\/futbolhoy.co\/#\/schema\/logo\/image\/\",\"url\":\"https:\/\/futbolhoy.co\/wp-content\/uploads\/2018\/08\/17426380_1906371736249227_6326180412931521141_n.jpg\",\"contentUrl\":\"https:\/\/futbolhoy.co\/wp-content\/uploads\/2018\/08\/17426380_1906371736249227_6326180412931521141_n.jpg\",\"width\":960,\"height\":960,\"caption\":\"Futbolhoy.co\"},\"image\":{\"@id\":\"https:\/\/futbolhoy.co\/#\/schema\/logo\/image\/\"},\"sameAs\":[\"https:\/\/www.facebook.com\/FutbolHoyCol\/\",\"https:\/\/x.com\/FutbolHoyCol\",\"https:\/\/www.instagram.com\/futbolhoycol\/\"]},{\"@type\":\"Person\",\"@id\":\"https:\/\/futbolhoy.co\/#\/schema\/person\/c4a353a512b127643723a34bb1812f7d\",\"name\":\"Laura Hern\u00e1ndez\",\"image\":{\"@type\":\"ImageObject\",\"inLanguage\":\"es\",\"@id\":\"https:\/\/futbolhoy.co\/#\/schema\/person\/image\/\",\"url\":\"https:\/\/secure.gravatar.com\/avatar\/d25959a15b9b293a743f99181c7cfd01?s=96&d=mm&r=g\",\"contentUrl\":\"https:\/\/secure.gravatar.com\/avatar\/d25959a15b9b293a743f99181c7cfd01?s=96&d=mm&r=g\",\"caption\":\"Laura Hern\u00e1ndez\"}}]}<\/script>\n<!-- \/ Yoast SEO plugin. -->","yoast_head_json":{"title":"Van Gaal estuvo cerca de reemplazar a Osorio -","robots":{"index":"index","follow":"follow","max-snippet":"max-snippet:-1","max-image-preview":"max-image-preview:large","max-video-preview":"max-video-preview:-1"},"canonical":"https:\/\/futbolhoy.co\/index.php\/2020\/05\/18\/van-gaal-estuvo-cerca-de-reemplazar-a-osorio\/","og_locale":"es_ES","og_type":"article","og_title":"Van Gaal estuvo cerca de reemplazar a Osorio -","og_description":"El t\u00e9cnico holand\u00e9s Louis van Gaal reconoci\u00f3 que recibi\u00f3 una oferta hace 2 a\u00f1os para reemplazar al pereirano Juan Carlos Osorio como seleccionador de M\u00e9xico, propuesta que finalmente rechaz\u00f3. \u201cPens\u00e9 que ser\u00eda un pa\u00eds adecuado para m\u00ed. Hablo el idioma, creo que son prometedores y tienen una buena selecci\u00f3n\u201d, sostuvo el ex t\u00e9cnico del Barcelona [&hellip;]","og_url":"https:\/\/futbolhoy.co\/index.php\/2020\/05\/18\/van-gaal-estuvo-cerca-de-reemplazar-a-osorio\/","article_publisher":"https:\/\/www.facebook.com\/FutbolHoyCol\/","article_published_time":"2020-05-18T21:58:16+00:00","article_modified_time":"2020-05-20T00:35:39+00:00","og_image":[{"width":600,"height":337,"url":"https:\/\/futbolhoy.co\/wp-content\/uploads\/2020\/05\/van-gaal.jpg","type":"image\/jpeg"}],"author":"Laura Hern\u00e1ndez","twitter_card":"summary_large_image","twitter_creator":"@FutbolHoyCol","twitter_site":"@FutbolHoyCol","twitter_misc":{"Escrito por":"Laura Hern\u00e1ndez","Tiempo de lectura":"1 minuto"},"schema":{"@context":"https:\/\/schema.org","@graph":[{"@type":"Article","@id":"https:\/\/futbolhoy.co\/index.php\/2020\/05\/18\/van-gaal-estuvo-cerca-de-reemplazar-a-osorio\/#article","isPartOf":{"@id":"https:\/\/futbolhoy.co\/index.php\/2020\/05\/18\/van-gaal-estuvo-cerca-de-reemplazar-a-osorio\/"},"author":{"name":"Laura Hern\u00e1ndez","@id":"https:\/\/futbolhoy.co\/#\/schema\/person\/c4a353a512b127643723a34bb1812f7d"},"headline":"Van Gaal estuvo cerca de reemplazar a Osorio","datePublished":"2020-05-18T21:58:16+00:00","dateModified":"2020-05-20T00:35:39+00:00","mainEntityOfPage":{"@id":"https:\/\/futbolhoy.co\/index.php\/2020\/05\/18\/van-gaal-estuvo-cerca-de-reemplazar-a-osorio\/"},"wordCount":121,"commentCount":0,"publisher":{"@id":"https:\/\/futbolhoy.co\/#organization"},"image":{"@id":"https:\/\/futbolhoy.co\/index.php\/2020\/05\/18\/van-gaal-estuvo-cerca-de-reemplazar-a-osorio\/#primaryimage"},"thumbnailUrl":"https:\/\/futbolhoy.co\/wp-content\/uploads\/2020\/05\/van-gaal.jpg","keywords":["Juan Carlos Osorio","seleccion mexico","Van Gaal"],"articleSection":["Mundo Futbol"],"inLanguage":"es","potentialAction":[{"@type":"CommentAction","name":"Comment","target":["https:\/\/futbolhoy.co\/index.php\/2020\/05\/18\/van-gaal-estuvo-cerca-de-reemplazar-a-osorio\/#respond"]}]},{"@type":"WebPage","@id":"https:\/\/futbolhoy.co\/index.php\/2020\/05\/18\/van-gaal-estuvo-cerca-de-reemplazar-a-osorio\/","url":"https:\/\/futbolhoy.co\/index.php\/2020\/05\/18\/van-gaal-estuvo-cerca-de-reemplazar-a-osorio\/","name":"Van Gaal estuvo cerca de reemplazar a Osorio -","isPartOf":{"@id":"https:\/\/futbolhoy.co\/#website"},"primaryImageOfPage":{"@id":"https:\/\/futbolhoy.co\/index.php\/2020\/05\/18\/van-gaal-estuvo-cerca-de-reemplazar-a-osorio\/#primaryimage"},"image":{"@id":"https:\/\/futbolhoy.co\/index.php\/2020\/05\/18\/van-gaal-estuvo-cerca-de-reemplazar-a-osorio\/#primaryimage"},"thumbnailUrl":"https:\/\/futbolhoy.co\/wp-content\/uploads\/2020\/05\/van-gaal.jpg","datePublished":"2020-05-18T21:58:16+00:00","dateModified":"2020-05-20T00:35:39+00:00","breadcrumb":{"@id":"https:\/\/futbolhoy.co\/index.php\/2020\/05\/18\/van-gaal-estuvo-cerca-de-reemplazar-a-osorio\/#breadcrumb"},"inLanguage":"es","potentialAction":[{"@type":"ReadAction","target":["https:\/\/futbolhoy.co\/index.php\/2020\/05\/18\/van-gaal-estuvo-cerca-de-reemplazar-a-osorio\/"]}]},{"@type":"ImageObject","inLanguage":"es","@id":"https:\/\/futbolhoy.co\/index.php\/2020\/05\/18\/van-gaal-estuvo-cerca-de-reemplazar-a-osorio\/#primaryimage","url":"https:\/\/futbolhoy.co\/wp-content\/uploads\/2020\/05\/van-gaal.jpg","contentUrl":"https:\/\/futbolhoy.co\/wp-content\/uploads\/2020\/05\/van-gaal.jpg","width":600,"height":337},{"@type":"BreadcrumbList","@id":"https:\/\/futbolhoy.co\/index.php\/2020\/05\/18\/van-gaal-estuvo-cerca-de-reemplazar-a-osorio\/#breadcrumb","itemListElement":[{"@type":"ListItem","position":1,"name":"Portada","item":"https:\/\/futbolhoy.co\/"},{"@type":"ListItem","position":2,"name":"Van Gaal estuvo cerca de reemplazar a Osorio"}]},{"@type":"WebSite","@id":"https:\/\/futbolhoy.co\/#website","url":"https:\/\/futbolhoy.co\/","name":"FutbolHoy","description":"","publisher":{"@id":"https:\/\/futbolhoy.co\/#organization"},"potentialAction":[{"@type":"SearchAction","target":{"@type":"EntryPoint","urlTemplate":"https:\/\/futbolhoy.co\/?s={search_term_string}"},"query-input":{"@type":"PropertyValueSpecification","valueRequired":true,"valueName":"search_term_string"}}],"inLanguage":"es"},{"@type":"Organization","@id":"https:\/\/futbolhoy.co\/#organization","name":"Futbolhoy.co","url":"https:\/\/futbolhoy.co\/","logo":{"@type":"ImageObject","inLanguage":"es","@id":"https:\/\/futbolhoy.co\/#\/schema\/logo\/image\/","url":"https:\/\/futbolhoy.co\/wp-content\/uploads\/2018\/08\/17426380_1906371736249227_6326180412931521141_n.jpg","contentUrl":"https:\/\/futbolhoy.co\/wp-content\/uploads\/2018\/08\/17426380_1906371736249227_6326180412931521141_n.jpg","width":960,"height":960,"caption":"Futbolhoy.co"},"image":{"@id":"https:\/\/futbolhoy.co\/#\/schema\/logo\/image\/"},"sameAs":["https:\/\/www.facebook.com\/FutbolHoyCol\/","https:\/\/x.com\/FutbolHoyCol","https:\/\/www.instagram.com\/futbolhoycol\/"]},{"@type":"Person","@id":"https:\/\/futbolhoy.co\/#\/schema\/person\/c4a353a512b127643723a34bb1812f7d","name":"Laura Hern\u00e1ndez","image":{"@type":"ImageObject","inLanguage":"es","@id":"https:\/\/futbolhoy.co\/#\/schema\/person\/image\/","url":"https:\/\/secure.gravatar.com\/avatar\/d25959a15b9b293a743f99181c7cfd01?s=96&d=mm&r=g","contentUrl":"https:\/\/secure.gravatar.com\/avatar\/d25959a15b9b293a743f99181c7cfd01?s=96&d=mm&r=g","caption":"Laura Hern\u00e1ndez"}}]}},"publishpress_future_action":{"enabled":false,"date":"2026-05-05 05:33:07","action":"change-status","newStatus":"draft","terms":[],"taxonomy":"category","extraData":[]},"publishpress_future_workflow_manual_trigger":{"enabledWorkflows":[]},"_links":{"self":[{"href":"https:\/\/futbolhoy.co\/index.php\/wp-json\/wp\/v2\/posts\/51312","targetHints":{"allow":["GET"]}}],"collection":[{"href":"https:\/\/futbolhoy.co\/index.php\/wp-json\/wp\/v2\/posts"}],"about":[{"href":"https:\/\/futbolhoy.co\/index.php\/wp-json\/wp\/v2\/types\/post"}],"author":[{"embeddable":true,"href":"https:\/\/futbolhoy.co\/index.php\/wp-json\/wp\/v2\/users\/5"}],"replies":[{"embeddable":true,"href":"https:\/\/futbolhoy.co\/index.php\/wp-json\/wp\/v2\/comments?post=51312"}],"version-history":[{"count":1,"href":"https:\/\/futbolhoy.co\/index.php\/wp-json\/wp\/v2\/posts\/51312\/revisions"}],"predecessor-version":[{"id":51314,"href":"https:\/\/futbolhoy.co\/index.php\/wp-json\/wp\/v2\/posts\/51312\/revisions\/51314"}],"wp:featuredmedia":[{"embeddable":true,"href":"https:\/\/futbolhoy.co\/index.php\/wp-json\/wp\/v2\/media\/51313"}],"wp:attachment":[{"href":"https:\/\/futbolhoy.co\/index.php\/wp-json\/wp\/v2\/media?parent=51312"}],"wp:term":[{"taxonomy":"category","embeddable":true,"href":"https:\/\/futbolhoy.co\/index.php\/wp-json\/wp\/v2\/categories?post=51312"},{"taxonomy":"post_tag","embeddable":true,"href":"https:\/\/futbolhoy.co\/index.php\/wp-json\/wp\/v2\/tags?post=51312"}],"curies":[{"name":"wp","href":"https:\/\/api.w.org\/{rel}","templated":true}]}}