{"id":51370,"date":"2020-05-21T04:59:12","date_gmt":"2020-05-21T09:59:12","guid":{"rendered":"https:\/\/futbolhoy.co\/?p=51370"},"modified":"2020-05-21T18:47:56","modified_gmt":"2020-05-21T23:47:56","slug":"buscaremos-ganar-esta-en-nuestro-adn-zidane","status":"publish","type":"post","link":"https:\/\/futbolhoy.co\/index.php\/2020\/05\/21\/buscaremos-ganar-esta-en-nuestro-adn-zidane\/","title":{"rendered":"\u201cBuscaremos ganar, est\u00e1 en nuestro ADN\u201d: Zidane"},"content":{"rendered":"<!--[if lt IE 9]><script>document.createElement('audio');<\/script><![endif]-->\n<audio class=\"wp-audio-shortcode\" id=\"audio-51370-1\" preload=\"none\" style=\"width: 100%;\" controls=\"controls\"><source type=\"audio\/mpeg\" src=\"https:\/\/futbolhoy.co\/wp-content\/uploads\/2020\/05\/Zinedine-Zidane-2.mp3?_=1\" \/><a href=\"https:\/\/futbolhoy.co\/wp-content\/uploads\/2020\/05\/Zinedine-Zidane-2.mp3\">https:\/\/futbolhoy.co\/wp-content\/uploads\/2020\/05\/Zinedine-Zidane-2.mp3<\/a><\/audio>\n<p>(Zinedine Zidane en declaraciones a la p\u00e1gina web del Real Madrid)<\/p>\n<p style=\"text-align: justify;\"><span style=\"font-family: helvetica, arial, sans-serif;\">El franc\u00e9s <strong>Zinedine Zidane,<\/strong> t\u00e9cnico del <strong>Real Madrid,<\/strong> valor\u00f3 el estado de sus jugadores en el regreso a los entrenamientos y la mejor\u00eda que han tenido, a\u00f1adiendo que el equipo se prepara de la mejor manera para llegar en forma a lo que resta de la temporada.<\/span><\/p>\n<p style=\"text-align: justify;\"><span style=\"font-family: helvetica, arial, sans-serif;\">En <strong>LaLiga<\/strong> restan 11 fechas para terminar el campeonato, donde los \u2018merengues\u2019 ocupan el segundo lugar con 56 puntos, 2 menos que el l\u00edder <strong>Barcelona;<\/strong> mientras que, en la <strong>Champions,<\/strong> pierde la serie de octavos de final ante el <strong>Manchester City,<\/strong> luego de caer en la ida en el <strong>Santiago Bernab\u00e9u<\/strong> 1-2<\/span><\/p>\n<p style=\"text-align: justify;\"><span style=\"font-family: helvetica, arial, sans-serif;\">\u201cLos jugadores est\u00e1n aprovechando el tiempo y disfrutando, hay que pensar positivo; porque les gusta entrenar, pero m\u00e1s jugar. Al final lo importante es darlo todo para ganar algo t\u00edtulo, porque es el ADN del club, intentar ganar cosas\u201d, declar\u00f3 Zidane al canal oficial de televisi\u00f3n del Madrid.<\/span><\/p>\n","protected":false},"excerpt":{"rendered":"<p>(Zinedine Zidane en declaraciones a la p\u00e1gina web del Real Madrid) El franc\u00e9s Zinedine Zidane, t\u00e9cnico del Real Madrid, valor\u00f3 el estado de sus jugadores en el regreso a los entrenamientos y la mejor\u00eda que han tenido, a\u00f1adiendo que el equipo se prepara de la mejor manera para llegar en forma a lo que resta [&hellip;]<\/p>\n","protected":false},"author":5,"featured_media":51372,"comment_status":"open","ping_status":"open","sticky":false,"template":"","format":"video","meta":{"_acf_changed":false,"footnotes":""},"categories":[152],"tags":[110,239],"class_list":{"0":"post-51370","1":"post","2":"type-post","3":"status-publish","4":"format-video","5":"has-post-thumbnail","7":"category-mundo-futbol","8":"tag-real-madrid","9":"tag-zinedine-zidane","10":"post_format-post-format-video"},"acf":[],"yoast_head":"<!-- This site is optimized with the Yoast SEO plugin v26.8 - https:\/\/yoast.com\/product\/yoast-seo-wordpress\/ -->\n<title>\u201cBuscaremos ganar, est\u00e1 en nuestro ADN\u201d: Zidane -<\/title>\n<meta name=\"robots\" content=\"index, follow, max-snippet:-1, max-image-preview:large, max-video-preview:-1\" \/>\n<link rel=\"canonical\" href=\"https:\/\/futbolhoy.co\/index.php\/2020\/05\/21\/buscaremos-ganar-esta-en-nuestro-adn-zidane\/\" \/>\n<meta property=\"og:locale\" content=\"es_ES\" \/>\n<meta property=\"og:type\" content=\"article\" \/>\n<meta property=\"og:title\" content=\"\u201cBuscaremos ganar, est\u00e1 en nuestro ADN\u201d: Zidane -\" \/>\n<meta property=\"og:description\" content=\"(Zinedine Zidane en declaraciones a la p\u00e1gina web del Real Madrid) El franc\u00e9s Zinedine Zidane, t\u00e9cnico del Real Madrid, valor\u00f3 el estado de sus jugadores en el regreso a los entrenamientos y la mejor\u00eda que han tenido, a\u00f1adiendo que el equipo se prepara de la mejor manera para llegar en forma a lo que resta [&hellip;]\" \/>\n<meta property=\"og:url\" content=\"https:\/\/futbolhoy.co\/index.php\/2020\/05\/21\/buscaremos-ganar-esta-en-nuestro-adn-zidane\/\" \/>\n<meta property=\"article:publisher\" content=\"https:\/\/www.facebook.com\/FutbolHoyCol\/\" \/>\n<meta property=\"article:published_time\" content=\"2020-05-21T09:59:12+00:00\" \/>\n<meta property=\"article:modified_time\" content=\"2020-05-21T23:47:56+00:00\" \/>\n<meta property=\"og:image\" content=\"https:\/\/futbolhoy.co\/wp-content\/uploads\/2020\/05\/Zizou.png\" \/>\n\t<meta property=\"og:image:width\" content=\"1115\" \/>\n\t<meta property=\"og:image:height\" content=\"812\" \/>\n\t<meta property=\"og:image:type\" content=\"image\/png\" \/>\n<meta name=\"author\" content=\"Laura Hern\u00e1ndez\" \/>\n<meta name=\"twitter:card\" content=\"summary_large_image\" \/>\n<meta name=\"twitter:creator\" content=\"@FutbolHoyCol\" \/>\n<meta name=\"twitter:site\" content=\"@FutbolHoyCol\" \/>\n<meta name=\"twitter:label1\" content=\"Escrito por\" \/>\n\t<meta name=\"twitter:data1\" content=\"Laura Hern\u00e1ndez\" \/>\n\t<meta name=\"twitter:label2\" content=\"Tiempo de lectura\" \/>\n\t<meta name=\"twitter:data2\" content=\"1 minuto\" \/>\n<script type=\"application\/ld+json\" class=\"yoast-schema-graph\">{\"@context\":\"https:\/\/schema.org\",\"@graph\":[{\"@type\":\"Article\",\"@id\":\"https:\/\/futbolhoy.co\/index.php\/2020\/05\/21\/buscaremos-ganar-esta-en-nuestro-adn-zidane\/#article\",\"isPartOf\":{\"@id\":\"https:\/\/futbolhoy.co\/index.php\/2020\/05\/21\/buscaremos-ganar-esta-en-nuestro-adn-zidane\/\"},\"author\":{\"name\":\"Laura Hern\u00e1ndez\",\"@id\":\"https:\/\/futbolhoy.co\/#\/schema\/person\/c4a353a512b127643723a34bb1812f7d\"},\"headline\":\"\u201cBuscaremos ganar, est\u00e1 en nuestro ADN\u201d: Zidane\",\"datePublished\":\"2020-05-21T09:59:12+00:00\",\"dateModified\":\"2020-05-21T23:47:56+00:00\",\"mainEntityOfPage\":{\"@id\":\"https:\/\/futbolhoy.co\/index.php\/2020\/05\/21\/buscaremos-ganar-esta-en-nuestro-adn-zidane\/\"},\"wordCount\":183,\"commentCount\":0,\"publisher\":{\"@id\":\"https:\/\/futbolhoy.co\/#organization\"},\"image\":{\"@id\":\"https:\/\/futbolhoy.co\/index.php\/2020\/05\/21\/buscaremos-ganar-esta-en-nuestro-adn-zidane\/#primaryimage\"},\"thumbnailUrl\":\"https:\/\/futbolhoy.co\/wp-content\/uploads\/2020\/05\/Zizou.png\",\"keywords\":[\"Real Madrid\",\"Zinedine Zidane\"],\"articleSection\":[\"Mundo Futbol\"],\"inLanguage\":\"es\",\"potentialAction\":[{\"@type\":\"CommentAction\",\"name\":\"Comment\",\"target\":[\"https:\/\/futbolhoy.co\/index.php\/2020\/05\/21\/buscaremos-ganar-esta-en-nuestro-adn-zidane\/#respond\"]}]},{\"@type\":\"WebPage\",\"@id\":\"https:\/\/futbolhoy.co\/index.php\/2020\/05\/21\/buscaremos-ganar-esta-en-nuestro-adn-zidane\/\",\"url\":\"https:\/\/futbolhoy.co\/index.php\/2020\/05\/21\/buscaremos-ganar-esta-en-nuestro-adn-zidane\/\",\"name\":\"\u201cBuscaremos ganar, est\u00e1 en nuestro ADN\u201d: Zidane -\",\"isPartOf\":{\"@id\":\"https:\/\/futbolhoy.co\/#website\"},\"primaryImageOfPage\":{\"@id\":\"https:\/\/futbolhoy.co\/index.php\/2020\/05\/21\/buscaremos-ganar-esta-en-nuestro-adn-zidane\/#primaryimage\"},\"image\":{\"@id\":\"https:\/\/futbolhoy.co\/index.php\/2020\/05\/21\/buscaremos-ganar-esta-en-nuestro-adn-zidane\/#primaryimage\"},\"thumbnailUrl\":\"https:\/\/futbolhoy.co\/wp-content\/uploads\/2020\/05\/Zizou.png\",\"datePublished\":\"2020-05-21T09:59:12+00:00\",\"dateModified\":\"2020-05-21T23:47:56+00:00\",\"breadcrumb\":{\"@id\":\"https:\/\/futbolhoy.co\/index.php\/2020\/05\/21\/buscaremos-ganar-esta-en-nuestro-adn-zidane\/#breadcrumb\"},\"inLanguage\":\"es\",\"potentialAction\":[{\"@type\":\"ReadAction\",\"target\":[\"https:\/\/futbolhoy.co\/index.php\/2020\/05\/21\/buscaremos-ganar-esta-en-nuestro-adn-zidane\/\"]}]},{\"@type\":\"ImageObject\",\"inLanguage\":\"es\",\"@id\":\"https:\/\/futbolhoy.co\/index.php\/2020\/05\/21\/buscaremos-ganar-esta-en-nuestro-adn-zidane\/#primaryimage\",\"url\":\"https:\/\/futbolhoy.co\/wp-content\/uploads\/2020\/05\/Zizou.png\",\"contentUrl\":\"https:\/\/futbolhoy.co\/wp-content\/uploads\/2020\/05\/Zizou.png\",\"width\":1115,\"height\":812},{\"@type\":\"BreadcrumbList\",\"@id\":\"https:\/\/futbolhoy.co\/index.php\/2020\/05\/21\/buscaremos-ganar-esta-en-nuestro-adn-zidane\/#breadcrumb\",\"itemListElement\":[{\"@type\":\"ListItem\",\"position\":1,\"name\":\"Portada\",\"item\":\"https:\/\/futbolhoy.co\/\"},{\"@type\":\"ListItem\",\"position\":2,\"name\":\"\u201cBuscaremos ganar, est\u00e1 en nuestro ADN\u201d: Zidane\"}]},{\"@type\":\"WebSite\",\"@id\":\"https:\/\/futbolhoy.co\/#website\",\"url\":\"https:\/\/futbolhoy.co\/\",\"name\":\"FutbolHoy\",\"description\":\"\",\"publisher\":{\"@id\":\"https:\/\/futbolhoy.co\/#organization\"},\"potentialAction\":[{\"@type\":\"SearchAction\",\"target\":{\"@type\":\"EntryPoint\",\"urlTemplate\":\"https:\/\/futbolhoy.co\/?s={search_term_string}\"},\"query-input\":{\"@type\":\"PropertyValueSpecification\",\"valueRequired\":true,\"valueName\":\"search_term_string\"}}],\"inLanguage\":\"es\"},{\"@type\":\"Organization\",\"@id\":\"https:\/\/futbolhoy.co\/#organization\",\"name\":\"Futbolhoy.co\",\"url\":\"https:\/\/futbolhoy.co\/\",\"logo\":{\"@type\":\"ImageObject\",\"inLanguage\":\"es\",\"@id\":\"https:\/\/futbolhoy.co\/#\/schema\/logo\/image\/\",\"url\":\"https:\/\/futbolhoy.co\/wp-content\/uploads\/2018\/08\/17426380_1906371736249227_6326180412931521141_n.jpg\",\"contentUrl\":\"https:\/\/futbolhoy.co\/wp-content\/uploads\/2018\/08\/17426380_1906371736249227_6326180412931521141_n.jpg\",\"width\":960,\"height\":960,\"caption\":\"Futbolhoy.co\"},\"image\":{\"@id\":\"https:\/\/futbolhoy.co\/#\/schema\/logo\/image\/\"},\"sameAs\":[\"https:\/\/www.facebook.com\/FutbolHoyCol\/\",\"https:\/\/x.com\/FutbolHoyCol\",\"https:\/\/www.instagram.com\/futbolhoycol\/\"]},{\"@type\":\"Person\",\"@id\":\"https:\/\/futbolhoy.co\/#\/schema\/person\/c4a353a512b127643723a34bb1812f7d\",\"name\":\"Laura Hern\u00e1ndez\",\"image\":{\"@type\":\"ImageObject\",\"inLanguage\":\"es\",\"@id\":\"https:\/\/futbolhoy.co\/#\/schema\/person\/image\/\",\"url\":\"https:\/\/secure.gravatar.com\/avatar\/d25959a15b9b293a743f99181c7cfd01?s=96&d=mm&r=g\",\"contentUrl\":\"https:\/\/secure.gravatar.com\/avatar\/d25959a15b9b293a743f99181c7cfd01?s=96&d=mm&r=g\",\"caption\":\"Laura Hern\u00e1ndez\"}}]}<\/script>\n<!-- \/ Yoast SEO plugin. -->","yoast_head_json":{"title":"\u201cBuscaremos ganar, est\u00e1 en nuestro ADN\u201d: Zidane -","robots":{"index":"index","follow":"follow","max-snippet":"max-snippet:-1","max-image-preview":"max-image-preview:large","max-video-preview":"max-video-preview:-1"},"canonical":"https:\/\/futbolhoy.co\/index.php\/2020\/05\/21\/buscaremos-ganar-esta-en-nuestro-adn-zidane\/","og_locale":"es_ES","og_type":"article","og_title":"\u201cBuscaremos ganar, est\u00e1 en nuestro ADN\u201d: Zidane -","og_description":"(Zinedine Zidane en declaraciones a la p\u00e1gina web del Real Madrid) El franc\u00e9s Zinedine Zidane, t\u00e9cnico del Real Madrid, valor\u00f3 el estado de sus jugadores en el regreso a los entrenamientos y la mejor\u00eda que han tenido, a\u00f1adiendo que el equipo se prepara de la mejor manera para llegar en forma a lo que resta [&hellip;]","og_url":"https:\/\/futbolhoy.co\/index.php\/2020\/05\/21\/buscaremos-ganar-esta-en-nuestro-adn-zidane\/","article_publisher":"https:\/\/www.facebook.com\/FutbolHoyCol\/","article_published_time":"2020-05-21T09:59:12+00:00","article_modified_time":"2020-05-21T23:47:56+00:00","og_image":[{"width":1115,"height":812,"url":"https:\/\/futbolhoy.co\/wp-content\/uploads\/2020\/05\/Zizou.png","type":"image\/png"}],"author":"Laura Hern\u00e1ndez","twitter_card":"summary_large_image","twitter_creator":"@FutbolHoyCol","twitter_site":"@FutbolHoyCol","twitter_misc":{"Escrito por":"Laura Hern\u00e1ndez","Tiempo de lectura":"1 minuto"},"schema":{"@context":"https:\/\/schema.org","@graph":[{"@type":"Article","@id":"https:\/\/futbolhoy.co\/index.php\/2020\/05\/21\/buscaremos-ganar-esta-en-nuestro-adn-zidane\/#article","isPartOf":{"@id":"https:\/\/futbolhoy.co\/index.php\/2020\/05\/21\/buscaremos-ganar-esta-en-nuestro-adn-zidane\/"},"author":{"name":"Laura Hern\u00e1ndez","@id":"https:\/\/futbolhoy.co\/#\/schema\/person\/c4a353a512b127643723a34bb1812f7d"},"headline":"\u201cBuscaremos ganar, est\u00e1 en nuestro ADN\u201d: Zidane","datePublished":"2020-05-21T09:59:12+00:00","dateModified":"2020-05-21T23:47:56+00:00","mainEntityOfPage":{"@id":"https:\/\/futbolhoy.co\/index.php\/2020\/05\/21\/buscaremos-ganar-esta-en-nuestro-adn-zidane\/"},"wordCount":183,"commentCount":0,"publisher":{"@id":"https:\/\/futbolhoy.co\/#organization"},"image":{"@id":"https:\/\/futbolhoy.co\/index.php\/2020\/05\/21\/buscaremos-ganar-esta-en-nuestro-adn-zidane\/#primaryimage"},"thumbnailUrl":"https:\/\/futbolhoy.co\/wp-content\/uploads\/2020\/05\/Zizou.png","keywords":["Real Madrid","Zinedine Zidane"],"articleSection":["Mundo Futbol"],"inLanguage":"es","potentialAction":[{"@type":"CommentAction","name":"Comment","target":["https:\/\/futbolhoy.co\/index.php\/2020\/05\/21\/buscaremos-ganar-esta-en-nuestro-adn-zidane\/#respond"]}]},{"@type":"WebPage","@id":"https:\/\/futbolhoy.co\/index.php\/2020\/05\/21\/buscaremos-ganar-esta-en-nuestro-adn-zidane\/","url":"https:\/\/futbolhoy.co\/index.php\/2020\/05\/21\/buscaremos-ganar-esta-en-nuestro-adn-zidane\/","name":"\u201cBuscaremos ganar, est\u00e1 en nuestro ADN\u201d: Zidane -","isPartOf":{"@id":"https:\/\/futbolhoy.co\/#website"},"primaryImageOfPage":{"@id":"https:\/\/futbolhoy.co\/index.php\/2020\/05\/21\/buscaremos-ganar-esta-en-nuestro-adn-zidane\/#primaryimage"},"image":{"@id":"https:\/\/futbolhoy.co\/index.php\/2020\/05\/21\/buscaremos-ganar-esta-en-nuestro-adn-zidane\/#primaryimage"},"thumbnailUrl":"https:\/\/futbolhoy.co\/wp-content\/uploads\/2020\/05\/Zizou.png","datePublished":"2020-05-21T09:59:12+00:00","dateModified":"2020-05-21T23:47:56+00:00","breadcrumb":{"@id":"https:\/\/futbolhoy.co\/index.php\/2020\/05\/21\/buscaremos-ganar-esta-en-nuestro-adn-zidane\/#breadcrumb"},"inLanguage":"es","potentialAction":[{"@type":"ReadAction","target":["https:\/\/futbolhoy.co\/index.php\/2020\/05\/21\/buscaremos-ganar-esta-en-nuestro-adn-zidane\/"]}]},{"@type":"ImageObject","inLanguage":"es","@id":"https:\/\/futbolhoy.co\/index.php\/2020\/05\/21\/buscaremos-ganar-esta-en-nuestro-adn-zidane\/#primaryimage","url":"https:\/\/futbolhoy.co\/wp-content\/uploads\/2020\/05\/Zizou.png","contentUrl":"https:\/\/futbolhoy.co\/wp-content\/uploads\/2020\/05\/Zizou.png","width":1115,"height":812},{"@type":"BreadcrumbList","@id":"https:\/\/futbolhoy.co\/index.php\/2020\/05\/21\/buscaremos-ganar-esta-en-nuestro-adn-zidane\/#breadcrumb","itemListElement":[{"@type":"ListItem","position":1,"name":"Portada","item":"https:\/\/futbolhoy.co\/"},{"@type":"ListItem","position":2,"name":"\u201cBuscaremos ganar, est\u00e1 en nuestro ADN\u201d: Zidane"}]},{"@type":"WebSite","@id":"https:\/\/futbolhoy.co\/#website","url":"https:\/\/futbolhoy.co\/","name":"FutbolHoy","description":"","publisher":{"@id":"https:\/\/futbolhoy.co\/#organization"},"potentialAction":[{"@type":"SearchAction","target":{"@type":"EntryPoint","urlTemplate":"https:\/\/futbolhoy.co\/?s={search_term_string}"},"query-input":{"@type":"PropertyValueSpecification","valueRequired":true,"valueName":"search_term_string"}}],"inLanguage":"es"},{"@type":"Organization","@id":"https:\/\/futbolhoy.co\/#organization","name":"Futbolhoy.co","url":"https:\/\/futbolhoy.co\/","logo":{"@type":"ImageObject","inLanguage":"es","@id":"https:\/\/futbolhoy.co\/#\/schema\/logo\/image\/","url":"https:\/\/futbolhoy.co\/wp-content\/uploads\/2018\/08\/17426380_1906371736249227_6326180412931521141_n.jpg","contentUrl":"https:\/\/futbolhoy.co\/wp-content\/uploads\/2018\/08\/17426380_1906371736249227_6326180412931521141_n.jpg","width":960,"height":960,"caption":"Futbolhoy.co"},"image":{"@id":"https:\/\/futbolhoy.co\/#\/schema\/logo\/image\/"},"sameAs":["https:\/\/www.facebook.com\/FutbolHoyCol\/","https:\/\/x.com\/FutbolHoyCol","https:\/\/www.instagram.com\/futbolhoycol\/"]},{"@type":"Person","@id":"https:\/\/futbolhoy.co\/#\/schema\/person\/c4a353a512b127643723a34bb1812f7d","name":"Laura Hern\u00e1ndez","image":{"@type":"ImageObject","inLanguage":"es","@id":"https:\/\/futbolhoy.co\/#\/schema\/person\/image\/","url":"https:\/\/secure.gravatar.com\/avatar\/d25959a15b9b293a743f99181c7cfd01?s=96&d=mm&r=g","contentUrl":"https:\/\/secure.gravatar.com\/avatar\/d25959a15b9b293a743f99181c7cfd01?s=96&d=mm&r=g","caption":"Laura Hern\u00e1ndez"}}]}},"publishpress_future_action":{"enabled":false,"date":"2026-05-05 07:16:08","action":"change-status","newStatus":"draft","terms":[],"taxonomy":"category","extraData":[]},"publishpress_future_workflow_manual_trigger":{"enabledWorkflows":[]},"_links":{"self":[{"href":"https:\/\/futbolhoy.co\/index.php\/wp-json\/wp\/v2\/posts\/51370","targetHints":{"allow":["GET"]}}],"collection":[{"href":"https:\/\/futbolhoy.co\/index.php\/wp-json\/wp\/v2\/posts"}],"about":[{"href":"https:\/\/futbolhoy.co\/index.php\/wp-json\/wp\/v2\/types\/post"}],"author":[{"embeddable":true,"href":"https:\/\/futbolhoy.co\/index.php\/wp-json\/wp\/v2\/users\/5"}],"replies":[{"embeddable":true,"href":"https:\/\/futbolhoy.co\/index.php\/wp-json\/wp\/v2\/comments?post=51370"}],"version-history":[{"count":2,"href":"https:\/\/futbolhoy.co\/index.php\/wp-json\/wp\/v2\/posts\/51370\/revisions"}],"predecessor-version":[{"id":51446,"href":"https:\/\/futbolhoy.co\/index.php\/wp-json\/wp\/v2\/posts\/51370\/revisions\/51446"}],"wp:featuredmedia":[{"embeddable":true,"href":"https:\/\/futbolhoy.co\/index.php\/wp-json\/wp\/v2\/media\/51372"}],"wp:attachment":[{"href":"https:\/\/futbolhoy.co\/index.php\/wp-json\/wp\/v2\/media?parent=51370"}],"wp:term":[{"taxonomy":"category","embeddable":true,"href":"https:\/\/futbolhoy.co\/index.php\/wp-json\/wp\/v2\/categories?post=51370"},{"taxonomy":"post_tag","embeddable":true,"href":"https:\/\/futbolhoy.co\/index.php\/wp-json\/wp\/v2\/tags?post=51370"}],"curies":[{"name":"wp","href":"https:\/\/api.w.org\/{rel}","templated":true}]}}