{"id":51378,"date":"2020-08-01T06:00:13","date_gmt":"2020-08-01T11:00:13","guid":{"rendered":"https:\/\/futbolhoy.co\/?p=51378"},"modified":"2020-08-01T08:54:58","modified_gmt":"2020-08-01T13:54:58","slug":"la-liga-colombiana-al-dia","status":"publish","type":"post","link":"https:\/\/futbolhoy.co\/index.php\/2020\/08\/01\/la-liga-colombiana-al-dia\/","title":{"rendered":"La Liga colombiana al d\u00eda"},"content":{"rendered":"<table style=\"width: 94.2529%; height: 2548px;\" width=\"476\">\n<tbody>\n<tr style=\"height: 26px;\">\n<td style=\"width: 20.6897%; text-align: justify; height: 26px;\" width=\"108\"><span style=\"font-family: helvetica, arial, sans-serif;\"><strong>Equipo<\/strong><\/span><\/td>\n<td style=\"width: 72.4138%; text-align: justify; height: 26px;\" width=\"368\"><span style=\"font-family: helvetica, arial, sans-serif;\"><strong>Actualidad<\/strong><\/span><\/td>\n<\/tr>\n<tr style=\"text-align: justify;\">\n<td style=\"width: 20.6897%; height: 494px;\"><span style=\"font-family: helvetica, arial, sans-serif;\">Nacional<\/span><\/td>\n<td style=\"width: 72.4138%; height: 494px;\" width=\"368\"><span style=\"font-family: helvetica, arial, sans-serif;\">* Dos miembros del equipo dieron positivo por coronavirus tras realizarle la prueba a\u00a0 57 trabajadores.<br \/>\n* Compr\u00f3 al Atl\u00e9tico Huila el 50% del portero Aldair Quintana.<\/span><br \/>\n<span style=\"font-family: helvetica, arial, sans-serif;\">*Lleg\u00f3 a un acuerdo con el KCR de B\u00e9lgica para el traspaso de Daniel Mu\u00f1oz.<\/span><\/td>\n<\/tr>\n<tr style=\"text-align: justify;\">\n<td style=\"width: 20.6897%; height: 312px;\"><span style=\"font-family: helvetica, arial, sans-serif;\">Millonarios<\/span><\/td>\n<td style=\"width: 72.4138%; height: 312px;\" width=\"368\">\n<ul>\n<li><span style=\"font-family: helvetica, arial, sans-serif;\">Mat\u00edas de Los Satos se reintegrar\u00e1 al club en julio, tras su paso por V\u00e9lez Sarsfield de Agentina.<\/span><\/li>\n<\/ul>\n<p><span style=\"font-family: helvetica, arial, sans-serif;\">* Cristian Vargas y Cristian Bonilla son nuevos arqueros del equipo, llegan a pr\u00e9stamo por un a\u00f1o con opci\u00f3n de compra.<\/span><\/p>\n<p><span style=\"font-family: helvetica, arial, sans-serif;\">* Jefferson Mart\u00ednez y no continuar\u00e1 en el equipo.<\/span><\/p>\n<p><span style=\"font-family: helvetica, arial, sans-serif;\">* Wuilker Fari\u00f1ez se va al Lens franc\u00e9s a pr\u00e9stamo por un a\u00f1o con opci\u00f3n de compra.<\/span><\/p>\n<p><span style=\"font-family: helvetica, arial, sans-serif;\">*Jos\u00e9 Guillermo Ort\u00edz se despidi\u00f3 del equipo a trav\u00e9s de sus redes sociales, el club no pudo ejercer la opci\u00f3n de compra por el jugador. *Regresar\u00e1 el defensa uruguayo Mat\u00edas de los Santos.<\/span><\/p>\n<p><span style=\"font-family: helvetica, arial, sans-serif;\">* Hansel Zapata deja el equipo y regresar\u00e1 a Equidad.<\/span><\/td>\n<\/tr>\n<tr style=\"text-align: justify;\">\n<td style=\"width: 20.6897%; height: 520px;\"><span style=\"font-family: helvetica, arial, sans-serif;\">Santa Fe<\/span><\/td>\n<td style=\"width: 72.4138%; height: 520px;\" width=\"368\">\n<p style=\"text-align: left;\"><span style=\"font-family: helvetica, arial, sans-serif;\">* Nicol\u00e1s Hern\u00e1ndez,Yohandry\u00a0 Orozco, Mauricio G\u00f3mez,\u00a0 Duvan S\u00e1nchez y Jos\u00e9 Hugo Palacios saldr\u00e1n del equipo.<\/span><\/p>\n<p><span style=\"font-family: helvetica, arial, sans-serif;\">* Mart\u00edn Payares y Almir Soto regresar\u00e1n a Santa Fe el pr\u00f3ximo mes procedentes de Patriotas, donde estaban a pr\u00e9stamo.\u00a0<\/span><\/p>\n<p><span style=\"font-family: helvetica, arial, sans-serif;\">* Leandro Castellanos y Luis Manuel Seijas llegaron a un acuerdo y renovaron su contrato. El argentino Fabi\u00e1n Sambueza sigue sin ampliar su v\u00ednculo<\/span><\/p>\n<p><span style=\"font-family: helvetica, arial, sans-serif;\">* Jos\u00e9 Moya y Javier Lopez vuelven al club.<\/span><\/td>\n<\/tr>\n<tr style=\"text-align: justify;\">\n<td style=\"width: 20.6897%; height: 156px;\"><span style=\"font-family: helvetica, arial, sans-serif;\">Am\u00e9rica<\/span><\/td>\n<td style=\"width: 72.4138%; height: 156px;\" width=\"368\"><span style=\"font-family: helvetica, arial, sans-serif;\">* Luis S\u00e1nchez regres\u00f3 al equipo tras un breve paso por el Saint Etienne de Francia.<\/span><\/p>\n<p><span style=\"font-family: helvetica, arial, sans-serif;\">* Se confirm\u00f3 la continuidad del defensa Juan Pablo Segovia, quien tiene contrato vigente con el club.<\/span><\/p>\n<p><span style=\"font-family: helvetica, arial, sans-serif;\">* Mat\u00edas Pisano anunci\u00f3 el cierre de su etapa con el club.<\/span><\/td>\n<\/tr>\n<tr style=\"text-align: justify;\">\n<td style=\"width: 20.6897%; height: 234px;\"><span style=\"font-family: helvetica, arial, sans-serif;\">Medell\u00edn<\/span><\/td>\n<td style=\"width: 72.4138%; height: 234px;\" width=\"368\">* El argentino, Israel Escalante se v\u00ednculo al equipo hasta 2021 con opci\u00f3n de compra, procedente de Boca Juniors.<\/p>\n<p><span style=\"font-family: helvetica, arial, sans-serif;\">* Adri\u00e1n Arregui regres\u00f3 a Medell\u00edn; el t\u00e9cnico Aldo Bobadilla lo har\u00e1 pr\u00f3ximamente.<\/span><\/p>\n<p><span style=\"font-family: helvetica, arial, sans-serif;\">* Se lleg\u00f3 a un acuerdo con el argentino Federico Laurito, Hern\u00e1n Pertuz, Juan Fernando Caicedo y Esteban Ruiz para su salida del equipo.<\/span><\/p>\n<p><span style=\"font-family: helvetica, arial, sans-serif;\">*El defensa central Juan Camilo Saiz regresar\u00e1 al Medell\u00edn despu\u00e9s de cumplir su contrato con Cerro Porte\u00f1o de Paraguay, el cual vencer\u00e1 el 31 de junio.<\/span><\/td>\n<\/tr>\n<tr style=\"text-align: justify;\">\n<td style=\"width: 20.6897%; height: 182px;\"><span style=\"font-family: helvetica, arial, sans-serif;\">Cali<\/span><\/td>\n<td style=\"width: 72.4138%; height: 182px;\" width=\"368\"><span style=\"font-family: helvetica, arial, sans-serif;\">*Maxi Viera, miembro del cuerpo t\u00e9cnico, lleg\u00f3 a un acuerdo para su desvinculaci\u00f3n por problemas personales.<\/span><\/td>\n<\/tr>\n<tr style=\"text-align: justify;\">\n<td style=\"width: 20.6897%; height: 234px;\"><span style=\"font-family: helvetica, arial, sans-serif;\">Tolima<\/span><\/td>\n<td style=\"width: 72.4138%; height: 234px;\" width=\"368\"><span style=\"font-family: helvetica, arial, sans-serif;\">*Juan Fernando Caicedo se convirti\u00f3 en nuevo jugador del equipo.<\/span><\/p>\n<p><span style=\"font-family: helvetica, arial, sans-serif;\">*El defensa ecuatoriano Jhon Narv\u00e1ez se convertir\u00e1 en nuevo jugador del equipo. Llega procedente del Macar\u00e1 de su pa\u00eds.<\/span><\/p>\n<p><span style=\"font-family: helvetica, arial, sans-serif;\">*Se desmintieron ofertas de equipos internacionales por \u00c1lvaro Montero, quien aparentemente es pretendido por el Besiktas de Turqu\u00eda.<\/span><\/td>\n<\/tr>\n<tr style=\"text-align: justify;\">\n<td style=\"width: 20.6897%; height: 182px;\"><span style=\"font-family: helvetica, arial, sans-serif;\">Junior<\/span><\/td>\n<td style=\"width: 72.4138%; height: 182px;\" width=\"368\"><span style=\"font-family: helvetica, arial, sans-serif;\">* Finalmente se lleg\u00f3 a un acuero con Carmelo Valencia para que contin\u00fae hasta diciembre en el cuadro barranquillero.<\/span><\/p>\n<p><span style=\"font-family: helvetica, arial, sans-serif;\">* Michael Rangel fue inscrito para jugar con el cuadro barranquillero en la reanudaci\u00f3n del f\u00fatbol colombiano.<\/span><\/td>\n<\/tr>\n<tr style=\"text-align: justify;\">\n<td style=\"width: 20.6897%; height: 104px;\"><span style=\"font-family: helvetica, arial, sans-serif;\">Once Caldas<\/span><\/td>\n<td style=\"width: 72.4138%; height: 104px;\" width=\"368\"><span style=\"font-family: helvetica, arial, sans-serif;\">*Cancel\u00f3 el contrato de Kevin Londo\u00f1o por viajar a Medell\u00edn sin autorizaci\u00f3n.<\/span><\/td>\n<\/tr>\n<tr style=\"height: 104px;\">\n<td style=\"width: 20.6897%; text-align: justify; height: 104px;\"><span style=\"font-family: helvetica, arial, sans-serif;\">Bucaramanga<\/span><\/td>\n<td style=\"width: 72.4138%; text-align: justify; height: 104px;\" width=\"368\"><span style=\"font-family: helvetica, arial, sans-serif;\">*Suspendi\u00f3 el contrato de todos sus jugadores y cuerpo t\u00e9cnico.<\/span><\/td>\n<\/tr>\n<\/tbody>\n<\/table>\n<p>&nbsp;<\/p>\n","protected":false},"excerpt":{"rendered":"<p>Equipo Actualidad Nacional * Dos miembros del equipo dieron positivo por coronavirus tras realizarle la prueba a\u00a0 57 trabajadores. * Compr\u00f3 al Atl\u00e9tico Huila el 50% del portero Aldair Quintana. *Lleg\u00f3 a un acuerdo con el KCR de B\u00e9lgica para el traspaso de Daniel Mu\u00f1oz. Millonarios Mat\u00edas de Los Satos se reintegrar\u00e1 al club en [&hellip;]<\/p>\n","protected":false},"author":5,"featured_media":51379,"comment_status":"open","ping_status":"open","sticky":false,"template":"","format":"standard","meta":{"_acf_changed":false,"footnotes":""},"categories":[7],"tags":[1784],"class_list":{"0":"post-51378","1":"post","2":"type-post","3":"status-publish","4":"format-standard","5":"has-post-thumbnail","7":"category-liga-betplay","8":"tag-liga-colombiana"},"acf":[],"yoast_head":"<!-- This site is optimized with the Yoast SEO plugin v26.8 - https:\/\/yoast.com\/product\/yoast-seo-wordpress\/ -->\n<title>La Liga colombiana al d\u00eda -<\/title>\n<meta name=\"robots\" content=\"index, follow, max-snippet:-1, max-image-preview:large, max-video-preview:-1\" \/>\n<link rel=\"canonical\" href=\"https:\/\/futbolhoy.co\/index.php\/2020\/08\/01\/la-liga-colombiana-al-dia\/\" \/>\n<meta property=\"og:locale\" content=\"es_ES\" \/>\n<meta property=\"og:type\" content=\"article\" \/>\n<meta property=\"og:title\" content=\"La Liga colombiana al d\u00eda -\" \/>\n<meta property=\"og:description\" content=\"Equipo Actualidad Nacional * Dos miembros del equipo dieron positivo por coronavirus tras realizarle la prueba a\u00a0 57 trabajadores. * Compr\u00f3 al Atl\u00e9tico Huila el 50% del portero Aldair Quintana. *Lleg\u00f3 a un acuerdo con el KCR de B\u00e9lgica para el traspaso de Daniel Mu\u00f1oz. Millonarios Mat\u00edas de Los Satos se reintegrar\u00e1 al club en [&hellip;]\" \/>\n<meta property=\"og:url\" content=\"https:\/\/futbolhoy.co\/index.php\/2020\/08\/01\/la-liga-colombiana-al-dia\/\" \/>\n<meta property=\"article:publisher\" content=\"https:\/\/www.facebook.com\/FutbolHoyCol\/\" \/>\n<meta property=\"article:published_time\" content=\"2020-08-01T11:00:13+00:00\" \/>\n<meta property=\"article:modified_time\" content=\"2020-08-01T13:54:58+00:00\" \/>\n<meta property=\"og:image\" content=\"https:\/\/futbolhoy.co\/wp-content\/uploads\/2020\/05\/WhatsApp-Image-2020-05-19-at-10.15.08-PM.jpeg\" \/>\n\t<meta property=\"og:image:width\" content=\"1196\" \/>\n\t<meta property=\"og:image:height\" content=\"950\" \/>\n\t<meta property=\"og:image:type\" content=\"image\/jpeg\" \/>\n<meta name=\"author\" content=\"Laura Hern\u00e1ndez\" \/>\n<meta name=\"twitter:card\" content=\"summary_large_image\" \/>\n<meta name=\"twitter:creator\" content=\"@FutbolHoyCol\" \/>\n<meta name=\"twitter:site\" content=\"@FutbolHoyCol\" \/>\n<meta name=\"twitter:label1\" content=\"Escrito por\" \/>\n\t<meta name=\"twitter:data1\" content=\"Laura Hern\u00e1ndez\" \/>\n\t<meta name=\"twitter:label2\" content=\"Tiempo de lectura\" \/>\n\t<meta name=\"twitter:data2\" content=\"3 minutos\" \/>\n<script type=\"application\/ld+json\" class=\"yoast-schema-graph\">{\"@context\":\"https:\/\/schema.org\",\"@graph\":[{\"@type\":\"Article\",\"@id\":\"https:\/\/futbolhoy.co\/index.php\/2020\/08\/01\/la-liga-colombiana-al-dia\/#article\",\"isPartOf\":{\"@id\":\"https:\/\/futbolhoy.co\/index.php\/2020\/08\/01\/la-liga-colombiana-al-dia\/\"},\"author\":{\"name\":\"Laura Hern\u00e1ndez\",\"@id\":\"https:\/\/futbolhoy.co\/#\/schema\/person\/c4a353a512b127643723a34bb1812f7d\"},\"headline\":\"La Liga colombiana al d\u00eda\",\"datePublished\":\"2020-08-01T11:00:13+00:00\",\"dateModified\":\"2020-08-01T13:54:58+00:00\",\"mainEntityOfPage\":{\"@id\":\"https:\/\/futbolhoy.co\/index.php\/2020\/08\/01\/la-liga-colombiana-al-dia\/\"},\"wordCount\":521,\"commentCount\":0,\"publisher\":{\"@id\":\"https:\/\/futbolhoy.co\/#organization\"},\"image\":{\"@id\":\"https:\/\/futbolhoy.co\/index.php\/2020\/08\/01\/la-liga-colombiana-al-dia\/#primaryimage\"},\"thumbnailUrl\":\"https:\/\/futbolhoy.co\/wp-content\/uploads\/2020\/05\/WhatsApp-Image-2020-05-19-at-10.15.08-PM.jpeg\",\"keywords\":[\"Liga colombiana\"],\"articleSection\":[\"Liga BetPlay\"],\"inLanguage\":\"es\",\"potentialAction\":[{\"@type\":\"CommentAction\",\"name\":\"Comment\",\"target\":[\"https:\/\/futbolhoy.co\/index.php\/2020\/08\/01\/la-liga-colombiana-al-dia\/#respond\"]}]},{\"@type\":\"WebPage\",\"@id\":\"https:\/\/futbolhoy.co\/index.php\/2020\/08\/01\/la-liga-colombiana-al-dia\/\",\"url\":\"https:\/\/futbolhoy.co\/index.php\/2020\/08\/01\/la-liga-colombiana-al-dia\/\",\"name\":\"La Liga colombiana al d\u00eda -\",\"isPartOf\":{\"@id\":\"https:\/\/futbolhoy.co\/#website\"},\"primaryImageOfPage\":{\"@id\":\"https:\/\/futbolhoy.co\/index.php\/2020\/08\/01\/la-liga-colombiana-al-dia\/#primaryimage\"},\"image\":{\"@id\":\"https:\/\/futbolhoy.co\/index.php\/2020\/08\/01\/la-liga-colombiana-al-dia\/#primaryimage\"},\"thumbnailUrl\":\"https:\/\/futbolhoy.co\/wp-content\/uploads\/2020\/05\/WhatsApp-Image-2020-05-19-at-10.15.08-PM.jpeg\",\"datePublished\":\"2020-08-01T11:00:13+00:00\",\"dateModified\":\"2020-08-01T13:54:58+00:00\",\"breadcrumb\":{\"@id\":\"https:\/\/futbolhoy.co\/index.php\/2020\/08\/01\/la-liga-colombiana-al-dia\/#breadcrumb\"},\"inLanguage\":\"es\",\"potentialAction\":[{\"@type\":\"ReadAction\",\"target\":[\"https:\/\/futbolhoy.co\/index.php\/2020\/08\/01\/la-liga-colombiana-al-dia\/\"]}]},{\"@type\":\"ImageObject\",\"inLanguage\":\"es\",\"@id\":\"https:\/\/futbolhoy.co\/index.php\/2020\/08\/01\/la-liga-colombiana-al-dia\/#primaryimage\",\"url\":\"https:\/\/futbolhoy.co\/wp-content\/uploads\/2020\/05\/WhatsApp-Image-2020-05-19-at-10.15.08-PM.jpeg\",\"contentUrl\":\"https:\/\/futbolhoy.co\/wp-content\/uploads\/2020\/05\/WhatsApp-Image-2020-05-19-at-10.15.08-PM.jpeg\",\"width\":1196,\"height\":950},{\"@type\":\"BreadcrumbList\",\"@id\":\"https:\/\/futbolhoy.co\/index.php\/2020\/08\/01\/la-liga-colombiana-al-dia\/#breadcrumb\",\"itemListElement\":[{\"@type\":\"ListItem\",\"position\":1,\"name\":\"Portada\",\"item\":\"https:\/\/futbolhoy.co\/\"},{\"@type\":\"ListItem\",\"position\":2,\"name\":\"La Liga colombiana al d\u00eda\"}]},{\"@type\":\"WebSite\",\"@id\":\"https:\/\/futbolhoy.co\/#website\",\"url\":\"https:\/\/futbolhoy.co\/\",\"name\":\"FutbolHoy\",\"description\":\"\",\"publisher\":{\"@id\":\"https:\/\/futbolhoy.co\/#organization\"},\"potentialAction\":[{\"@type\":\"SearchAction\",\"target\":{\"@type\":\"EntryPoint\",\"urlTemplate\":\"https:\/\/futbolhoy.co\/?s={search_term_string}\"},\"query-input\":{\"@type\":\"PropertyValueSpecification\",\"valueRequired\":true,\"valueName\":\"search_term_string\"}}],\"inLanguage\":\"es\"},{\"@type\":\"Organization\",\"@id\":\"https:\/\/futbolhoy.co\/#organization\",\"name\":\"Futbolhoy.co\",\"url\":\"https:\/\/futbolhoy.co\/\",\"logo\":{\"@type\":\"ImageObject\",\"inLanguage\":\"es\",\"@id\":\"https:\/\/futbolhoy.co\/#\/schema\/logo\/image\/\",\"url\":\"https:\/\/futbolhoy.co\/wp-content\/uploads\/2018\/08\/17426380_1906371736249227_6326180412931521141_n.jpg\",\"contentUrl\":\"https:\/\/futbolhoy.co\/wp-content\/uploads\/2018\/08\/17426380_1906371736249227_6326180412931521141_n.jpg\",\"width\":960,\"height\":960,\"caption\":\"Futbolhoy.co\"},\"image\":{\"@id\":\"https:\/\/futbolhoy.co\/#\/schema\/logo\/image\/\"},\"sameAs\":[\"https:\/\/www.facebook.com\/FutbolHoyCol\/\",\"https:\/\/x.com\/FutbolHoyCol\",\"https:\/\/www.instagram.com\/futbolhoycol\/\"]},{\"@type\":\"Person\",\"@id\":\"https:\/\/futbolhoy.co\/#\/schema\/person\/c4a353a512b127643723a34bb1812f7d\",\"name\":\"Laura Hern\u00e1ndez\",\"image\":{\"@type\":\"ImageObject\",\"inLanguage\":\"es\",\"@id\":\"https:\/\/futbolhoy.co\/#\/schema\/person\/image\/\",\"url\":\"https:\/\/secure.gravatar.com\/avatar\/d25959a15b9b293a743f99181c7cfd01?s=96&d=mm&r=g\",\"contentUrl\":\"https:\/\/secure.gravatar.com\/avatar\/d25959a15b9b293a743f99181c7cfd01?s=96&d=mm&r=g\",\"caption\":\"Laura Hern\u00e1ndez\"}}]}<\/script>\n<!-- \/ Yoast SEO plugin. -->","yoast_head_json":{"title":"La Liga colombiana al d\u00eda -","robots":{"index":"index","follow":"follow","max-snippet":"max-snippet:-1","max-image-preview":"max-image-preview:large","max-video-preview":"max-video-preview:-1"},"canonical":"https:\/\/futbolhoy.co\/index.php\/2020\/08\/01\/la-liga-colombiana-al-dia\/","og_locale":"es_ES","og_type":"article","og_title":"La Liga colombiana al d\u00eda -","og_description":"Equipo Actualidad Nacional * Dos miembros del equipo dieron positivo por coronavirus tras realizarle la prueba a\u00a0 57 trabajadores. * Compr\u00f3 al Atl\u00e9tico Huila el 50% del portero Aldair Quintana. *Lleg\u00f3 a un acuerdo con el KCR de B\u00e9lgica para el traspaso de Daniel Mu\u00f1oz. Millonarios Mat\u00edas de Los Satos se reintegrar\u00e1 al club en [&hellip;]","og_url":"https:\/\/futbolhoy.co\/index.php\/2020\/08\/01\/la-liga-colombiana-al-dia\/","article_publisher":"https:\/\/www.facebook.com\/FutbolHoyCol\/","article_published_time":"2020-08-01T11:00:13+00:00","article_modified_time":"2020-08-01T13:54:58+00:00","og_image":[{"width":1196,"height":950,"url":"https:\/\/futbolhoy.co\/wp-content\/uploads\/2020\/05\/WhatsApp-Image-2020-05-19-at-10.15.08-PM.jpeg","type":"image\/jpeg"}],"author":"Laura Hern\u00e1ndez","twitter_card":"summary_large_image","twitter_creator":"@FutbolHoyCol","twitter_site":"@FutbolHoyCol","twitter_misc":{"Escrito por":"Laura Hern\u00e1ndez","Tiempo de lectura":"3 minutos"},"schema":{"@context":"https:\/\/schema.org","@graph":[{"@type":"Article","@id":"https:\/\/futbolhoy.co\/index.php\/2020\/08\/01\/la-liga-colombiana-al-dia\/#article","isPartOf":{"@id":"https:\/\/futbolhoy.co\/index.php\/2020\/08\/01\/la-liga-colombiana-al-dia\/"},"author":{"name":"Laura Hern\u00e1ndez","@id":"https:\/\/futbolhoy.co\/#\/schema\/person\/c4a353a512b127643723a34bb1812f7d"},"headline":"La Liga colombiana al d\u00eda","datePublished":"2020-08-01T11:00:13+00:00","dateModified":"2020-08-01T13:54:58+00:00","mainEntityOfPage":{"@id":"https:\/\/futbolhoy.co\/index.php\/2020\/08\/01\/la-liga-colombiana-al-dia\/"},"wordCount":521,"commentCount":0,"publisher":{"@id":"https:\/\/futbolhoy.co\/#organization"},"image":{"@id":"https:\/\/futbolhoy.co\/index.php\/2020\/08\/01\/la-liga-colombiana-al-dia\/#primaryimage"},"thumbnailUrl":"https:\/\/futbolhoy.co\/wp-content\/uploads\/2020\/05\/WhatsApp-Image-2020-05-19-at-10.15.08-PM.jpeg","keywords":["Liga colombiana"],"articleSection":["Liga BetPlay"],"inLanguage":"es","potentialAction":[{"@type":"CommentAction","name":"Comment","target":["https:\/\/futbolhoy.co\/index.php\/2020\/08\/01\/la-liga-colombiana-al-dia\/#respond"]}]},{"@type":"WebPage","@id":"https:\/\/futbolhoy.co\/index.php\/2020\/08\/01\/la-liga-colombiana-al-dia\/","url":"https:\/\/futbolhoy.co\/index.php\/2020\/08\/01\/la-liga-colombiana-al-dia\/","name":"La Liga colombiana al d\u00eda -","isPartOf":{"@id":"https:\/\/futbolhoy.co\/#website"},"primaryImageOfPage":{"@id":"https:\/\/futbolhoy.co\/index.php\/2020\/08\/01\/la-liga-colombiana-al-dia\/#primaryimage"},"image":{"@id":"https:\/\/futbolhoy.co\/index.php\/2020\/08\/01\/la-liga-colombiana-al-dia\/#primaryimage"},"thumbnailUrl":"https:\/\/futbolhoy.co\/wp-content\/uploads\/2020\/05\/WhatsApp-Image-2020-05-19-at-10.15.08-PM.jpeg","datePublished":"2020-08-01T11:00:13+00:00","dateModified":"2020-08-01T13:54:58+00:00","breadcrumb":{"@id":"https:\/\/futbolhoy.co\/index.php\/2020\/08\/01\/la-liga-colombiana-al-dia\/#breadcrumb"},"inLanguage":"es","potentialAction":[{"@type":"ReadAction","target":["https:\/\/futbolhoy.co\/index.php\/2020\/08\/01\/la-liga-colombiana-al-dia\/"]}]},{"@type":"ImageObject","inLanguage":"es","@id":"https:\/\/futbolhoy.co\/index.php\/2020\/08\/01\/la-liga-colombiana-al-dia\/#primaryimage","url":"https:\/\/futbolhoy.co\/wp-content\/uploads\/2020\/05\/WhatsApp-Image-2020-05-19-at-10.15.08-PM.jpeg","contentUrl":"https:\/\/futbolhoy.co\/wp-content\/uploads\/2020\/05\/WhatsApp-Image-2020-05-19-at-10.15.08-PM.jpeg","width":1196,"height":950},{"@type":"BreadcrumbList","@id":"https:\/\/futbolhoy.co\/index.php\/2020\/08\/01\/la-liga-colombiana-al-dia\/#breadcrumb","itemListElement":[{"@type":"ListItem","position":1,"name":"Portada","item":"https:\/\/futbolhoy.co\/"},{"@type":"ListItem","position":2,"name":"La Liga colombiana al d\u00eda"}]},{"@type":"WebSite","@id":"https:\/\/futbolhoy.co\/#website","url":"https:\/\/futbolhoy.co\/","name":"FutbolHoy","description":"","publisher":{"@id":"https:\/\/futbolhoy.co\/#organization"},"potentialAction":[{"@type":"SearchAction","target":{"@type":"EntryPoint","urlTemplate":"https:\/\/futbolhoy.co\/?s={search_term_string}"},"query-input":{"@type":"PropertyValueSpecification","valueRequired":true,"valueName":"search_term_string"}}],"inLanguage":"es"},{"@type":"Organization","@id":"https:\/\/futbolhoy.co\/#organization","name":"Futbolhoy.co","url":"https:\/\/futbolhoy.co\/","logo":{"@type":"ImageObject","inLanguage":"es","@id":"https:\/\/futbolhoy.co\/#\/schema\/logo\/image\/","url":"https:\/\/futbolhoy.co\/wp-content\/uploads\/2018\/08\/17426380_1906371736249227_6326180412931521141_n.jpg","contentUrl":"https:\/\/futbolhoy.co\/wp-content\/uploads\/2018\/08\/17426380_1906371736249227_6326180412931521141_n.jpg","width":960,"height":960,"caption":"Futbolhoy.co"},"image":{"@id":"https:\/\/futbolhoy.co\/#\/schema\/logo\/image\/"},"sameAs":["https:\/\/www.facebook.com\/FutbolHoyCol\/","https:\/\/x.com\/FutbolHoyCol","https:\/\/www.instagram.com\/futbolhoycol\/"]},{"@type":"Person","@id":"https:\/\/futbolhoy.co\/#\/schema\/person\/c4a353a512b127643723a34bb1812f7d","name":"Laura Hern\u00e1ndez","image":{"@type":"ImageObject","inLanguage":"es","@id":"https:\/\/futbolhoy.co\/#\/schema\/person\/image\/","url":"https:\/\/secure.gravatar.com\/avatar\/d25959a15b9b293a743f99181c7cfd01?s=96&d=mm&r=g","contentUrl":"https:\/\/secure.gravatar.com\/avatar\/d25959a15b9b293a743f99181c7cfd01?s=96&d=mm&r=g","caption":"Laura Hern\u00e1ndez"}}]}},"publishpress_future_action":{"enabled":false,"date":"2026-05-02 00:26:43","action":"change-status","newStatus":"draft","terms":[],"taxonomy":"category","extraData":[]},"publishpress_future_workflow_manual_trigger":{"enabledWorkflows":[]},"_links":{"self":[{"href":"https:\/\/futbolhoy.co\/index.php\/wp-json\/wp\/v2\/posts\/51378","targetHints":{"allow":["GET"]}}],"collection":[{"href":"https:\/\/futbolhoy.co\/index.php\/wp-json\/wp\/v2\/posts"}],"about":[{"href":"https:\/\/futbolhoy.co\/index.php\/wp-json\/wp\/v2\/types\/post"}],"author":[{"embeddable":true,"href":"https:\/\/futbolhoy.co\/index.php\/wp-json\/wp\/v2\/users\/5"}],"replies":[{"embeddable":true,"href":"https:\/\/futbolhoy.co\/index.php\/wp-json\/wp\/v2\/comments?post=51378"}],"version-history":[{"count":37,"href":"https:\/\/futbolhoy.co\/index.php\/wp-json\/wp\/v2\/posts\/51378\/revisions"}],"predecessor-version":[{"id":54061,"href":"https:\/\/futbolhoy.co\/index.php\/wp-json\/wp\/v2\/posts\/51378\/revisions\/54061"}],"wp:featuredmedia":[{"embeddable":true,"href":"https:\/\/futbolhoy.co\/index.php\/wp-json\/wp\/v2\/media\/51379"}],"wp:attachment":[{"href":"https:\/\/futbolhoy.co\/index.php\/wp-json\/wp\/v2\/media?parent=51378"}],"wp:term":[{"taxonomy":"category","embeddable":true,"href":"https:\/\/futbolhoy.co\/index.php\/wp-json\/wp\/v2\/categories?post=51378"},{"taxonomy":"post_tag","embeddable":true,"href":"https:\/\/futbolhoy.co\/index.php\/wp-json\/wp\/v2\/tags?post=51378"}],"curies":[{"name":"wp","href":"https:\/\/api.w.org\/{rel}","templated":true}]}}