{"id":51417,"date":"2020-05-21T08:17:24","date_gmt":"2020-05-21T13:17:24","guid":{"rendered":"https:\/\/futbolhoy.co\/?p=51417"},"modified":"2020-10-08T14:49:42","modified_gmt":"2020-10-08T19:49:42","slug":"eliminatorias-pasarian-a-octubre","status":"publish","type":"post","link":"https:\/\/futbolhoy.co\/index.php\/2020\/05\/21\/eliminatorias-pasarian-a-octubre\/","title":{"rendered":"Eliminatorias pasar\u00edan a octubre"},"content":{"rendered":"<!--[if lt IE 9]><script>document.createElement('audio');<\/script><![endif]-->\n<audio class=\"wp-audio-shortcode\" id=\"audio-51417-1\" preload=\"none\" style=\"width: 100%;\" controls=\"controls\"><source type=\"audio\/mpeg\" src=\"https:\/\/futbolhoy.co\/wp-content\/uploads\/2020\/05\/Robert-Harrison-presidente-Asociaci\u00f3n-Paraguaya-de-F\u00fatbol.mp3?_=1\" \/><a href=\"https:\/\/futbolhoy.co\/wp-content\/uploads\/2020\/05\/Robert-Harrison-presidente-Asociaci\u00f3n-Paraguaya-de-F\u00fatbol.mp3\">https:\/\/futbolhoy.co\/wp-content\/uploads\/2020\/05\/Robert-Harrison-presidente-Asociaci\u00f3n-Paraguaya-de-F\u00fatbol.mp3<\/a><\/audio>\n<p>(Robert Harrison, presidente de la Asociaci\u00f3n Paraguaya de F\u00fatbol, en entrevista con Rock and GolTV)<\/p>\n<audio class=\"wp-audio-shortcode\" id=\"audio-51417-2\" preload=\"none\" style=\"width: 100%;\" controls=\"controls\"><source type=\"audio\/mpeg\" src=\"https:\/\/futbolhoy.co\/wp-content\/uploads\/2020\/05\/Gonzalo-Belloso-Secretario-general-adjunto-y-director-de-Desarrollo-Conmebol.mp3?_=2\" \/><a href=\"https:\/\/futbolhoy.co\/wp-content\/uploads\/2020\/05\/Gonzalo-Belloso-Secretario-general-adjunto-y-director-de-Desarrollo-Conmebol.mp3\">https:\/\/futbolhoy.co\/wp-content\/uploads\/2020\/05\/Gonzalo-Belloso-Secretario-general-adjunto-y-director-de-Desarrollo-Conmebol.mp3<\/a><\/audio>\n<p>(Gonzalo Belloso, secretario general adjunto y director de desarrollo de la Conmebol)<\/p>\n<p style=\"text-align: justify;\"><span style=\"font-family: helvetica, arial, sans-serif;\">Las <strong>eliminatorias sudamericanas<\/strong> al<strong> Mundial Qatar 2022<\/strong> podr\u00edan pasar de septiembre a octubre en sus primeras fechas de inicio, ya que, seg\u00fan algunos dirigentes del continente, las condiciones id\u00f3neas para su habitual desarrollo no se lograr\u00edan a tiempo.<\/span><\/p>\n<p style=\"text-align: justify;\"><span style=\"font-family: helvetica, arial, sans-serif;\">Inicialmente la fase de clasificaci\u00f3n a la <strong>Copa Mundo<\/strong> estaba prevista para comenzar en marzo, pero debido a la pandemia del <strong>COVID-19<\/strong> fue aplazada hasta septiembre, lo que ahora tambi\u00e9n es considerado como improbable.<\/span><\/p>\n<p style=\"text-align: justify;\"><span style=\"font-family: helvetica, arial, sans-serif;\">\u201cOjal\u00e1 que se puedan iniciar en septiembre, pero yo quiero ser cauto, pero con todo lo que est\u00e1 ocurriendo, lo veo dif\u00edcil. La <strong>FIFA<\/strong> est\u00e1 buscando la manera, pero no solo depende de ellos, pues se torna dif\u00edcil el desplazamiento a cada pa\u00eds, entonces yo veo complicado comenzar en septiembre\u201d, declar\u00f3 <strong>Robert Harrison,<\/strong> presidente de la <strong>Asociaci\u00f3n Paraguaya de F\u00fatbol.<\/strong><\/span><\/p>\n<p style=\"text-align: justify;\"><span style=\"font-family: helvetica, arial, sans-serif;\">El dirigente \u2018guaran\u00ed\u2019 agreg\u00f3 en entrevista con <em>Rock and GolTV<\/em>: \u201cLa <strong>Copa Libertadores<\/strong> y la <strong>Copa Sudamericana<\/strong> por lo menos son entre pa\u00edses del \u00e1rea, no tienen que venir jugadores de <strong>Europa<\/strong> para disputarlas. Nunca se habl\u00f3 de cambio de formato en ninguna competencia, aunque eso no quiere decir que no pueda ocurrir\u201d.<\/span><\/p>\n<p style=\"text-align: justify;\"><span style=\"font-family: helvetica, arial, sans-serif;\">Por su parte, <strong>Gonzalo Belloso,<\/strong> secretario general adjunto y director de Desarrollo de la Confederaci\u00f3n Sudamericana de F\u00fatbol, respecto al tema indic\u00f3, \u201cEs un torneo FIFA y en ning\u00fan momento se pens\u00f3 no jugar este a\u00f1o. Est\u00e1 activa la fecha de septiembre, pero si no se puede jugar se pasar\u00e1 a octubre o noviembre. Es dif\u00edcil suspender todo el a\u00f1o de eliminatorias, porque no dar\u00eda el calendario para jugarla despu\u00e9s\u201d.<\/span><\/p>\n<p style=\"text-align: justify;\"><span style=\"font-family: helvetica, arial, sans-serif;\">\u201cEl cierre de fronteras permanece y estamos a la expectativa de las determinaciones de los gobiernos, porque todos debemos estar en igualdad de condiciones para competir\u201d, afirm\u00f3 <strong>C\u00e9sar Salinas,<\/strong> presidente de la <strong>Federaci\u00f3n Boliviana de F\u00fatbol.<\/strong><\/span><\/p>\n","protected":false},"excerpt":{"rendered":"<p>(Robert Harrison, presidente de la Asociaci\u00f3n Paraguaya de F\u00fatbol, en entrevista con Rock and GolTV) (Gonzalo Belloso, secretario general adjunto y director de desarrollo de la Conmebol) Las eliminatorias sudamericanas al Mundial Qatar 2022 podr\u00edan pasar de septiembre a octubre en sus primeras fechas de inicio, ya que, seg\u00fan algunos dirigentes del continente, las condiciones [&hellip;]<\/p>\n","protected":false},"author":5,"featured_media":32613,"comment_status":"open","ping_status":"open","sticky":false,"template":"","format":"video","meta":{"_acf_changed":false,"footnotes":""},"categories":[1965],"tags":[1860],"class_list":{"0":"post-51417","1":"post","2":"type-post","3":"status-publish","4":"format-video","5":"has-post-thumbnail","7":"category-eli","8":"tag-eliminatorias-qatar-2022","9":"post_format-post-format-video"},"acf":[],"yoast_head":"<!-- This site is optimized with the Yoast SEO plugin v26.8 - https:\/\/yoast.com\/product\/yoast-seo-wordpress\/ -->\n<title>Eliminatorias pasar\u00edan a octubre -<\/title>\n<meta name=\"robots\" content=\"index, follow, max-snippet:-1, max-image-preview:large, max-video-preview:-1\" \/>\n<link rel=\"canonical\" href=\"https:\/\/futbolhoy.co\/index.php\/2020\/05\/21\/eliminatorias-pasarian-a-octubre\/\" \/>\n<meta property=\"og:locale\" content=\"es_ES\" \/>\n<meta property=\"og:type\" content=\"article\" \/>\n<meta property=\"og:title\" content=\"Eliminatorias pasar\u00edan a octubre -\" \/>\n<meta property=\"og:description\" content=\"(Robert Harrison, presidente de la Asociaci\u00f3n Paraguaya de F\u00fatbol, en entrevista con Rock and GolTV) (Gonzalo Belloso, secretario general adjunto y director de desarrollo de la Conmebol) Las eliminatorias sudamericanas al Mundial Qatar 2022 podr\u00edan pasar de septiembre a octubre en sus primeras fechas de inicio, ya que, seg\u00fan algunos dirigentes del continente, las condiciones [&hellip;]\" \/>\n<meta property=\"og:url\" content=\"https:\/\/futbolhoy.co\/index.php\/2020\/05\/21\/eliminatorias-pasarian-a-octubre\/\" \/>\n<meta property=\"article:publisher\" content=\"https:\/\/www.facebook.com\/FutbolHoyCol\/\" \/>\n<meta property=\"article:published_time\" content=\"2020-05-21T13:17:24+00:00\" \/>\n<meta property=\"article:modified_time\" content=\"2020-10-08T19:49:42+00:00\" \/>\n<meta property=\"og:image\" content=\"https:\/\/futbolhoy.co\/wp-content\/uploads\/2019\/03\/ColBra.jpg\" \/>\n\t<meta property=\"og:image:width\" content=\"890\" \/>\n\t<meta property=\"og:image:height\" content=\"549\" \/>\n\t<meta property=\"og:image:type\" content=\"image\/jpeg\" \/>\n<meta name=\"author\" content=\"Laura Hern\u00e1ndez\" \/>\n<meta name=\"twitter:card\" content=\"summary_large_image\" \/>\n<meta name=\"twitter:creator\" content=\"@FutbolHoyCol\" \/>\n<meta name=\"twitter:site\" content=\"@FutbolHoyCol\" \/>\n<meta name=\"twitter:label1\" content=\"Escrito por\" \/>\n\t<meta name=\"twitter:data1\" content=\"Laura Hern\u00e1ndez\" \/>\n\t<meta name=\"twitter:label2\" content=\"Tiempo de lectura\" \/>\n\t<meta name=\"twitter:data2\" content=\"2 minutos\" \/>\n<script type=\"application\/ld+json\" class=\"yoast-schema-graph\">{\"@context\":\"https:\/\/schema.org\",\"@graph\":[{\"@type\":\"Article\",\"@id\":\"https:\/\/futbolhoy.co\/index.php\/2020\/05\/21\/eliminatorias-pasarian-a-octubre\/#article\",\"isPartOf\":{\"@id\":\"https:\/\/futbolhoy.co\/index.php\/2020\/05\/21\/eliminatorias-pasarian-a-octubre\/\"},\"author\":{\"name\":\"Laura Hern\u00e1ndez\",\"@id\":\"https:\/\/futbolhoy.co\/#\/schema\/person\/c4a353a512b127643723a34bb1812f7d\"},\"headline\":\"Eliminatorias pasar\u00edan a octubre\",\"datePublished\":\"2020-05-21T13:17:24+00:00\",\"dateModified\":\"2020-10-08T19:49:42+00:00\",\"mainEntityOfPage\":{\"@id\":\"https:\/\/futbolhoy.co\/index.php\/2020\/05\/21\/eliminatorias-pasarian-a-octubre\/\"},\"wordCount\":369,\"commentCount\":0,\"publisher\":{\"@id\":\"https:\/\/futbolhoy.co\/#organization\"},\"image\":{\"@id\":\"https:\/\/futbolhoy.co\/index.php\/2020\/05\/21\/eliminatorias-pasarian-a-octubre\/#primaryimage\"},\"thumbnailUrl\":\"https:\/\/futbolhoy.co\/wp-content\/uploads\/2019\/03\/ColBra.jpg\",\"keywords\":[\"Eliminatorias Qatar 2022\"],\"articleSection\":[\"Qatar 2022\"],\"inLanguage\":\"es\",\"potentialAction\":[{\"@type\":\"CommentAction\",\"name\":\"Comment\",\"target\":[\"https:\/\/futbolhoy.co\/index.php\/2020\/05\/21\/eliminatorias-pasarian-a-octubre\/#respond\"]}]},{\"@type\":\"WebPage\",\"@id\":\"https:\/\/futbolhoy.co\/index.php\/2020\/05\/21\/eliminatorias-pasarian-a-octubre\/\",\"url\":\"https:\/\/futbolhoy.co\/index.php\/2020\/05\/21\/eliminatorias-pasarian-a-octubre\/\",\"name\":\"Eliminatorias pasar\u00edan a octubre -\",\"isPartOf\":{\"@id\":\"https:\/\/futbolhoy.co\/#website\"},\"primaryImageOfPage\":{\"@id\":\"https:\/\/futbolhoy.co\/index.php\/2020\/05\/21\/eliminatorias-pasarian-a-octubre\/#primaryimage\"},\"image\":{\"@id\":\"https:\/\/futbolhoy.co\/index.php\/2020\/05\/21\/eliminatorias-pasarian-a-octubre\/#primaryimage\"},\"thumbnailUrl\":\"https:\/\/futbolhoy.co\/wp-content\/uploads\/2019\/03\/ColBra.jpg\",\"datePublished\":\"2020-05-21T13:17:24+00:00\",\"dateModified\":\"2020-10-08T19:49:42+00:00\",\"breadcrumb\":{\"@id\":\"https:\/\/futbolhoy.co\/index.php\/2020\/05\/21\/eliminatorias-pasarian-a-octubre\/#breadcrumb\"},\"inLanguage\":\"es\",\"potentialAction\":[{\"@type\":\"ReadAction\",\"target\":[\"https:\/\/futbolhoy.co\/index.php\/2020\/05\/21\/eliminatorias-pasarian-a-octubre\/\"]}]},{\"@type\":\"ImageObject\",\"inLanguage\":\"es\",\"@id\":\"https:\/\/futbolhoy.co\/index.php\/2020\/05\/21\/eliminatorias-pasarian-a-octubre\/#primaryimage\",\"url\":\"https:\/\/futbolhoy.co\/wp-content\/uploads\/2019\/03\/ColBra.jpg\",\"contentUrl\":\"https:\/\/futbolhoy.co\/wp-content\/uploads\/2019\/03\/ColBra.jpg\",\"width\":890,\"height\":549,\"caption\":\"@FCFSeleccionCol\"},{\"@type\":\"BreadcrumbList\",\"@id\":\"https:\/\/futbolhoy.co\/index.php\/2020\/05\/21\/eliminatorias-pasarian-a-octubre\/#breadcrumb\",\"itemListElement\":[{\"@type\":\"ListItem\",\"position\":1,\"name\":\"Portada\",\"item\":\"https:\/\/futbolhoy.co\/\"},{\"@type\":\"ListItem\",\"position\":2,\"name\":\"Eliminatorias pasar\u00edan a octubre\"}]},{\"@type\":\"WebSite\",\"@id\":\"https:\/\/futbolhoy.co\/#website\",\"url\":\"https:\/\/futbolhoy.co\/\",\"name\":\"FutbolHoy\",\"description\":\"\",\"publisher\":{\"@id\":\"https:\/\/futbolhoy.co\/#organization\"},\"potentialAction\":[{\"@type\":\"SearchAction\",\"target\":{\"@type\":\"EntryPoint\",\"urlTemplate\":\"https:\/\/futbolhoy.co\/?s={search_term_string}\"},\"query-input\":{\"@type\":\"PropertyValueSpecification\",\"valueRequired\":true,\"valueName\":\"search_term_string\"}}],\"inLanguage\":\"es\"},{\"@type\":\"Organization\",\"@id\":\"https:\/\/futbolhoy.co\/#organization\",\"name\":\"Futbolhoy.co\",\"url\":\"https:\/\/futbolhoy.co\/\",\"logo\":{\"@type\":\"ImageObject\",\"inLanguage\":\"es\",\"@id\":\"https:\/\/futbolhoy.co\/#\/schema\/logo\/image\/\",\"url\":\"https:\/\/futbolhoy.co\/wp-content\/uploads\/2018\/08\/17426380_1906371736249227_6326180412931521141_n.jpg\",\"contentUrl\":\"https:\/\/futbolhoy.co\/wp-content\/uploads\/2018\/08\/17426380_1906371736249227_6326180412931521141_n.jpg\",\"width\":960,\"height\":960,\"caption\":\"Futbolhoy.co\"},\"image\":{\"@id\":\"https:\/\/futbolhoy.co\/#\/schema\/logo\/image\/\"},\"sameAs\":[\"https:\/\/www.facebook.com\/FutbolHoyCol\/\",\"https:\/\/x.com\/FutbolHoyCol\",\"https:\/\/www.instagram.com\/futbolhoycol\/\"]},{\"@type\":\"Person\",\"@id\":\"https:\/\/futbolhoy.co\/#\/schema\/person\/c4a353a512b127643723a34bb1812f7d\",\"name\":\"Laura Hern\u00e1ndez\",\"image\":{\"@type\":\"ImageObject\",\"inLanguage\":\"es\",\"@id\":\"https:\/\/futbolhoy.co\/#\/schema\/person\/image\/\",\"url\":\"https:\/\/secure.gravatar.com\/avatar\/d25959a15b9b293a743f99181c7cfd01?s=96&d=mm&r=g\",\"contentUrl\":\"https:\/\/secure.gravatar.com\/avatar\/d25959a15b9b293a743f99181c7cfd01?s=96&d=mm&r=g\",\"caption\":\"Laura Hern\u00e1ndez\"}}]}<\/script>\n<!-- \/ Yoast SEO plugin. -->","yoast_head_json":{"title":"Eliminatorias pasar\u00edan a octubre -","robots":{"index":"index","follow":"follow","max-snippet":"max-snippet:-1","max-image-preview":"max-image-preview:large","max-video-preview":"max-video-preview:-1"},"canonical":"https:\/\/futbolhoy.co\/index.php\/2020\/05\/21\/eliminatorias-pasarian-a-octubre\/","og_locale":"es_ES","og_type":"article","og_title":"Eliminatorias pasar\u00edan a octubre -","og_description":"(Robert Harrison, presidente de la Asociaci\u00f3n Paraguaya de F\u00fatbol, en entrevista con Rock and GolTV) (Gonzalo Belloso, secretario general adjunto y director de desarrollo de la Conmebol) Las eliminatorias sudamericanas al Mundial Qatar 2022 podr\u00edan pasar de septiembre a octubre en sus primeras fechas de inicio, ya que, seg\u00fan algunos dirigentes del continente, las condiciones [&hellip;]","og_url":"https:\/\/futbolhoy.co\/index.php\/2020\/05\/21\/eliminatorias-pasarian-a-octubre\/","article_publisher":"https:\/\/www.facebook.com\/FutbolHoyCol\/","article_published_time":"2020-05-21T13:17:24+00:00","article_modified_time":"2020-10-08T19:49:42+00:00","og_image":[{"width":890,"height":549,"url":"https:\/\/futbolhoy.co\/wp-content\/uploads\/2019\/03\/ColBra.jpg","type":"image\/jpeg"}],"author":"Laura Hern\u00e1ndez","twitter_card":"summary_large_image","twitter_creator":"@FutbolHoyCol","twitter_site":"@FutbolHoyCol","twitter_misc":{"Escrito por":"Laura Hern\u00e1ndez","Tiempo de lectura":"2 minutos"},"schema":{"@context":"https:\/\/schema.org","@graph":[{"@type":"Article","@id":"https:\/\/futbolhoy.co\/index.php\/2020\/05\/21\/eliminatorias-pasarian-a-octubre\/#article","isPartOf":{"@id":"https:\/\/futbolhoy.co\/index.php\/2020\/05\/21\/eliminatorias-pasarian-a-octubre\/"},"author":{"name":"Laura Hern\u00e1ndez","@id":"https:\/\/futbolhoy.co\/#\/schema\/person\/c4a353a512b127643723a34bb1812f7d"},"headline":"Eliminatorias pasar\u00edan a octubre","datePublished":"2020-05-21T13:17:24+00:00","dateModified":"2020-10-08T19:49:42+00:00","mainEntityOfPage":{"@id":"https:\/\/futbolhoy.co\/index.php\/2020\/05\/21\/eliminatorias-pasarian-a-octubre\/"},"wordCount":369,"commentCount":0,"publisher":{"@id":"https:\/\/futbolhoy.co\/#organization"},"image":{"@id":"https:\/\/futbolhoy.co\/index.php\/2020\/05\/21\/eliminatorias-pasarian-a-octubre\/#primaryimage"},"thumbnailUrl":"https:\/\/futbolhoy.co\/wp-content\/uploads\/2019\/03\/ColBra.jpg","keywords":["Eliminatorias Qatar 2022"],"articleSection":["Qatar 2022"],"inLanguage":"es","potentialAction":[{"@type":"CommentAction","name":"Comment","target":["https:\/\/futbolhoy.co\/index.php\/2020\/05\/21\/eliminatorias-pasarian-a-octubre\/#respond"]}]},{"@type":"WebPage","@id":"https:\/\/futbolhoy.co\/index.php\/2020\/05\/21\/eliminatorias-pasarian-a-octubre\/","url":"https:\/\/futbolhoy.co\/index.php\/2020\/05\/21\/eliminatorias-pasarian-a-octubre\/","name":"Eliminatorias pasar\u00edan a octubre -","isPartOf":{"@id":"https:\/\/futbolhoy.co\/#website"},"primaryImageOfPage":{"@id":"https:\/\/futbolhoy.co\/index.php\/2020\/05\/21\/eliminatorias-pasarian-a-octubre\/#primaryimage"},"image":{"@id":"https:\/\/futbolhoy.co\/index.php\/2020\/05\/21\/eliminatorias-pasarian-a-octubre\/#primaryimage"},"thumbnailUrl":"https:\/\/futbolhoy.co\/wp-content\/uploads\/2019\/03\/ColBra.jpg","datePublished":"2020-05-21T13:17:24+00:00","dateModified":"2020-10-08T19:49:42+00:00","breadcrumb":{"@id":"https:\/\/futbolhoy.co\/index.php\/2020\/05\/21\/eliminatorias-pasarian-a-octubre\/#breadcrumb"},"inLanguage":"es","potentialAction":[{"@type":"ReadAction","target":["https:\/\/futbolhoy.co\/index.php\/2020\/05\/21\/eliminatorias-pasarian-a-octubre\/"]}]},{"@type":"ImageObject","inLanguage":"es","@id":"https:\/\/futbolhoy.co\/index.php\/2020\/05\/21\/eliminatorias-pasarian-a-octubre\/#primaryimage","url":"https:\/\/futbolhoy.co\/wp-content\/uploads\/2019\/03\/ColBra.jpg","contentUrl":"https:\/\/futbolhoy.co\/wp-content\/uploads\/2019\/03\/ColBra.jpg","width":890,"height":549,"caption":"@FCFSeleccionCol"},{"@type":"BreadcrumbList","@id":"https:\/\/futbolhoy.co\/index.php\/2020\/05\/21\/eliminatorias-pasarian-a-octubre\/#breadcrumb","itemListElement":[{"@type":"ListItem","position":1,"name":"Portada","item":"https:\/\/futbolhoy.co\/"},{"@type":"ListItem","position":2,"name":"Eliminatorias pasar\u00edan a octubre"}]},{"@type":"WebSite","@id":"https:\/\/futbolhoy.co\/#website","url":"https:\/\/futbolhoy.co\/","name":"FutbolHoy","description":"","publisher":{"@id":"https:\/\/futbolhoy.co\/#organization"},"potentialAction":[{"@type":"SearchAction","target":{"@type":"EntryPoint","urlTemplate":"https:\/\/futbolhoy.co\/?s={search_term_string}"},"query-input":{"@type":"PropertyValueSpecification","valueRequired":true,"valueName":"search_term_string"}}],"inLanguage":"es"},{"@type":"Organization","@id":"https:\/\/futbolhoy.co\/#organization","name":"Futbolhoy.co","url":"https:\/\/futbolhoy.co\/","logo":{"@type":"ImageObject","inLanguage":"es","@id":"https:\/\/futbolhoy.co\/#\/schema\/logo\/image\/","url":"https:\/\/futbolhoy.co\/wp-content\/uploads\/2018\/08\/17426380_1906371736249227_6326180412931521141_n.jpg","contentUrl":"https:\/\/futbolhoy.co\/wp-content\/uploads\/2018\/08\/17426380_1906371736249227_6326180412931521141_n.jpg","width":960,"height":960,"caption":"Futbolhoy.co"},"image":{"@id":"https:\/\/futbolhoy.co\/#\/schema\/logo\/image\/"},"sameAs":["https:\/\/www.facebook.com\/FutbolHoyCol\/","https:\/\/x.com\/FutbolHoyCol","https:\/\/www.instagram.com\/futbolhoycol\/"]},{"@type":"Person","@id":"https:\/\/futbolhoy.co\/#\/schema\/person\/c4a353a512b127643723a34bb1812f7d","name":"Laura Hern\u00e1ndez","image":{"@type":"ImageObject","inLanguage":"es","@id":"https:\/\/futbolhoy.co\/#\/schema\/person\/image\/","url":"https:\/\/secure.gravatar.com\/avatar\/d25959a15b9b293a743f99181c7cfd01?s=96&d=mm&r=g","contentUrl":"https:\/\/secure.gravatar.com\/avatar\/d25959a15b9b293a743f99181c7cfd01?s=96&d=mm&r=g","caption":"Laura Hern\u00e1ndez"}}]}},"publishpress_future_action":{"enabled":false,"date":"2026-05-05 08:33:50","action":"change-status","newStatus":"draft","terms":[],"taxonomy":"category","extraData":[]},"publishpress_future_workflow_manual_trigger":{"enabledWorkflows":[]},"_links":{"self":[{"href":"https:\/\/futbolhoy.co\/index.php\/wp-json\/wp\/v2\/posts\/51417","targetHints":{"allow":["GET"]}}],"collection":[{"href":"https:\/\/futbolhoy.co\/index.php\/wp-json\/wp\/v2\/posts"}],"about":[{"href":"https:\/\/futbolhoy.co\/index.php\/wp-json\/wp\/v2\/types\/post"}],"author":[{"embeddable":true,"href":"https:\/\/futbolhoy.co\/index.php\/wp-json\/wp\/v2\/users\/5"}],"replies":[{"embeddable":true,"href":"https:\/\/futbolhoy.co\/index.php\/wp-json\/wp\/v2\/comments?post=51417"}],"version-history":[{"count":3,"href":"https:\/\/futbolhoy.co\/index.php\/wp-json\/wp\/v2\/posts\/51417\/revisions"}],"predecessor-version":[{"id":51426,"href":"https:\/\/futbolhoy.co\/index.php\/wp-json\/wp\/v2\/posts\/51417\/revisions\/51426"}],"wp:featuredmedia":[{"embeddable":true,"href":"https:\/\/futbolhoy.co\/index.php\/wp-json\/wp\/v2\/media\/32613"}],"wp:attachment":[{"href":"https:\/\/futbolhoy.co\/index.php\/wp-json\/wp\/v2\/media?parent=51417"}],"wp:term":[{"taxonomy":"category","embeddable":true,"href":"https:\/\/futbolhoy.co\/index.php\/wp-json\/wp\/v2\/categories?post=51417"},{"taxonomy":"post_tag","embeddable":true,"href":"https:\/\/futbolhoy.co\/index.php\/wp-json\/wp\/v2\/tags?post=51417"}],"curies":[{"name":"wp","href":"https:\/\/api.w.org\/{rel}","templated":true}]}}