{"id":51427,"date":"2020-05-21T06:35:56","date_gmt":"2020-05-21T11:35:56","guid":{"rendered":"https:\/\/futbolhoy.co\/?p=51427"},"modified":"2020-05-21T18:45:23","modified_gmt":"2020-05-21T23:45:23","slug":"un-dia-como-hoy-felices-116-anos-fifa","status":"publish","type":"post","link":"https:\/\/futbolhoy.co\/index.php\/2020\/05\/21\/un-dia-como-hoy-felices-116-anos-fifa\/","title":{"rendered":"Un d\u00eda como hoy: Felices 116 a\u00f1os, FIFA"},"content":{"rendered":"<p style=\"text-align: justify;\"><span style=\"font-family: helvetica, arial, sans-serif;\">Un d\u00eda como hoy, en el a\u00f1o 1904, se fund\u00f3 la <strong>FIFA<\/strong>, que tiene su sede en <strong>Zurich, Suiza.<\/strong><\/span><\/p>\n<p style=\"text-align: justify;\"><span style=\"font-family: helvetica, arial, sans-serif;\">La Federaci\u00f3n Internacional de F\u00fatbol Asociado cuenta hoy en d\u00eda con 211 pa\u00edses afiliados dentro de su instituci\u00f3n.<\/span><\/p>\n<p style=\"text-align: justify;\"><span style=\"font-family: helvetica, arial, sans-serif;\">Tras su fundaci\u00f3n, los primeros pa\u00edses en hacer parte de la FIFA fueron <strong>B\u00e9lgica, Francia,<\/strong>\u00a0<strong>Espa\u00f1a, Holanda, Dinamarca, Suiza<\/strong> y <strong>Suecia.<\/strong><\/span><\/p>\n<p style=\"text-align: justify;\"><span style=\"font-family: helvetica, arial, sans-serif;\">La FIFA ha organizado diferentes campeonatos, entre ellos el <strong>Mundial Masculino<\/strong> y <strong>Femenino<\/strong> <strong>(Mayores, Sub20 y Sub17),\u00a0<\/strong> torneos ol\u00edmpicos, en un principio, <strong>Mundiales de f\u00fatbol sala<\/strong>, <strong>Copa Mundial de f\u00fatbol Playa, Mundial<\/strong> <strong>de Clubes<\/strong> y la <strong>Copa Confederaciones.<\/strong><\/span><\/p>\n<blockquote class=\"twitter-tweet\" data-width=\"550\" data-dnt=\"true\">\n<p lang=\"es\" dir=\"ltr\">Feliz cumplea\u00f1os para... <\/p>\n<p>\u00a1Nosotros mismos! \ud83c\udf82<a href=\"https:\/\/twitter.com\/hashtag\/UnD%C3%ADaComoHoy?src=hash&amp;ref_src=twsrc%5Etfw\">#UnD\u00edaComoHoy<\/a>, pero de 1904, nac\u00eda la FIFA\u26bd\ufe0f\ud83c\udf0d\ud83c\udf0e\ud83c\udf0f <a href=\"https:\/\/t.co\/2a98U9xXGr\">pic.twitter.com\/2a98U9xXGr<\/a><\/p>\n<p>&mdash; FIFA.com en espa\u00f1ol (@fifacom_es) <a href=\"https:\/\/twitter.com\/fifacom_es\/status\/1263483453808545798?ref_src=twsrc%5Etfw\">May 21, 2020<\/a><\/p><\/blockquote>\n<p><script async src=\"https:\/\/platform.twitter.com\/widgets.js\" charset=\"utf-8\"><\/script><\/p>\n<blockquote class=\"twitter-tweet\" data-width=\"550\" data-dnt=\"true\">\n<p lang=\"es\" dir=\"ltr\">La Federaci\u00f3n Internacional de F\u00fatbol Asociado celebra su 116\u00b0 aniversario.<\/p>\n<p>\u00a1Felicidades, <a href=\"https:\/\/twitter.com\/FIFAcom?ref_src=twsrc%5Etfw\">@FIFAcom<\/a>! \ud83c\udf82 <a href=\"https:\/\/t.co\/iNygQEoU3D\">pic.twitter.com\/iNygQEoU3D<\/a><\/p>\n<p>&mdash; CONMEBOL.com (@CONMEBOL) <a href=\"https:\/\/twitter.com\/CONMEBOL\/status\/1263469568581918729?ref_src=twsrc%5Etfw\">May 21, 2020<\/a><\/p><\/blockquote>\n<p><script async src=\"https:\/\/platform.twitter.com\/widgets.js\" charset=\"utf-8\"><\/script><\/p>\n<p>&nbsp;<\/p>\n","protected":false},"excerpt":{"rendered":"<p>Un d\u00eda como hoy, en el a\u00f1o 1904, se fund\u00f3 la FIFA, que tiene su sede en Zurich, Suiza. La Federaci\u00f3n Internacional de F\u00fatbol Asociado cuenta hoy en d\u00eda con 211 pa\u00edses afiliados dentro de su instituci\u00f3n. Tras su fundaci\u00f3n, los primeros pa\u00edses en hacer parte de la FIFA fueron B\u00e9lgica, Francia,\u00a0Espa\u00f1a, Holanda, Dinamarca, Suiza [&hellip;]<\/p>\n","protected":false},"author":5,"featured_media":51429,"comment_status":"open","ping_status":"open","sticky":false,"template":"","format":"standard","meta":{"_acf_changed":false,"footnotes":""},"categories":[152],"tags":[92],"class_list":{"0":"post-51427","1":"post","2":"type-post","3":"status-publish","4":"format-standard","5":"has-post-thumbnail","7":"category-mundo-futbol","8":"tag-fifa"},"acf":[],"yoast_head":"<!-- This site is optimized with the Yoast SEO plugin v26.8 - https:\/\/yoast.com\/product\/yoast-seo-wordpress\/ -->\n<title>Un d\u00eda como hoy: Felices 116 a\u00f1os, FIFA -<\/title>\n<meta name=\"robots\" content=\"index, follow, max-snippet:-1, max-image-preview:large, max-video-preview:-1\" \/>\n<link rel=\"canonical\" href=\"https:\/\/futbolhoy.co\/index.php\/2020\/05\/21\/un-dia-como-hoy-felices-116-anos-fifa\/\" \/>\n<meta property=\"og:locale\" content=\"es_ES\" \/>\n<meta property=\"og:type\" content=\"article\" \/>\n<meta property=\"og:title\" content=\"Un d\u00eda como hoy: Felices 116 a\u00f1os, FIFA -\" \/>\n<meta property=\"og:description\" content=\"Un d\u00eda como hoy, en el a\u00f1o 1904, se fund\u00f3 la FIFA, que tiene su sede en Zurich, Suiza. La Federaci\u00f3n Internacional de F\u00fatbol Asociado cuenta hoy en d\u00eda con 211 pa\u00edses afiliados dentro de su instituci\u00f3n. Tras su fundaci\u00f3n, los primeros pa\u00edses en hacer parte de la FIFA fueron B\u00e9lgica, Francia,\u00a0Espa\u00f1a, Holanda, Dinamarca, Suiza [&hellip;]\" \/>\n<meta property=\"og:url\" content=\"https:\/\/futbolhoy.co\/index.php\/2020\/05\/21\/un-dia-como-hoy-felices-116-anos-fifa\/\" \/>\n<meta property=\"article:publisher\" content=\"https:\/\/www.facebook.com\/FutbolHoyCol\/\" \/>\n<meta property=\"article:published_time\" content=\"2020-05-21T11:35:56+00:00\" \/>\n<meta property=\"article:modified_time\" content=\"2020-05-21T23:45:23+00:00\" \/>\n<meta property=\"og:image\" content=\"https:\/\/futbolhoy.co\/wp-content\/uploads\/2020\/05\/20200521_104019-scaled.jpg\" \/>\n\t<meta property=\"og:image:width\" content=\"2560\" \/>\n\t<meta property=\"og:image:height\" content=\"1440\" \/>\n\t<meta property=\"og:image:type\" content=\"image\/jpeg\" \/>\n<meta name=\"author\" content=\"Laura Hern\u00e1ndez\" \/>\n<meta name=\"twitter:card\" content=\"summary_large_image\" \/>\n<meta name=\"twitter:creator\" content=\"@FutbolHoyCol\" \/>\n<meta name=\"twitter:site\" content=\"@FutbolHoyCol\" \/>\n<meta name=\"twitter:label1\" content=\"Escrito por\" \/>\n\t<meta name=\"twitter:data1\" content=\"Laura Hern\u00e1ndez\" \/>\n\t<meta name=\"twitter:label2\" content=\"Tiempo de lectura\" \/>\n\t<meta name=\"twitter:data2\" content=\"1 minuto\" \/>\n<script type=\"application\/ld+json\" class=\"yoast-schema-graph\">{\"@context\":\"https:\/\/schema.org\",\"@graph\":[{\"@type\":\"Article\",\"@id\":\"https:\/\/futbolhoy.co\/index.php\/2020\/05\/21\/un-dia-como-hoy-felices-116-anos-fifa\/#article\",\"isPartOf\":{\"@id\":\"https:\/\/futbolhoy.co\/index.php\/2020\/05\/21\/un-dia-como-hoy-felices-116-anos-fifa\/\"},\"author\":{\"name\":\"Laura Hern\u00e1ndez\",\"@id\":\"https:\/\/futbolhoy.co\/#\/schema\/person\/c4a353a512b127643723a34bb1812f7d\"},\"headline\":\"Un d\u00eda como hoy: Felices 116 a\u00f1os, FIFA\",\"datePublished\":\"2020-05-21T11:35:56+00:00\",\"dateModified\":\"2020-05-21T23:45:23+00:00\",\"mainEntityOfPage\":{\"@id\":\"https:\/\/futbolhoy.co\/index.php\/2020\/05\/21\/un-dia-como-hoy-felices-116-anos-fifa\/\"},\"wordCount\":131,\"commentCount\":0,\"publisher\":{\"@id\":\"https:\/\/futbolhoy.co\/#organization\"},\"image\":{\"@id\":\"https:\/\/futbolhoy.co\/index.php\/2020\/05\/21\/un-dia-como-hoy-felices-116-anos-fifa\/#primaryimage\"},\"thumbnailUrl\":\"https:\/\/futbolhoy.co\/wp-content\/uploads\/2020\/05\/20200521_104019-scaled.jpg\",\"keywords\":[\"FIFA\"],\"articleSection\":[\"Mundo Futbol\"],\"inLanguage\":\"es\",\"potentialAction\":[{\"@type\":\"CommentAction\",\"name\":\"Comment\",\"target\":[\"https:\/\/futbolhoy.co\/index.php\/2020\/05\/21\/un-dia-como-hoy-felices-116-anos-fifa\/#respond\"]}]},{\"@type\":\"WebPage\",\"@id\":\"https:\/\/futbolhoy.co\/index.php\/2020\/05\/21\/un-dia-como-hoy-felices-116-anos-fifa\/\",\"url\":\"https:\/\/futbolhoy.co\/index.php\/2020\/05\/21\/un-dia-como-hoy-felices-116-anos-fifa\/\",\"name\":\"Un d\u00eda como hoy: Felices 116 a\u00f1os, FIFA -\",\"isPartOf\":{\"@id\":\"https:\/\/futbolhoy.co\/#website\"},\"primaryImageOfPage\":{\"@id\":\"https:\/\/futbolhoy.co\/index.php\/2020\/05\/21\/un-dia-como-hoy-felices-116-anos-fifa\/#primaryimage\"},\"image\":{\"@id\":\"https:\/\/futbolhoy.co\/index.php\/2020\/05\/21\/un-dia-como-hoy-felices-116-anos-fifa\/#primaryimage\"},\"thumbnailUrl\":\"https:\/\/futbolhoy.co\/wp-content\/uploads\/2020\/05\/20200521_104019-scaled.jpg\",\"datePublished\":\"2020-05-21T11:35:56+00:00\",\"dateModified\":\"2020-05-21T23:45:23+00:00\",\"breadcrumb\":{\"@id\":\"https:\/\/futbolhoy.co\/index.php\/2020\/05\/21\/un-dia-como-hoy-felices-116-anos-fifa\/#breadcrumb\"},\"inLanguage\":\"es\",\"potentialAction\":[{\"@type\":\"ReadAction\",\"target\":[\"https:\/\/futbolhoy.co\/index.php\/2020\/05\/21\/un-dia-como-hoy-felices-116-anos-fifa\/\"]}]},{\"@type\":\"ImageObject\",\"inLanguage\":\"es\",\"@id\":\"https:\/\/futbolhoy.co\/index.php\/2020\/05\/21\/un-dia-como-hoy-felices-116-anos-fifa\/#primaryimage\",\"url\":\"https:\/\/futbolhoy.co\/wp-content\/uploads\/2020\/05\/20200521_104019-scaled.jpg\",\"contentUrl\":\"https:\/\/futbolhoy.co\/wp-content\/uploads\/2020\/05\/20200521_104019-scaled.jpg\",\"width\":2560,\"height\":1440},{\"@type\":\"BreadcrumbList\",\"@id\":\"https:\/\/futbolhoy.co\/index.php\/2020\/05\/21\/un-dia-como-hoy-felices-116-anos-fifa\/#breadcrumb\",\"itemListElement\":[{\"@type\":\"ListItem\",\"position\":1,\"name\":\"Portada\",\"item\":\"https:\/\/futbolhoy.co\/\"},{\"@type\":\"ListItem\",\"position\":2,\"name\":\"Un d\u00eda como hoy: Felices 116 a\u00f1os, FIFA\"}]},{\"@type\":\"WebSite\",\"@id\":\"https:\/\/futbolhoy.co\/#website\",\"url\":\"https:\/\/futbolhoy.co\/\",\"name\":\"FutbolHoy\",\"description\":\"\",\"publisher\":{\"@id\":\"https:\/\/futbolhoy.co\/#organization\"},\"potentialAction\":[{\"@type\":\"SearchAction\",\"target\":{\"@type\":\"EntryPoint\",\"urlTemplate\":\"https:\/\/futbolhoy.co\/?s={search_term_string}\"},\"query-input\":{\"@type\":\"PropertyValueSpecification\",\"valueRequired\":true,\"valueName\":\"search_term_string\"}}],\"inLanguage\":\"es\"},{\"@type\":\"Organization\",\"@id\":\"https:\/\/futbolhoy.co\/#organization\",\"name\":\"Futbolhoy.co\",\"url\":\"https:\/\/futbolhoy.co\/\",\"logo\":{\"@type\":\"ImageObject\",\"inLanguage\":\"es\",\"@id\":\"https:\/\/futbolhoy.co\/#\/schema\/logo\/image\/\",\"url\":\"https:\/\/futbolhoy.co\/wp-content\/uploads\/2018\/08\/17426380_1906371736249227_6326180412931521141_n.jpg\",\"contentUrl\":\"https:\/\/futbolhoy.co\/wp-content\/uploads\/2018\/08\/17426380_1906371736249227_6326180412931521141_n.jpg\",\"width\":960,\"height\":960,\"caption\":\"Futbolhoy.co\"},\"image\":{\"@id\":\"https:\/\/futbolhoy.co\/#\/schema\/logo\/image\/\"},\"sameAs\":[\"https:\/\/www.facebook.com\/FutbolHoyCol\/\",\"https:\/\/x.com\/FutbolHoyCol\",\"https:\/\/www.instagram.com\/futbolhoycol\/\"]},{\"@type\":\"Person\",\"@id\":\"https:\/\/futbolhoy.co\/#\/schema\/person\/c4a353a512b127643723a34bb1812f7d\",\"name\":\"Laura Hern\u00e1ndez\",\"image\":{\"@type\":\"ImageObject\",\"inLanguage\":\"es\",\"@id\":\"https:\/\/futbolhoy.co\/#\/schema\/person\/image\/\",\"url\":\"https:\/\/secure.gravatar.com\/avatar\/d25959a15b9b293a743f99181c7cfd01?s=96&d=mm&r=g\",\"contentUrl\":\"https:\/\/secure.gravatar.com\/avatar\/d25959a15b9b293a743f99181c7cfd01?s=96&d=mm&r=g\",\"caption\":\"Laura Hern\u00e1ndez\"}}]}<\/script>\n<!-- \/ Yoast SEO plugin. -->","yoast_head_json":{"title":"Un d\u00eda como hoy: Felices 116 a\u00f1os, FIFA -","robots":{"index":"index","follow":"follow","max-snippet":"max-snippet:-1","max-image-preview":"max-image-preview:large","max-video-preview":"max-video-preview:-1"},"canonical":"https:\/\/futbolhoy.co\/index.php\/2020\/05\/21\/un-dia-como-hoy-felices-116-anos-fifa\/","og_locale":"es_ES","og_type":"article","og_title":"Un d\u00eda como hoy: Felices 116 a\u00f1os, FIFA -","og_description":"Un d\u00eda como hoy, en el a\u00f1o 1904, se fund\u00f3 la FIFA, que tiene su sede en Zurich, Suiza. La Federaci\u00f3n Internacional de F\u00fatbol Asociado cuenta hoy en d\u00eda con 211 pa\u00edses afiliados dentro de su instituci\u00f3n. Tras su fundaci\u00f3n, los primeros pa\u00edses en hacer parte de la FIFA fueron B\u00e9lgica, Francia,\u00a0Espa\u00f1a, Holanda, Dinamarca, Suiza [&hellip;]","og_url":"https:\/\/futbolhoy.co\/index.php\/2020\/05\/21\/un-dia-como-hoy-felices-116-anos-fifa\/","article_publisher":"https:\/\/www.facebook.com\/FutbolHoyCol\/","article_published_time":"2020-05-21T11:35:56+00:00","article_modified_time":"2020-05-21T23:45:23+00:00","og_image":[{"width":2560,"height":1440,"url":"https:\/\/futbolhoy.co\/wp-content\/uploads\/2020\/05\/20200521_104019-scaled.jpg","type":"image\/jpeg"}],"author":"Laura Hern\u00e1ndez","twitter_card":"summary_large_image","twitter_creator":"@FutbolHoyCol","twitter_site":"@FutbolHoyCol","twitter_misc":{"Escrito por":"Laura Hern\u00e1ndez","Tiempo de lectura":"1 minuto"},"schema":{"@context":"https:\/\/schema.org","@graph":[{"@type":"Article","@id":"https:\/\/futbolhoy.co\/index.php\/2020\/05\/21\/un-dia-como-hoy-felices-116-anos-fifa\/#article","isPartOf":{"@id":"https:\/\/futbolhoy.co\/index.php\/2020\/05\/21\/un-dia-como-hoy-felices-116-anos-fifa\/"},"author":{"name":"Laura Hern\u00e1ndez","@id":"https:\/\/futbolhoy.co\/#\/schema\/person\/c4a353a512b127643723a34bb1812f7d"},"headline":"Un d\u00eda como hoy: Felices 116 a\u00f1os, FIFA","datePublished":"2020-05-21T11:35:56+00:00","dateModified":"2020-05-21T23:45:23+00:00","mainEntityOfPage":{"@id":"https:\/\/futbolhoy.co\/index.php\/2020\/05\/21\/un-dia-como-hoy-felices-116-anos-fifa\/"},"wordCount":131,"commentCount":0,"publisher":{"@id":"https:\/\/futbolhoy.co\/#organization"},"image":{"@id":"https:\/\/futbolhoy.co\/index.php\/2020\/05\/21\/un-dia-como-hoy-felices-116-anos-fifa\/#primaryimage"},"thumbnailUrl":"https:\/\/futbolhoy.co\/wp-content\/uploads\/2020\/05\/20200521_104019-scaled.jpg","keywords":["FIFA"],"articleSection":["Mundo Futbol"],"inLanguage":"es","potentialAction":[{"@type":"CommentAction","name":"Comment","target":["https:\/\/futbolhoy.co\/index.php\/2020\/05\/21\/un-dia-como-hoy-felices-116-anos-fifa\/#respond"]}]},{"@type":"WebPage","@id":"https:\/\/futbolhoy.co\/index.php\/2020\/05\/21\/un-dia-como-hoy-felices-116-anos-fifa\/","url":"https:\/\/futbolhoy.co\/index.php\/2020\/05\/21\/un-dia-como-hoy-felices-116-anos-fifa\/","name":"Un d\u00eda como hoy: Felices 116 a\u00f1os, FIFA -","isPartOf":{"@id":"https:\/\/futbolhoy.co\/#website"},"primaryImageOfPage":{"@id":"https:\/\/futbolhoy.co\/index.php\/2020\/05\/21\/un-dia-como-hoy-felices-116-anos-fifa\/#primaryimage"},"image":{"@id":"https:\/\/futbolhoy.co\/index.php\/2020\/05\/21\/un-dia-como-hoy-felices-116-anos-fifa\/#primaryimage"},"thumbnailUrl":"https:\/\/futbolhoy.co\/wp-content\/uploads\/2020\/05\/20200521_104019-scaled.jpg","datePublished":"2020-05-21T11:35:56+00:00","dateModified":"2020-05-21T23:45:23+00:00","breadcrumb":{"@id":"https:\/\/futbolhoy.co\/index.php\/2020\/05\/21\/un-dia-como-hoy-felices-116-anos-fifa\/#breadcrumb"},"inLanguage":"es","potentialAction":[{"@type":"ReadAction","target":["https:\/\/futbolhoy.co\/index.php\/2020\/05\/21\/un-dia-como-hoy-felices-116-anos-fifa\/"]}]},{"@type":"ImageObject","inLanguage":"es","@id":"https:\/\/futbolhoy.co\/index.php\/2020\/05\/21\/un-dia-como-hoy-felices-116-anos-fifa\/#primaryimage","url":"https:\/\/futbolhoy.co\/wp-content\/uploads\/2020\/05\/20200521_104019-scaled.jpg","contentUrl":"https:\/\/futbolhoy.co\/wp-content\/uploads\/2020\/05\/20200521_104019-scaled.jpg","width":2560,"height":1440},{"@type":"BreadcrumbList","@id":"https:\/\/futbolhoy.co\/index.php\/2020\/05\/21\/un-dia-como-hoy-felices-116-anos-fifa\/#breadcrumb","itemListElement":[{"@type":"ListItem","position":1,"name":"Portada","item":"https:\/\/futbolhoy.co\/"},{"@type":"ListItem","position":2,"name":"Un d\u00eda como hoy: Felices 116 a\u00f1os, FIFA"}]},{"@type":"WebSite","@id":"https:\/\/futbolhoy.co\/#website","url":"https:\/\/futbolhoy.co\/","name":"FutbolHoy","description":"","publisher":{"@id":"https:\/\/futbolhoy.co\/#organization"},"potentialAction":[{"@type":"SearchAction","target":{"@type":"EntryPoint","urlTemplate":"https:\/\/futbolhoy.co\/?s={search_term_string}"},"query-input":{"@type":"PropertyValueSpecification","valueRequired":true,"valueName":"search_term_string"}}],"inLanguage":"es"},{"@type":"Organization","@id":"https:\/\/futbolhoy.co\/#organization","name":"Futbolhoy.co","url":"https:\/\/futbolhoy.co\/","logo":{"@type":"ImageObject","inLanguage":"es","@id":"https:\/\/futbolhoy.co\/#\/schema\/logo\/image\/","url":"https:\/\/futbolhoy.co\/wp-content\/uploads\/2018\/08\/17426380_1906371736249227_6326180412931521141_n.jpg","contentUrl":"https:\/\/futbolhoy.co\/wp-content\/uploads\/2018\/08\/17426380_1906371736249227_6326180412931521141_n.jpg","width":960,"height":960,"caption":"Futbolhoy.co"},"image":{"@id":"https:\/\/futbolhoy.co\/#\/schema\/logo\/image\/"},"sameAs":["https:\/\/www.facebook.com\/FutbolHoyCol\/","https:\/\/x.com\/FutbolHoyCol","https:\/\/www.instagram.com\/futbolhoycol\/"]},{"@type":"Person","@id":"https:\/\/futbolhoy.co\/#\/schema\/person\/c4a353a512b127643723a34bb1812f7d","name":"Laura Hern\u00e1ndez","image":{"@type":"ImageObject","inLanguage":"es","@id":"https:\/\/futbolhoy.co\/#\/schema\/person\/image\/","url":"https:\/\/secure.gravatar.com\/avatar\/d25959a15b9b293a743f99181c7cfd01?s=96&d=mm&r=g","contentUrl":"https:\/\/secure.gravatar.com\/avatar\/d25959a15b9b293a743f99181c7cfd01?s=96&d=mm&r=g","caption":"Laura Hern\u00e1ndez"}}]}},"publishpress_future_action":{"enabled":false,"date":"2026-05-05 07:01:02","action":"change-status","newStatus":"draft","terms":[],"taxonomy":"category","extraData":[]},"publishpress_future_workflow_manual_trigger":{"enabledWorkflows":[]},"_links":{"self":[{"href":"https:\/\/futbolhoy.co\/index.php\/wp-json\/wp\/v2\/posts\/51427","targetHints":{"allow":["GET"]}}],"collection":[{"href":"https:\/\/futbolhoy.co\/index.php\/wp-json\/wp\/v2\/posts"}],"about":[{"href":"https:\/\/futbolhoy.co\/index.php\/wp-json\/wp\/v2\/types\/post"}],"author":[{"embeddable":true,"href":"https:\/\/futbolhoy.co\/index.php\/wp-json\/wp\/v2\/users\/5"}],"replies":[{"embeddable":true,"href":"https:\/\/futbolhoy.co\/index.php\/wp-json\/wp\/v2\/comments?post=51427"}],"version-history":[{"count":3,"href":"https:\/\/futbolhoy.co\/index.php\/wp-json\/wp\/v2\/posts\/51427\/revisions"}],"predecessor-version":[{"id":51434,"href":"https:\/\/futbolhoy.co\/index.php\/wp-json\/wp\/v2\/posts\/51427\/revisions\/51434"}],"wp:featuredmedia":[{"embeddable":true,"href":"https:\/\/futbolhoy.co\/index.php\/wp-json\/wp\/v2\/media\/51429"}],"wp:attachment":[{"href":"https:\/\/futbolhoy.co\/index.php\/wp-json\/wp\/v2\/media?parent=51427"}],"wp:term":[{"taxonomy":"category","embeddable":true,"href":"https:\/\/futbolhoy.co\/index.php\/wp-json\/wp\/v2\/categories?post=51427"},{"taxonomy":"post_tag","embeddable":true,"href":"https:\/\/futbolhoy.co\/index.php\/wp-json\/wp\/v2\/tags?post=51427"}],"curies":[{"name":"wp","href":"https:\/\/api.w.org\/{rel}","templated":true}]}}