{"id":51538,"date":"2020-05-24T18:46:43","date_gmt":"2020-05-24T23:46:43","guid":{"rendered":"https:\/\/futbolhoy.co\/?p=51538"},"modified":"2020-05-24T20:37:42","modified_gmt":"2020-05-25T01:37:42","slug":"espana-e-italia-a-tres-semanas-del-regreso","status":"publish","type":"post","link":"https:\/\/futbolhoy.co\/index.php\/2020\/05\/24\/espana-e-italia-a-tres-semanas-del-regreso\/","title":{"rendered":"Espa\u00f1a e Italia, a tres semanas del regreso"},"content":{"rendered":"<p style=\"text-align: justify;\"><span style=\"font-family: helvetica, arial, sans-serif;\">El presidente de la Liga espa\u00f1ola,\u00a0<b>Javier Tebas<\/b>, y el\u00a0<b>ministro del Deporte de Italia<\/b>,\u00a0<b>Vincenzo Spadafora<\/b>, anunciaron que la segunda semana de junio est\u00e1 marcada para los regresos de los campeonatos de primera divisi\u00f3n, luego de iniciar el proceso de retorno a la normalidad en toda actividad.<\/span><\/p>\n<p style=\"text-align: justify;\"><span style=\"font-family: helvetica, arial, sans-serif;\">Tebas se mostr\u00f3 ilusionado ante la posibilidad de que el jueves 11 de junio sea el d\u00eda de reanudaci\u00f3n de\u00a0<b>LaLiga<\/b>, y que sea con el derbi entre\u00a0<b>Sevilla<\/b>\u00a0y\u00a0<b>Betis<\/b>.<\/span><\/p>\n<p style=\"text-align: justify;\"><span style=\"font-family: helvetica, arial, sans-serif;\">Tebas, en declaraciones a la plataforma de televisi\u00f3n\u00a0<i>Movistar Plus<\/i>, indic\u00f3 \"Nos gustar\u00eda que fuese el derbi sevillano a las 3PM (hora colombiana). Ser\u00eda nuestra ilusi\u00f3n tener un solo partido de liga ese d\u00eda, de forma que los equipos jueguen en exclusiva para toda\u00a0<b>Espa\u00f1a<\/b>, casi como un homenaje a esta vuelta de la Liga y a lo ocurrido\".<\/span><\/p>\n<p style=\"text-align: justify;\"><span style=\"font-family: helvetica, arial, sans-serif;\">El presidente de la Liga insisti\u00f3, no obstante, en mostrarse cauto y recordar que habr\u00e1 que ver como siguen evolucionando las fases del plan de desconfinamiento y los entrenamientos de los equipos.<\/span><\/p>\n<p style=\"text-align: justify;\"><span style=\"font-family: helvetica, arial, sans-serif;\">Por su parte, el ministro Spadafora en territorio italiano anunci\u00f3 que este jueves 28 de mayo se tomar\u00e1 la decisi\u00f3n de la fecha exacta para el reinicio de la\u00a0<b>Serie A<\/b>, estimada entre el 13 y el 20 de junio.<\/span><\/p>\n<p style=\"text-align: justify;\"><span style=\"font-family: helvetica, arial, sans-serif;\">Espa\u00f1a e Italia fueron los pa\u00edses m\u00e1s afectados de\u00a0<b>Europa<\/b>\u00a0por la pandemia del COVID-19, con m\u00e1s de 25 mil muertes cada uno.<\/span><\/p>\n","protected":false},"excerpt":{"rendered":"<p>El presidente de la Liga espa\u00f1ola,\u00a0Javier Tebas, y el\u00a0ministro del Deporte de Italia,\u00a0Vincenzo Spadafora, anunciaron que la segunda semana de junio est\u00e1 marcada para los regresos de los campeonatos de primera divisi\u00f3n, luego de iniciar el proceso de retorno a la normalidad en toda actividad. Tebas se mostr\u00f3 ilusionado ante la posibilidad de que el [&hellip;]<\/p>\n","protected":false},"author":5,"featured_media":51542,"comment_status":"open","ping_status":"open","sticky":false,"template":"","format":"standard","meta":{"_acf_changed":false,"footnotes":""},"categories":[152],"tags":[],"class_list":{"0":"post-51538","1":"post","2":"type-post","3":"status-publish","4":"format-standard","5":"has-post-thumbnail","7":"category-mundo-futbol"},"acf":[],"yoast_head":"<!-- This site is optimized with the Yoast SEO plugin v26.8 - https:\/\/yoast.com\/product\/yoast-seo-wordpress\/ -->\n<title>Espa\u00f1a e Italia, a tres semanas del regreso -<\/title>\n<meta name=\"robots\" content=\"index, follow, max-snippet:-1, max-image-preview:large, max-video-preview:-1\" \/>\n<link rel=\"canonical\" href=\"https:\/\/futbolhoy.co\/index.php\/2020\/05\/24\/espana-e-italia-a-tres-semanas-del-regreso\/\" \/>\n<meta property=\"og:locale\" content=\"es_ES\" \/>\n<meta property=\"og:type\" content=\"article\" \/>\n<meta property=\"og:title\" content=\"Espa\u00f1a e Italia, a tres semanas del regreso -\" \/>\n<meta property=\"og:description\" content=\"El presidente de la Liga espa\u00f1ola,\u00a0Javier Tebas, y el\u00a0ministro del Deporte de Italia,\u00a0Vincenzo Spadafora, anunciaron que la segunda semana de junio est\u00e1 marcada para los regresos de los campeonatos de primera divisi\u00f3n, luego de iniciar el proceso de retorno a la normalidad en toda actividad. Tebas se mostr\u00f3 ilusionado ante la posibilidad de que el [&hellip;]\" \/>\n<meta property=\"og:url\" content=\"https:\/\/futbolhoy.co\/index.php\/2020\/05\/24\/espana-e-italia-a-tres-semanas-del-regreso\/\" \/>\n<meta property=\"article:publisher\" content=\"https:\/\/www.facebook.com\/FutbolHoyCol\/\" \/>\n<meta property=\"article:published_time\" content=\"2020-05-24T23:46:43+00:00\" \/>\n<meta property=\"article:modified_time\" content=\"2020-05-25T01:37:42+00:00\" \/>\n<meta property=\"og:image\" content=\"https:\/\/futbolhoy.co\/wp-content\/uploads\/2020\/05\/EYUlRruWkAA9zfa.jpg\" \/>\n\t<meta property=\"og:image:width\" content=\"680\" \/>\n\t<meta property=\"og:image:height\" content=\"453\" \/>\n\t<meta property=\"og:image:type\" content=\"image\/jpeg\" \/>\n<meta name=\"author\" content=\"Laura Hern\u00e1ndez\" \/>\n<meta name=\"twitter:card\" content=\"summary_large_image\" \/>\n<meta name=\"twitter:creator\" content=\"@FutbolHoyCol\" \/>\n<meta name=\"twitter:site\" content=\"@FutbolHoyCol\" \/>\n<meta name=\"twitter:label1\" content=\"Escrito por\" \/>\n\t<meta name=\"twitter:data1\" content=\"Laura Hern\u00e1ndez\" \/>\n\t<meta name=\"twitter:label2\" content=\"Tiempo de lectura\" \/>\n\t<meta name=\"twitter:data2\" content=\"1 minuto\" \/>\n<script type=\"application\/ld+json\" class=\"yoast-schema-graph\">{\"@context\":\"https:\/\/schema.org\",\"@graph\":[{\"@type\":\"Article\",\"@id\":\"https:\/\/futbolhoy.co\/index.php\/2020\/05\/24\/espana-e-italia-a-tres-semanas-del-regreso\/#article\",\"isPartOf\":{\"@id\":\"https:\/\/futbolhoy.co\/index.php\/2020\/05\/24\/espana-e-italia-a-tres-semanas-del-regreso\/\"},\"author\":{\"name\":\"Laura Hern\u00e1ndez\",\"@id\":\"https:\/\/futbolhoy.co\/#\/schema\/person\/c4a353a512b127643723a34bb1812f7d\"},\"headline\":\"Espa\u00f1a e Italia, a tres semanas del regreso\",\"datePublished\":\"2020-05-24T23:46:43+00:00\",\"dateModified\":\"2020-05-25T01:37:42+00:00\",\"mainEntityOfPage\":{\"@id\":\"https:\/\/futbolhoy.co\/index.php\/2020\/05\/24\/espana-e-italia-a-tres-semanas-del-regreso\/\"},\"wordCount\":252,\"commentCount\":0,\"publisher\":{\"@id\":\"https:\/\/futbolhoy.co\/#organization\"},\"image\":{\"@id\":\"https:\/\/futbolhoy.co\/index.php\/2020\/05\/24\/espana-e-italia-a-tres-semanas-del-regreso\/#primaryimage\"},\"thumbnailUrl\":\"https:\/\/futbolhoy.co\/wp-content\/uploads\/2020\/05\/EYUlRruWkAA9zfa.jpg\",\"articleSection\":[\"Mundo Futbol\"],\"inLanguage\":\"es\",\"potentialAction\":[{\"@type\":\"CommentAction\",\"name\":\"Comment\",\"target\":[\"https:\/\/futbolhoy.co\/index.php\/2020\/05\/24\/espana-e-italia-a-tres-semanas-del-regreso\/#respond\"]}]},{\"@type\":\"WebPage\",\"@id\":\"https:\/\/futbolhoy.co\/index.php\/2020\/05\/24\/espana-e-italia-a-tres-semanas-del-regreso\/\",\"url\":\"https:\/\/futbolhoy.co\/index.php\/2020\/05\/24\/espana-e-italia-a-tres-semanas-del-regreso\/\",\"name\":\"Espa\u00f1a e Italia, a tres semanas del regreso -\",\"isPartOf\":{\"@id\":\"https:\/\/futbolhoy.co\/#website\"},\"primaryImageOfPage\":{\"@id\":\"https:\/\/futbolhoy.co\/index.php\/2020\/05\/24\/espana-e-italia-a-tres-semanas-del-regreso\/#primaryimage\"},\"image\":{\"@id\":\"https:\/\/futbolhoy.co\/index.php\/2020\/05\/24\/espana-e-italia-a-tres-semanas-del-regreso\/#primaryimage\"},\"thumbnailUrl\":\"https:\/\/futbolhoy.co\/wp-content\/uploads\/2020\/05\/EYUlRruWkAA9zfa.jpg\",\"datePublished\":\"2020-05-24T23:46:43+00:00\",\"dateModified\":\"2020-05-25T01:37:42+00:00\",\"breadcrumb\":{\"@id\":\"https:\/\/futbolhoy.co\/index.php\/2020\/05\/24\/espana-e-italia-a-tres-semanas-del-regreso\/#breadcrumb\"},\"inLanguage\":\"es\",\"potentialAction\":[{\"@type\":\"ReadAction\",\"target\":[\"https:\/\/futbolhoy.co\/index.php\/2020\/05\/24\/espana-e-italia-a-tres-semanas-del-regreso\/\"]}]},{\"@type\":\"ImageObject\",\"inLanguage\":\"es\",\"@id\":\"https:\/\/futbolhoy.co\/index.php\/2020\/05\/24\/espana-e-italia-a-tres-semanas-del-regreso\/#primaryimage\",\"url\":\"https:\/\/futbolhoy.co\/wp-content\/uploads\/2020\/05\/EYUlRruWkAA9zfa.jpg\",\"contentUrl\":\"https:\/\/futbolhoy.co\/wp-content\/uploads\/2020\/05\/EYUlRruWkAA9zfa.jpg\",\"width\":680,\"height\":453},{\"@type\":\"BreadcrumbList\",\"@id\":\"https:\/\/futbolhoy.co\/index.php\/2020\/05\/24\/espana-e-italia-a-tres-semanas-del-regreso\/#breadcrumb\",\"itemListElement\":[{\"@type\":\"ListItem\",\"position\":1,\"name\":\"Portada\",\"item\":\"https:\/\/futbolhoy.co\/\"},{\"@type\":\"ListItem\",\"position\":2,\"name\":\"Espa\u00f1a e Italia, a tres semanas del regreso\"}]},{\"@type\":\"WebSite\",\"@id\":\"https:\/\/futbolhoy.co\/#website\",\"url\":\"https:\/\/futbolhoy.co\/\",\"name\":\"FutbolHoy\",\"description\":\"\",\"publisher\":{\"@id\":\"https:\/\/futbolhoy.co\/#organization\"},\"potentialAction\":[{\"@type\":\"SearchAction\",\"target\":{\"@type\":\"EntryPoint\",\"urlTemplate\":\"https:\/\/futbolhoy.co\/?s={search_term_string}\"},\"query-input\":{\"@type\":\"PropertyValueSpecification\",\"valueRequired\":true,\"valueName\":\"search_term_string\"}}],\"inLanguage\":\"es\"},{\"@type\":\"Organization\",\"@id\":\"https:\/\/futbolhoy.co\/#organization\",\"name\":\"Futbolhoy.co\",\"url\":\"https:\/\/futbolhoy.co\/\",\"logo\":{\"@type\":\"ImageObject\",\"inLanguage\":\"es\",\"@id\":\"https:\/\/futbolhoy.co\/#\/schema\/logo\/image\/\",\"url\":\"https:\/\/futbolhoy.co\/wp-content\/uploads\/2018\/08\/17426380_1906371736249227_6326180412931521141_n.jpg\",\"contentUrl\":\"https:\/\/futbolhoy.co\/wp-content\/uploads\/2018\/08\/17426380_1906371736249227_6326180412931521141_n.jpg\",\"width\":960,\"height\":960,\"caption\":\"Futbolhoy.co\"},\"image\":{\"@id\":\"https:\/\/futbolhoy.co\/#\/schema\/logo\/image\/\"},\"sameAs\":[\"https:\/\/www.facebook.com\/FutbolHoyCol\/\",\"https:\/\/x.com\/FutbolHoyCol\",\"https:\/\/www.instagram.com\/futbolhoycol\/\"]},{\"@type\":\"Person\",\"@id\":\"https:\/\/futbolhoy.co\/#\/schema\/person\/c4a353a512b127643723a34bb1812f7d\",\"name\":\"Laura Hern\u00e1ndez\",\"image\":{\"@type\":\"ImageObject\",\"inLanguage\":\"es\",\"@id\":\"https:\/\/futbolhoy.co\/#\/schema\/person\/image\/\",\"url\":\"https:\/\/secure.gravatar.com\/avatar\/d25959a15b9b293a743f99181c7cfd01?s=96&d=mm&r=g\",\"contentUrl\":\"https:\/\/secure.gravatar.com\/avatar\/d25959a15b9b293a743f99181c7cfd01?s=96&d=mm&r=g\",\"caption\":\"Laura Hern\u00e1ndez\"}}]}<\/script>\n<!-- \/ Yoast SEO plugin. -->","yoast_head_json":{"title":"Espa\u00f1a e Italia, a tres semanas del regreso -","robots":{"index":"index","follow":"follow","max-snippet":"max-snippet:-1","max-image-preview":"max-image-preview:large","max-video-preview":"max-video-preview:-1"},"canonical":"https:\/\/futbolhoy.co\/index.php\/2020\/05\/24\/espana-e-italia-a-tres-semanas-del-regreso\/","og_locale":"es_ES","og_type":"article","og_title":"Espa\u00f1a e Italia, a tres semanas del regreso -","og_description":"El presidente de la Liga espa\u00f1ola,\u00a0Javier Tebas, y el\u00a0ministro del Deporte de Italia,\u00a0Vincenzo Spadafora, anunciaron que la segunda semana de junio est\u00e1 marcada para los regresos de los campeonatos de primera divisi\u00f3n, luego de iniciar el proceso de retorno a la normalidad en toda actividad. Tebas se mostr\u00f3 ilusionado ante la posibilidad de que el [&hellip;]","og_url":"https:\/\/futbolhoy.co\/index.php\/2020\/05\/24\/espana-e-italia-a-tres-semanas-del-regreso\/","article_publisher":"https:\/\/www.facebook.com\/FutbolHoyCol\/","article_published_time":"2020-05-24T23:46:43+00:00","article_modified_time":"2020-05-25T01:37:42+00:00","og_image":[{"width":680,"height":453,"url":"https:\/\/futbolhoy.co\/wp-content\/uploads\/2020\/05\/EYUlRruWkAA9zfa.jpg","type":"image\/jpeg"}],"author":"Laura Hern\u00e1ndez","twitter_card":"summary_large_image","twitter_creator":"@FutbolHoyCol","twitter_site":"@FutbolHoyCol","twitter_misc":{"Escrito por":"Laura Hern\u00e1ndez","Tiempo de lectura":"1 minuto"},"schema":{"@context":"https:\/\/schema.org","@graph":[{"@type":"Article","@id":"https:\/\/futbolhoy.co\/index.php\/2020\/05\/24\/espana-e-italia-a-tres-semanas-del-regreso\/#article","isPartOf":{"@id":"https:\/\/futbolhoy.co\/index.php\/2020\/05\/24\/espana-e-italia-a-tres-semanas-del-regreso\/"},"author":{"name":"Laura Hern\u00e1ndez","@id":"https:\/\/futbolhoy.co\/#\/schema\/person\/c4a353a512b127643723a34bb1812f7d"},"headline":"Espa\u00f1a e Italia, a tres semanas del regreso","datePublished":"2020-05-24T23:46:43+00:00","dateModified":"2020-05-25T01:37:42+00:00","mainEntityOfPage":{"@id":"https:\/\/futbolhoy.co\/index.php\/2020\/05\/24\/espana-e-italia-a-tres-semanas-del-regreso\/"},"wordCount":252,"commentCount":0,"publisher":{"@id":"https:\/\/futbolhoy.co\/#organization"},"image":{"@id":"https:\/\/futbolhoy.co\/index.php\/2020\/05\/24\/espana-e-italia-a-tres-semanas-del-regreso\/#primaryimage"},"thumbnailUrl":"https:\/\/futbolhoy.co\/wp-content\/uploads\/2020\/05\/EYUlRruWkAA9zfa.jpg","articleSection":["Mundo Futbol"],"inLanguage":"es","potentialAction":[{"@type":"CommentAction","name":"Comment","target":["https:\/\/futbolhoy.co\/index.php\/2020\/05\/24\/espana-e-italia-a-tres-semanas-del-regreso\/#respond"]}]},{"@type":"WebPage","@id":"https:\/\/futbolhoy.co\/index.php\/2020\/05\/24\/espana-e-italia-a-tres-semanas-del-regreso\/","url":"https:\/\/futbolhoy.co\/index.php\/2020\/05\/24\/espana-e-italia-a-tres-semanas-del-regreso\/","name":"Espa\u00f1a e Italia, a tres semanas del regreso -","isPartOf":{"@id":"https:\/\/futbolhoy.co\/#website"},"primaryImageOfPage":{"@id":"https:\/\/futbolhoy.co\/index.php\/2020\/05\/24\/espana-e-italia-a-tres-semanas-del-regreso\/#primaryimage"},"image":{"@id":"https:\/\/futbolhoy.co\/index.php\/2020\/05\/24\/espana-e-italia-a-tres-semanas-del-regreso\/#primaryimage"},"thumbnailUrl":"https:\/\/futbolhoy.co\/wp-content\/uploads\/2020\/05\/EYUlRruWkAA9zfa.jpg","datePublished":"2020-05-24T23:46:43+00:00","dateModified":"2020-05-25T01:37:42+00:00","breadcrumb":{"@id":"https:\/\/futbolhoy.co\/index.php\/2020\/05\/24\/espana-e-italia-a-tres-semanas-del-regreso\/#breadcrumb"},"inLanguage":"es","potentialAction":[{"@type":"ReadAction","target":["https:\/\/futbolhoy.co\/index.php\/2020\/05\/24\/espana-e-italia-a-tres-semanas-del-regreso\/"]}]},{"@type":"ImageObject","inLanguage":"es","@id":"https:\/\/futbolhoy.co\/index.php\/2020\/05\/24\/espana-e-italia-a-tres-semanas-del-regreso\/#primaryimage","url":"https:\/\/futbolhoy.co\/wp-content\/uploads\/2020\/05\/EYUlRruWkAA9zfa.jpg","contentUrl":"https:\/\/futbolhoy.co\/wp-content\/uploads\/2020\/05\/EYUlRruWkAA9zfa.jpg","width":680,"height":453},{"@type":"BreadcrumbList","@id":"https:\/\/futbolhoy.co\/index.php\/2020\/05\/24\/espana-e-italia-a-tres-semanas-del-regreso\/#breadcrumb","itemListElement":[{"@type":"ListItem","position":1,"name":"Portada","item":"https:\/\/futbolhoy.co\/"},{"@type":"ListItem","position":2,"name":"Espa\u00f1a e Italia, a tres semanas del regreso"}]},{"@type":"WebSite","@id":"https:\/\/futbolhoy.co\/#website","url":"https:\/\/futbolhoy.co\/","name":"FutbolHoy","description":"","publisher":{"@id":"https:\/\/futbolhoy.co\/#organization"},"potentialAction":[{"@type":"SearchAction","target":{"@type":"EntryPoint","urlTemplate":"https:\/\/futbolhoy.co\/?s={search_term_string}"},"query-input":{"@type":"PropertyValueSpecification","valueRequired":true,"valueName":"search_term_string"}}],"inLanguage":"es"},{"@type":"Organization","@id":"https:\/\/futbolhoy.co\/#organization","name":"Futbolhoy.co","url":"https:\/\/futbolhoy.co\/","logo":{"@type":"ImageObject","inLanguage":"es","@id":"https:\/\/futbolhoy.co\/#\/schema\/logo\/image\/","url":"https:\/\/futbolhoy.co\/wp-content\/uploads\/2018\/08\/17426380_1906371736249227_6326180412931521141_n.jpg","contentUrl":"https:\/\/futbolhoy.co\/wp-content\/uploads\/2018\/08\/17426380_1906371736249227_6326180412931521141_n.jpg","width":960,"height":960,"caption":"Futbolhoy.co"},"image":{"@id":"https:\/\/futbolhoy.co\/#\/schema\/logo\/image\/"},"sameAs":["https:\/\/www.facebook.com\/FutbolHoyCol\/","https:\/\/x.com\/FutbolHoyCol","https:\/\/www.instagram.com\/futbolhoycol\/"]},{"@type":"Person","@id":"https:\/\/futbolhoy.co\/#\/schema\/person\/c4a353a512b127643723a34bb1812f7d","name":"Laura Hern\u00e1ndez","image":{"@type":"ImageObject","inLanguage":"es","@id":"https:\/\/futbolhoy.co\/#\/schema\/person\/image\/","url":"https:\/\/secure.gravatar.com\/avatar\/d25959a15b9b293a743f99181c7cfd01?s=96&d=mm&r=g","contentUrl":"https:\/\/secure.gravatar.com\/avatar\/d25959a15b9b293a743f99181c7cfd01?s=96&d=mm&r=g","caption":"Laura Hern\u00e1ndez"}}]}},"publishpress_future_action":{"enabled":false,"date":"2026-05-05 08:33:07","action":"change-status","newStatus":"draft","terms":[],"taxonomy":"category","extraData":[]},"publishpress_future_workflow_manual_trigger":{"enabledWorkflows":[]},"_links":{"self":[{"href":"https:\/\/futbolhoy.co\/index.php\/wp-json\/wp\/v2\/posts\/51538","targetHints":{"allow":["GET"]}}],"collection":[{"href":"https:\/\/futbolhoy.co\/index.php\/wp-json\/wp\/v2\/posts"}],"about":[{"href":"https:\/\/futbolhoy.co\/index.php\/wp-json\/wp\/v2\/types\/post"}],"author":[{"embeddable":true,"href":"https:\/\/futbolhoy.co\/index.php\/wp-json\/wp\/v2\/users\/5"}],"replies":[{"embeddable":true,"href":"https:\/\/futbolhoy.co\/index.php\/wp-json\/wp\/v2\/comments?post=51538"}],"version-history":[{"count":1,"href":"https:\/\/futbolhoy.co\/index.php\/wp-json\/wp\/v2\/posts\/51538\/revisions"}],"predecessor-version":[{"id":51543,"href":"https:\/\/futbolhoy.co\/index.php\/wp-json\/wp\/v2\/posts\/51538\/revisions\/51543"}],"wp:featuredmedia":[{"embeddable":true,"href":"https:\/\/futbolhoy.co\/index.php\/wp-json\/wp\/v2\/media\/51542"}],"wp:attachment":[{"href":"https:\/\/futbolhoy.co\/index.php\/wp-json\/wp\/v2\/media?parent=51538"}],"wp:term":[{"taxonomy":"category","embeddable":true,"href":"https:\/\/futbolhoy.co\/index.php\/wp-json\/wp\/v2\/categories?post=51538"},{"taxonomy":"post_tag","embeddable":true,"href":"https:\/\/futbolhoy.co\/index.php\/wp-json\/wp\/v2\/tags?post=51538"}],"curies":[{"name":"wp","href":"https:\/\/api.w.org\/{rel}","templated":true}]}}