{"id":51549,"date":"2020-05-24T23:32:45","date_gmt":"2020-05-25T04:32:45","guid":{"rendered":"https:\/\/futbolhoy.co\/?p=51549"},"modified":"2020-05-25T11:49:14","modified_gmt":"2020-05-25T16:49:14","slug":"el-futbol-es-importante-para-la-sociedad-pero-debemos-ser-responsables-duque","status":"publish","type":"post","link":"https:\/\/futbolhoy.co\/index.php\/2020\/05\/24\/el-futbol-es-importante-para-la-sociedad-pero-debemos-ser-responsables-duque\/","title":{"rendered":"\u201cEl F\u00fatbol es importante para la sociedad, pero debemos ser responsables\u201d, Duque"},"content":{"rendered":"<!--[if lt IE 9]><script>document.createElement('audio');<\/script><![endif]-->\n<audio class=\"wp-audio-shortcode\" id=\"audio-51549-1\" preload=\"none\" style=\"width: 100%;\" controls=\"controls\"><source type=\"audio\/mpeg\" src=\"https:\/\/futbolhoy.co\/wp-content\/uploads\/2020\/05\/Iv\u00e1n-Duque-Presidente-de-Colombia.mp3?_=1\" \/><a href=\"https:\/\/futbolhoy.co\/wp-content\/uploads\/2020\/05\/Iv\u00e1n-Duque-Presidente-de-Colombia.mp3\">https:\/\/futbolhoy.co\/wp-content\/uploads\/2020\/05\/Iv\u00e1n-Duque-Presidente-de-Colombia.mp3<\/a><\/audio>\n<p style=\"text-align: justify;\"><span style=\"font-family: helvetica, arial, sans-serif;\">El presidente de la Rep\u00fablica, <strong>Iv\u00e1n Duque<\/strong>, asegur\u00f3 que, ante la incertidumbre que ha generado en el pa\u00eds el regreso del f\u00fatbol profesional, el gobierno es consciente de su importancia, pero que cualquier determinaci\u00f3n al respecto debe estar basada en la ciencia y la responsabilidad con la salud de los implicados.<\/span><\/p>\n<p style=\"text-align: justify;\"><span style=\"font-family: helvetica, arial, sans-serif;\">\"Entendemos que el deporte es muy importante para la sociedad y que hay que recuperar gradualmente estos espacios. Con el Ministerio de Salud y el Ministerio del Deporte hemos venido trabajando para tener unos protocolos\".<\/span><\/p>\n<p style=\"text-align: justify;\"><span style=\"font-family: helvetica, arial, sans-serif;\">Duque agreg\u00f3 que est\u00e1 en contacto con la <strong>FIFA<\/strong> y la <strong>Conmebol<\/strong> de manera permanente; adem\u00e1s de realizar un seguimiento especial a la <strong>Bundesliga<\/strong> y los dem\u00e1s torneos que est\u00e1n por reactivarse para aprovechar sus experiencias y aplicar lo positivo en Colombia.<\/span><\/p>\n<p style=\"text-align: justify;\"><span style=\"font-family: helvetica, arial, sans-serif;\">\"Mi gran preocupaci\u00f3n es que tenemos que garantizar la salud de los jugadores. Aqu\u00ed no se trata de presiones ni de actitudes pol\u00edticas, la decisi\u00f3n se debe tomar basada en la ciencia\".<\/span><\/p>\n","protected":false},"excerpt":{"rendered":"<p>El presidente de la Rep\u00fablica, Iv\u00e1n Duque, asegur\u00f3 que, ante la incertidumbre que ha generado en el pa\u00eds el regreso del f\u00fatbol profesional, el gobierno es consciente de su importancia, pero que cualquier determinaci\u00f3n al respecto debe estar basada en la ciencia y la responsabilidad con la salud de los implicados. \"Entendemos que el deporte [&hellip;]<\/p>\n","protected":false},"author":5,"featured_media":51552,"comment_status":"open","ping_status":"open","sticky":false,"template":"","format":"video","meta":{"_acf_changed":false,"footnotes":""},"categories":[7],"tags":[],"class_list":{"0":"post-51549","1":"post","2":"type-post","3":"status-publish","4":"format-video","5":"has-post-thumbnail","7":"category-liga-betplay","8":"post_format-post-format-video"},"acf":[],"yoast_head":"<!-- This site is optimized with the Yoast SEO plugin v26.8 - https:\/\/yoast.com\/product\/yoast-seo-wordpress\/ -->\n<title>\u201cEl F\u00fatbol es importante para la sociedad, pero debemos ser responsables\u201d, Duque -<\/title>\n<meta name=\"robots\" content=\"index, follow, max-snippet:-1, max-image-preview:large, max-video-preview:-1\" \/>\n<link rel=\"canonical\" href=\"https:\/\/futbolhoy.co\/index.php\/2020\/05\/24\/el-futbol-es-importante-para-la-sociedad-pero-debemos-ser-responsables-duque\/\" \/>\n<meta property=\"og:locale\" content=\"es_ES\" \/>\n<meta property=\"og:type\" content=\"article\" \/>\n<meta property=\"og:title\" content=\"\u201cEl F\u00fatbol es importante para la sociedad, pero debemos ser responsables\u201d, Duque -\" \/>\n<meta property=\"og:description\" content=\"El presidente de la Rep\u00fablica, Iv\u00e1n Duque, asegur\u00f3 que, ante la incertidumbre que ha generado en el pa\u00eds el regreso del f\u00fatbol profesional, el gobierno es consciente de su importancia, pero que cualquier determinaci\u00f3n al respecto debe estar basada en la ciencia y la responsabilidad con la salud de los implicados. &quot;Entendemos que el deporte [&hellip;]\" \/>\n<meta property=\"og:url\" content=\"https:\/\/futbolhoy.co\/index.php\/2020\/05\/24\/el-futbol-es-importante-para-la-sociedad-pero-debemos-ser-responsables-duque\/\" \/>\n<meta property=\"article:publisher\" content=\"https:\/\/www.facebook.com\/FutbolHoyCol\/\" \/>\n<meta property=\"article:published_time\" content=\"2020-05-25T04:32:45+00:00\" \/>\n<meta property=\"article:modified_time\" content=\"2020-05-25T16:49:14+00:00\" \/>\n<meta property=\"og:image\" content=\"https:\/\/futbolhoy.co\/wp-content\/uploads\/2020\/05\/EY05TK-X0AoPSno.jpg\" \/>\n\t<meta property=\"og:image:width\" content=\"1024\" \/>\n\t<meta property=\"og:image:height\" content=\"614\" \/>\n\t<meta property=\"og:image:type\" content=\"image\/jpeg\" \/>\n<meta name=\"author\" content=\"Laura Hern\u00e1ndez\" \/>\n<meta name=\"twitter:card\" content=\"summary_large_image\" \/>\n<meta name=\"twitter:creator\" content=\"@FutbolHoyCol\" \/>\n<meta name=\"twitter:site\" content=\"@FutbolHoyCol\" \/>\n<meta name=\"twitter:label1\" content=\"Escrito por\" \/>\n\t<meta name=\"twitter:data1\" content=\"Laura Hern\u00e1ndez\" \/>\n\t<meta name=\"twitter:label2\" content=\"Tiempo de lectura\" \/>\n\t<meta name=\"twitter:data2\" content=\"1 minuto\" \/>\n<script type=\"application\/ld+json\" class=\"yoast-schema-graph\">{\"@context\":\"https:\/\/schema.org\",\"@graph\":[{\"@type\":\"Article\",\"@id\":\"https:\/\/futbolhoy.co\/index.php\/2020\/05\/24\/el-futbol-es-importante-para-la-sociedad-pero-debemos-ser-responsables-duque\/#article\",\"isPartOf\":{\"@id\":\"https:\/\/futbolhoy.co\/index.php\/2020\/05\/24\/el-futbol-es-importante-para-la-sociedad-pero-debemos-ser-responsables-duque\/\"},\"author\":{\"name\":\"Laura Hern\u00e1ndez\",\"@id\":\"https:\/\/futbolhoy.co\/#\/schema\/person\/c4a353a512b127643723a34bb1812f7d\"},\"headline\":\"\u201cEl F\u00fatbol es importante para la sociedad, pero debemos ser responsables\u201d, Duque\",\"datePublished\":\"2020-05-25T04:32:45+00:00\",\"dateModified\":\"2020-05-25T16:49:14+00:00\",\"mainEntityOfPage\":{\"@id\":\"https:\/\/futbolhoy.co\/index.php\/2020\/05\/24\/el-futbol-es-importante-para-la-sociedad-pero-debemos-ser-responsables-duque\/\"},\"wordCount\":195,\"commentCount\":0,\"publisher\":{\"@id\":\"https:\/\/futbolhoy.co\/#organization\"},\"image\":{\"@id\":\"https:\/\/futbolhoy.co\/index.php\/2020\/05\/24\/el-futbol-es-importante-para-la-sociedad-pero-debemos-ser-responsables-duque\/#primaryimage\"},\"thumbnailUrl\":\"https:\/\/futbolhoy.co\/wp-content\/uploads\/2020\/05\/EY05TK-X0AoPSno.jpg\",\"articleSection\":[\"Liga BetPlay\"],\"inLanguage\":\"es\",\"potentialAction\":[{\"@type\":\"CommentAction\",\"name\":\"Comment\",\"target\":[\"https:\/\/futbolhoy.co\/index.php\/2020\/05\/24\/el-futbol-es-importante-para-la-sociedad-pero-debemos-ser-responsables-duque\/#respond\"]}]},{\"@type\":\"WebPage\",\"@id\":\"https:\/\/futbolhoy.co\/index.php\/2020\/05\/24\/el-futbol-es-importante-para-la-sociedad-pero-debemos-ser-responsables-duque\/\",\"url\":\"https:\/\/futbolhoy.co\/index.php\/2020\/05\/24\/el-futbol-es-importante-para-la-sociedad-pero-debemos-ser-responsables-duque\/\",\"name\":\"\u201cEl F\u00fatbol es importante para la sociedad, pero debemos ser responsables\u201d, Duque -\",\"isPartOf\":{\"@id\":\"https:\/\/futbolhoy.co\/#website\"},\"primaryImageOfPage\":{\"@id\":\"https:\/\/futbolhoy.co\/index.php\/2020\/05\/24\/el-futbol-es-importante-para-la-sociedad-pero-debemos-ser-responsables-duque\/#primaryimage\"},\"image\":{\"@id\":\"https:\/\/futbolhoy.co\/index.php\/2020\/05\/24\/el-futbol-es-importante-para-la-sociedad-pero-debemos-ser-responsables-duque\/#primaryimage\"},\"thumbnailUrl\":\"https:\/\/futbolhoy.co\/wp-content\/uploads\/2020\/05\/EY05TK-X0AoPSno.jpg\",\"datePublished\":\"2020-05-25T04:32:45+00:00\",\"dateModified\":\"2020-05-25T16:49:14+00:00\",\"breadcrumb\":{\"@id\":\"https:\/\/futbolhoy.co\/index.php\/2020\/05\/24\/el-futbol-es-importante-para-la-sociedad-pero-debemos-ser-responsables-duque\/#breadcrumb\"},\"inLanguage\":\"es\",\"potentialAction\":[{\"@type\":\"ReadAction\",\"target\":[\"https:\/\/futbolhoy.co\/index.php\/2020\/05\/24\/el-futbol-es-importante-para-la-sociedad-pero-debemos-ser-responsables-duque\/\"]}]},{\"@type\":\"ImageObject\",\"inLanguage\":\"es\",\"@id\":\"https:\/\/futbolhoy.co\/index.php\/2020\/05\/24\/el-futbol-es-importante-para-la-sociedad-pero-debemos-ser-responsables-duque\/#primaryimage\",\"url\":\"https:\/\/futbolhoy.co\/wp-content\/uploads\/2020\/05\/EY05TK-X0AoPSno.jpg\",\"contentUrl\":\"https:\/\/futbolhoy.co\/wp-content\/uploads\/2020\/05\/EY05TK-X0AoPSno.jpg\",\"width\":1024,\"height\":614},{\"@type\":\"BreadcrumbList\",\"@id\":\"https:\/\/futbolhoy.co\/index.php\/2020\/05\/24\/el-futbol-es-importante-para-la-sociedad-pero-debemos-ser-responsables-duque\/#breadcrumb\",\"itemListElement\":[{\"@type\":\"ListItem\",\"position\":1,\"name\":\"Portada\",\"item\":\"https:\/\/futbolhoy.co\/\"},{\"@type\":\"ListItem\",\"position\":2,\"name\":\"\u201cEl F\u00fatbol es importante para la sociedad, pero debemos ser responsables\u201d, Duque\"}]},{\"@type\":\"WebSite\",\"@id\":\"https:\/\/futbolhoy.co\/#website\",\"url\":\"https:\/\/futbolhoy.co\/\",\"name\":\"FutbolHoy\",\"description\":\"\",\"publisher\":{\"@id\":\"https:\/\/futbolhoy.co\/#organization\"},\"potentialAction\":[{\"@type\":\"SearchAction\",\"target\":{\"@type\":\"EntryPoint\",\"urlTemplate\":\"https:\/\/futbolhoy.co\/?s={search_term_string}\"},\"query-input\":{\"@type\":\"PropertyValueSpecification\",\"valueRequired\":true,\"valueName\":\"search_term_string\"}}],\"inLanguage\":\"es\"},{\"@type\":\"Organization\",\"@id\":\"https:\/\/futbolhoy.co\/#organization\",\"name\":\"Futbolhoy.co\",\"url\":\"https:\/\/futbolhoy.co\/\",\"logo\":{\"@type\":\"ImageObject\",\"inLanguage\":\"es\",\"@id\":\"https:\/\/futbolhoy.co\/#\/schema\/logo\/image\/\",\"url\":\"https:\/\/futbolhoy.co\/wp-content\/uploads\/2018\/08\/17426380_1906371736249227_6326180412931521141_n.jpg\",\"contentUrl\":\"https:\/\/futbolhoy.co\/wp-content\/uploads\/2018\/08\/17426380_1906371736249227_6326180412931521141_n.jpg\",\"width\":960,\"height\":960,\"caption\":\"Futbolhoy.co\"},\"image\":{\"@id\":\"https:\/\/futbolhoy.co\/#\/schema\/logo\/image\/\"},\"sameAs\":[\"https:\/\/www.facebook.com\/FutbolHoyCol\/\",\"https:\/\/x.com\/FutbolHoyCol\",\"https:\/\/www.instagram.com\/futbolhoycol\/\"]},{\"@type\":\"Person\",\"@id\":\"https:\/\/futbolhoy.co\/#\/schema\/person\/c4a353a512b127643723a34bb1812f7d\",\"name\":\"Laura Hern\u00e1ndez\",\"image\":{\"@type\":\"ImageObject\",\"inLanguage\":\"es\",\"@id\":\"https:\/\/futbolhoy.co\/#\/schema\/person\/image\/\",\"url\":\"https:\/\/secure.gravatar.com\/avatar\/d25959a15b9b293a743f99181c7cfd01?s=96&d=mm&r=g\",\"contentUrl\":\"https:\/\/secure.gravatar.com\/avatar\/d25959a15b9b293a743f99181c7cfd01?s=96&d=mm&r=g\",\"caption\":\"Laura Hern\u00e1ndez\"}}]}<\/script>\n<!-- \/ Yoast SEO plugin. -->","yoast_head_json":{"title":"\u201cEl F\u00fatbol es importante para la sociedad, pero debemos ser responsables\u201d, Duque -","robots":{"index":"index","follow":"follow","max-snippet":"max-snippet:-1","max-image-preview":"max-image-preview:large","max-video-preview":"max-video-preview:-1"},"canonical":"https:\/\/futbolhoy.co\/index.php\/2020\/05\/24\/el-futbol-es-importante-para-la-sociedad-pero-debemos-ser-responsables-duque\/","og_locale":"es_ES","og_type":"article","og_title":"\u201cEl F\u00fatbol es importante para la sociedad, pero debemos ser responsables\u201d, Duque -","og_description":"El presidente de la Rep\u00fablica, Iv\u00e1n Duque, asegur\u00f3 que, ante la incertidumbre que ha generado en el pa\u00eds el regreso del f\u00fatbol profesional, el gobierno es consciente de su importancia, pero que cualquier determinaci\u00f3n al respecto debe estar basada en la ciencia y la responsabilidad con la salud de los implicados. \"Entendemos que el deporte [&hellip;]","og_url":"https:\/\/futbolhoy.co\/index.php\/2020\/05\/24\/el-futbol-es-importante-para-la-sociedad-pero-debemos-ser-responsables-duque\/","article_publisher":"https:\/\/www.facebook.com\/FutbolHoyCol\/","article_published_time":"2020-05-25T04:32:45+00:00","article_modified_time":"2020-05-25T16:49:14+00:00","og_image":[{"width":1024,"height":614,"url":"https:\/\/futbolhoy.co\/wp-content\/uploads\/2020\/05\/EY05TK-X0AoPSno.jpg","type":"image\/jpeg"}],"author":"Laura Hern\u00e1ndez","twitter_card":"summary_large_image","twitter_creator":"@FutbolHoyCol","twitter_site":"@FutbolHoyCol","twitter_misc":{"Escrito por":"Laura Hern\u00e1ndez","Tiempo de lectura":"1 minuto"},"schema":{"@context":"https:\/\/schema.org","@graph":[{"@type":"Article","@id":"https:\/\/futbolhoy.co\/index.php\/2020\/05\/24\/el-futbol-es-importante-para-la-sociedad-pero-debemos-ser-responsables-duque\/#article","isPartOf":{"@id":"https:\/\/futbolhoy.co\/index.php\/2020\/05\/24\/el-futbol-es-importante-para-la-sociedad-pero-debemos-ser-responsables-duque\/"},"author":{"name":"Laura Hern\u00e1ndez","@id":"https:\/\/futbolhoy.co\/#\/schema\/person\/c4a353a512b127643723a34bb1812f7d"},"headline":"\u201cEl F\u00fatbol es importante para la sociedad, pero debemos ser responsables\u201d, Duque","datePublished":"2020-05-25T04:32:45+00:00","dateModified":"2020-05-25T16:49:14+00:00","mainEntityOfPage":{"@id":"https:\/\/futbolhoy.co\/index.php\/2020\/05\/24\/el-futbol-es-importante-para-la-sociedad-pero-debemos-ser-responsables-duque\/"},"wordCount":195,"commentCount":0,"publisher":{"@id":"https:\/\/futbolhoy.co\/#organization"},"image":{"@id":"https:\/\/futbolhoy.co\/index.php\/2020\/05\/24\/el-futbol-es-importante-para-la-sociedad-pero-debemos-ser-responsables-duque\/#primaryimage"},"thumbnailUrl":"https:\/\/futbolhoy.co\/wp-content\/uploads\/2020\/05\/EY05TK-X0AoPSno.jpg","articleSection":["Liga BetPlay"],"inLanguage":"es","potentialAction":[{"@type":"CommentAction","name":"Comment","target":["https:\/\/futbolhoy.co\/index.php\/2020\/05\/24\/el-futbol-es-importante-para-la-sociedad-pero-debemos-ser-responsables-duque\/#respond"]}]},{"@type":"WebPage","@id":"https:\/\/futbolhoy.co\/index.php\/2020\/05\/24\/el-futbol-es-importante-para-la-sociedad-pero-debemos-ser-responsables-duque\/","url":"https:\/\/futbolhoy.co\/index.php\/2020\/05\/24\/el-futbol-es-importante-para-la-sociedad-pero-debemos-ser-responsables-duque\/","name":"\u201cEl F\u00fatbol es importante para la sociedad, pero debemos ser responsables\u201d, Duque -","isPartOf":{"@id":"https:\/\/futbolhoy.co\/#website"},"primaryImageOfPage":{"@id":"https:\/\/futbolhoy.co\/index.php\/2020\/05\/24\/el-futbol-es-importante-para-la-sociedad-pero-debemos-ser-responsables-duque\/#primaryimage"},"image":{"@id":"https:\/\/futbolhoy.co\/index.php\/2020\/05\/24\/el-futbol-es-importante-para-la-sociedad-pero-debemos-ser-responsables-duque\/#primaryimage"},"thumbnailUrl":"https:\/\/futbolhoy.co\/wp-content\/uploads\/2020\/05\/EY05TK-X0AoPSno.jpg","datePublished":"2020-05-25T04:32:45+00:00","dateModified":"2020-05-25T16:49:14+00:00","breadcrumb":{"@id":"https:\/\/futbolhoy.co\/index.php\/2020\/05\/24\/el-futbol-es-importante-para-la-sociedad-pero-debemos-ser-responsables-duque\/#breadcrumb"},"inLanguage":"es","potentialAction":[{"@type":"ReadAction","target":["https:\/\/futbolhoy.co\/index.php\/2020\/05\/24\/el-futbol-es-importante-para-la-sociedad-pero-debemos-ser-responsables-duque\/"]}]},{"@type":"ImageObject","inLanguage":"es","@id":"https:\/\/futbolhoy.co\/index.php\/2020\/05\/24\/el-futbol-es-importante-para-la-sociedad-pero-debemos-ser-responsables-duque\/#primaryimage","url":"https:\/\/futbolhoy.co\/wp-content\/uploads\/2020\/05\/EY05TK-X0AoPSno.jpg","contentUrl":"https:\/\/futbolhoy.co\/wp-content\/uploads\/2020\/05\/EY05TK-X0AoPSno.jpg","width":1024,"height":614},{"@type":"BreadcrumbList","@id":"https:\/\/futbolhoy.co\/index.php\/2020\/05\/24\/el-futbol-es-importante-para-la-sociedad-pero-debemos-ser-responsables-duque\/#breadcrumb","itemListElement":[{"@type":"ListItem","position":1,"name":"Portada","item":"https:\/\/futbolhoy.co\/"},{"@type":"ListItem","position":2,"name":"\u201cEl F\u00fatbol es importante para la sociedad, pero debemos ser responsables\u201d, Duque"}]},{"@type":"WebSite","@id":"https:\/\/futbolhoy.co\/#website","url":"https:\/\/futbolhoy.co\/","name":"FutbolHoy","description":"","publisher":{"@id":"https:\/\/futbolhoy.co\/#organization"},"potentialAction":[{"@type":"SearchAction","target":{"@type":"EntryPoint","urlTemplate":"https:\/\/futbolhoy.co\/?s={search_term_string}"},"query-input":{"@type":"PropertyValueSpecification","valueRequired":true,"valueName":"search_term_string"}}],"inLanguage":"es"},{"@type":"Organization","@id":"https:\/\/futbolhoy.co\/#organization","name":"Futbolhoy.co","url":"https:\/\/futbolhoy.co\/","logo":{"@type":"ImageObject","inLanguage":"es","@id":"https:\/\/futbolhoy.co\/#\/schema\/logo\/image\/","url":"https:\/\/futbolhoy.co\/wp-content\/uploads\/2018\/08\/17426380_1906371736249227_6326180412931521141_n.jpg","contentUrl":"https:\/\/futbolhoy.co\/wp-content\/uploads\/2018\/08\/17426380_1906371736249227_6326180412931521141_n.jpg","width":960,"height":960,"caption":"Futbolhoy.co"},"image":{"@id":"https:\/\/futbolhoy.co\/#\/schema\/logo\/image\/"},"sameAs":["https:\/\/www.facebook.com\/FutbolHoyCol\/","https:\/\/x.com\/FutbolHoyCol","https:\/\/www.instagram.com\/futbolhoycol\/"]},{"@type":"Person","@id":"https:\/\/futbolhoy.co\/#\/schema\/person\/c4a353a512b127643723a34bb1812f7d","name":"Laura Hern\u00e1ndez","image":{"@type":"ImageObject","inLanguage":"es","@id":"https:\/\/futbolhoy.co\/#\/schema\/person\/image\/","url":"https:\/\/secure.gravatar.com\/avatar\/d25959a15b9b293a743f99181c7cfd01?s=96&d=mm&r=g","contentUrl":"https:\/\/secure.gravatar.com\/avatar\/d25959a15b9b293a743f99181c7cfd01?s=96&d=mm&r=g","caption":"Laura Hern\u00e1ndez"}}]}},"publishpress_future_action":{"enabled":false,"date":"2026-05-05 16:21:42","action":"change-status","newStatus":"draft","terms":[],"taxonomy":"category","extraData":[]},"publishpress_future_workflow_manual_trigger":{"enabledWorkflows":[]},"_links":{"self":[{"href":"https:\/\/futbolhoy.co\/index.php\/wp-json\/wp\/v2\/posts\/51549","targetHints":{"allow":["GET"]}}],"collection":[{"href":"https:\/\/futbolhoy.co\/index.php\/wp-json\/wp\/v2\/posts"}],"about":[{"href":"https:\/\/futbolhoy.co\/index.php\/wp-json\/wp\/v2\/types\/post"}],"author":[{"embeddable":true,"href":"https:\/\/futbolhoy.co\/index.php\/wp-json\/wp\/v2\/users\/5"}],"replies":[{"embeddable":true,"href":"https:\/\/futbolhoy.co\/index.php\/wp-json\/wp\/v2\/comments?post=51549"}],"version-history":[{"count":3,"href":"https:\/\/futbolhoy.co\/index.php\/wp-json\/wp\/v2\/posts\/51549\/revisions"}],"predecessor-version":[{"id":51554,"href":"https:\/\/futbolhoy.co\/index.php\/wp-json\/wp\/v2\/posts\/51549\/revisions\/51554"}],"wp:featuredmedia":[{"embeddable":true,"href":"https:\/\/futbolhoy.co\/index.php\/wp-json\/wp\/v2\/media\/51552"}],"wp:attachment":[{"href":"https:\/\/futbolhoy.co\/index.php\/wp-json\/wp\/v2\/media?parent=51549"}],"wp:term":[{"taxonomy":"category","embeddable":true,"href":"https:\/\/futbolhoy.co\/index.php\/wp-json\/wp\/v2\/categories?post=51549"},{"taxonomy":"post_tag","embeddable":true,"href":"https:\/\/futbolhoy.co\/index.php\/wp-json\/wp\/v2\/tags?post=51549"}],"curies":[{"name":"wp","href":"https:\/\/api.w.org\/{rel}","templated":true}]}}