{"id":51585,"date":"2020-05-25T10:37:35","date_gmt":"2020-05-25T15:37:35","guid":{"rendered":"https:\/\/futbolhoy.co\/?p=51585"},"modified":"2020-05-25T18:57:05","modified_gmt":"2020-05-25T23:57:05","slug":"el-madrid-sigue-entrenando-en-pequenos-grupos","status":"publish","type":"post","link":"https:\/\/futbolhoy.co\/index.php\/2020\/05\/25\/el-madrid-sigue-entrenando-en-pequenos-grupos\/","title":{"rendered":"El Madrid sigue entrenando en peque\u00f1os grupos"},"content":{"rendered":"<p style=\"text-align: justify;\"><span style=\"font-family: helvetica, arial, sans-serif;\"><strong>Real Madrid<\/strong>, con <strong>James Rodr\u00edguez,<\/strong> arranc\u00f3 la tercera semana de entrenamientos con su plantel dividido en tres grupos, sin que el t\u00e9cnico <strong>Zinedine Zidane<\/strong> ponga en pr\u00e1ctica el trabajo con series de 14 jugadores como fue aprobado el Gobierno.<\/span><\/p>\n<p style=\"text-align: justify;\"><span style=\"font-family: helvetica, arial, sans-serif;\">Desde este lunes los clubes pueden trabajar aumentando el grupo de jugadores, como paso previo para el entrenamiento colectivo.<\/span><\/p>\n<p style=\"text-align: justify;\"><span style=\"font-family: helvetica, arial, sans-serif;\">En la jornada no estuvieron los lesionados <strong>Luka Jovic<\/strong> y <strong>Mariano D\u00edaz;<\/strong> mientras que<strong> Marco Asensio,<\/strong> que se recupera de una lesi\u00f3n de rodilla, y <strong>Eden Hazard,<\/strong> operado de un tobillo, adelantaron un trabajo diferenciado.<\/span><\/p>\n","protected":false},"excerpt":{"rendered":"<p>Real Madrid, con James Rodr\u00edguez, arranc\u00f3 la tercera semana de entrenamientos con su plantel dividido en tres grupos, sin que el t\u00e9cnico Zinedine Zidane ponga en pr\u00e1ctica el trabajo con series de 14 jugadores como fue aprobado el Gobierno. Desde este lunes los clubes pueden trabajar aumentando el grupo de jugadores, como paso previo para [&hellip;]<\/p>\n","protected":false},"author":5,"featured_media":51586,"comment_status":"open","ping_status":"open","sticky":false,"template":"","format":"standard","meta":{"_acf_changed":false,"footnotes":""},"categories":[152],"tags":[110],"class_list":{"0":"post-51585","1":"post","2":"type-post","3":"status-publish","4":"format-standard","5":"has-post-thumbnail","7":"category-mundo-futbol","8":"tag-real-madrid"},"acf":[],"yoast_head":"<!-- This site is optimized with the Yoast SEO plugin v26.8 - https:\/\/yoast.com\/product\/yoast-seo-wordpress\/ -->\n<title>El Madrid sigue entrenando en peque\u00f1os grupos -<\/title>\n<meta name=\"robots\" content=\"index, follow, max-snippet:-1, max-image-preview:large, max-video-preview:-1\" \/>\n<link rel=\"canonical\" href=\"https:\/\/futbolhoy.co\/index.php\/2020\/05\/25\/el-madrid-sigue-entrenando-en-pequenos-grupos\/\" \/>\n<meta property=\"og:locale\" content=\"es_ES\" \/>\n<meta property=\"og:type\" content=\"article\" \/>\n<meta property=\"og:title\" content=\"El Madrid sigue entrenando en peque\u00f1os grupos -\" \/>\n<meta property=\"og:description\" content=\"Real Madrid, con James Rodr\u00edguez, arranc\u00f3 la tercera semana de entrenamientos con su plantel dividido en tres grupos, sin que el t\u00e9cnico Zinedine Zidane ponga en pr\u00e1ctica el trabajo con series de 14 jugadores como fue aprobado el Gobierno. Desde este lunes los clubes pueden trabajar aumentando el grupo de jugadores, como paso previo para [&hellip;]\" \/>\n<meta property=\"og:url\" content=\"https:\/\/futbolhoy.co\/index.php\/2020\/05\/25\/el-madrid-sigue-entrenando-en-pequenos-grupos\/\" \/>\n<meta property=\"article:publisher\" content=\"https:\/\/www.facebook.com\/FutbolHoyCol\/\" \/>\n<meta property=\"article:published_time\" content=\"2020-05-25T15:37:35+00:00\" \/>\n<meta property=\"article:modified_time\" content=\"2020-05-25T23:57:05+00:00\" \/>\n<meta property=\"og:image\" content=\"https:\/\/futbolhoy.co\/wp-content\/uploads\/2020\/05\/AV16735Thumb.jpg\" \/>\n\t<meta property=\"og:image:width\" content=\"1500\" \/>\n\t<meta property=\"og:image:height\" content=\"1098\" \/>\n\t<meta property=\"og:image:type\" content=\"image\/jpeg\" \/>\n<meta name=\"author\" content=\"Laura Hern\u00e1ndez\" \/>\n<meta name=\"twitter:card\" content=\"summary_large_image\" \/>\n<meta name=\"twitter:creator\" content=\"@FutbolHoyCol\" \/>\n<meta name=\"twitter:site\" content=\"@FutbolHoyCol\" \/>\n<meta name=\"twitter:label1\" content=\"Escrito por\" \/>\n\t<meta name=\"twitter:data1\" content=\"Laura Hern\u00e1ndez\" \/>\n<script type=\"application\/ld+json\" class=\"yoast-schema-graph\">{\"@context\":\"https:\/\/schema.org\",\"@graph\":[{\"@type\":\"Article\",\"@id\":\"https:\/\/futbolhoy.co\/index.php\/2020\/05\/25\/el-madrid-sigue-entrenando-en-pequenos-grupos\/#article\",\"isPartOf\":{\"@id\":\"https:\/\/futbolhoy.co\/index.php\/2020\/05\/25\/el-madrid-sigue-entrenando-en-pequenos-grupos\/\"},\"author\":{\"name\":\"Laura Hern\u00e1ndez\",\"@id\":\"https:\/\/futbolhoy.co\/#\/schema\/person\/c4a353a512b127643723a34bb1812f7d\"},\"headline\":\"El Madrid sigue entrenando en peque\u00f1os grupos\",\"datePublished\":\"2020-05-25T15:37:35+00:00\",\"dateModified\":\"2020-05-25T23:57:05+00:00\",\"mainEntityOfPage\":{\"@id\":\"https:\/\/futbolhoy.co\/index.php\/2020\/05\/25\/el-madrid-sigue-entrenando-en-pequenos-grupos\/\"},\"wordCount\":105,\"commentCount\":0,\"publisher\":{\"@id\":\"https:\/\/futbolhoy.co\/#organization\"},\"image\":{\"@id\":\"https:\/\/futbolhoy.co\/index.php\/2020\/05\/25\/el-madrid-sigue-entrenando-en-pequenos-grupos\/#primaryimage\"},\"thumbnailUrl\":\"https:\/\/futbolhoy.co\/wp-content\/uploads\/2020\/05\/AV16735Thumb.jpg\",\"keywords\":[\"Real Madrid\"],\"articleSection\":[\"Mundo Futbol\"],\"inLanguage\":\"es\",\"potentialAction\":[{\"@type\":\"CommentAction\",\"name\":\"Comment\",\"target\":[\"https:\/\/futbolhoy.co\/index.php\/2020\/05\/25\/el-madrid-sigue-entrenando-en-pequenos-grupos\/#respond\"]}]},{\"@type\":\"WebPage\",\"@id\":\"https:\/\/futbolhoy.co\/index.php\/2020\/05\/25\/el-madrid-sigue-entrenando-en-pequenos-grupos\/\",\"url\":\"https:\/\/futbolhoy.co\/index.php\/2020\/05\/25\/el-madrid-sigue-entrenando-en-pequenos-grupos\/\",\"name\":\"El Madrid sigue entrenando en peque\u00f1os grupos -\",\"isPartOf\":{\"@id\":\"https:\/\/futbolhoy.co\/#website\"},\"primaryImageOfPage\":{\"@id\":\"https:\/\/futbolhoy.co\/index.php\/2020\/05\/25\/el-madrid-sigue-entrenando-en-pequenos-grupos\/#primaryimage\"},\"image\":{\"@id\":\"https:\/\/futbolhoy.co\/index.php\/2020\/05\/25\/el-madrid-sigue-entrenando-en-pequenos-grupos\/#primaryimage\"},\"thumbnailUrl\":\"https:\/\/futbolhoy.co\/wp-content\/uploads\/2020\/05\/AV16735Thumb.jpg\",\"datePublished\":\"2020-05-25T15:37:35+00:00\",\"dateModified\":\"2020-05-25T23:57:05+00:00\",\"breadcrumb\":{\"@id\":\"https:\/\/futbolhoy.co\/index.php\/2020\/05\/25\/el-madrid-sigue-entrenando-en-pequenos-grupos\/#breadcrumb\"},\"inLanguage\":\"es\",\"potentialAction\":[{\"@type\":\"ReadAction\",\"target\":[\"https:\/\/futbolhoy.co\/index.php\/2020\/05\/25\/el-madrid-sigue-entrenando-en-pequenos-grupos\/\"]}]},{\"@type\":\"ImageObject\",\"inLanguage\":\"es\",\"@id\":\"https:\/\/futbolhoy.co\/index.php\/2020\/05\/25\/el-madrid-sigue-entrenando-en-pequenos-grupos\/#primaryimage\",\"url\":\"https:\/\/futbolhoy.co\/wp-content\/uploads\/2020\/05\/AV16735Thumb.jpg\",\"contentUrl\":\"https:\/\/futbolhoy.co\/wp-content\/uploads\/2020\/05\/AV16735Thumb.jpg\",\"width\":1500,\"height\":1098},{\"@type\":\"BreadcrumbList\",\"@id\":\"https:\/\/futbolhoy.co\/index.php\/2020\/05\/25\/el-madrid-sigue-entrenando-en-pequenos-grupos\/#breadcrumb\",\"itemListElement\":[{\"@type\":\"ListItem\",\"position\":1,\"name\":\"Portada\",\"item\":\"https:\/\/futbolhoy.co\/\"},{\"@type\":\"ListItem\",\"position\":2,\"name\":\"El Madrid sigue entrenando en peque\u00f1os grupos\"}]},{\"@type\":\"WebSite\",\"@id\":\"https:\/\/futbolhoy.co\/#website\",\"url\":\"https:\/\/futbolhoy.co\/\",\"name\":\"FutbolHoy\",\"description\":\"\",\"publisher\":{\"@id\":\"https:\/\/futbolhoy.co\/#organization\"},\"potentialAction\":[{\"@type\":\"SearchAction\",\"target\":{\"@type\":\"EntryPoint\",\"urlTemplate\":\"https:\/\/futbolhoy.co\/?s={search_term_string}\"},\"query-input\":{\"@type\":\"PropertyValueSpecification\",\"valueRequired\":true,\"valueName\":\"search_term_string\"}}],\"inLanguage\":\"es\"},{\"@type\":\"Organization\",\"@id\":\"https:\/\/futbolhoy.co\/#organization\",\"name\":\"Futbolhoy.co\",\"url\":\"https:\/\/futbolhoy.co\/\",\"logo\":{\"@type\":\"ImageObject\",\"inLanguage\":\"es\",\"@id\":\"https:\/\/futbolhoy.co\/#\/schema\/logo\/image\/\",\"url\":\"https:\/\/futbolhoy.co\/wp-content\/uploads\/2018\/08\/17426380_1906371736249227_6326180412931521141_n.jpg\",\"contentUrl\":\"https:\/\/futbolhoy.co\/wp-content\/uploads\/2018\/08\/17426380_1906371736249227_6326180412931521141_n.jpg\",\"width\":960,\"height\":960,\"caption\":\"Futbolhoy.co\"},\"image\":{\"@id\":\"https:\/\/futbolhoy.co\/#\/schema\/logo\/image\/\"},\"sameAs\":[\"https:\/\/www.facebook.com\/FutbolHoyCol\/\",\"https:\/\/x.com\/FutbolHoyCol\",\"https:\/\/www.instagram.com\/futbolhoycol\/\"]},{\"@type\":\"Person\",\"@id\":\"https:\/\/futbolhoy.co\/#\/schema\/person\/c4a353a512b127643723a34bb1812f7d\",\"name\":\"Laura Hern\u00e1ndez\",\"image\":{\"@type\":\"ImageObject\",\"inLanguage\":\"es\",\"@id\":\"https:\/\/futbolhoy.co\/#\/schema\/person\/image\/\",\"url\":\"https:\/\/secure.gravatar.com\/avatar\/d25959a15b9b293a743f99181c7cfd01?s=96&d=mm&r=g\",\"contentUrl\":\"https:\/\/secure.gravatar.com\/avatar\/d25959a15b9b293a743f99181c7cfd01?s=96&d=mm&r=g\",\"caption\":\"Laura Hern\u00e1ndez\"}}]}<\/script>\n<!-- \/ Yoast SEO plugin. -->","yoast_head_json":{"title":"El Madrid sigue entrenando en peque\u00f1os grupos -","robots":{"index":"index","follow":"follow","max-snippet":"max-snippet:-1","max-image-preview":"max-image-preview:large","max-video-preview":"max-video-preview:-1"},"canonical":"https:\/\/futbolhoy.co\/index.php\/2020\/05\/25\/el-madrid-sigue-entrenando-en-pequenos-grupos\/","og_locale":"es_ES","og_type":"article","og_title":"El Madrid sigue entrenando en peque\u00f1os grupos -","og_description":"Real Madrid, con James Rodr\u00edguez, arranc\u00f3 la tercera semana de entrenamientos con su plantel dividido en tres grupos, sin que el t\u00e9cnico Zinedine Zidane ponga en pr\u00e1ctica el trabajo con series de 14 jugadores como fue aprobado el Gobierno. Desde este lunes los clubes pueden trabajar aumentando el grupo de jugadores, como paso previo para [&hellip;]","og_url":"https:\/\/futbolhoy.co\/index.php\/2020\/05\/25\/el-madrid-sigue-entrenando-en-pequenos-grupos\/","article_publisher":"https:\/\/www.facebook.com\/FutbolHoyCol\/","article_published_time":"2020-05-25T15:37:35+00:00","article_modified_time":"2020-05-25T23:57:05+00:00","og_image":[{"width":1500,"height":1098,"url":"https:\/\/futbolhoy.co\/wp-content\/uploads\/2020\/05\/AV16735Thumb.jpg","type":"image\/jpeg"}],"author":"Laura Hern\u00e1ndez","twitter_card":"summary_large_image","twitter_creator":"@FutbolHoyCol","twitter_site":"@FutbolHoyCol","twitter_misc":{"Escrito por":"Laura Hern\u00e1ndez"},"schema":{"@context":"https:\/\/schema.org","@graph":[{"@type":"Article","@id":"https:\/\/futbolhoy.co\/index.php\/2020\/05\/25\/el-madrid-sigue-entrenando-en-pequenos-grupos\/#article","isPartOf":{"@id":"https:\/\/futbolhoy.co\/index.php\/2020\/05\/25\/el-madrid-sigue-entrenando-en-pequenos-grupos\/"},"author":{"name":"Laura Hern\u00e1ndez","@id":"https:\/\/futbolhoy.co\/#\/schema\/person\/c4a353a512b127643723a34bb1812f7d"},"headline":"El Madrid sigue entrenando en peque\u00f1os grupos","datePublished":"2020-05-25T15:37:35+00:00","dateModified":"2020-05-25T23:57:05+00:00","mainEntityOfPage":{"@id":"https:\/\/futbolhoy.co\/index.php\/2020\/05\/25\/el-madrid-sigue-entrenando-en-pequenos-grupos\/"},"wordCount":105,"commentCount":0,"publisher":{"@id":"https:\/\/futbolhoy.co\/#organization"},"image":{"@id":"https:\/\/futbolhoy.co\/index.php\/2020\/05\/25\/el-madrid-sigue-entrenando-en-pequenos-grupos\/#primaryimage"},"thumbnailUrl":"https:\/\/futbolhoy.co\/wp-content\/uploads\/2020\/05\/AV16735Thumb.jpg","keywords":["Real Madrid"],"articleSection":["Mundo Futbol"],"inLanguage":"es","potentialAction":[{"@type":"CommentAction","name":"Comment","target":["https:\/\/futbolhoy.co\/index.php\/2020\/05\/25\/el-madrid-sigue-entrenando-en-pequenos-grupos\/#respond"]}]},{"@type":"WebPage","@id":"https:\/\/futbolhoy.co\/index.php\/2020\/05\/25\/el-madrid-sigue-entrenando-en-pequenos-grupos\/","url":"https:\/\/futbolhoy.co\/index.php\/2020\/05\/25\/el-madrid-sigue-entrenando-en-pequenos-grupos\/","name":"El Madrid sigue entrenando en peque\u00f1os grupos -","isPartOf":{"@id":"https:\/\/futbolhoy.co\/#website"},"primaryImageOfPage":{"@id":"https:\/\/futbolhoy.co\/index.php\/2020\/05\/25\/el-madrid-sigue-entrenando-en-pequenos-grupos\/#primaryimage"},"image":{"@id":"https:\/\/futbolhoy.co\/index.php\/2020\/05\/25\/el-madrid-sigue-entrenando-en-pequenos-grupos\/#primaryimage"},"thumbnailUrl":"https:\/\/futbolhoy.co\/wp-content\/uploads\/2020\/05\/AV16735Thumb.jpg","datePublished":"2020-05-25T15:37:35+00:00","dateModified":"2020-05-25T23:57:05+00:00","breadcrumb":{"@id":"https:\/\/futbolhoy.co\/index.php\/2020\/05\/25\/el-madrid-sigue-entrenando-en-pequenos-grupos\/#breadcrumb"},"inLanguage":"es","potentialAction":[{"@type":"ReadAction","target":["https:\/\/futbolhoy.co\/index.php\/2020\/05\/25\/el-madrid-sigue-entrenando-en-pequenos-grupos\/"]}]},{"@type":"ImageObject","inLanguage":"es","@id":"https:\/\/futbolhoy.co\/index.php\/2020\/05\/25\/el-madrid-sigue-entrenando-en-pequenos-grupos\/#primaryimage","url":"https:\/\/futbolhoy.co\/wp-content\/uploads\/2020\/05\/AV16735Thumb.jpg","contentUrl":"https:\/\/futbolhoy.co\/wp-content\/uploads\/2020\/05\/AV16735Thumb.jpg","width":1500,"height":1098},{"@type":"BreadcrumbList","@id":"https:\/\/futbolhoy.co\/index.php\/2020\/05\/25\/el-madrid-sigue-entrenando-en-pequenos-grupos\/#breadcrumb","itemListElement":[{"@type":"ListItem","position":1,"name":"Portada","item":"https:\/\/futbolhoy.co\/"},{"@type":"ListItem","position":2,"name":"El Madrid sigue entrenando en peque\u00f1os grupos"}]},{"@type":"WebSite","@id":"https:\/\/futbolhoy.co\/#website","url":"https:\/\/futbolhoy.co\/","name":"FutbolHoy","description":"","publisher":{"@id":"https:\/\/futbolhoy.co\/#organization"},"potentialAction":[{"@type":"SearchAction","target":{"@type":"EntryPoint","urlTemplate":"https:\/\/futbolhoy.co\/?s={search_term_string}"},"query-input":{"@type":"PropertyValueSpecification","valueRequired":true,"valueName":"search_term_string"}}],"inLanguage":"es"},{"@type":"Organization","@id":"https:\/\/futbolhoy.co\/#organization","name":"Futbolhoy.co","url":"https:\/\/futbolhoy.co\/","logo":{"@type":"ImageObject","inLanguage":"es","@id":"https:\/\/futbolhoy.co\/#\/schema\/logo\/image\/","url":"https:\/\/futbolhoy.co\/wp-content\/uploads\/2018\/08\/17426380_1906371736249227_6326180412931521141_n.jpg","contentUrl":"https:\/\/futbolhoy.co\/wp-content\/uploads\/2018\/08\/17426380_1906371736249227_6326180412931521141_n.jpg","width":960,"height":960,"caption":"Futbolhoy.co"},"image":{"@id":"https:\/\/futbolhoy.co\/#\/schema\/logo\/image\/"},"sameAs":["https:\/\/www.facebook.com\/FutbolHoyCol\/","https:\/\/x.com\/FutbolHoyCol","https:\/\/www.instagram.com\/futbolhoycol\/"]},{"@type":"Person","@id":"https:\/\/futbolhoy.co\/#\/schema\/person\/c4a353a512b127643723a34bb1812f7d","name":"Laura Hern\u00e1ndez","image":{"@type":"ImageObject","inLanguage":"es","@id":"https:\/\/futbolhoy.co\/#\/schema\/person\/image\/","url":"https:\/\/secure.gravatar.com\/avatar\/d25959a15b9b293a743f99181c7cfd01?s=96&d=mm&r=g","contentUrl":"https:\/\/secure.gravatar.com\/avatar\/d25959a15b9b293a743f99181c7cfd01?s=96&d=mm&r=g","caption":"Laura Hern\u00e1ndez"}}]}},"publishpress_future_action":{"enabled":false,"date":"2026-05-05 08:33:17","action":"change-status","newStatus":"draft","terms":[],"taxonomy":"category","extraData":[]},"publishpress_future_workflow_manual_trigger":{"enabledWorkflows":[]},"_links":{"self":[{"href":"https:\/\/futbolhoy.co\/index.php\/wp-json\/wp\/v2\/posts\/51585","targetHints":{"allow":["GET"]}}],"collection":[{"href":"https:\/\/futbolhoy.co\/index.php\/wp-json\/wp\/v2\/posts"}],"about":[{"href":"https:\/\/futbolhoy.co\/index.php\/wp-json\/wp\/v2\/types\/post"}],"author":[{"embeddable":true,"href":"https:\/\/futbolhoy.co\/index.php\/wp-json\/wp\/v2\/users\/5"}],"replies":[{"embeddable":true,"href":"https:\/\/futbolhoy.co\/index.php\/wp-json\/wp\/v2\/comments?post=51585"}],"version-history":[{"count":1,"href":"https:\/\/futbolhoy.co\/index.php\/wp-json\/wp\/v2\/posts\/51585\/revisions"}],"predecessor-version":[{"id":51587,"href":"https:\/\/futbolhoy.co\/index.php\/wp-json\/wp\/v2\/posts\/51585\/revisions\/51587"}],"wp:featuredmedia":[{"embeddable":true,"href":"https:\/\/futbolhoy.co\/index.php\/wp-json\/wp\/v2\/media\/51586"}],"wp:attachment":[{"href":"https:\/\/futbolhoy.co\/index.php\/wp-json\/wp\/v2\/media?parent=51585"}],"wp:term":[{"taxonomy":"category","embeddable":true,"href":"https:\/\/futbolhoy.co\/index.php\/wp-json\/wp\/v2\/categories?post=51585"},{"taxonomy":"post_tag","embeddable":true,"href":"https:\/\/futbolhoy.co\/index.php\/wp-json\/wp\/v2\/tags?post=51585"}],"curies":[{"name":"wp","href":"https:\/\/api.w.org\/{rel}","templated":true}]}}