{"id":51588,"date":"2020-05-25T09:00:44","date_gmt":"2020-05-25T14:00:44","guid":{"rendered":"https:\/\/futbolhoy.co\/?p=51588"},"modified":"2020-05-25T17:17:03","modified_gmt":"2020-05-25T22:17:03","slug":"51588","status":"publish","type":"post","link":"https:\/\/futbolhoy.co\/index.php\/2020\/05\/25\/51588\/","title":{"rendered":"Natalia Gait\u00e1n, pendiente de su futuro en Espa\u00f1a"},"content":{"rendered":"<!--[if lt IE 9]><script>document.createElement('audio');<\/script><![endif]-->\n<audio class=\"wp-audio-shortcode\" id=\"audio-51588-1\" preload=\"none\" style=\"width: 100%;\" controls=\"controls\"><source type=\"audio\/mpeg\" src=\"https:\/\/futbolhoy.co\/wp-content\/uploads\/2020\/05\/ACERO-GAITAN-OK.1329.mp3?_=1\" \/><a href=\"https:\/\/futbolhoy.co\/wp-content\/uploads\/2020\/05\/ACERO-GAITAN-OK.1329.mp3\">https:\/\/futbolhoy.co\/wp-content\/uploads\/2020\/05\/ACERO-GAITAN-OK.1329.mp3<\/a><\/audio>\n<p>(Natalia Gait\u00e1n en di\u00e1logo con Caracol Radio)<\/p>\n<p style=\"text-align: justify;\"><span style=\"font-family: helvetica, arial, sans-serif;\">La volante bogotana <strong>Natalia Gait\u00e1n<\/strong>, quien juega con el <strong>Valencia<\/strong> de <strong>Espa\u00f1a,<\/strong> asegur\u00f3 que no conoce cu\u00e1l ser\u00e1 su futuro, ya que su contrato vencer\u00e1 el 30 de junio y la<strong> Liga femenina<\/strong> se cancel\u00f3.<\/span><\/p>\n<p style=\"text-align: justify;\"><span style=\"font-family: helvetica, arial, sans-serif;\">\u201cAlgunas de nosotras acabamos contrato el 30 de junio. Yo creo que las vacaciones se dar\u00e1n antes y dependemos de lo que decrete el <strong>Gobierno<\/strong> para la pr\u00f3xima temporada, pues normalmente se inicia la \u00faltima semana de agosto o primera semana de septiembre, pero creo que esto se va a retrasar un poco debido a la situaci\u00f3n que estamos viviendo\u201d, dijo Natalia a <strong>Caracol Radio.<\/strong><\/span><\/p>\n<p style=\"text-align: justify;\"><span style=\"font-family: helvetica, arial, sans-serif;\">Sobre un eventual retorno al pa\u00eds, agreg\u00f3 que: \u201chemos estado hablando con mis compa\u00f1eras, las que est\u00e1n aqu\u00ed en Espa\u00f1a, y tratando de contactar al gobierno para ver una posibilidad de regresar a <strong>Colombia,<\/strong> porque no sabemos cu\u00e1ndo iniciar\u00e1 la pr\u00f3xima temporada\u201d.<\/span><\/p>\n<p style=\"text-align: justify;\"><span style=\"font-family: helvetica, arial, sans-serif;\">Natalia juega con el Valencia de Espa\u00f1a desde el 2015.<\/span><\/p>\n","protected":false},"excerpt":{"rendered":"<p>(Natalia Gait\u00e1n en di\u00e1logo con Caracol Radio) La volante bogotana Natalia Gait\u00e1n, quien juega con el Valencia de Espa\u00f1a, asegur\u00f3 que no conoce cu\u00e1l ser\u00e1 su futuro, ya que su contrato vencer\u00e1 el 30 de junio y la Liga femenina se cancel\u00f3. \u201cAlgunas de nosotras acabamos contrato el 30 de junio. Yo creo que las [&hellip;]<\/p>\n","protected":false},"author":5,"featured_media":51590,"comment_status":"open","ping_status":"open","sticky":false,"template":"","format":"video","meta":{"_acf_changed":false,"footnotes":""},"categories":[418],"tags":[659],"class_list":{"0":"post-51588","1":"post","2":"type-post","3":"status-publish","4":"format-video","5":"has-post-thumbnail","7":"category-colombia","8":"tag-natalia-gaitan","9":"post_format-post-format-video"},"acf":[],"yoast_head":"<!-- This site is optimized with the Yoast SEO plugin v26.8 - https:\/\/yoast.com\/product\/yoast-seo-wordpress\/ -->\n<title>Natalia Gait\u00e1n, pendiente de su futuro en Espa\u00f1a -<\/title>\n<meta name=\"robots\" content=\"index, follow, max-snippet:-1, max-image-preview:large, max-video-preview:-1\" \/>\n<link rel=\"canonical\" href=\"https:\/\/futbolhoy.co\/index.php\/2020\/05\/25\/51588\/\" \/>\n<meta property=\"og:locale\" content=\"es_ES\" \/>\n<meta property=\"og:type\" content=\"article\" \/>\n<meta property=\"og:title\" content=\"Natalia Gait\u00e1n, pendiente de su futuro en Espa\u00f1a -\" \/>\n<meta property=\"og:description\" content=\"(Natalia Gait\u00e1n en di\u00e1logo con Caracol Radio) La volante bogotana Natalia Gait\u00e1n, quien juega con el Valencia de Espa\u00f1a, asegur\u00f3 que no conoce cu\u00e1l ser\u00e1 su futuro, ya que su contrato vencer\u00e1 el 30 de junio y la Liga femenina se cancel\u00f3. \u201cAlgunas de nosotras acabamos contrato el 30 de junio. Yo creo que las [&hellip;]\" \/>\n<meta property=\"og:url\" content=\"https:\/\/futbolhoy.co\/index.php\/2020\/05\/25\/51588\/\" \/>\n<meta property=\"article:publisher\" content=\"https:\/\/www.facebook.com\/FutbolHoyCol\/\" \/>\n<meta property=\"article:published_time\" content=\"2020-05-25T14:00:44+00:00\" \/>\n<meta property=\"article:modified_time\" content=\"2020-05-25T22:17:03+00:00\" \/>\n<meta property=\"og:image\" content=\"https:\/\/futbolhoy.co\/wp-content\/uploads\/2020\/05\/EGS09s1W4AAoo5I.jpg\" \/>\n\t<meta property=\"og:image:width\" content=\"1600\" \/>\n\t<meta property=\"og:image:height\" content=\"1067\" \/>\n\t<meta property=\"og:image:type\" content=\"image\/jpeg\" \/>\n<meta name=\"author\" content=\"Laura Hern\u00e1ndez\" \/>\n<meta name=\"twitter:card\" content=\"summary_large_image\" \/>\n<meta name=\"twitter:creator\" content=\"@FutbolHoyCol\" \/>\n<meta name=\"twitter:site\" content=\"@FutbolHoyCol\" \/>\n<meta name=\"twitter:label1\" content=\"Escrito por\" \/>\n\t<meta name=\"twitter:data1\" content=\"Laura Hern\u00e1ndez\" \/>\n\t<meta name=\"twitter:label2\" content=\"Tiempo de lectura\" \/>\n\t<meta name=\"twitter:data2\" content=\"1 minuto\" \/>\n<script type=\"application\/ld+json\" class=\"yoast-schema-graph\">{\"@context\":\"https:\/\/schema.org\",\"@graph\":[{\"@type\":\"Article\",\"@id\":\"https:\/\/futbolhoy.co\/index.php\/2020\/05\/25\/51588\/#article\",\"isPartOf\":{\"@id\":\"https:\/\/futbolhoy.co\/index.php\/2020\/05\/25\/51588\/\"},\"author\":{\"name\":\"Laura Hern\u00e1ndez\",\"@id\":\"https:\/\/futbolhoy.co\/#\/schema\/person\/c4a353a512b127643723a34bb1812f7d\"},\"headline\":\"Natalia Gait\u00e1n, pendiente de su futuro en Espa\u00f1a\",\"datePublished\":\"2020-05-25T14:00:44+00:00\",\"dateModified\":\"2020-05-25T22:17:03+00:00\",\"mainEntityOfPage\":{\"@id\":\"https:\/\/futbolhoy.co\/index.php\/2020\/05\/25\/51588\/\"},\"wordCount\":191,\"commentCount\":0,\"publisher\":{\"@id\":\"https:\/\/futbolhoy.co\/#organization\"},\"image\":{\"@id\":\"https:\/\/futbolhoy.co\/index.php\/2020\/05\/25\/51588\/#primaryimage\"},\"thumbnailUrl\":\"https:\/\/futbolhoy.co\/wp-content\/uploads\/2020\/05\/EGS09s1W4AAoo5I.jpg\",\"keywords\":[\"Natalia Gait\u00e1n\"],\"articleSection\":[\"Colombia\"],\"inLanguage\":\"es\",\"potentialAction\":[{\"@type\":\"CommentAction\",\"name\":\"Comment\",\"target\":[\"https:\/\/futbolhoy.co\/index.php\/2020\/05\/25\/51588\/#respond\"]}]},{\"@type\":\"WebPage\",\"@id\":\"https:\/\/futbolhoy.co\/index.php\/2020\/05\/25\/51588\/\",\"url\":\"https:\/\/futbolhoy.co\/index.php\/2020\/05\/25\/51588\/\",\"name\":\"Natalia Gait\u00e1n, pendiente de su futuro en Espa\u00f1a -\",\"isPartOf\":{\"@id\":\"https:\/\/futbolhoy.co\/#website\"},\"primaryImageOfPage\":{\"@id\":\"https:\/\/futbolhoy.co\/index.php\/2020\/05\/25\/51588\/#primaryimage\"},\"image\":{\"@id\":\"https:\/\/futbolhoy.co\/index.php\/2020\/05\/25\/51588\/#primaryimage\"},\"thumbnailUrl\":\"https:\/\/futbolhoy.co\/wp-content\/uploads\/2020\/05\/EGS09s1W4AAoo5I.jpg\",\"datePublished\":\"2020-05-25T14:00:44+00:00\",\"dateModified\":\"2020-05-25T22:17:03+00:00\",\"breadcrumb\":{\"@id\":\"https:\/\/futbolhoy.co\/index.php\/2020\/05\/25\/51588\/#breadcrumb\"},\"inLanguage\":\"es\",\"potentialAction\":[{\"@type\":\"ReadAction\",\"target\":[\"https:\/\/futbolhoy.co\/index.php\/2020\/05\/25\/51588\/\"]}]},{\"@type\":\"ImageObject\",\"inLanguage\":\"es\",\"@id\":\"https:\/\/futbolhoy.co\/index.php\/2020\/05\/25\/51588\/#primaryimage\",\"url\":\"https:\/\/futbolhoy.co\/wp-content\/uploads\/2020\/05\/EGS09s1W4AAoo5I.jpg\",\"contentUrl\":\"https:\/\/futbolhoy.co\/wp-content\/uploads\/2020\/05\/EGS09s1W4AAoo5I.jpg\",\"width\":1600,\"height\":1067},{\"@type\":\"BreadcrumbList\",\"@id\":\"https:\/\/futbolhoy.co\/index.php\/2020\/05\/25\/51588\/#breadcrumb\",\"itemListElement\":[{\"@type\":\"ListItem\",\"position\":1,\"name\":\"Portada\",\"item\":\"https:\/\/futbolhoy.co\/\"},{\"@type\":\"ListItem\",\"position\":2,\"name\":\"Natalia Gait\u00e1n, pendiente de su futuro en Espa\u00f1a\"}]},{\"@type\":\"WebSite\",\"@id\":\"https:\/\/futbolhoy.co\/#website\",\"url\":\"https:\/\/futbolhoy.co\/\",\"name\":\"FutbolHoy\",\"description\":\"\",\"publisher\":{\"@id\":\"https:\/\/futbolhoy.co\/#organization\"},\"potentialAction\":[{\"@type\":\"SearchAction\",\"target\":{\"@type\":\"EntryPoint\",\"urlTemplate\":\"https:\/\/futbolhoy.co\/?s={search_term_string}\"},\"query-input\":{\"@type\":\"PropertyValueSpecification\",\"valueRequired\":true,\"valueName\":\"search_term_string\"}}],\"inLanguage\":\"es\"},{\"@type\":\"Organization\",\"@id\":\"https:\/\/futbolhoy.co\/#organization\",\"name\":\"Futbolhoy.co\",\"url\":\"https:\/\/futbolhoy.co\/\",\"logo\":{\"@type\":\"ImageObject\",\"inLanguage\":\"es\",\"@id\":\"https:\/\/futbolhoy.co\/#\/schema\/logo\/image\/\",\"url\":\"https:\/\/futbolhoy.co\/wp-content\/uploads\/2018\/08\/17426380_1906371736249227_6326180412931521141_n.jpg\",\"contentUrl\":\"https:\/\/futbolhoy.co\/wp-content\/uploads\/2018\/08\/17426380_1906371736249227_6326180412931521141_n.jpg\",\"width\":960,\"height\":960,\"caption\":\"Futbolhoy.co\"},\"image\":{\"@id\":\"https:\/\/futbolhoy.co\/#\/schema\/logo\/image\/\"},\"sameAs\":[\"https:\/\/www.facebook.com\/FutbolHoyCol\/\",\"https:\/\/x.com\/FutbolHoyCol\",\"https:\/\/www.instagram.com\/futbolhoycol\/\"]},{\"@type\":\"Person\",\"@id\":\"https:\/\/futbolhoy.co\/#\/schema\/person\/c4a353a512b127643723a34bb1812f7d\",\"name\":\"Laura Hern\u00e1ndez\",\"image\":{\"@type\":\"ImageObject\",\"inLanguage\":\"es\",\"@id\":\"https:\/\/futbolhoy.co\/#\/schema\/person\/image\/\",\"url\":\"https:\/\/secure.gravatar.com\/avatar\/d25959a15b9b293a743f99181c7cfd01?s=96&d=mm&r=g\",\"contentUrl\":\"https:\/\/secure.gravatar.com\/avatar\/d25959a15b9b293a743f99181c7cfd01?s=96&d=mm&r=g\",\"caption\":\"Laura Hern\u00e1ndez\"}}]}<\/script>\n<!-- \/ Yoast SEO plugin. -->","yoast_head_json":{"title":"Natalia Gait\u00e1n, pendiente de su futuro en Espa\u00f1a -","robots":{"index":"index","follow":"follow","max-snippet":"max-snippet:-1","max-image-preview":"max-image-preview:large","max-video-preview":"max-video-preview:-1"},"canonical":"https:\/\/futbolhoy.co\/index.php\/2020\/05\/25\/51588\/","og_locale":"es_ES","og_type":"article","og_title":"Natalia Gait\u00e1n, pendiente de su futuro en Espa\u00f1a -","og_description":"(Natalia Gait\u00e1n en di\u00e1logo con Caracol Radio) La volante bogotana Natalia Gait\u00e1n, quien juega con el Valencia de Espa\u00f1a, asegur\u00f3 que no conoce cu\u00e1l ser\u00e1 su futuro, ya que su contrato vencer\u00e1 el 30 de junio y la Liga femenina se cancel\u00f3. \u201cAlgunas de nosotras acabamos contrato el 30 de junio. Yo creo que las [&hellip;]","og_url":"https:\/\/futbolhoy.co\/index.php\/2020\/05\/25\/51588\/","article_publisher":"https:\/\/www.facebook.com\/FutbolHoyCol\/","article_published_time":"2020-05-25T14:00:44+00:00","article_modified_time":"2020-05-25T22:17:03+00:00","og_image":[{"width":1600,"height":1067,"url":"https:\/\/futbolhoy.co\/wp-content\/uploads\/2020\/05\/EGS09s1W4AAoo5I.jpg","type":"image\/jpeg"}],"author":"Laura Hern\u00e1ndez","twitter_card":"summary_large_image","twitter_creator":"@FutbolHoyCol","twitter_site":"@FutbolHoyCol","twitter_misc":{"Escrito por":"Laura Hern\u00e1ndez","Tiempo de lectura":"1 minuto"},"schema":{"@context":"https:\/\/schema.org","@graph":[{"@type":"Article","@id":"https:\/\/futbolhoy.co\/index.php\/2020\/05\/25\/51588\/#article","isPartOf":{"@id":"https:\/\/futbolhoy.co\/index.php\/2020\/05\/25\/51588\/"},"author":{"name":"Laura Hern\u00e1ndez","@id":"https:\/\/futbolhoy.co\/#\/schema\/person\/c4a353a512b127643723a34bb1812f7d"},"headline":"Natalia Gait\u00e1n, pendiente de su futuro en Espa\u00f1a","datePublished":"2020-05-25T14:00:44+00:00","dateModified":"2020-05-25T22:17:03+00:00","mainEntityOfPage":{"@id":"https:\/\/futbolhoy.co\/index.php\/2020\/05\/25\/51588\/"},"wordCount":191,"commentCount":0,"publisher":{"@id":"https:\/\/futbolhoy.co\/#organization"},"image":{"@id":"https:\/\/futbolhoy.co\/index.php\/2020\/05\/25\/51588\/#primaryimage"},"thumbnailUrl":"https:\/\/futbolhoy.co\/wp-content\/uploads\/2020\/05\/EGS09s1W4AAoo5I.jpg","keywords":["Natalia Gait\u00e1n"],"articleSection":["Colombia"],"inLanguage":"es","potentialAction":[{"@type":"CommentAction","name":"Comment","target":["https:\/\/futbolhoy.co\/index.php\/2020\/05\/25\/51588\/#respond"]}]},{"@type":"WebPage","@id":"https:\/\/futbolhoy.co\/index.php\/2020\/05\/25\/51588\/","url":"https:\/\/futbolhoy.co\/index.php\/2020\/05\/25\/51588\/","name":"Natalia Gait\u00e1n, pendiente de su futuro en Espa\u00f1a -","isPartOf":{"@id":"https:\/\/futbolhoy.co\/#website"},"primaryImageOfPage":{"@id":"https:\/\/futbolhoy.co\/index.php\/2020\/05\/25\/51588\/#primaryimage"},"image":{"@id":"https:\/\/futbolhoy.co\/index.php\/2020\/05\/25\/51588\/#primaryimage"},"thumbnailUrl":"https:\/\/futbolhoy.co\/wp-content\/uploads\/2020\/05\/EGS09s1W4AAoo5I.jpg","datePublished":"2020-05-25T14:00:44+00:00","dateModified":"2020-05-25T22:17:03+00:00","breadcrumb":{"@id":"https:\/\/futbolhoy.co\/index.php\/2020\/05\/25\/51588\/#breadcrumb"},"inLanguage":"es","potentialAction":[{"@type":"ReadAction","target":["https:\/\/futbolhoy.co\/index.php\/2020\/05\/25\/51588\/"]}]},{"@type":"ImageObject","inLanguage":"es","@id":"https:\/\/futbolhoy.co\/index.php\/2020\/05\/25\/51588\/#primaryimage","url":"https:\/\/futbolhoy.co\/wp-content\/uploads\/2020\/05\/EGS09s1W4AAoo5I.jpg","contentUrl":"https:\/\/futbolhoy.co\/wp-content\/uploads\/2020\/05\/EGS09s1W4AAoo5I.jpg","width":1600,"height":1067},{"@type":"BreadcrumbList","@id":"https:\/\/futbolhoy.co\/index.php\/2020\/05\/25\/51588\/#breadcrumb","itemListElement":[{"@type":"ListItem","position":1,"name":"Portada","item":"https:\/\/futbolhoy.co\/"},{"@type":"ListItem","position":2,"name":"Natalia Gait\u00e1n, pendiente de su futuro en Espa\u00f1a"}]},{"@type":"WebSite","@id":"https:\/\/futbolhoy.co\/#website","url":"https:\/\/futbolhoy.co\/","name":"FutbolHoy","description":"","publisher":{"@id":"https:\/\/futbolhoy.co\/#organization"},"potentialAction":[{"@type":"SearchAction","target":{"@type":"EntryPoint","urlTemplate":"https:\/\/futbolhoy.co\/?s={search_term_string}"},"query-input":{"@type":"PropertyValueSpecification","valueRequired":true,"valueName":"search_term_string"}}],"inLanguage":"es"},{"@type":"Organization","@id":"https:\/\/futbolhoy.co\/#organization","name":"Futbolhoy.co","url":"https:\/\/futbolhoy.co\/","logo":{"@type":"ImageObject","inLanguage":"es","@id":"https:\/\/futbolhoy.co\/#\/schema\/logo\/image\/","url":"https:\/\/futbolhoy.co\/wp-content\/uploads\/2018\/08\/17426380_1906371736249227_6326180412931521141_n.jpg","contentUrl":"https:\/\/futbolhoy.co\/wp-content\/uploads\/2018\/08\/17426380_1906371736249227_6326180412931521141_n.jpg","width":960,"height":960,"caption":"Futbolhoy.co"},"image":{"@id":"https:\/\/futbolhoy.co\/#\/schema\/logo\/image\/"},"sameAs":["https:\/\/www.facebook.com\/FutbolHoyCol\/","https:\/\/x.com\/FutbolHoyCol","https:\/\/www.instagram.com\/futbolhoycol\/"]},{"@type":"Person","@id":"https:\/\/futbolhoy.co\/#\/schema\/person\/c4a353a512b127643723a34bb1812f7d","name":"Laura Hern\u00e1ndez","image":{"@type":"ImageObject","inLanguage":"es","@id":"https:\/\/futbolhoy.co\/#\/schema\/person\/image\/","url":"https:\/\/secure.gravatar.com\/avatar\/d25959a15b9b293a743f99181c7cfd01?s=96&d=mm&r=g","contentUrl":"https:\/\/secure.gravatar.com\/avatar\/d25959a15b9b293a743f99181c7cfd01?s=96&d=mm&r=g","caption":"Laura Hern\u00e1ndez"}}]}},"publishpress_future_action":{"enabled":false,"date":"2026-05-05 12:43:31","action":"change-status","newStatus":"draft","terms":[],"taxonomy":"category","extraData":[]},"publishpress_future_workflow_manual_trigger":{"enabledWorkflows":[]},"_links":{"self":[{"href":"https:\/\/futbolhoy.co\/index.php\/wp-json\/wp\/v2\/posts\/51588","targetHints":{"allow":["GET"]}}],"collection":[{"href":"https:\/\/futbolhoy.co\/index.php\/wp-json\/wp\/v2\/posts"}],"about":[{"href":"https:\/\/futbolhoy.co\/index.php\/wp-json\/wp\/v2\/types\/post"}],"author":[{"embeddable":true,"href":"https:\/\/futbolhoy.co\/index.php\/wp-json\/wp\/v2\/users\/5"}],"replies":[{"embeddable":true,"href":"https:\/\/futbolhoy.co\/index.php\/wp-json\/wp\/v2\/comments?post=51588"}],"version-history":[{"count":2,"href":"https:\/\/futbolhoy.co\/index.php\/wp-json\/wp\/v2\/posts\/51588\/revisions"}],"predecessor-version":[{"id":51592,"href":"https:\/\/futbolhoy.co\/index.php\/wp-json\/wp\/v2\/posts\/51588\/revisions\/51592"}],"wp:featuredmedia":[{"embeddable":true,"href":"https:\/\/futbolhoy.co\/index.php\/wp-json\/wp\/v2\/media\/51590"}],"wp:attachment":[{"href":"https:\/\/futbolhoy.co\/index.php\/wp-json\/wp\/v2\/media?parent=51588"}],"wp:term":[{"taxonomy":"category","embeddable":true,"href":"https:\/\/futbolhoy.co\/index.php\/wp-json\/wp\/v2\/categories?post=51588"},{"taxonomy":"post_tag","embeddable":true,"href":"https:\/\/futbolhoy.co\/index.php\/wp-json\/wp\/v2\/tags?post=51588"}],"curies":[{"name":"wp","href":"https:\/\/api.w.org\/{rel}","templated":true}]}}